{"id":5755,"date":"2009-07-09T09:32:35","date_gmt":"2009-07-09T08:32:35","guid":{"rendered":"http:\/\/www.bellunopress.it\/?p=5755"},"modified":"2009-07-09T09:32:35","modified_gmt":"2009-07-09T08:32:35","slug":"ecco-gli-ultimi-bandi-di-concorso-in-provincia","status":"publish","type":"post","link":"https:\/\/www.bellunopress.it\/fr\/2009\/07\/09\/ecco-gli-ultimi-bandi-di-concorso-in-provincia\/","title":{"rendered":"Ecco gli ultimi bandi di concorso in Provincia"},"content":{"rendered":"<p>In collaborazione con l&#8217;Ufficio Informagiovani del Comune di Belluno, pubblichiamo gli ultimi bandi pubblici pubblicati in Provincia di Belluno<\/p>\n<p>COMUNE DI PUOS D&#8217;ALPAGO<br \/>\nConcorso pubblico per esami per la copertura di n. 1 posto a tempo indeterminato &#8211; part-time 18 ore settimanali di n. 1 Istruttore Direttivo Tecnico &#8211; Categoria D \u2013 Posizione economica D1 \u2013 Area Tecnica Lavori Pubblici.<br \/>\nRequisiti:<br \/>\ntitolo di studio:<br \/>\ndiplomi di laurea in una nelle seguenti classi di laurea:<br \/>\nlaurea specialistica:<br \/>\nClasse LS4: lauree specialistiche in architettura e ingegneria edile<br \/>\nClasse LS28: lauree specialistiche in ingegneria civile<br \/>\nClasse LS38 lauree specialistiche in ingegneria per l\u2019ambiente e per il territorio<br \/>\nlaurea magistrale:<br \/>\nClasse LM4: lauree magistrali in architettura e ingegneria edile-architettura<br \/>\nClasse LM23: lauree magistrali in ingegneria civile<br \/>\nClasse LM24: lauree magistrali in ingegneria dei sistemi edilizi<br \/>\nClasse LM35 lauree magistrali in ingegneria per l\u2019ambiente e il territorio<br \/>\ndiploma di laurea del vecchio ordinamento:<br \/>\nArchitettura<br \/>\nIngegneria civile<br \/>\nIngegneria edile<br \/>\nIngegneria per l\u2019ambiente e il territorio<br \/>\npatente di guida di tipo B.<br \/>\nScadenza: 20 luglio 2009.<\/p>\n<p>COMUNE DI LAMON<br \/>\nAvviso per il conferimento dell&#8217;incarico di Istruttore Direttivo Tecnico \u2013 categoria D, posizione economica D1 \u2013 con contratto di lavoro di diritto pubblico, a tempo determinato, per un anno, rinnovabile fino e non oltre il mandato del Sindaco.<br \/>\nRequisiti:<br \/>\nlaurea specialistica nelle classi di seguito riportate o corrispondente diploma di laurea rilasciato in base al precedente ordinamento didattico:<br \/>\nClasse 4\/S: lauree specialistiche in Architettura e Ingegneria Edile<br \/>\nClasse 28\/S: lauree specialistiche in Ingegneria Civile<br \/>\nClasse54\/S: lauree specialistiche in Pianificazione Territoriale Urbanistica e Ambientale<br \/>\noppure laurea (laurea triennale) nelle classi di seguito riportate:<br \/>\nClasse 4: lauree in Scienze dell&#8217;Architettura e dell&#8217;Ingegneria Edile<br \/>\nClasse 7: lauree in Urbanistica e Scienze della Pianificazione Territoriale e Ambientale<br \/>\nClasse 8: lauree in Ingegneria Civile e Ambientale<br \/>\npatente di guida di tipo B.<br \/>\nScadenza: ore 13 del 17 luglio 2009.<\/p>\n<p>ULSS N. 1 \u2013 BELLUNO<br \/>\nAvviso pubblico, per titoli e colloquio, per l&#8217;assunzione, a tempo determinato, di n. 2 Collaboratori professionali sanitari \u2013 Educatori professionali.<br \/>\nRequisiti: laurea triennale in educazione professionale (classe SNT\/2) o diploma universitario di educatore professionale di cui al D.M. 520\/1998 o altro titolo equipollente ai sensi del D.M. 27.7.2000.<br \/>\nScadenza: ore 12 del 16 luglio 2009.<\/p>\n<p>ULSS N. 2 \u2013 FELTRE<br \/>\nAvviso di procedura comparativa per il conferimento di n. 1 incarico di natura libero professionale per prestazioni di psicologo \u2013 psicoterapeuta per l&#8217;et\u00e0 evolutiva.<br \/>\nL\u2019attivit\u00e0, oggetto dell\u2019incarico da conferire, si rende necessaria per espletare prestazioni di psicologia e psicoterapia per l&#8217;et\u00e0 evolutiva con riferimento al territorio afferente ai Comuni di Mel, Trichiana e Lentiai, al fine di ridurre le attuali liste di attesa.<br \/>\nRequisiti:<br \/>\nlaurea in Psicologia<br \/>\nspecializzazione in Psicoterapia<br \/>\niscrizione all\u2019albo degli psicologi<br \/>\npossesso di comprovata esperienza\/formazione in ambito di attivit\u00e0 di psicologia dell&#8217;et\u00e0 evolutiva.<br \/>\nScadenza: ore 13 del 17 luglio 2009.<\/p>\n<p>AZIENDA FELTRINA PER I SERVIZI ALLA PERSONA<br \/>\nSelezione per la ricerca del profilo di Istruttore Direttivo \u2013 Fisioterapista Coordinatore, categoria D, posizione economica D1, da destinare ai Centri Servizi affidati alla gestione dell&#8217;Azienda Feltrina (Feltre, Cesiomaggiore e Lentiai).<br \/>\nRequisiti: diploma di terapista della riabilitazione conseguito dopo il diploma di scuola media superiore o corso di laurea di primo livello per fisioterapisti.<br \/>\nScadenza: ore 12 del 30 luglio 2009.<\/p>","protected":false},"excerpt":{"rendered":"<p>In collaborazione con l&#8217;Ufficio Informagiovani del Comune di Belluno, pubblichiamo gli ultimi bandi pubblici pubblicati in Provincia di Belluno COMUNE DI PUOS D&#8217;ALPAGO Concorso pubblico per esami per la copertura di n. 1 posto a tempo indeterminato &#8211; part-time 18 ore settimanali di n. 1 Istruttore Direttivo Tecnico &#8211; Categoria D \u2013 Posizione economica D1 [&hellip;]<\/p>\n","protected":false},"author":2,"featured_media":0,"comment_status":"closed","ping_status":"open","sticky":false,"template":"","format":"standard","meta":{"footnotes":""},"categories":[36,26],"tags":[139,302],"class_list":["post-5755","post","type-post","status-publish","format-standard","category-lavoro-economia","category-prima-pagina","tag-belluno","tag-feltre"],"yoast_head":"<!-- This site is optimized with the Yoast SEO plugin v28.4 - https:\/\/yoast.com\/product\/yoast-seo-wordpress\/ -->\n<title>Ecco gli ultimi bandi di concorso in Provincia - Bellunopress - Dolomiti<\/title>\n<meta name=\"robots\" content=\"index, follow, max-snippet:-1, max-image-preview:large, max-video-preview:-1\" \/>\n<link rel=\"canonical\" href=\"https:\/\/www.bellunopress.it\/fr\/2009\/07\/09\/ecco-gli-ultimi-bandi-di-concorso-in-provincia\/\" \/>\n<meta property=\"og:locale\" content=\"fr_FR\" \/>\n<meta property=\"og:type\" content=\"article\" \/>\n<meta property=\"og:title\" content=\"Ecco gli ultimi bandi di concorso in Provincia - Bellunopress - Dolomiti\" \/>\n<meta property=\"og:description\" content=\"In collaborazione con l&#8217;Ufficio Informagiovani del Comune di Belluno, pubblichiamo gli ultimi bandi pubblici pubblicati in Provincia di Belluno COMUNE DI PUOS D&#8217;ALPAGO Concorso pubblico per esami per la copertura di n. 1 posto a tempo indeterminato &#8211; part-time 18 ore settimanali di n. 1 Istruttore Direttivo Tecnico &#8211; Categoria D \u2013 Posizione economica D1 [&hellip;]\" \/>\n<meta property=\"og:url\" content=\"https:\/\/www.bellunopress.it\/fr\/2009\/07\/09\/ecco-gli-ultimi-bandi-di-concorso-in-provincia\/\" \/>\n<meta property=\"og:site_name\" content=\"Bellunopress - Dolomiti\" \/>\n<meta property=\"article:publisher\" content=\"https:\/\/www.facebook.com\/profile.php?id=100008943462799\" \/>\n<meta property=\"article:published_time\" content=\"2009-07-09T08:32:35+00:00\" \/>\n<meta property=\"og:image\" content=\"http:\/\/www.bellunopress.it\/wp-content\/uploads\/2012\/07\/logo-bellunopress-250x250-2012.jpg\" \/>\n<meta name=\"author\" content=\"redazione\" \/>\n<meta name=\"twitter:card\" content=\"summary_large_image\" \/>\n<meta name=\"twitter:creator\" content=\"@bellunopress\" \/>\n<meta name=\"twitter:site\" content=\"@bellunopress\" \/>\n<meta name=\"twitter:label1\" content=\"\u00c9crit par\" \/>\n\t<meta name=\"twitter:data1\" content=\"redazione\" \/>\n\t<meta name=\"twitter:label2\" content=\"Dur\u00e9e de lecture estim\u00e9e\" \/>\n\t<meta name=\"twitter:data2\" content=\"3 minutes\" \/>\n<script type=\"application\/ld+json\" class=\"yoast-schema-graph\">{\"@context\":\"https:\\\/\\\/schema.org\",\"@graph\":[{\"@type\":\"Article\",\"@id\":\"https:\\\/\\\/www.bellunopress.it\\\/2009\\\/07\\\/09\\\/ecco-gli-ultimi-bandi-di-concorso-in-provincia\\\/#article\",\"isPartOf\":{\"@id\":\"https:\\\/\\\/www.bellunopress.it\\\/2009\\\/07\\\/09\\\/ecco-gli-ultimi-bandi-di-concorso-in-provincia\\\/\"},\"author\":{\"name\":\"redazione\",\"@id\":\"https:\\\/\\\/www.bellunopress.it\\\/#\\\/schema\\\/person\\\/79bb06722b37ece1c03d3e94beb30d73\"},\"headline\":\"Ecco gli ultimi bandi di concorso in Provincia\",\"datePublished\":\"2009-07-09T08:32:35+00:00\",\"mainEntityOfPage\":{\"@id\":\"https:\\\/\\\/www.bellunopress.it\\\/2009\\\/07\\\/09\\\/ecco-gli-ultimi-bandi-di-concorso-in-provincia\\\/\"},\"wordCount\":525,\"publisher\":{\"@id\":\"https:\\\/\\\/www.bellunopress.it\\\/#organization\"},\"keywords\":[\"Belluno\",\"Feltre\"],\"articleSection\":[\"Lavoro, Economia, Turismo\",\"Prima Pagina\"],\"inLanguage\":\"fr-FR\"},{\"@type\":\"WebPage\",\"@id\":\"https:\\\/\\\/www.bellunopress.it\\\/2009\\\/07\\\/09\\\/ecco-gli-ultimi-bandi-di-concorso-in-provincia\\\/\",\"url\":\"https:\\\/\\\/www.bellunopress.it\\\/2009\\\/07\\\/09\\\/ecco-gli-ultimi-bandi-di-concorso-in-provincia\\\/\",\"name\":\"Ecco gli ultimi bandi di concorso in Provincia - Bellunopress - Dolomiti\",\"isPartOf\":{\"@id\":\"https:\\\/\\\/www.bellunopress.it\\\/#website\"},\"datePublished\":\"2009-07-09T08:32:35+00:00\",\"breadcrumb\":{\"@id\":\"https:\\\/\\\/www.bellunopress.it\\\/2009\\\/07\\\/09\\\/ecco-gli-ultimi-bandi-di-concorso-in-provincia\\\/#breadcrumb\"},\"inLanguage\":\"fr-FR\",\"potentialAction\":[{\"@type\":\"ReadAction\",\"target\":[\"https:\\\/\\\/www.bellunopress.it\\\/2009\\\/07\\\/09\\\/ecco-gli-ultimi-bandi-di-concorso-in-provincia\\\/\"]}]},{\"@type\":\"BreadcrumbList\",\"@id\":\"https:\\\/\\\/www.bellunopress.it\\\/2009\\\/07\\\/09\\\/ecco-gli-ultimi-bandi-di-concorso-in-provincia\\\/#breadcrumb\",\"itemListElement\":[{\"@type\":\"ListItem\",\"position\":1,\"name\":\"Home\",\"item\":\"https:\\\/\\\/www.bellunopress.it\\\/\"},{\"@type\":\"ListItem\",\"position\":2,\"name\":\"Ecco gli ultimi bandi di concorso in Provincia\"}]},{\"@type\":\"WebSite\",\"@id\":\"https:\\\/\\\/www.bellunopress.it\\\/#website\",\"url\":\"https:\\\/\\\/www.bellunopress.it\\\/\",\"name\":\"Bellunopress - Dolomiti\",\"description\":\"e-mail: redazione@bellunopress.it\",\"publisher\":{\"@id\":\"https:\\\/\\\/www.bellunopress.it\\\/#organization\"},\"potentialAction\":[{\"@type\":\"SearchAction\",\"target\":{\"@type\":\"EntryPoint\",\"urlTemplate\":\"https:\\\/\\\/www.bellunopress.it\\\/?s={search_term_string}\"},\"query-input\":{\"@type\":\"PropertyValueSpecification\",\"valueRequired\":true,\"valueName\":\"search_term_string\"}}],\"inLanguage\":\"fr-FR\"},{\"@type\":\"Organization\",\"@id\":\"https:\\\/\\\/www.bellunopress.it\\\/#organization\",\"name\":\"Bellunopress\",\"url\":\"https:\\\/\\\/www.bellunopress.it\\\/\",\"logo\":{\"@type\":\"ImageObject\",\"inLanguage\":\"fr-FR\",\"@id\":\"https:\\\/\\\/www.bellunopress.it\\\/#\\\/schema\\\/logo\\\/image\\\/\",\"url\":\"https:\\\/\\\/www.bellunopress.it\\\/wp-content\\\/uploads\\\/2011\\\/05\\\/cropped-logo-bellunopress-.jpg\",\"contentUrl\":\"https:\\\/\\\/www.bellunopress.it\\\/wp-content\\\/uploads\\\/2011\\\/05\\\/cropped-logo-bellunopress-.jpg\",\"width\":512,\"height\":512,\"caption\":\"Bellunopress\"},\"image\":{\"@id\":\"https:\\\/\\\/www.bellunopress.it\\\/#\\\/schema\\\/logo\\\/image\\\/\"},\"sameAs\":[\"https:\\\/\\\/www.facebook.com\\\/profile.php?id=100008943462799\",\"https:\\\/\\\/x.com\\\/bellunopress\",\"https:\\\/\\\/www.linkedin.com\\\/hp\\\/?dnr=JBzUWaJfMUw8vbXJJ2tVW5-I3jZKvC4wsoxE&amp;amp;amp;amp;amp;amp;trk=nav_responsive_tab_home\",\"https:\\\/\\\/www.youtube.com\\\/channel\\\/UCxL0wu1uN0_3_7hGG0306cw\"]},{\"@type\":\"Person\",\"@id\":\"https:\\\/\\\/www.bellunopress.it\\\/#\\\/schema\\\/person\\\/79bb06722b37ece1c03d3e94beb30d73\",\"name\":\"redazione\",\"image\":{\"@type\":\"ImageObject\",\"inLanguage\":\"fr-FR\",\"@id\":\"https:\\\/\\\/secure.gravatar.com\\\/avatar\\\/37d968a2e67a6fd04c169c4bdef102d0bc5d31b2546345219e348575eb80e9a0?s=96&d=mm&r=g\",\"url\":\"https:\\\/\\\/secure.gravatar.com\\\/avatar\\\/37d968a2e67a6fd04c169c4bdef102d0bc5d31b2546345219e348575eb80e9a0?s=96&d=mm&r=g\",\"contentUrl\":\"https:\\\/\\\/secure.gravatar.com\\\/avatar\\\/37d968a2e67a6fd04c169c4bdef102d0bc5d31b2546345219e348575eb80e9a0?s=96&d=mm&r=g\",\"caption\":\"redazione\"},\"sameAs\":[\"http:\\\/\\\/www.bellunopress.it\",\"https:\\\/\\\/x.com\\\/bellunopress\"],\"url\":\"https:\\\/\\\/www.bellunopress.it\\\/fr\\\/author\\\/redazione\\\/\"}]}<\/script>\n<!-- \/ Yoast SEO plugin. -->","yoast_head_json":{"title":"Ecco gli ultimi bandi di concorso in Provincia - Bellunopress - Dolomiti","robots":{"index":"index","follow":"follow","max-snippet":"max-snippet:-1","max-image-preview":"max-image-preview:large","max-video-preview":"max-video-preview:-1"},"canonical":"https:\/\/www.bellunopress.it\/fr\/2009\/07\/09\/ecco-gli-ultimi-bandi-di-concorso-in-provincia\/","og_locale":"fr_FR","og_type":"article","og_title":"Ecco gli ultimi bandi di concorso in Provincia - Bellunopress - Dolomiti","og_description":"In collaborazione con l&#8217;Ufficio Informagiovani del Comune di Belluno, pubblichiamo gli ultimi bandi pubblici pubblicati in Provincia di Belluno COMUNE DI PUOS D&#8217;ALPAGO Concorso pubblico per esami per la copertura di n. 1 posto a tempo indeterminato &#8211; part-time 18 ore settimanali di n. 1 Istruttore Direttivo Tecnico &#8211; Categoria D \u2013 Posizione economica D1 [&hellip;]","og_url":"https:\/\/www.bellunopress.it\/fr\/2009\/07\/09\/ecco-gli-ultimi-bandi-di-concorso-in-provincia\/","og_site_name":"Bellunopress - Dolomiti","article_publisher":"https:\/\/www.facebook.com\/profile.php?id=100008943462799","article_published_time":"2009-07-09T08:32:35+00:00","og_image":[{"url":"http:\/\/www.bellunopress.it\/wp-content\/uploads\/2012\/07\/logo-bellunopress-250x250-2012.jpg","type":"","width":"","height":""}],"author":"redazione","twitter_card":"summary_large_image","twitter_creator":"@bellunopress","twitter_site":"@bellunopress","twitter_misc":{"\u00c9crit par":"redazione","Dur\u00e9e de lecture estim\u00e9e":"3 minutes"},"schema":{"@context":"https:\/\/schema.org","@graph":[{"@type":"Article","@id":"https:\/\/www.bellunopress.it\/2009\/07\/09\/ecco-gli-ultimi-bandi-di-concorso-in-provincia\/#article","isPartOf":{"@id":"https:\/\/www.bellunopress.it\/2009\/07\/09\/ecco-gli-ultimi-bandi-di-concorso-in-provincia\/"},"author":{"name":"redazione","@id":"https:\/\/www.bellunopress.it\/#\/schema\/person\/79bb06722b37ece1c03d3e94beb30d73"},"headline":"Ecco gli ultimi bandi di concorso in Provincia","datePublished":"2009-07-09T08:32:35+00:00","mainEntityOfPage":{"@id":"https:\/\/www.bellunopress.it\/2009\/07\/09\/ecco-gli-ultimi-bandi-di-concorso-in-provincia\/"},"wordCount":525,"publisher":{"@id":"https:\/\/www.bellunopress.it\/#organization"},"keywords":["Belluno","Feltre"],"articleSection":["Lavoro, Economia, Turismo","Prima Pagina"],"inLanguage":"fr-FR"},{"@type":"WebPage","@id":"https:\/\/www.bellunopress.it\/2009\/07\/09\/ecco-gli-ultimi-bandi-di-concorso-in-provincia\/","url":"https:\/\/www.bellunopress.it\/2009\/07\/09\/ecco-gli-ultimi-bandi-di-concorso-in-provincia\/","name":"Ecco gli ultimi bandi di concorso in Provincia - Bellunopress - Dolomiti","isPartOf":{"@id":"https:\/\/www.bellunopress.it\/#website"},"datePublished":"2009-07-09T08:32:35+00:00","breadcrumb":{"@id":"https:\/\/www.bellunopress.it\/2009\/07\/09\/ecco-gli-ultimi-bandi-di-concorso-in-provincia\/#breadcrumb"},"inLanguage":"fr-FR","potentialAction":[{"@type":"ReadAction","target":["https:\/\/www.bellunopress.it\/2009\/07\/09\/ecco-gli-ultimi-bandi-di-concorso-in-provincia\/"]}]},{"@type":"BreadcrumbList","@id":"https:\/\/www.bellunopress.it\/2009\/07\/09\/ecco-gli-ultimi-bandi-di-concorso-in-provincia\/#breadcrumb","itemListElement":[{"@type":"ListItem","position":1,"name":"Home","item":"https:\/\/www.bellunopress.it\/"},{"@type":"ListItem","position":2,"name":"Ecco gli ultimi bandi di concorso in Provincia"}]},{"@type":"WebSite","@id":"https:\/\/www.bellunopress.it\/#website","url":"https:\/\/www.bellunopress.it\/","name":"Bellunopress - Dolomiti","description":"e-mail: redazione@bellunopress.it","publisher":{"@id":"https:\/\/www.bellunopress.it\/#organization"},"potentialAction":[{"@type":"SearchAction","target":{"@type":"EntryPoint","urlTemplate":"https:\/\/www.bellunopress.it\/?s={search_term_string}"},"query-input":{"@type":"PropertyValueSpecification","valueRequired":true,"valueName":"search_term_string"}}],"inLanguage":"fr-FR"},{"@type":"Organization","@id":"https:\/\/www.bellunopress.it\/#organization","name":"Bellunopress","url":"https:\/\/www.bellunopress.it\/","logo":{"@type":"ImageObject","inLanguage":"fr-FR","@id":"https:\/\/www.bellunopress.it\/#\/schema\/logo\/image\/","url":"https:\/\/www.bellunopress.it\/wp-content\/uploads\/2011\/05\/cropped-logo-bellunopress-.jpg","contentUrl":"https:\/\/www.bellunopress.it\/wp-content\/uploads\/2011\/05\/cropped-logo-bellunopress-.jpg","width":512,"height":512,"caption":"Bellunopress"},"image":{"@id":"https:\/\/www.bellunopress.it\/#\/schema\/logo\/image\/"},"sameAs":["https:\/\/www.facebook.com\/profile.php?id=100008943462799","https:\/\/x.com\/bellunopress","https:\/\/www.linkedin.com\/hp\/?dnr=JBzUWaJfMUw8vbXJJ2tVW5-I3jZKvC4wsoxE&amp;amp;amp;amp;amp;amp;trk=nav_responsive_tab_home","https:\/\/www.youtube.com\/channel\/UCxL0wu1uN0_3_7hGG0306cw"]},{"@type":"Person","@id":"https:\/\/www.bellunopress.it\/#\/schema\/person\/79bb06722b37ece1c03d3e94beb30d73","name":"r\u00e9daction","image":{"@type":"ImageObject","inLanguage":"fr-FR","@id":"https:\/\/secure.gravatar.com\/avatar\/37d968a2e67a6fd04c169c4bdef102d0bc5d31b2546345219e348575eb80e9a0?s=96&d=mm&r=g","url":"https:\/\/secure.gravatar.com\/avatar\/37d968a2e67a6fd04c169c4bdef102d0bc5d31b2546345219e348575eb80e9a0?s=96&d=mm&r=g","contentUrl":"https:\/\/secure.gravatar.com\/avatar\/37d968a2e67a6fd04c169c4bdef102d0bc5d31b2546345219e348575eb80e9a0?s=96&d=mm&r=g","caption":"redazione"},"sameAs":["http:\/\/www.bellunopress.it","https:\/\/x.com\/bellunopress"],"url":"https:\/\/www.bellunopress.it\/fr\/author\/redazione\/"}]}},"_links":{"self":[{"href":"https:\/\/www.bellunopress.it\/fr\/wp-json\/wp\/v2\/posts\/5755","targetHints":{"allow":["GET"]}}],"collection":[{"href":"https:\/\/www.bellunopress.it\/fr\/wp-json\/wp\/v2\/posts"}],"about":[{"href":"https:\/\/www.bellunopress.it\/fr\/wp-json\/wp\/v2\/types\/post"}],"author":[{"embeddable":true,"href":"https:\/\/www.bellunopress.it\/fr\/wp-json\/wp\/v2\/users\/2"}],"replies":[{"embeddable":true,"href":"https:\/\/www.bellunopress.it\/fr\/wp-json\/wp\/v2\/comments?post=5755"}],"version-history":[{"count":1,"href":"https:\/\/www.bellunopress.it\/fr\/wp-json\/wp\/v2\/posts\/5755\/revisions"}],"predecessor-version":[{"id":5756,"href":"https:\/\/www.bellunopress.it\/fr\/wp-json\/wp\/v2\/posts\/5755\/revisions\/5756"}],"wp:attachment":[{"href":"https:\/\/www.bellunopress.it\/fr\/wp-json\/wp\/v2\/media?parent=5755"}],"wp:term":[{"taxonomy":"category","embeddable":true,"href":"https:\/\/www.bellunopress.it\/fr\/wp-json\/wp\/v2\/categories?post=5755"},{"taxonomy":"post_tag","embeddable":true,"href":"https:\/\/www.bellunopress.it\/fr\/wp-json\/wp\/v2\/tags?post=5755"}],"curies":[{"name":"wp","href":"https:\/\/api.w.org\/{rel}","templated":true}]}}