{"id":57505,"date":"2014-04-01T16:01:40","date_gmt":"2014-04-01T15:01:40","guid":{"rendered":"http:\/\/www.bellunopress.it\/?p=57505"},"modified":"2014-04-01T16:01:40","modified_gmt":"2014-04-01T15:01:40","slug":"cinquantesimo-anniversario-della-costituzione-della-compagnia-alpini-paracadutisti","status":"publish","type":"post","link":"https:\/\/www.bellunopress.it\/fr\/2014\/04\/01\/cinquantesimo-anniversario-della-costituzione-della-compagnia-alpini-paracadutisti\/","title":{"rendered":"Cinquantesimo anniversario della costituzione della Compagnia alpini paracadutisti"},"content":{"rendered":"<p><span style=\"font-size: 14px; line-height: 1.5em;\"><a href=\"http:\/\/www.bellunopress.it\/wp-content\/uploads\/2014\/04\/alpini-paracadutisti-Rangers.jpg\"><img loading=\"lazy\" decoding=\"async\" class=\"alignleft size-full wp-image-57506\" alt=\"alpini paracadutisti Rangers\" src=\"http:\/\/www.bellunopress.it\/wp-content\/uploads\/2014\/04\/alpini-paracadutisti-Rangers.jpg\" width=\"170\" height=\"170\" srcset=\"https:\/\/www.bellunopress.it\/wp-content\/uploads\/2014\/04\/alpini-paracadutisti-Rangers.jpg 170w, https:\/\/www.bellunopress.it\/wp-content\/uploads\/2014\/04\/alpini-paracadutisti-Rangers-150x150.jpg 150w, https:\/\/www.bellunopress.it\/wp-content\/uploads\/2014\/04\/alpini-paracadutisti-Rangers-144x144.jpg 144w\" sizes=\"auto, (max-width: 170px) 100vw, 170px\" \/><\/a>Alpe di Siusi, 1 aprile 2014 &#8211; <\/span><span style=\"font-size: 14px; line-height: 1.5em;\">Lo splendido e suggestivo scenario dell\u2019Alpe di Siusi \u00e8 da sempre il luogo d\u2019elezione del 4\u00b0 reggimento Alpini paracadutisti per lo svolgimento di uno dei suoi addestramenti peculiari, l\u2019addestramento all\u2019aviolancio.<\/span><\/p>\n<p>I lanci effettuati in questo 1 aprile assumono per\u00f2 un particolare valore simbolico e storico insieme, in quanto vogliono ricordare il 50\u00b0 anniversario della costituzione della compagnia Alpini paracadutisti, istituita nel 1964, denominata \u201cMonte Cervino\u201d nel 1990 ed elevata successivamente al rango del battaglione omonimo nel 1996.<\/p>\n<p>Nel corso dell\u2019esercitazione di aviolancio sulla piana innevata a oltre 2000 metri di quota, che ha visto il Sindaco di Bolzano gradito ospite, si \u00e8 svolto un breve ma significativo momento di commemorazione a cui ha partecipato una nutrita rappresentanza di ex comandanti della compagnia Alpini paracadutisti nonch\u00e9 di personale che ha prestato servizio nella stessa.<\/p>\n<p>A testimonianza dell\u2019importanza della ricorrenza ha presenziato all\u2019evento, quale massima autorit\u00e0 militare, il Generale di Corpo di Armata Alberto Primicerj, Comandante delle Truppe Alpine che, rivolgendosi agli Alpini paracadutisti schierati davanti a lui e al nutrito pubblico presente, ha sottolineato l\u2019unicit\u00e0 e l\u2019eccellenza del reparto.<\/p>\n<p>Durante la celebrazione sono state consegnate due medaglie d\u2019argento al Valore dell\u2019Esercito al maresciallo ordinario Enrico Mercuri e al sergente Matteo Locatelli, particolarmente distintisi durante la missione in Afghanistan. Sono stati inoltre consegnati gli attestati di qualifica al personale che ha da poco concluso con successo il lungo e complesso iter per divenire \u201cRanger\u201d.<\/p>","protected":false},"excerpt":{"rendered":"<p>Alpe di Siusi, 1 aprile 2014 &#8211; Lo splendido e suggestivo scenario dell\u2019Alpe di Siusi \u00e8 da sempre il luogo d\u2019elezione del 4\u00b0 reggimento Alpini paracadutisti per lo svolgimento di uno dei suoi addestramenti peculiari, l\u2019addestramento all\u2019aviolancio. I lanci effettuati in questo 1 aprile assumono per\u00f2 un particolare valore simbolico e storico insieme, in quanto [&hellip;]<\/p>\n","protected":false},"author":2,"featured_media":0,"comment_status":"closed","ping_status":"open","sticky":false,"template":"","format":"standard","meta":{"footnotes":""},"categories":[26,8],"tags":[1995,2882,2883],"class_list":["post-57505","post","type-post","status-publish","format-standard","category-prima-pagina","category-societa-istituzioni","tag-alpini","tag-paracadutisti","tag-rangers"],"yoast_head":"<!-- This site is optimized with the Yoast SEO plugin v28.4 - https:\/\/yoast.com\/product\/yoast-seo-wordpress\/ -->\n<title>Cinquantesimo anniversario della costituzione della Compagnia alpini paracadutisti - Bellunopress - Dolomiti<\/title>\n<meta name=\"robots\" content=\"index, follow, max-snippet:-1, max-image-preview:large, max-video-preview:-1\" \/>\n<link rel=\"canonical\" href=\"https:\/\/www.bellunopress.it\/fr\/2014\/04\/01\/cinquantesimo-anniversario-della-costituzione-della-compagnia-alpini-paracadutisti\/\" \/>\n<meta property=\"og:locale\" content=\"fr_FR\" \/>\n<meta property=\"og:type\" content=\"article\" \/>\n<meta property=\"og:title\" content=\"Cinquantesimo anniversario della costituzione della Compagnia alpini paracadutisti - Bellunopress - Dolomiti\" \/>\n<meta property=\"og:description\" content=\"Alpe di Siusi, 1 aprile 2014 &#8211; Lo splendido e suggestivo scenario dell\u2019Alpe di Siusi \u00e8 da sempre il luogo d\u2019elezione del 4\u00b0 reggimento Alpini paracadutisti per lo svolgimento di uno dei suoi addestramenti peculiari, l\u2019addestramento all\u2019aviolancio. I lanci effettuati in questo 1 aprile assumono per\u00f2 un particolare valore simbolico e storico insieme, in quanto [&hellip;]\" \/>\n<meta property=\"og:url\" content=\"https:\/\/www.bellunopress.it\/fr\/2014\/04\/01\/cinquantesimo-anniversario-della-costituzione-della-compagnia-alpini-paracadutisti\/\" \/>\n<meta property=\"og:site_name\" content=\"Bellunopress - Dolomiti\" \/>\n<meta property=\"article:publisher\" content=\"https:\/\/www.facebook.com\/profile.php?id=100008943462799\" \/>\n<meta property=\"article:published_time\" content=\"2014-04-01T15:01:40+00:00\" \/>\n<meta property=\"og:image\" content=\"http:\/\/www.bellunopress.it\/wp-content\/uploads\/2014\/04\/alpini-paracadutisti-Rangers.jpg\" \/>\n<meta name=\"author\" content=\"redazione\" \/>\n<meta name=\"twitter:card\" content=\"summary_large_image\" \/>\n<meta name=\"twitter:creator\" content=\"@bellunopress\" \/>\n<meta name=\"twitter:site\" content=\"@bellunopress\" \/>\n<meta name=\"twitter:label1\" content=\"\u00c9crit par\" \/>\n\t<meta name=\"twitter:data1\" content=\"redazione\" \/>\n\t<meta name=\"twitter:label2\" content=\"Dur\u00e9e de lecture estim\u00e9e\" \/>\n\t<meta name=\"twitter:data2\" content=\"1 minute\" \/>\n<script type=\"application\/ld+json\" class=\"yoast-schema-graph\">{\"@context\":\"https:\\\/\\\/schema.org\",\"@graph\":[{\"@type\":\"Article\",\"@id\":\"https:\\\/\\\/www.bellunopress.it\\\/2014\\\/04\\\/01\\\/cinquantesimo-anniversario-della-costituzione-della-compagnia-alpini-paracadutisti\\\/#article\",\"isPartOf\":{\"@id\":\"https:\\\/\\\/www.bellunopress.it\\\/2014\\\/04\\\/01\\\/cinquantesimo-anniversario-della-costituzione-della-compagnia-alpini-paracadutisti\\\/\"},\"author\":{\"name\":\"redazione\",\"@id\":\"https:\\\/\\\/www.bellunopress.it\\\/#\\\/schema\\\/person\\\/79bb06722b37ece1c03d3e94beb30d73\"},\"headline\":\"Cinquantesimo anniversario della costituzione della Compagnia alpini paracadutisti\",\"datePublished\":\"2014-04-01T15:01:40+00:00\",\"mainEntityOfPage\":{\"@id\":\"https:\\\/\\\/www.bellunopress.it\\\/2014\\\/04\\\/01\\\/cinquantesimo-anniversario-della-costituzione-della-compagnia-alpini-paracadutisti\\\/\"},\"wordCount\":247,\"publisher\":{\"@id\":\"https:\\\/\\\/www.bellunopress.it\\\/#organization\"},\"image\":{\"@id\":\"https:\\\/\\\/www.bellunopress.it\\\/2014\\\/04\\\/01\\\/cinquantesimo-anniversario-della-costituzione-della-compagnia-alpini-paracadutisti\\\/#primaryimage\"},\"thumbnailUrl\":\"http:\\\/\\\/www.bellunopress.it\\\/wp-content\\\/uploads\\\/2014\\\/04\\\/alpini-paracadutisti-Rangers.jpg\",\"keywords\":[\"Alpini\",\"paracadutisti\",\"rangers\"],\"articleSection\":[\"Prima Pagina\",\"Societ\u00e0, Associazioni, Istituzioni\"],\"inLanguage\":\"fr-FR\"},{\"@type\":\"WebPage\",\"@id\":\"https:\\\/\\\/www.bellunopress.it\\\/2014\\\/04\\\/01\\\/cinquantesimo-anniversario-della-costituzione-della-compagnia-alpini-paracadutisti\\\/\",\"url\":\"https:\\\/\\\/www.bellunopress.it\\\/2014\\\/04\\\/01\\\/cinquantesimo-anniversario-della-costituzione-della-compagnia-alpini-paracadutisti\\\/\",\"name\":\"Cinquantesimo anniversario della costituzione della Compagnia alpini paracadutisti - Bellunopress - Dolomiti\",\"isPartOf\":{\"@id\":\"https:\\\/\\\/www.bellunopress.it\\\/#website\"},\"primaryImageOfPage\":{\"@id\":\"https:\\\/\\\/www.bellunopress.it\\\/2014\\\/04\\\/01\\\/cinquantesimo-anniversario-della-costituzione-della-compagnia-alpini-paracadutisti\\\/#primaryimage\"},\"image\":{\"@id\":\"https:\\\/\\\/www.bellunopress.it\\\/2014\\\/04\\\/01\\\/cinquantesimo-anniversario-della-costituzione-della-compagnia-alpini-paracadutisti\\\/#primaryimage\"},\"thumbnailUrl\":\"http:\\\/\\\/www.bellunopress.it\\\/wp-content\\\/uploads\\\/2014\\\/04\\\/alpini-paracadutisti-Rangers.jpg\",\"datePublished\":\"2014-04-01T15:01:40+00:00\",\"breadcrumb\":{\"@id\":\"https:\\\/\\\/www.bellunopress.it\\\/2014\\\/04\\\/01\\\/cinquantesimo-anniversario-della-costituzione-della-compagnia-alpini-paracadutisti\\\/#breadcrumb\"},\"inLanguage\":\"fr-FR\",\"potentialAction\":[{\"@type\":\"ReadAction\",\"target\":[\"https:\\\/\\\/www.bellunopress.it\\\/2014\\\/04\\\/01\\\/cinquantesimo-anniversario-della-costituzione-della-compagnia-alpini-paracadutisti\\\/\"]}]},{\"@type\":\"ImageObject\",\"inLanguage\":\"fr-FR\",\"@id\":\"https:\\\/\\\/www.bellunopress.it\\\/2014\\\/04\\\/01\\\/cinquantesimo-anniversario-della-costituzione-della-compagnia-alpini-paracadutisti\\\/#primaryimage\",\"url\":\"http:\\\/\\\/www.bellunopress.it\\\/wp-content\\\/uploads\\\/2014\\\/04\\\/alpini-paracadutisti-Rangers.jpg\",\"contentUrl\":\"http:\\\/\\\/www.bellunopress.it\\\/wp-content\\\/uploads\\\/2014\\\/04\\\/alpini-paracadutisti-Rangers.jpg\"},{\"@type\":\"BreadcrumbList\",\"@id\":\"https:\\\/\\\/www.bellunopress.it\\\/2014\\\/04\\\/01\\\/cinquantesimo-anniversario-della-costituzione-della-compagnia-alpini-paracadutisti\\\/#breadcrumb\",\"itemListElement\":[{\"@type\":\"ListItem\",\"position\":1,\"name\":\"Home\",\"item\":\"https:\\\/\\\/www.bellunopress.it\\\/\"},{\"@type\":\"ListItem\",\"position\":2,\"name\":\"Cinquantesimo anniversario della costituzione della Compagnia alpini paracadutisti\"}]},{\"@type\":\"WebSite\",\"@id\":\"https:\\\/\\\/www.bellunopress.it\\\/#website\",\"url\":\"https:\\\/\\\/www.bellunopress.it\\\/\",\"name\":\"Bellunopress - Dolomiti\",\"description\":\"e-mail: redazione@bellunopress.it\",\"publisher\":{\"@id\":\"https:\\\/\\\/www.bellunopress.it\\\/#organization\"},\"potentialAction\":[{\"@type\":\"SearchAction\",\"target\":{\"@type\":\"EntryPoint\",\"urlTemplate\":\"https:\\\/\\\/www.bellunopress.it\\\/?s={search_term_string}\"},\"query-input\":{\"@type\":\"PropertyValueSpecification\",\"valueRequired\":true,\"valueName\":\"search_term_string\"}}],\"inLanguage\":\"fr-FR\"},{\"@type\":\"Organization\",\"@id\":\"https:\\\/\\\/www.bellunopress.it\\\/#organization\",\"name\":\"Bellunopress\",\"url\":\"https:\\\/\\\/www.bellunopress.it\\\/\",\"logo\":{\"@type\":\"ImageObject\",\"inLanguage\":\"fr-FR\",\"@id\":\"https:\\\/\\\/www.bellunopress.it\\\/#\\\/schema\\\/logo\\\/image\\\/\",\"url\":\"https:\\\/\\\/www.bellunopress.it\\\/wp-content\\\/uploads\\\/2011\\\/05\\\/cropped-logo-bellunopress-.jpg\",\"contentUrl\":\"https:\\\/\\\/www.bellunopress.it\\\/wp-content\\\/uploads\\\/2011\\\/05\\\/cropped-logo-bellunopress-.jpg\",\"width\":512,\"height\":512,\"caption\":\"Bellunopress\"},\"image\":{\"@id\":\"https:\\\/\\\/www.bellunopress.it\\\/#\\\/schema\\\/logo\\\/image\\\/\"},\"sameAs\":[\"https:\\\/\\\/www.facebook.com\\\/profile.php?id=100008943462799\",\"https:\\\/\\\/x.com\\\/bellunopress\",\"https:\\\/\\\/www.linkedin.com\\\/hp\\\/?dnr=JBzUWaJfMUw8vbXJJ2tVW5-I3jZKvC4wsoxE&amp;amp;amp;amp;amp;amp;trk=nav_responsive_tab_home\",\"https:\\\/\\\/www.youtube.com\\\/channel\\\/UCxL0wu1uN0_3_7hGG0306cw\"]},{\"@type\":\"Person\",\"@id\":\"https:\\\/\\\/www.bellunopress.it\\\/#\\\/schema\\\/person\\\/79bb06722b37ece1c03d3e94beb30d73\",\"name\":\"redazione\",\"image\":{\"@type\":\"ImageObject\",\"inLanguage\":\"fr-FR\",\"@id\":\"https:\\\/\\\/secure.gravatar.com\\\/avatar\\\/37d968a2e67a6fd04c169c4bdef102d0bc5d31b2546345219e348575eb80e9a0?s=96&d=mm&r=g\",\"url\":\"https:\\\/\\\/secure.gravatar.com\\\/avatar\\\/37d968a2e67a6fd04c169c4bdef102d0bc5d31b2546345219e348575eb80e9a0?s=96&d=mm&r=g\",\"contentUrl\":\"https:\\\/\\\/secure.gravatar.com\\\/avatar\\\/37d968a2e67a6fd04c169c4bdef102d0bc5d31b2546345219e348575eb80e9a0?s=96&d=mm&r=g\",\"caption\":\"redazione\"},\"sameAs\":[\"http:\\\/\\\/www.bellunopress.it\",\"https:\\\/\\\/x.com\\\/bellunopress\"],\"url\":\"https:\\\/\\\/www.bellunopress.it\\\/fr\\\/author\\\/redazione\\\/\"}]}<\/script>\n<!-- \/ Yoast SEO plugin. -->","yoast_head_json":{"title":"Cinquantesimo anniversario della costituzione della Compagnia alpini paracadutisti - Bellunopress - Dolomiti","robots":{"index":"index","follow":"follow","max-snippet":"max-snippet:-1","max-image-preview":"max-image-preview:large","max-video-preview":"max-video-preview:-1"},"canonical":"https:\/\/www.bellunopress.it\/fr\/2014\/04\/01\/cinquantesimo-anniversario-della-costituzione-della-compagnia-alpini-paracadutisti\/","og_locale":"fr_FR","og_type":"article","og_title":"Cinquantesimo anniversario della costituzione della Compagnia alpini paracadutisti - Bellunopress - Dolomiti","og_description":"Alpe di Siusi, 1 aprile 2014 &#8211; Lo splendido e suggestivo scenario dell\u2019Alpe di Siusi \u00e8 da sempre il luogo d\u2019elezione del 4\u00b0 reggimento Alpini paracadutisti per lo svolgimento di uno dei suoi addestramenti peculiari, l\u2019addestramento all\u2019aviolancio. I lanci effettuati in questo 1 aprile assumono per\u00f2 un particolare valore simbolico e storico insieme, in quanto [&hellip;]","og_url":"https:\/\/www.bellunopress.it\/fr\/2014\/04\/01\/cinquantesimo-anniversario-della-costituzione-della-compagnia-alpini-paracadutisti\/","og_site_name":"Bellunopress - Dolomiti","article_publisher":"https:\/\/www.facebook.com\/profile.php?id=100008943462799","article_published_time":"2014-04-01T15:01:40+00:00","og_image":[{"url":"http:\/\/www.bellunopress.it\/wp-content\/uploads\/2014\/04\/alpini-paracadutisti-Rangers.jpg","type":"","width":"","height":""}],"author":"redazione","twitter_card":"summary_large_image","twitter_creator":"@bellunopress","twitter_site":"@bellunopress","twitter_misc":{"\u00c9crit par":"redazione","Dur\u00e9e de lecture estim\u00e9e":"1 minute"},"schema":{"@context":"https:\/\/schema.org","@graph":[{"@type":"Article","@id":"https:\/\/www.bellunopress.it\/2014\/04\/01\/cinquantesimo-anniversario-della-costituzione-della-compagnia-alpini-paracadutisti\/#article","isPartOf":{"@id":"https:\/\/www.bellunopress.it\/2014\/04\/01\/cinquantesimo-anniversario-della-costituzione-della-compagnia-alpini-paracadutisti\/"},"author":{"name":"redazione","@id":"https:\/\/www.bellunopress.it\/#\/schema\/person\/79bb06722b37ece1c03d3e94beb30d73"},"headline":"Cinquantesimo anniversario della costituzione della Compagnia alpini paracadutisti","datePublished":"2014-04-01T15:01:40+00:00","mainEntityOfPage":{"@id":"https:\/\/www.bellunopress.it\/2014\/04\/01\/cinquantesimo-anniversario-della-costituzione-della-compagnia-alpini-paracadutisti\/"},"wordCount":247,"publisher":{"@id":"https:\/\/www.bellunopress.it\/#organization"},"image":{"@id":"https:\/\/www.bellunopress.it\/2014\/04\/01\/cinquantesimo-anniversario-della-costituzione-della-compagnia-alpini-paracadutisti\/#primaryimage"},"thumbnailUrl":"http:\/\/www.bellunopress.it\/wp-content\/uploads\/2014\/04\/alpini-paracadutisti-Rangers.jpg","keywords":["Alpini","paracadutisti","rangers"],"articleSection":["Prima Pagina","Societ\u00e0, Associazioni, Istituzioni"],"inLanguage":"fr-FR"},{"@type":"WebPage","@id":"https:\/\/www.bellunopress.it\/2014\/04\/01\/cinquantesimo-anniversario-della-costituzione-della-compagnia-alpini-paracadutisti\/","url":"https:\/\/www.bellunopress.it\/2014\/04\/01\/cinquantesimo-anniversario-della-costituzione-della-compagnia-alpini-paracadutisti\/","name":"Cinquantesimo anniversario della costituzione della Compagnia alpini paracadutisti - Bellunopress - Dolomiti","isPartOf":{"@id":"https:\/\/www.bellunopress.it\/#website"},"primaryImageOfPage":{"@id":"https:\/\/www.bellunopress.it\/2014\/04\/01\/cinquantesimo-anniversario-della-costituzione-della-compagnia-alpini-paracadutisti\/#primaryimage"},"image":{"@id":"https:\/\/www.bellunopress.it\/2014\/04\/01\/cinquantesimo-anniversario-della-costituzione-della-compagnia-alpini-paracadutisti\/#primaryimage"},"thumbnailUrl":"http:\/\/www.bellunopress.it\/wp-content\/uploads\/2014\/04\/alpini-paracadutisti-Rangers.jpg","datePublished":"2014-04-01T15:01:40+00:00","breadcrumb":{"@id":"https:\/\/www.bellunopress.it\/2014\/04\/01\/cinquantesimo-anniversario-della-costituzione-della-compagnia-alpini-paracadutisti\/#breadcrumb"},"inLanguage":"fr-FR","potentialAction":[{"@type":"ReadAction","target":["https:\/\/www.bellunopress.it\/2014\/04\/01\/cinquantesimo-anniversario-della-costituzione-della-compagnia-alpini-paracadutisti\/"]}]},{"@type":"ImageObject","inLanguage":"fr-FR","@id":"https:\/\/www.bellunopress.it\/2014\/04\/01\/cinquantesimo-anniversario-della-costituzione-della-compagnia-alpini-paracadutisti\/#primaryimage","url":"http:\/\/www.bellunopress.it\/wp-content\/uploads\/2014\/04\/alpini-paracadutisti-Rangers.jpg","contentUrl":"http:\/\/www.bellunopress.it\/wp-content\/uploads\/2014\/04\/alpini-paracadutisti-Rangers.jpg"},{"@type":"BreadcrumbList","@id":"https:\/\/www.bellunopress.it\/2014\/04\/01\/cinquantesimo-anniversario-della-costituzione-della-compagnia-alpini-paracadutisti\/#breadcrumb","itemListElement":[{"@type":"ListItem","position":1,"name":"Home","item":"https:\/\/www.bellunopress.it\/"},{"@type":"ListItem","position":2,"name":"Cinquantesimo anniversario della costituzione della Compagnia alpini paracadutisti"}]},{"@type":"WebSite","@id":"https:\/\/www.bellunopress.it\/#website","url":"https:\/\/www.bellunopress.it\/","name":"Bellunopress - Dolomiti","description":"e-mail: redazione@bellunopress.it","publisher":{"@id":"https:\/\/www.bellunopress.it\/#organization"},"potentialAction":[{"@type":"SearchAction","target":{"@type":"EntryPoint","urlTemplate":"https:\/\/www.bellunopress.it\/?s={search_term_string}"},"query-input":{"@type":"PropertyValueSpecification","valueRequired":true,"valueName":"search_term_string"}}],"inLanguage":"fr-FR"},{"@type":"Organization","@id":"https:\/\/www.bellunopress.it\/#organization","name":"Bellunopress","url":"https:\/\/www.bellunopress.it\/","logo":{"@type":"ImageObject","inLanguage":"fr-FR","@id":"https:\/\/www.bellunopress.it\/#\/schema\/logo\/image\/","url":"https:\/\/www.bellunopress.it\/wp-content\/uploads\/2011\/05\/cropped-logo-bellunopress-.jpg","contentUrl":"https:\/\/www.bellunopress.it\/wp-content\/uploads\/2011\/05\/cropped-logo-bellunopress-.jpg","width":512,"height":512,"caption":"Bellunopress"},"image":{"@id":"https:\/\/www.bellunopress.it\/#\/schema\/logo\/image\/"},"sameAs":["https:\/\/www.facebook.com\/profile.php?id=100008943462799","https:\/\/x.com\/bellunopress","https:\/\/www.linkedin.com\/hp\/?dnr=JBzUWaJfMUw8vbXJJ2tVW5-I3jZKvC4wsoxE&amp;amp;amp;amp;amp;amp;trk=nav_responsive_tab_home","https:\/\/www.youtube.com\/channel\/UCxL0wu1uN0_3_7hGG0306cw"]},{"@type":"Person","@id":"https:\/\/www.bellunopress.it\/#\/schema\/person\/79bb06722b37ece1c03d3e94beb30d73","name":"r\u00e9daction","image":{"@type":"ImageObject","inLanguage":"fr-FR","@id":"https:\/\/secure.gravatar.com\/avatar\/37d968a2e67a6fd04c169c4bdef102d0bc5d31b2546345219e348575eb80e9a0?s=96&d=mm&r=g","url":"https:\/\/secure.gravatar.com\/avatar\/37d968a2e67a6fd04c169c4bdef102d0bc5d31b2546345219e348575eb80e9a0?s=96&d=mm&r=g","contentUrl":"https:\/\/secure.gravatar.com\/avatar\/37d968a2e67a6fd04c169c4bdef102d0bc5d31b2546345219e348575eb80e9a0?s=96&d=mm&r=g","caption":"redazione"},"sameAs":["http:\/\/www.bellunopress.it","https:\/\/x.com\/bellunopress"],"url":"https:\/\/www.bellunopress.it\/fr\/author\/redazione\/"}]}},"_links":{"self":[{"href":"https:\/\/www.bellunopress.it\/fr\/wp-json\/wp\/v2\/posts\/57505","targetHints":{"allow":["GET"]}}],"collection":[{"href":"https:\/\/www.bellunopress.it\/fr\/wp-json\/wp\/v2\/posts"}],"about":[{"href":"https:\/\/www.bellunopress.it\/fr\/wp-json\/wp\/v2\/types\/post"}],"author":[{"embeddable":true,"href":"https:\/\/www.bellunopress.it\/fr\/wp-json\/wp\/v2\/users\/2"}],"replies":[{"embeddable":true,"href":"https:\/\/www.bellunopress.it\/fr\/wp-json\/wp\/v2\/comments?post=57505"}],"version-history":[{"count":1,"href":"https:\/\/www.bellunopress.it\/fr\/wp-json\/wp\/v2\/posts\/57505\/revisions"}],"predecessor-version":[{"id":57507,"href":"https:\/\/www.bellunopress.it\/fr\/wp-json\/wp\/v2\/posts\/57505\/revisions\/57507"}],"wp:attachment":[{"href":"https:\/\/www.bellunopress.it\/fr\/wp-json\/wp\/v2\/media?parent=57505"}],"wp:term":[{"taxonomy":"category","embeddable":true,"href":"https:\/\/www.bellunopress.it\/fr\/wp-json\/wp\/v2\/categories?post=57505"},{"taxonomy":"post_tag","embeddable":true,"href":"https:\/\/www.bellunopress.it\/fr\/wp-json\/wp\/v2\/tags?post=57505"}],"curies":[{"name":"wp","href":"https:\/\/api.w.org\/{rel}","templated":true}]}}