{"id":5732,"date":"2009-07-08T15:32:07","date_gmt":"2009-07-08T14:32:07","guid":{"rendered":"http:\/\/www.bellunopress.it\/?p=5732"},"modified":"2009-07-08T15:35:03","modified_gmt":"2009-07-08T14:35:03","slug":"lacqua-non-e-potabile-per-le-frazioni-di-salce-e-col-di-salce","status":"publish","type":"post","link":"https:\/\/www.bellunopress.it\/fr\/2009\/07\/08\/lacqua-non-e-potabile-per-le-frazioni-di-salce-e-col-di-salce\/","title":{"rendered":"L&#8217;acqua non \u00e8 potabile per le frazioni di Salce e Col di Salce"},"content":{"rendered":"<p>Non deve esserne fatto uso alimentare. Cos\u00ec il Comune di Belluno prende atto della nota del BIM \u2013 Gestione servizi Pubblici spa, pervenuta in data odierna, con la quale, considerato che gli accertamenti eseguiti dall\u2019U.L.S.S. N 1, Servizio Igiene degli Alimenti e della Nutrizione, si evidenzia una difformit\u00e0 dei parametri indicatori della potabilit\u00e0 dell\u2019acqua erogata dalla rete idrica pubblica per le frazioni di Salce e Col di Salce,. Si raccomanda in via cautelativa agli abitanti delle zone interessate che non venga fatto uso alimentare dell\u2019acqua erogata dall\u2019acquedotto. Sono in corso le procedure da parte della Societ\u00e0 BIM per ripristinare la qualit\u00e0 dell&#8217;acqua per gli usi potabili e verranno eseguiti ulteriori prelievi da parte dell&#8217;U.L.S.S., il cui esito sar\u00e0 reso noto non appena disponibile. Info BIM : solo da rete fissa 840 000032; rete fissa e cellulare\u00a0 0437 938002.<\/p>","protected":false},"excerpt":{"rendered":"<p>Non deve esserne fatto uso alimentare. Cos\u00ec il Comune di Belluno prende atto della nota del BIM \u2013 Gestione servizi Pubblici spa, pervenuta in data odierna, con la quale, considerato che gli accertamenti eseguiti dall\u2019U.L.S.S. N 1, Servizio Igiene degli Alimenti e della Nutrizione, si evidenzia una difformit\u00e0 dei parametri indicatori della potabilit\u00e0 dell\u2019acqua erogata [&hellip;]<\/p>\n","protected":false},"author":2,"featured_media":0,"comment_status":"closed","ping_status":"open","sticky":false,"template":"","format":"standard","meta":{"footnotes":""},"categories":[5,26],"tags":[139],"class_list":["post-5732","post","type-post","status-publish","format-standard","category-cronaca","category-prima-pagina","tag-belluno"],"yoast_head":"<!-- This site is optimized with the Yoast SEO plugin v28.4 - https:\/\/yoast.com\/product\/yoast-seo-wordpress\/ -->\n<title>L&#039;acqua non \u00e8 potabile per le frazioni di Salce e Col di Salce - Bellunopress - Dolomiti<\/title>\n<meta name=\"robots\" content=\"index, follow, max-snippet:-1, max-image-preview:large, max-video-preview:-1\" \/>\n<link rel=\"canonical\" href=\"https:\/\/www.bellunopress.it\/fr\/2009\/07\/08\/lacqua-non-e-potabile-per-le-frazioni-di-salce-e-col-di-salce\/\" \/>\n<meta property=\"og:locale\" content=\"fr_FR\" \/>\n<meta property=\"og:type\" content=\"article\" \/>\n<meta property=\"og:title\" content=\"L&#039;acqua non \u00e8 potabile per le frazioni di Salce e Col di Salce - Bellunopress - Dolomiti\" \/>\n<meta property=\"og:description\" content=\"Non deve esserne fatto uso alimentare. Cos\u00ec il Comune di Belluno prende atto della nota del BIM \u2013 Gestione servizi Pubblici spa, pervenuta in data odierna, con la quale, considerato che gli accertamenti eseguiti dall\u2019U.L.S.S. N 1, Servizio Igiene degli Alimenti e della Nutrizione, si evidenzia una difformit\u00e0 dei parametri indicatori della potabilit\u00e0 dell\u2019acqua erogata [&hellip;]\" \/>\n<meta property=\"og:url\" content=\"https:\/\/www.bellunopress.it\/fr\/2009\/07\/08\/lacqua-non-e-potabile-per-le-frazioni-di-salce-e-col-di-salce\/\" \/>\n<meta property=\"og:site_name\" content=\"Bellunopress - Dolomiti\" \/>\n<meta property=\"article:publisher\" content=\"https:\/\/www.facebook.com\/profile.php?id=100008943462799\" \/>\n<meta property=\"article:published_time\" content=\"2009-07-08T14:32:07+00:00\" \/>\n<meta property=\"article:modified_time\" content=\"2009-07-08T14:35:03+00:00\" \/>\n<meta property=\"og:image\" content=\"http:\/\/www.bellunopress.it\/wp-content\/uploads\/2012\/07\/logo-bellunopress-250x250-2012.jpg\" \/>\n<meta name=\"author\" content=\"redazione\" \/>\n<meta name=\"twitter:card\" content=\"summary_large_image\" \/>\n<meta name=\"twitter:creator\" content=\"@bellunopress\" \/>\n<meta name=\"twitter:site\" content=\"@bellunopress\" \/>\n<meta name=\"twitter:label1\" content=\"\u00c9crit par\" \/>\n\t<meta name=\"twitter:data1\" content=\"redazione\" \/>\n\t<meta name=\"twitter:label2\" content=\"Dur\u00e9e de lecture estim\u00e9e\" \/>\n\t<meta name=\"twitter:data2\" content=\"1 minute\" \/>\n<script type=\"application\/ld+json\" class=\"yoast-schema-graph\">{\"@context\":\"https:\\\/\\\/schema.org\",\"@graph\":[{\"@type\":\"Article\",\"@id\":\"https:\\\/\\\/www.bellunopress.it\\\/2009\\\/07\\\/08\\\/lacqua-non-e-potabile-per-le-frazioni-di-salce-e-col-di-salce\\\/#article\",\"isPartOf\":{\"@id\":\"https:\\\/\\\/www.bellunopress.it\\\/2009\\\/07\\\/08\\\/lacqua-non-e-potabile-per-le-frazioni-di-salce-e-col-di-salce\\\/\"},\"author\":{\"name\":\"redazione\",\"@id\":\"https:\\\/\\\/www.bellunopress.it\\\/#\\\/schema\\\/person\\\/79bb06722b37ece1c03d3e94beb30d73\"},\"headline\":\"L&#8217;acqua non \u00e8 potabile per le frazioni di Salce e Col di Salce\",\"datePublished\":\"2009-07-08T14:32:07+00:00\",\"dateModified\":\"2009-07-08T14:35:03+00:00\",\"mainEntityOfPage\":{\"@id\":\"https:\\\/\\\/www.bellunopress.it\\\/2009\\\/07\\\/08\\\/lacqua-non-e-potabile-per-le-frazioni-di-salce-e-col-di-salce\\\/\"},\"wordCount\":156,\"publisher\":{\"@id\":\"https:\\\/\\\/www.bellunopress.it\\\/#organization\"},\"keywords\":[\"Belluno\"],\"articleSection\":[\"Cronaca\\\/Politica\",\"Prima Pagina\"],\"inLanguage\":\"fr-FR\"},{\"@type\":\"WebPage\",\"@id\":\"https:\\\/\\\/www.bellunopress.it\\\/2009\\\/07\\\/08\\\/lacqua-non-e-potabile-per-le-frazioni-di-salce-e-col-di-salce\\\/\",\"url\":\"https:\\\/\\\/www.bellunopress.it\\\/2009\\\/07\\\/08\\\/lacqua-non-e-potabile-per-le-frazioni-di-salce-e-col-di-salce\\\/\",\"name\":\"L'acqua non \u00e8 potabile per le frazioni di Salce e Col di Salce - Bellunopress - Dolomiti\",\"isPartOf\":{\"@id\":\"https:\\\/\\\/www.bellunopress.it\\\/#website\"},\"datePublished\":\"2009-07-08T14:32:07+00:00\",\"dateModified\":\"2009-07-08T14:35:03+00:00\",\"breadcrumb\":{\"@id\":\"https:\\\/\\\/www.bellunopress.it\\\/2009\\\/07\\\/08\\\/lacqua-non-e-potabile-per-le-frazioni-di-salce-e-col-di-salce\\\/#breadcrumb\"},\"inLanguage\":\"fr-FR\",\"potentialAction\":[{\"@type\":\"ReadAction\",\"target\":[\"https:\\\/\\\/www.bellunopress.it\\\/2009\\\/07\\\/08\\\/lacqua-non-e-potabile-per-le-frazioni-di-salce-e-col-di-salce\\\/\"]}]},{\"@type\":\"BreadcrumbList\",\"@id\":\"https:\\\/\\\/www.bellunopress.it\\\/2009\\\/07\\\/08\\\/lacqua-non-e-potabile-per-le-frazioni-di-salce-e-col-di-salce\\\/#breadcrumb\",\"itemListElement\":[{\"@type\":\"ListItem\",\"position\":1,\"name\":\"Home\",\"item\":\"https:\\\/\\\/www.bellunopress.it\\\/\"},{\"@type\":\"ListItem\",\"position\":2,\"name\":\"L&#8217;acqua non \u00e8 potabile per le frazioni di Salce e Col di Salce\"}]},{\"@type\":\"WebSite\",\"@id\":\"https:\\\/\\\/www.bellunopress.it\\\/#website\",\"url\":\"https:\\\/\\\/www.bellunopress.it\\\/\",\"name\":\"Bellunopress - Dolomiti\",\"description\":\"e-mail: redazione@bellunopress.it\",\"publisher\":{\"@id\":\"https:\\\/\\\/www.bellunopress.it\\\/#organization\"},\"potentialAction\":[{\"@type\":\"SearchAction\",\"target\":{\"@type\":\"EntryPoint\",\"urlTemplate\":\"https:\\\/\\\/www.bellunopress.it\\\/?s={search_term_string}\"},\"query-input\":{\"@type\":\"PropertyValueSpecification\",\"valueRequired\":true,\"valueName\":\"search_term_string\"}}],\"inLanguage\":\"fr-FR\"},{\"@type\":\"Organization\",\"@id\":\"https:\\\/\\\/www.bellunopress.it\\\/#organization\",\"name\":\"Bellunopress\",\"url\":\"https:\\\/\\\/www.bellunopress.it\\\/\",\"logo\":{\"@type\":\"ImageObject\",\"inLanguage\":\"fr-FR\",\"@id\":\"https:\\\/\\\/www.bellunopress.it\\\/#\\\/schema\\\/logo\\\/image\\\/\",\"url\":\"https:\\\/\\\/www.bellunopress.it\\\/wp-content\\\/uploads\\\/2011\\\/05\\\/cropped-logo-bellunopress-.jpg\",\"contentUrl\":\"https:\\\/\\\/www.bellunopress.it\\\/wp-content\\\/uploads\\\/2011\\\/05\\\/cropped-logo-bellunopress-.jpg\",\"width\":512,\"height\":512,\"caption\":\"Bellunopress\"},\"image\":{\"@id\":\"https:\\\/\\\/www.bellunopress.it\\\/#\\\/schema\\\/logo\\\/image\\\/\"},\"sameAs\":[\"https:\\\/\\\/www.facebook.com\\\/profile.php?id=100008943462799\",\"https:\\\/\\\/x.com\\\/bellunopress\",\"https:\\\/\\\/www.linkedin.com\\\/hp\\\/?dnr=JBzUWaJfMUw8vbXJJ2tVW5-I3jZKvC4wsoxE&amp;amp;amp;amp;amp;amp;trk=nav_responsive_tab_home\",\"https:\\\/\\\/www.youtube.com\\\/channel\\\/UCxL0wu1uN0_3_7hGG0306cw\"]},{\"@type\":\"Person\",\"@id\":\"https:\\\/\\\/www.bellunopress.it\\\/#\\\/schema\\\/person\\\/79bb06722b37ece1c03d3e94beb30d73\",\"name\":\"redazione\",\"image\":{\"@type\":\"ImageObject\",\"inLanguage\":\"fr-FR\",\"@id\":\"https:\\\/\\\/secure.gravatar.com\\\/avatar\\\/37d968a2e67a6fd04c169c4bdef102d0bc5d31b2546345219e348575eb80e9a0?s=96&d=mm&r=g\",\"url\":\"https:\\\/\\\/secure.gravatar.com\\\/avatar\\\/37d968a2e67a6fd04c169c4bdef102d0bc5d31b2546345219e348575eb80e9a0?s=96&d=mm&r=g\",\"contentUrl\":\"https:\\\/\\\/secure.gravatar.com\\\/avatar\\\/37d968a2e67a6fd04c169c4bdef102d0bc5d31b2546345219e348575eb80e9a0?s=96&d=mm&r=g\",\"caption\":\"redazione\"},\"sameAs\":[\"http:\\\/\\\/www.bellunopress.it\",\"https:\\\/\\\/x.com\\\/bellunopress\"],\"url\":\"https:\\\/\\\/www.bellunopress.it\\\/fr\\\/author\\\/redazione\\\/\"}]}<\/script>\n<!-- \/ Yoast SEO plugin. -->","yoast_head_json":{"title":"L'acqua non \u00e8 potabile per le frazioni di Salce e Col di Salce - Bellunopress - Dolomiti","robots":{"index":"index","follow":"follow","max-snippet":"max-snippet:-1","max-image-preview":"max-image-preview:large","max-video-preview":"max-video-preview:-1"},"canonical":"https:\/\/www.bellunopress.it\/fr\/2009\/07\/08\/lacqua-non-e-potabile-per-le-frazioni-di-salce-e-col-di-salce\/","og_locale":"fr_FR","og_type":"article","og_title":"L'acqua non \u00e8 potabile per le frazioni di Salce e Col di Salce - Bellunopress - Dolomiti","og_description":"Non deve esserne fatto uso alimentare. Cos\u00ec il Comune di Belluno prende atto della nota del BIM \u2013 Gestione servizi Pubblici spa, pervenuta in data odierna, con la quale, considerato che gli accertamenti eseguiti dall\u2019U.L.S.S. N 1, Servizio Igiene degli Alimenti e della Nutrizione, si evidenzia una difformit\u00e0 dei parametri indicatori della potabilit\u00e0 dell\u2019acqua erogata [&hellip;]","og_url":"https:\/\/www.bellunopress.it\/fr\/2009\/07\/08\/lacqua-non-e-potabile-per-le-frazioni-di-salce-e-col-di-salce\/","og_site_name":"Bellunopress - Dolomiti","article_publisher":"https:\/\/www.facebook.com\/profile.php?id=100008943462799","article_published_time":"2009-07-08T14:32:07+00:00","article_modified_time":"2009-07-08T14:35:03+00:00","og_image":[{"url":"http:\/\/www.bellunopress.it\/wp-content\/uploads\/2012\/07\/logo-bellunopress-250x250-2012.jpg","type":"","width":"","height":""}],"author":"redazione","twitter_card":"summary_large_image","twitter_creator":"@bellunopress","twitter_site":"@bellunopress","twitter_misc":{"\u00c9crit par":"redazione","Dur\u00e9e de lecture estim\u00e9e":"1 minute"},"schema":{"@context":"https:\/\/schema.org","@graph":[{"@type":"Article","@id":"https:\/\/www.bellunopress.it\/2009\/07\/08\/lacqua-non-e-potabile-per-le-frazioni-di-salce-e-col-di-salce\/#article","isPartOf":{"@id":"https:\/\/www.bellunopress.it\/2009\/07\/08\/lacqua-non-e-potabile-per-le-frazioni-di-salce-e-col-di-salce\/"},"author":{"name":"redazione","@id":"https:\/\/www.bellunopress.it\/#\/schema\/person\/79bb06722b37ece1c03d3e94beb30d73"},"headline":"L&#8217;acqua non \u00e8 potabile per le frazioni di Salce e Col di Salce","datePublished":"2009-07-08T14:32:07+00:00","dateModified":"2009-07-08T14:35:03+00:00","mainEntityOfPage":{"@id":"https:\/\/www.bellunopress.it\/2009\/07\/08\/lacqua-non-e-potabile-per-le-frazioni-di-salce-e-col-di-salce\/"},"wordCount":156,"publisher":{"@id":"https:\/\/www.bellunopress.it\/#organization"},"keywords":["Belluno"],"articleSection":["Cronaca\/Politica","Prima Pagina"],"inLanguage":"fr-FR"},{"@type":"WebPage","@id":"https:\/\/www.bellunopress.it\/2009\/07\/08\/lacqua-non-e-potabile-per-le-frazioni-di-salce-e-col-di-salce\/","url":"https:\/\/www.bellunopress.it\/2009\/07\/08\/lacqua-non-e-potabile-per-le-frazioni-di-salce-e-col-di-salce\/","name":"L'acqua non \u00e8 potabile per le frazioni di Salce e Col di Salce - Bellunopress - Dolomiti","isPartOf":{"@id":"https:\/\/www.bellunopress.it\/#website"},"datePublished":"2009-07-08T14:32:07+00:00","dateModified":"2009-07-08T14:35:03+00:00","breadcrumb":{"@id":"https:\/\/www.bellunopress.it\/2009\/07\/08\/lacqua-non-e-potabile-per-le-frazioni-di-salce-e-col-di-salce\/#breadcrumb"},"inLanguage":"fr-FR","potentialAction":[{"@type":"ReadAction","target":["https:\/\/www.bellunopress.it\/2009\/07\/08\/lacqua-non-e-potabile-per-le-frazioni-di-salce-e-col-di-salce\/"]}]},{"@type":"BreadcrumbList","@id":"https:\/\/www.bellunopress.it\/2009\/07\/08\/lacqua-non-e-potabile-per-le-frazioni-di-salce-e-col-di-salce\/#breadcrumb","itemListElement":[{"@type":"ListItem","position":1,"name":"Home","item":"https:\/\/www.bellunopress.it\/"},{"@type":"ListItem","position":2,"name":"L&#8217;acqua non \u00e8 potabile per le frazioni di Salce e Col di Salce"}]},{"@type":"WebSite","@id":"https:\/\/www.bellunopress.it\/#website","url":"https:\/\/www.bellunopress.it\/","name":"Bellunopress - Dolomiti","description":"e-mail: redazione@bellunopress.it","publisher":{"@id":"https:\/\/www.bellunopress.it\/#organization"},"potentialAction":[{"@type":"SearchAction","target":{"@type":"EntryPoint","urlTemplate":"https:\/\/www.bellunopress.it\/?s={search_term_string}"},"query-input":{"@type":"PropertyValueSpecification","valueRequired":true,"valueName":"search_term_string"}}],"inLanguage":"fr-FR"},{"@type":"Organization","@id":"https:\/\/www.bellunopress.it\/#organization","name":"Bellunopress","url":"https:\/\/www.bellunopress.it\/","logo":{"@type":"ImageObject","inLanguage":"fr-FR","@id":"https:\/\/www.bellunopress.it\/#\/schema\/logo\/image\/","url":"https:\/\/www.bellunopress.it\/wp-content\/uploads\/2011\/05\/cropped-logo-bellunopress-.jpg","contentUrl":"https:\/\/www.bellunopress.it\/wp-content\/uploads\/2011\/05\/cropped-logo-bellunopress-.jpg","width":512,"height":512,"caption":"Bellunopress"},"image":{"@id":"https:\/\/www.bellunopress.it\/#\/schema\/logo\/image\/"},"sameAs":["https:\/\/www.facebook.com\/profile.php?id=100008943462799","https:\/\/x.com\/bellunopress","https:\/\/www.linkedin.com\/hp\/?dnr=JBzUWaJfMUw8vbXJJ2tVW5-I3jZKvC4wsoxE&amp;amp;amp;amp;amp;amp;trk=nav_responsive_tab_home","https:\/\/www.youtube.com\/channel\/UCxL0wu1uN0_3_7hGG0306cw"]},{"@type":"Person","@id":"https:\/\/www.bellunopress.it\/#\/schema\/person\/79bb06722b37ece1c03d3e94beb30d73","name":"r\u00e9daction","image":{"@type":"ImageObject","inLanguage":"fr-FR","@id":"https:\/\/secure.gravatar.com\/avatar\/37d968a2e67a6fd04c169c4bdef102d0bc5d31b2546345219e348575eb80e9a0?s=96&d=mm&r=g","url":"https:\/\/secure.gravatar.com\/avatar\/37d968a2e67a6fd04c169c4bdef102d0bc5d31b2546345219e348575eb80e9a0?s=96&d=mm&r=g","contentUrl":"https:\/\/secure.gravatar.com\/avatar\/37d968a2e67a6fd04c169c4bdef102d0bc5d31b2546345219e348575eb80e9a0?s=96&d=mm&r=g","caption":"redazione"},"sameAs":["http:\/\/www.bellunopress.it","https:\/\/x.com\/bellunopress"],"url":"https:\/\/www.bellunopress.it\/fr\/author\/redazione\/"}]}},"_links":{"self":[{"href":"https:\/\/www.bellunopress.it\/fr\/wp-json\/wp\/v2\/posts\/5732","targetHints":{"allow":["GET"]}}],"collection":[{"href":"https:\/\/www.bellunopress.it\/fr\/wp-json\/wp\/v2\/posts"}],"about":[{"href":"https:\/\/www.bellunopress.it\/fr\/wp-json\/wp\/v2\/types\/post"}],"author":[{"embeddable":true,"href":"https:\/\/www.bellunopress.it\/fr\/wp-json\/wp\/v2\/users\/2"}],"replies":[{"embeddable":true,"href":"https:\/\/www.bellunopress.it\/fr\/wp-json\/wp\/v2\/comments?post=5732"}],"version-history":[{"count":2,"href":"https:\/\/www.bellunopress.it\/fr\/wp-json\/wp\/v2\/posts\/5732\/revisions"}],"predecessor-version":[{"id":5735,"href":"https:\/\/www.bellunopress.it\/fr\/wp-json\/wp\/v2\/posts\/5732\/revisions\/5735"}],"wp:attachment":[{"href":"https:\/\/www.bellunopress.it\/fr\/wp-json\/wp\/v2\/media?parent=5732"}],"wp:term":[{"taxonomy":"category","embeddable":true,"href":"https:\/\/www.bellunopress.it\/fr\/wp-json\/wp\/v2\/categories?post=5732"},{"taxonomy":"post_tag","embeddable":true,"href":"https:\/\/www.bellunopress.it\/fr\/wp-json\/wp\/v2\/tags?post=5732"}],"curies":[{"name":"wp","href":"https:\/\/api.w.org\/{rel}","templated":true}]}}