{"id":57138,"date":"2014-03-17T21:11:54","date_gmt":"2014-03-17T20:11:54","guid":{"rendered":"http:\/\/www.bellunopress.it\/?p=57138"},"modified":"2014-03-17T21:11:54","modified_gmt":"2014-03-17T20:11:54","slug":"cortinametraggio-2014-lintero-programma-della-manifestazione","status":"publish","type":"post","link":"https:\/\/www.bellunopress.it\/fr\/2014\/03\/17\/cortinametraggio-2014-lintero-programma-della-manifestazione\/","title":{"rendered":"Cortinametraggio 2014, l&#8217;intero programma della manifestazione"},"content":{"rendered":"<p><strong><a href=\"http:\/\/www.bellunopress.it\/wp-content\/uploads\/2014\/03\/Cortinametraggio-2014.jpg\"><img loading=\"lazy\" decoding=\"async\" class=\"alignleft size-full wp-image-56739\" alt=\"Cortinametraggio 2014\" src=\"http:\/\/www.bellunopress.it\/wp-content\/uploads\/2014\/03\/Cortinametraggio-2014.jpg\" width=\"134\" height=\"170\" \/><\/a>20 \u2013 23 Marzo a Cortina d\u2019Ampezzo<\/strong><\/p>\n<p><strong>#Selfiemetraggio, il contest di foto a Cortinametraggio.\u00a0Un autoscatto per raccontare il Festival di Cortina<\/strong><\/p>\n<p>Cortinametraggio ama stare al passo con i tempi, e al suo ingrediente principale, il cinema, unisce le novit\u00e0 nel campo del web e dei social. A pochi giorni dall\u2019inizio dell\u2019evento lancia il concorso #Selfiemetraggio dedicato alle selfie, gli autoritratti fotografici realizzati attraverso i cellulari o i dispositivi digitali dotati di telecamera, rivolto a tutti i partecipanti, le star, i turisti e i curiosi e che si troveranno a Cortina durante le giornate del Festival. Raccontare in un clic che ritrae se stessi un\u2019emozione o un momento legato alla manifestazione, questa la sfida lanciata dalla direzione. Per partecipare la foto dovr\u00e0 essere pubblicata sulla pagina facebook di CORTINAMETRAGGIO, con l\u2019utilizzo dell\u2019hastag che da il nome al concorso, #Selfiemetraggio, e ovviamente dovr\u00e0 essere scattata nella citt\u00e0 ospite dell\u2019evento. La foto migliore verr\u00e0 premiata con un riconoscimento speciale durante la mattinata di domenica 23 marzo. Una competizione che ben si adatta ad un evento rivolto ai giovani, e che fa dell\u2019ironia e della risata intelligente il suo punto di forza.<\/p>\n<p>Dal 20 al 23 marzo Cortinametraggio \u00e8 a Cortina, proiezioni tutti i giorni a partire dalle 18.30 presso il Cinema Eden, ingresso gratuito. Premiazioni previste la mattina di domenica 23 marzo, non pi\u00f9 al cinema ma sul White Carpet di piazza della Conchiglia, aperto al pubblico.<\/p>\n<p>Cerca la pagina facebook ufficiale, e per ulteriori informazioni \u00e8 consultabile il sito www.cortinametraggio.it.<\/p>\n<p>&nbsp;<\/p>\n<p><strong>Rai Cinema Channel assegna il premio al corto pi\u00f9 web.\u00a0Il premio in denaro consiste in un contratto di acquisizione dei diritti<\/strong><\/p>\n<p>Tra i 16 finalisti della sezione CortiComedy del festival Cortinametraggio, verr\u00e0 assegnato ad un corto il \u201cPremio Rai Cinema Channel\u201d al corto pi\u00f9 web, del valore di 1.000 euro. Il riconoscimento \u00e8 una novit\u00e0 di questa edizione del Festival, promosso e supportato dal portale online di Rai Cinema, che \u00e8 partner gi\u00e0 consolidato della manifestazione e mira a riconoscere l\u2019efficacia di un racconto che ben si presta ad essere diffuso sui canali del web.<\/p>\n<p>Il premio consiste in un contratto di acquisto dei diritti del corto, da parte di Rai Cinema e godr\u00e0 della visibilit\u00e0 su Raicinemachannel.it, che sta investendo in maniera significativa nella forma del cinema breve, lanciando il canale Rai Cinema Channel LAB, dedicato esclusivamente al mondo degli short film, sul quale sar\u00e0 possibile vedere la selezione dei pi\u00f9 bei cortometraggi nazionali ed internazionali.<\/p>\n<p>Il vincitore verr\u00e0 annunciato domenica 23 marzo, nello spazio della Conchiglia a Cortina d\u2019Ampezzo.<\/p>\n<p>&nbsp;<\/p>\n<p><strong>CineCocktail @\u00a0Cortinametraggio.\u00a0Incontro con l&#8217;attrice Anna Foglietta<\/strong><\/p>\n<p>Ingresso gratuito<\/p>\n<p>Dopo il successo registrato all&#8217;incontro con Daryl Hannah alla Berlinale, approdano a Cortinametraggio i CineCocktail\u00ae\u00a0&#8211; Incontri ravvicinati del miglior tipo: cinema, cocktail e chiacchiere in libert\u00e0, ideati e condotti dalla giornalista e scrittrice Claudia Catalli. Dopo il successo delle varie\u00a0edizioni presso la Mostra del Cinema di Venezia, il Festival Internazionale del Film di Roma e il San Marino Film Festival,\u00a0gli originali incontri di cinema ad alto tasso alcolico faranno dunque tappa a Cortina.<\/p>\n<p>L&#8217;incontro\u00a0CineCocktail @ Cortinametraggio\u00a0si terr\u00e0 sabato\u00a022 febbraio\u00a0a partire dalle ore 17:30\u00a0a ingresso libero presso l&#8217;esclusiva Lounge Area dell&#8217;Hotel Ancora di Cortina\u00a0e avr\u00e0 come ospite l&#8217;attrice Anna Foglietta, applaudita interprete di tanti film, tra cui Tutta colpa di Freud &#8211; per citare il pi\u00f9 recente.<\/p>\n<p>Ingresso libero fino a esaurimento posti<\/p>\n<p>L&#8217;evento \u00e8 realizzato in collaborazione con RainUp &#8211; www.rainup.it<\/p>\n<p>I CineCocktail sono anche su Facebook alla pagina\u00a0www.facebook.com\/pages\/CineCocktail\/163282560548889\u00a0e su Twitter su @Cinecocktail<\/p>\n<p>Per informazioni:\u00a0press.cinecocktail@gmail.com<\/p>\n<p><strong>La ricetta dei CineCocktail\u00ae<\/strong><\/p>\n<p>&gt; WHAT:\u00a0Le prime due edizioni hanno avuto luogo a Venezia, durante le Mostre del Cinema 2012 e 2013, presso location prestigiose come il Lancia Caff\u00e8 e la Terrazza Maserati. Dopo una tappa presso il Festival Internazionale del Film di Roma, la terza edizione si \u00e8 tenuta al San Marino Film Festival 2013, per poi partire alla volta di Berlino per la 64a edizione del Film Festival. Ne sono stati protagonisti: divi hollywoodiani come John Turturro e Daryl Hannah; interpreti internazionali come Moran Atias e Maria Grazia Cucinotta; attrici italiane come Luisa Ranieri, Valeria Solarino, Maya Sansa, Donatella Finocchiaro e Daniela Virgilio; attori affermati come Luigi Lo Cascio, Giuseppe Battiston, Piergiorgio Bellocchio, Marco Bocci e Lorenzo Richelmy; nomi di spicco dell\u2019universo giovanile come Francesco Mandelli, leggende del mondo dello spettacolo come Pippo Baudo; registi apprezzati a livello internazionale come Daniele Vicari e Costanza Quatriglio; autori e talenti emergenti under 30 come Enrico Maria Artale, Margherita Laterza, Maria Roveran, Matteo Botrugno e Daniele Coluccini. Gli ospiti sono chiamati a conversare per circa un\u2019ora, tra proiezioni, video e domande dal pubblico. E spesso mettono in scena piccoli happening esclusivi (monologhi, reading, mini-live). L&#8217;idea \u00e8 un evento unico nel suo genere, che attraverso una conversazione informale di fronte a un cocktail allarghi il dibattito sul cinema al pubblico presente, sempre molto partecipe.<\/p>\n<p>&gt; WHO: La direzione artistica \u00e8 a cura di Claudia Catalli: giornalista e scrittrice. Collabora da anni con prestigiose testate nazionali (Panorama, Grazia, Tu Style,\u00a0Wired) occupandosi di cinema, con diverse pubblicazioni al riguardo. Nel 2012 fonda i CineCocktail e li realizza con successo nel corso dei pi\u00f9 prestigiosi festival cinematografici internazionali.<\/p>\n<p>&gt; WHY: Per parlare di cinema in modo nuovo e diverso, sorseggiando un cocktail. Per allargare il dibattito\u00a0artistico\u00a0ai non addetti ai lavori e coinvolgere il pubblico in un confronto collettivo su cosa significhi, oggi, lavorare nel mondo dello spettacolo. Per dare la chance a nuovi talenti e artisti emergenti di farsi conoscere. Per richiamare l\u2019attenzione su divi, personalit\u00e0\u00a0e attori apprezzati che vogliano mettersi in gioco e magari\u00a0mostrarsi sotto una luce diversa. Per\u00a0confrontarsi insieme rispetto a temi e argomenti diversi.\u00a0Per avvicinare celebrities e appassionati, personaggi leggendari e fan, critica e pubblico in un\u2019atmosfera informale e amichevole.<\/p>\n<p>I <strong>CineCocktail<\/strong> sono anche su Facebook alla pagina\u00a0www.facebook.com\/pages\/CineCocktail\/163282560548889\u00a0e su Twitter su @Cinecocktail<\/p>\n<p>Per informazioni:\u00a0press.cinecocktail@gmail.com<\/p>\n<p>&nbsp;<\/p>\n<p><span style=\"font-size: 14px; line-height: 1.5em;\">\u00a0<\/span><\/p>\n<p><strong><a href=\"http:\/\/www.bellunopress.it\/wp-content\/uploads\/2012\/01\/cortinametraggio.jpg\"><img loading=\"lazy\" decoding=\"async\" class=\"alignleft size-full wp-image-34614\" alt=\"cortinametraggio\" src=\"http:\/\/www.bellunopress.it\/wp-content\/uploads\/2012\/01\/cortinametraggio.jpg\" width=\"140\" height=\"138\" \/><\/a>CORTINAMETRAGGIO 2014 \u2013 PROGRAMMA<\/strong><\/p>\n<p>&nbsp;<\/p>\n<p>GIOVED\u00cc 20 MARZO<\/p>\n<p>Ore 17.00 &#8211; Hotel Ancora: inaugurazione Festival Cortinametraggio<\/p>\n<p>Ore 18.45\/23.30 &#8211; Cinema Eden: proiezioni<\/p>\n<p>&nbsp;<\/p>\n<p>VENERD\u00cc 21 MARZO<\/p>\n<p>Ore 11.30 &#8211; Hotel Ancora: incontriamo i Protagonisti<\/p>\n<p>Ore 17.30 &#8211; GOOD TO BE BAD Cocktail@Land Rover Temporary Space con la Stampa,<\/p>\n<p>le Giurie e gli Ospiti del Festival<\/p>\n<p>Ore 19.00\/23.30 \u2013 Cinema Eden: proiezioni<\/p>\n<p>&nbsp;<\/p>\n<p>SABATO 22 MARZO<\/p>\n<p>Ore 11.30 &#8211; Hotel Ancora: conferenza stampa \u201cIncontriamo i Protagonisti\u201d<\/p>\n<p>Ore 13.00 &#8211; Ristorante El Faral: colazione con i Protagonisti (su invito)<\/p>\n<p>Ore 17.30 \u2013 Hotel Ancora: CineCocktail\u00ae, Incontri di cinema con ospiti italiani e<\/p>\n<p>internazionali ideati e condotti dalla giornalista Claudia Catalli<\/p>\n<p>Ore 18.30 \u2013 Cinema Eden: proiezione \u201cIl Natale della mamma Imperfetta\u201d di Ivan<\/p>\n<p>Cotroneo<\/p>\n<p>Ore 19.00 &#8211; La Suite Cortina: Aperitiviamo sul White Carpet<\/p>\n<p>Ore 20.45 &#8211; Cinema Eden: evento speciale S.N.G.C.I.<\/p>\n<p>Ore 23.00 &#8211; Hotel Ancora: Pranzo di Gala \u2013 Pittura e Cinema &#8211; la Galleria d&#8217;Arte<\/p>\n<p>Contini incontra i Protagonisti (su invito)<\/p>\n<p>&nbsp;<\/p>\n<p>DOMENICA 23 MARZO<\/p>\n<p>Ore 11.30 Piazza della Conchiglia: premiazione ufficiale Festival Cortinametraggio<\/p>\n<p>Sezioni Corticomedy \u2013 Booktrailers \u2013 Webseries \u2013 Instagram<\/p>\n<p>Ogni giorno alle 17.00 \u2013 Musei delle Regole: \u00abIl museo incanta\u2026il cinema\u00bb<\/p>\n<p>Laboratorio di cinema con i bambini<\/p>\n<p>* Il programma potrebbe essere soggetto a variazioni.<\/p>","protected":false},"excerpt":{"rendered":"<p>20 \u2013 23 Marzo a Cortina d\u2019Ampezzo #Selfiemetraggio, il contest di foto a Cortinametraggio.\u00a0Un autoscatto per raccontare il Festival di Cortina Cortinametraggio ama stare al passo con i tempi, e al suo ingrediente principale, il cinema, unisce le novit\u00e0 nel campo del web e dei social. A pochi giorni dall\u2019inizio dell\u2019evento lancia il concorso #Selfiemetraggio [&hellip;]<\/p>\n","protected":false},"author":2,"featured_media":0,"comment_status":"closed","ping_status":"open","sticky":false,"template":"","format":"standard","meta":{"footnotes":""},"categories":[3,26,8],"tags":[2847],"class_list":["post-57138","post","type-post","status-publish","format-standard","category-arte-cultura-spettacoli-scienza-archivi","category-prima-pagina","category-societa-istituzioni","tag-cortinametraggio-2014"],"yoast_head":"<!-- This site is optimized with the Yoast SEO plugin v28.4 - https:\/\/yoast.com\/product\/yoast-seo-wordpress\/ -->\n<title>Cortinametraggio 2014, l&#039;intero programma della manifestazione  - Bellunopress - Dolomiti<\/title>\n<meta name=\"robots\" content=\"index, follow, max-snippet:-1, max-image-preview:large, max-video-preview:-1\" \/>\n<link rel=\"canonical\" href=\"https:\/\/www.bellunopress.it\/fr\/2014\/03\/17\/cortinametraggio-2014-lintero-programma-della-manifestazione\/\" \/>\n<meta property=\"og:locale\" content=\"fr_FR\" \/>\n<meta property=\"og:type\" content=\"article\" \/>\n<meta property=\"og:title\" content=\"Cortinametraggio 2014, l&#039;intero programma della manifestazione  - Bellunopress - Dolomiti\" \/>\n<meta property=\"og:description\" content=\"20 \u2013 23 Marzo a Cortina d\u2019Ampezzo #Selfiemetraggio, il contest di foto a Cortinametraggio.\u00a0Un autoscatto per raccontare il Festival di Cortina Cortinametraggio ama stare al passo con i tempi, e al suo ingrediente principale, il cinema, unisce le novit\u00e0 nel campo del web e dei social. A pochi giorni dall\u2019inizio dell\u2019evento lancia il concorso #Selfiemetraggio [&hellip;]\" \/>\n<meta property=\"og:url\" content=\"https:\/\/www.bellunopress.it\/fr\/2014\/03\/17\/cortinametraggio-2014-lintero-programma-della-manifestazione\/\" \/>\n<meta property=\"og:site_name\" content=\"Bellunopress - Dolomiti\" \/>\n<meta property=\"article:publisher\" content=\"https:\/\/www.facebook.com\/profile.php?id=100008943462799\" \/>\n<meta property=\"article:published_time\" content=\"2014-03-17T20:11:54+00:00\" \/>\n<meta property=\"og:image\" content=\"http:\/\/www.bellunopress.it\/wp-content\/uploads\/2014\/03\/Cortinametraggio-2014.jpg\" \/>\n<meta name=\"author\" content=\"redazione\" \/>\n<meta name=\"twitter:card\" content=\"summary_large_image\" \/>\n<meta name=\"twitter:creator\" content=\"@bellunopress\" \/>\n<meta name=\"twitter:site\" content=\"@bellunopress\" \/>\n<meta name=\"twitter:label1\" content=\"\u00c9crit par\" \/>\n\t<meta name=\"twitter:data1\" content=\"redazione\" \/>\n\t<meta name=\"twitter:label2\" content=\"Dur\u00e9e de lecture estim\u00e9e\" \/>\n\t<meta name=\"twitter:data2\" content=\"6 minutes\" \/>\n<script type=\"application\/ld+json\" class=\"yoast-schema-graph\">{\"@context\":\"https:\\\/\\\/schema.org\",\"@graph\":[{\"@type\":\"Article\",\"@id\":\"https:\\\/\\\/www.bellunopress.it\\\/2014\\\/03\\\/17\\\/cortinametraggio-2014-lintero-programma-della-manifestazione\\\/#article\",\"isPartOf\":{\"@id\":\"https:\\\/\\\/www.bellunopress.it\\\/2014\\\/03\\\/17\\\/cortinametraggio-2014-lintero-programma-della-manifestazione\\\/\"},\"author\":{\"name\":\"redazione\",\"@id\":\"https:\\\/\\\/www.bellunopress.it\\\/#\\\/schema\\\/person\\\/79bb06722b37ece1c03d3e94beb30d73\"},\"headline\":\"Cortinametraggio 2014, l&#8217;intero programma della manifestazione\",\"datePublished\":\"2014-03-17T20:11:54+00:00\",\"mainEntityOfPage\":{\"@id\":\"https:\\\/\\\/www.bellunopress.it\\\/2014\\\/03\\\/17\\\/cortinametraggio-2014-lintero-programma-della-manifestazione\\\/\"},\"wordCount\":1190,\"publisher\":{\"@id\":\"https:\\\/\\\/www.bellunopress.it\\\/#organization\"},\"image\":{\"@id\":\"https:\\\/\\\/www.bellunopress.it\\\/2014\\\/03\\\/17\\\/cortinametraggio-2014-lintero-programma-della-manifestazione\\\/#primaryimage\"},\"thumbnailUrl\":\"http:\\\/\\\/www.bellunopress.it\\\/wp-content\\\/uploads\\\/2014\\\/03\\\/Cortinametraggio-2014.jpg\",\"keywords\":[\"Cortinametraggio 2014\"],\"articleSection\":[\"Arte, Cultura, Spettacoli, Scienza\",\"Prima Pagina\",\"Societ\u00e0, Associazioni, Istituzioni\"],\"inLanguage\":\"fr-FR\"},{\"@type\":\"WebPage\",\"@id\":\"https:\\\/\\\/www.bellunopress.it\\\/2014\\\/03\\\/17\\\/cortinametraggio-2014-lintero-programma-della-manifestazione\\\/\",\"url\":\"https:\\\/\\\/www.bellunopress.it\\\/2014\\\/03\\\/17\\\/cortinametraggio-2014-lintero-programma-della-manifestazione\\\/\",\"name\":\"Cortinametraggio 2014, l'intero programma della manifestazione - Bellunopress - Dolomiti\",\"isPartOf\":{\"@id\":\"https:\\\/\\\/www.bellunopress.it\\\/#website\"},\"primaryImageOfPage\":{\"@id\":\"https:\\\/\\\/www.bellunopress.it\\\/2014\\\/03\\\/17\\\/cortinametraggio-2014-lintero-programma-della-manifestazione\\\/#primaryimage\"},\"image\":{\"@id\":\"https:\\\/\\\/www.bellunopress.it\\\/2014\\\/03\\\/17\\\/cortinametraggio-2014-lintero-programma-della-manifestazione\\\/#primaryimage\"},\"thumbnailUrl\":\"http:\\\/\\\/www.bellunopress.it\\\/wp-content\\\/uploads\\\/2014\\\/03\\\/Cortinametraggio-2014.jpg\",\"datePublished\":\"2014-03-17T20:11:54+00:00\",\"breadcrumb\":{\"@id\":\"https:\\\/\\\/www.bellunopress.it\\\/2014\\\/03\\\/17\\\/cortinametraggio-2014-lintero-programma-della-manifestazione\\\/#breadcrumb\"},\"inLanguage\":\"fr-FR\",\"potentialAction\":[{\"@type\":\"ReadAction\",\"target\":[\"https:\\\/\\\/www.bellunopress.it\\\/2014\\\/03\\\/17\\\/cortinametraggio-2014-lintero-programma-della-manifestazione\\\/\"]}]},{\"@type\":\"ImageObject\",\"inLanguage\":\"fr-FR\",\"@id\":\"https:\\\/\\\/www.bellunopress.it\\\/2014\\\/03\\\/17\\\/cortinametraggio-2014-lintero-programma-della-manifestazione\\\/#primaryimage\",\"url\":\"http:\\\/\\\/www.bellunopress.it\\\/wp-content\\\/uploads\\\/2014\\\/03\\\/Cortinametraggio-2014.jpg\",\"contentUrl\":\"http:\\\/\\\/www.bellunopress.it\\\/wp-content\\\/uploads\\\/2014\\\/03\\\/Cortinametraggio-2014.jpg\"},{\"@type\":\"BreadcrumbList\",\"@id\":\"https:\\\/\\\/www.bellunopress.it\\\/2014\\\/03\\\/17\\\/cortinametraggio-2014-lintero-programma-della-manifestazione\\\/#breadcrumb\",\"itemListElement\":[{\"@type\":\"ListItem\",\"position\":1,\"name\":\"Home\",\"item\":\"https:\\\/\\\/www.bellunopress.it\\\/\"},{\"@type\":\"ListItem\",\"position\":2,\"name\":\"Cortinametraggio 2014, l&#8217;intero programma della manifestazione\"}]},{\"@type\":\"WebSite\",\"@id\":\"https:\\\/\\\/www.bellunopress.it\\\/#website\",\"url\":\"https:\\\/\\\/www.bellunopress.it\\\/\",\"name\":\"Bellunopress - Dolomiti\",\"description\":\"e-mail: redazione@bellunopress.it\",\"publisher\":{\"@id\":\"https:\\\/\\\/www.bellunopress.it\\\/#organization\"},\"potentialAction\":[{\"@type\":\"SearchAction\",\"target\":{\"@type\":\"EntryPoint\",\"urlTemplate\":\"https:\\\/\\\/www.bellunopress.it\\\/?s={search_term_string}\"},\"query-input\":{\"@type\":\"PropertyValueSpecification\",\"valueRequired\":true,\"valueName\":\"search_term_string\"}}],\"inLanguage\":\"fr-FR\"},{\"@type\":\"Organization\",\"@id\":\"https:\\\/\\\/www.bellunopress.it\\\/#organization\",\"name\":\"Bellunopress\",\"url\":\"https:\\\/\\\/www.bellunopress.it\\\/\",\"logo\":{\"@type\":\"ImageObject\",\"inLanguage\":\"fr-FR\",\"@id\":\"https:\\\/\\\/www.bellunopress.it\\\/#\\\/schema\\\/logo\\\/image\\\/\",\"url\":\"https:\\\/\\\/www.bellunopress.it\\\/wp-content\\\/uploads\\\/2011\\\/05\\\/cropped-logo-bellunopress-.jpg\",\"contentUrl\":\"https:\\\/\\\/www.bellunopress.it\\\/wp-content\\\/uploads\\\/2011\\\/05\\\/cropped-logo-bellunopress-.jpg\",\"width\":512,\"height\":512,\"caption\":\"Bellunopress\"},\"image\":{\"@id\":\"https:\\\/\\\/www.bellunopress.it\\\/#\\\/schema\\\/logo\\\/image\\\/\"},\"sameAs\":[\"https:\\\/\\\/www.facebook.com\\\/profile.php?id=100008943462799\",\"https:\\\/\\\/x.com\\\/bellunopress\",\"https:\\\/\\\/www.linkedin.com\\\/hp\\\/?dnr=JBzUWaJfMUw8vbXJJ2tVW5-I3jZKvC4wsoxE&amp;amp;amp;amp;amp;amp;trk=nav_responsive_tab_home\",\"https:\\\/\\\/www.youtube.com\\\/channel\\\/UCxL0wu1uN0_3_7hGG0306cw\"]},{\"@type\":\"Person\",\"@id\":\"https:\\\/\\\/www.bellunopress.it\\\/#\\\/schema\\\/person\\\/79bb06722b37ece1c03d3e94beb30d73\",\"name\":\"redazione\",\"image\":{\"@type\":\"ImageObject\",\"inLanguage\":\"fr-FR\",\"@id\":\"https:\\\/\\\/secure.gravatar.com\\\/avatar\\\/37d968a2e67a6fd04c169c4bdef102d0bc5d31b2546345219e348575eb80e9a0?s=96&d=mm&r=g\",\"url\":\"https:\\\/\\\/secure.gravatar.com\\\/avatar\\\/37d968a2e67a6fd04c169c4bdef102d0bc5d31b2546345219e348575eb80e9a0?s=96&d=mm&r=g\",\"contentUrl\":\"https:\\\/\\\/secure.gravatar.com\\\/avatar\\\/37d968a2e67a6fd04c169c4bdef102d0bc5d31b2546345219e348575eb80e9a0?s=96&d=mm&r=g\",\"caption\":\"redazione\"},\"sameAs\":[\"http:\\\/\\\/www.bellunopress.it\",\"https:\\\/\\\/x.com\\\/bellunopress\"],\"url\":\"https:\\\/\\\/www.bellunopress.it\\\/fr\\\/author\\\/redazione\\\/\"}]}<\/script>\n<!-- \/ Yoast SEO plugin. -->","yoast_head_json":{"title":"Cortinametraggio 2014, l'intero programma della manifestazione  - Bellunopress - Dolomiti","robots":{"index":"index","follow":"follow","max-snippet":"max-snippet:-1","max-image-preview":"max-image-preview:large","max-video-preview":"max-video-preview:-1"},"canonical":"https:\/\/www.bellunopress.it\/fr\/2014\/03\/17\/cortinametraggio-2014-lintero-programma-della-manifestazione\/","og_locale":"fr_FR","og_type":"article","og_title":"Cortinametraggio 2014, l'intero programma della manifestazione  - Bellunopress - Dolomiti","og_description":"20 \u2013 23 Marzo a Cortina d\u2019Ampezzo #Selfiemetraggio, il contest di foto a Cortinametraggio.\u00a0Un autoscatto per raccontare il Festival di Cortina Cortinametraggio ama stare al passo con i tempi, e al suo ingrediente principale, il cinema, unisce le novit\u00e0 nel campo del web e dei social. A pochi giorni dall\u2019inizio dell\u2019evento lancia il concorso #Selfiemetraggio [&hellip;]","og_url":"https:\/\/www.bellunopress.it\/fr\/2014\/03\/17\/cortinametraggio-2014-lintero-programma-della-manifestazione\/","og_site_name":"Bellunopress - Dolomiti","article_publisher":"https:\/\/www.facebook.com\/profile.php?id=100008943462799","article_published_time":"2014-03-17T20:11:54+00:00","og_image":[{"url":"http:\/\/www.bellunopress.it\/wp-content\/uploads\/2014\/03\/Cortinametraggio-2014.jpg","type":"","width":"","height":""}],"author":"redazione","twitter_card":"summary_large_image","twitter_creator":"@bellunopress","twitter_site":"@bellunopress","twitter_misc":{"\u00c9crit par":"redazione","Dur\u00e9e de lecture estim\u00e9e":"6 minutes"},"schema":{"@context":"https:\/\/schema.org","@graph":[{"@type":"Article","@id":"https:\/\/www.bellunopress.it\/2014\/03\/17\/cortinametraggio-2014-lintero-programma-della-manifestazione\/#article","isPartOf":{"@id":"https:\/\/www.bellunopress.it\/2014\/03\/17\/cortinametraggio-2014-lintero-programma-della-manifestazione\/"},"author":{"name":"redazione","@id":"https:\/\/www.bellunopress.it\/#\/schema\/person\/79bb06722b37ece1c03d3e94beb30d73"},"headline":"Cortinametraggio 2014, l&#8217;intero programma della manifestazione","datePublished":"2014-03-17T20:11:54+00:00","mainEntityOfPage":{"@id":"https:\/\/www.bellunopress.it\/2014\/03\/17\/cortinametraggio-2014-lintero-programma-della-manifestazione\/"},"wordCount":1190,"publisher":{"@id":"https:\/\/www.bellunopress.it\/#organization"},"image":{"@id":"https:\/\/www.bellunopress.it\/2014\/03\/17\/cortinametraggio-2014-lintero-programma-della-manifestazione\/#primaryimage"},"thumbnailUrl":"http:\/\/www.bellunopress.it\/wp-content\/uploads\/2014\/03\/Cortinametraggio-2014.jpg","keywords":["Cortinametraggio 2014"],"articleSection":["Arte, Cultura, Spettacoli, Scienza","Prima Pagina","Societ\u00e0, Associazioni, Istituzioni"],"inLanguage":"fr-FR"},{"@type":"WebPage","@id":"https:\/\/www.bellunopress.it\/2014\/03\/17\/cortinametraggio-2014-lintero-programma-della-manifestazione\/","url":"https:\/\/www.bellunopress.it\/2014\/03\/17\/cortinametraggio-2014-lintero-programma-della-manifestazione\/","name":"Cortinametraggio 2014, l'intero programma della manifestazione - Bellunopress - Dolomiti","isPartOf":{"@id":"https:\/\/www.bellunopress.it\/#website"},"primaryImageOfPage":{"@id":"https:\/\/www.bellunopress.it\/2014\/03\/17\/cortinametraggio-2014-lintero-programma-della-manifestazione\/#primaryimage"},"image":{"@id":"https:\/\/www.bellunopress.it\/2014\/03\/17\/cortinametraggio-2014-lintero-programma-della-manifestazione\/#primaryimage"},"thumbnailUrl":"http:\/\/www.bellunopress.it\/wp-content\/uploads\/2014\/03\/Cortinametraggio-2014.jpg","datePublished":"2014-03-17T20:11:54+00:00","breadcrumb":{"@id":"https:\/\/www.bellunopress.it\/2014\/03\/17\/cortinametraggio-2014-lintero-programma-della-manifestazione\/#breadcrumb"},"inLanguage":"fr-FR","potentialAction":[{"@type":"ReadAction","target":["https:\/\/www.bellunopress.it\/2014\/03\/17\/cortinametraggio-2014-lintero-programma-della-manifestazione\/"]}]},{"@type":"ImageObject","inLanguage":"fr-FR","@id":"https:\/\/www.bellunopress.it\/2014\/03\/17\/cortinametraggio-2014-lintero-programma-della-manifestazione\/#primaryimage","url":"http:\/\/www.bellunopress.it\/wp-content\/uploads\/2014\/03\/Cortinametraggio-2014.jpg","contentUrl":"http:\/\/www.bellunopress.it\/wp-content\/uploads\/2014\/03\/Cortinametraggio-2014.jpg"},{"@type":"BreadcrumbList","@id":"https:\/\/www.bellunopress.it\/2014\/03\/17\/cortinametraggio-2014-lintero-programma-della-manifestazione\/#breadcrumb","itemListElement":[{"@type":"ListItem","position":1,"name":"Home","item":"https:\/\/www.bellunopress.it\/"},{"@type":"ListItem","position":2,"name":"Cortinametraggio 2014, l&#8217;intero programma della manifestazione"}]},{"@type":"WebSite","@id":"https:\/\/www.bellunopress.it\/#website","url":"https:\/\/www.bellunopress.it\/","name":"Bellunopress - Dolomiti","description":"e-mail: redazione@bellunopress.it","publisher":{"@id":"https:\/\/www.bellunopress.it\/#organization"},"potentialAction":[{"@type":"SearchAction","target":{"@type":"EntryPoint","urlTemplate":"https:\/\/www.bellunopress.it\/?s={search_term_string}"},"query-input":{"@type":"PropertyValueSpecification","valueRequired":true,"valueName":"search_term_string"}}],"inLanguage":"fr-FR"},{"@type":"Organization","@id":"https:\/\/www.bellunopress.it\/#organization","name":"Bellunopress","url":"https:\/\/www.bellunopress.it\/","logo":{"@type":"ImageObject","inLanguage":"fr-FR","@id":"https:\/\/www.bellunopress.it\/#\/schema\/logo\/image\/","url":"https:\/\/www.bellunopress.it\/wp-content\/uploads\/2011\/05\/cropped-logo-bellunopress-.jpg","contentUrl":"https:\/\/www.bellunopress.it\/wp-content\/uploads\/2011\/05\/cropped-logo-bellunopress-.jpg","width":512,"height":512,"caption":"Bellunopress"},"image":{"@id":"https:\/\/www.bellunopress.it\/#\/schema\/logo\/image\/"},"sameAs":["https:\/\/www.facebook.com\/profile.php?id=100008943462799","https:\/\/x.com\/bellunopress","https:\/\/www.linkedin.com\/hp\/?dnr=JBzUWaJfMUw8vbXJJ2tVW5-I3jZKvC4wsoxE&amp;amp;amp;amp;amp;amp;trk=nav_responsive_tab_home","https:\/\/www.youtube.com\/channel\/UCxL0wu1uN0_3_7hGG0306cw"]},{"@type":"Person","@id":"https:\/\/www.bellunopress.it\/#\/schema\/person\/79bb06722b37ece1c03d3e94beb30d73","name":"r\u00e9daction","image":{"@type":"ImageObject","inLanguage":"fr-FR","@id":"https:\/\/secure.gravatar.com\/avatar\/37d968a2e67a6fd04c169c4bdef102d0bc5d31b2546345219e348575eb80e9a0?s=96&d=mm&r=g","url":"https:\/\/secure.gravatar.com\/avatar\/37d968a2e67a6fd04c169c4bdef102d0bc5d31b2546345219e348575eb80e9a0?s=96&d=mm&r=g","contentUrl":"https:\/\/secure.gravatar.com\/avatar\/37d968a2e67a6fd04c169c4bdef102d0bc5d31b2546345219e348575eb80e9a0?s=96&d=mm&r=g","caption":"redazione"},"sameAs":["http:\/\/www.bellunopress.it","https:\/\/x.com\/bellunopress"],"url":"https:\/\/www.bellunopress.it\/fr\/author\/redazione\/"}]}},"_links":{"self":[{"href":"https:\/\/www.bellunopress.it\/fr\/wp-json\/wp\/v2\/posts\/57138","targetHints":{"allow":["GET"]}}],"collection":[{"href":"https:\/\/www.bellunopress.it\/fr\/wp-json\/wp\/v2\/posts"}],"about":[{"href":"https:\/\/www.bellunopress.it\/fr\/wp-json\/wp\/v2\/types\/post"}],"author":[{"embeddable":true,"href":"https:\/\/www.bellunopress.it\/fr\/wp-json\/wp\/v2\/users\/2"}],"replies":[{"embeddable":true,"href":"https:\/\/www.bellunopress.it\/fr\/wp-json\/wp\/v2\/comments?post=57138"}],"version-history":[{"count":1,"href":"https:\/\/www.bellunopress.it\/fr\/wp-json\/wp\/v2\/posts\/57138\/revisions"}],"predecessor-version":[{"id":57139,"href":"https:\/\/www.bellunopress.it\/fr\/wp-json\/wp\/v2\/posts\/57138\/revisions\/57139"}],"wp:attachment":[{"href":"https:\/\/www.bellunopress.it\/fr\/wp-json\/wp\/v2\/media?parent=57138"}],"wp:term":[{"taxonomy":"category","embeddable":true,"href":"https:\/\/www.bellunopress.it\/fr\/wp-json\/wp\/v2\/categories?post=57138"},{"taxonomy":"post_tag","embeddable":true,"href":"https:\/\/www.bellunopress.it\/fr\/wp-json\/wp\/v2\/tags?post=57138"}],"curies":[{"name":"wp","href":"https:\/\/api.w.org\/{rel}","templated":true}]}}