{"id":57105,"date":"2014-03-17T19:15:38","date_gmt":"2014-03-17T18:15:38","guid":{"rendered":"http:\/\/www.bellunopress.it\/?p=57105"},"modified":"2014-07-26T10:53:39","modified_gmt":"2014-07-26T09:53:39","slug":"porte-aperte-questo-week-end-alla-tecnosport-di-belluno-con-la-nuova-ducati-monster-1200","status":"publish","type":"post","link":"https:\/\/www.bellunopress.it\/fr\/2014\/03\/17\/porte-aperte-questo-week-end-alla-tecnosport-di-belluno-con-la-nuova-ducati-monster-1200\/","title":{"rendered":"Porte aperte questo week-end alla Tecnosport di Belluno con la nuova Ducati Monster 1200"},"content":{"rendered":"<p><span style=\"font-size: 14px; line-height: 1.5em;\">Questo fine settimana, sabato 22 e domenica 23 marzo, ritorna l&#8217;iniziativa \u201cPorte aperte\u201d alla Tecnosport di Belluno in via Vittorio Veneto n.258 concessionaria esclusiva per la provincia di Belluno dei marchi Ducati, Kawasaki, Suzuki, Hm, Malaguti, Benelli.<\/span><\/p>\n<p>Un week-end da non perdere, dedicato alla presentazione della nuova Monster 1200 S della Ducati. Il modello che dalla sua nascita, 22 anni fa, ha regalato emozioni forti a oltre 275mila felici possessori di questa super naked.<\/p>\n<p><a href=\"http:\/\/www.bellunopress.it\/wp-content\/uploads\/2014\/03\/ducati-monster-1200s.jpg\"><img loading=\"lazy\" decoding=\"async\" class=\"alignleft size-full wp-image-57106\" src=\"http:\/\/www.bellunopress.it\/wp-content\/uploads\/2014\/03\/ducati-monster-1200s.jpg\" alt=\"ducati monster 1200s\" width=\"290\" height=\"253\" \/><\/a>Pi\u00f9 lunga e pi\u00f9 larga della precedente versione, la nuova Monster monta forcelle \u00d6hlins, pinze Brembo e anche il serbatoio in alluminio \u00e8 cresciuto a 17,5 litri (+4). E la sella a quota 81 cm consente di maneggiare da ferma con sicurezza i 209 Kg di peso in ordine di marcia.<\/p>\n<p>Eccellenti le prestazioni, senza esasperazioni delle potenze a tutto vantaggio della guidabilit\u00e0, per questo nuovo gioiello di Borgo Panigale. Il collaudato bicilindrico testastretta a sei marce, eroga 145 cavalli con una poderosa coppia di 12,7 Kgm. abilmente settati dall&#8217;elettronica del traction control, oltre all&#8217;abs. Tre le mappature previste, con la Urban che limita la potenza a 100 Cv.<\/p>\n<p>Il 1.198 cc. risponde sempre con prontezza, che diventa un autentico scossone oltre i 3000 giri quando anche gli scarichi cominciano a cantare.<\/p>\n<p>La Monster S \u00e8, insomma, una emozionante super naked, per tecnologia e prestazioni, ma anche una moto con la quale si pu\u00f2 infilarsi nel traffico grazie al Dtc, Abs e riding mode.<\/p>\n<p>L&#8217;orario estivo dal 15 Marzo 2014 della Tecnosport \u00e8 il seguente: dal luned\u00ec al venerd\u00ec dalle ore 08.30 alle ore 12.30 e dalle ore 15.00 alle ore 19.00 &#8211; Il sabato dalle ore 08.30 alle ore 12.30 e dalle ore 15.00 alle ore 18.00<\/p>","protected":false},"excerpt":{"rendered":"<p>Questo fine settimana, sabato 22 e domenica 23 marzo, ritorna l&#8217;iniziativa \u201cPorte aperte\u201d alla Tecnosport di Belluno in via Vittorio Veneto n.258 concessionaria esclusiva per la provincia di Belluno dei marchi Ducati, Kawasaki, Suzuki, Hm, Malaguti, Benelli. Un week-end da non perdere, dedicato alla presentazione della nuova Monster 1200 S della Ducati. Il modello che [&hellip;]<\/p>\n","protected":false},"author":2,"featured_media":0,"comment_status":"closed","ping_status":"open","sticky":false,"template":"","format":"standard","meta":{"footnotes":""},"categories":[25,50],"tags":[],"class_list":["post-57105","post","type-post","status-publish","format-standard","category-pausa-caffe","category-pubbliredazionali"],"yoast_head":"<!-- This site is optimized with the Yoast SEO plugin v28.4 - https:\/\/yoast.com\/product\/yoast-seo-wordpress\/ -->\n<title>Porte aperte questo week-end alla Tecnosport di Belluno con la nuova Ducati Monster 1200 - Bellunopress - Dolomiti<\/title>\n<meta name=\"robots\" content=\"index, follow, max-snippet:-1, max-image-preview:large, max-video-preview:-1\" \/>\n<link rel=\"canonical\" href=\"https:\/\/www.bellunopress.it\/fr\/2014\/03\/17\/porte-aperte-questo-week-end-alla-tecnosport-di-belluno-con-la-nuova-ducati-monster-1200\/\" \/>\n<meta property=\"og:locale\" content=\"fr_FR\" \/>\n<meta property=\"og:type\" content=\"article\" \/>\n<meta property=\"og:title\" content=\"Porte aperte questo week-end alla Tecnosport di Belluno con la nuova Ducati Monster 1200 - Bellunopress - Dolomiti\" \/>\n<meta property=\"og:description\" content=\"Questo fine settimana, sabato 22 e domenica 23 marzo, ritorna l&#8217;iniziativa \u201cPorte aperte\u201d alla Tecnosport di Belluno in via Vittorio Veneto n.258 concessionaria esclusiva per la provincia di Belluno dei marchi Ducati, Kawasaki, Suzuki, Hm, Malaguti, Benelli. Un week-end da non perdere, dedicato alla presentazione della nuova Monster 1200 S della Ducati. Il modello che [&hellip;]\" \/>\n<meta property=\"og:url\" content=\"https:\/\/www.bellunopress.it\/fr\/2014\/03\/17\/porte-aperte-questo-week-end-alla-tecnosport-di-belluno-con-la-nuova-ducati-monster-1200\/\" \/>\n<meta property=\"og:site_name\" content=\"Bellunopress - Dolomiti\" \/>\n<meta property=\"article:publisher\" content=\"https:\/\/www.facebook.com\/profile.php?id=100008943462799\" \/>\n<meta property=\"article:published_time\" content=\"2014-03-17T18:15:38+00:00\" \/>\n<meta property=\"article:modified_time\" content=\"2014-07-26T09:53:39+00:00\" \/>\n<meta property=\"og:image\" content=\"http:\/\/www.bellunopress.it\/wp-content\/uploads\/2014\/03\/ducati-monster-1200s.jpg\" \/>\n<meta name=\"author\" content=\"redazione\" \/>\n<meta name=\"twitter:card\" content=\"summary_large_image\" \/>\n<meta name=\"twitter:creator\" content=\"@bellunopress\" \/>\n<meta name=\"twitter:site\" content=\"@bellunopress\" \/>\n<meta name=\"twitter:label1\" content=\"\u00c9crit par\" \/>\n\t<meta name=\"twitter:data1\" content=\"redazione\" \/>\n\t<meta name=\"twitter:label2\" content=\"Dur\u00e9e de lecture estim\u00e9e\" \/>\n\t<meta name=\"twitter:data2\" content=\"1 minute\" \/>\n<script type=\"application\/ld+json\" class=\"yoast-schema-graph\">{\"@context\":\"https:\\\/\\\/schema.org\",\"@graph\":[{\"@type\":\"Article\",\"@id\":\"https:\\\/\\\/www.bellunopress.it\\\/2014\\\/03\\\/17\\\/porte-aperte-questo-week-end-alla-tecnosport-di-belluno-con-la-nuova-ducati-monster-1200\\\/#article\",\"isPartOf\":{\"@id\":\"https:\\\/\\\/www.bellunopress.it\\\/2014\\\/03\\\/17\\\/porte-aperte-questo-week-end-alla-tecnosport-di-belluno-con-la-nuova-ducati-monster-1200\\\/\"},\"author\":{\"name\":\"redazione\",\"@id\":\"https:\\\/\\\/www.bellunopress.it\\\/#\\\/schema\\\/person\\\/79bb06722b37ece1c03d3e94beb30d73\"},\"headline\":\"Porte aperte questo week-end alla Tecnosport di Belluno con la nuova Ducati Monster 1200\",\"datePublished\":\"2014-03-17T18:15:38+00:00\",\"dateModified\":\"2014-07-26T09:53:39+00:00\",\"mainEntityOfPage\":{\"@id\":\"https:\\\/\\\/www.bellunopress.it\\\/2014\\\/03\\\/17\\\/porte-aperte-questo-week-end-alla-tecnosport-di-belluno-con-la-nuova-ducati-monster-1200\\\/\"},\"wordCount\":273,\"publisher\":{\"@id\":\"https:\\\/\\\/www.bellunopress.it\\\/#organization\"},\"image\":{\"@id\":\"https:\\\/\\\/www.bellunopress.it\\\/2014\\\/03\\\/17\\\/porte-aperte-questo-week-end-alla-tecnosport-di-belluno-con-la-nuova-ducati-monster-1200\\\/#primaryimage\"},\"thumbnailUrl\":\"http:\\\/\\\/www.bellunopress.it\\\/wp-content\\\/uploads\\\/2014\\\/03\\\/ducati-monster-1200s.jpg\",\"articleSection\":[\"Pausa Caff\u00e8\",\"Pubbliredazionali\"],\"inLanguage\":\"fr-FR\"},{\"@type\":\"WebPage\",\"@id\":\"https:\\\/\\\/www.bellunopress.it\\\/2014\\\/03\\\/17\\\/porte-aperte-questo-week-end-alla-tecnosport-di-belluno-con-la-nuova-ducati-monster-1200\\\/\",\"url\":\"https:\\\/\\\/www.bellunopress.it\\\/2014\\\/03\\\/17\\\/porte-aperte-questo-week-end-alla-tecnosport-di-belluno-con-la-nuova-ducati-monster-1200\\\/\",\"name\":\"Porte aperte questo week-end alla Tecnosport di Belluno con la nuova Ducati Monster 1200 - Bellunopress - Dolomiti\",\"isPartOf\":{\"@id\":\"https:\\\/\\\/www.bellunopress.it\\\/#website\"},\"primaryImageOfPage\":{\"@id\":\"https:\\\/\\\/www.bellunopress.it\\\/2014\\\/03\\\/17\\\/porte-aperte-questo-week-end-alla-tecnosport-di-belluno-con-la-nuova-ducati-monster-1200\\\/#primaryimage\"},\"image\":{\"@id\":\"https:\\\/\\\/www.bellunopress.it\\\/2014\\\/03\\\/17\\\/porte-aperte-questo-week-end-alla-tecnosport-di-belluno-con-la-nuova-ducati-monster-1200\\\/#primaryimage\"},\"thumbnailUrl\":\"http:\\\/\\\/www.bellunopress.it\\\/wp-content\\\/uploads\\\/2014\\\/03\\\/ducati-monster-1200s.jpg\",\"datePublished\":\"2014-03-17T18:15:38+00:00\",\"dateModified\":\"2014-07-26T09:53:39+00:00\",\"breadcrumb\":{\"@id\":\"https:\\\/\\\/www.bellunopress.it\\\/2014\\\/03\\\/17\\\/porte-aperte-questo-week-end-alla-tecnosport-di-belluno-con-la-nuova-ducati-monster-1200\\\/#breadcrumb\"},\"inLanguage\":\"fr-FR\",\"potentialAction\":[{\"@type\":\"ReadAction\",\"target\":[\"https:\\\/\\\/www.bellunopress.it\\\/2014\\\/03\\\/17\\\/porte-aperte-questo-week-end-alla-tecnosport-di-belluno-con-la-nuova-ducati-monster-1200\\\/\"]}]},{\"@type\":\"ImageObject\",\"inLanguage\":\"fr-FR\",\"@id\":\"https:\\\/\\\/www.bellunopress.it\\\/2014\\\/03\\\/17\\\/porte-aperte-questo-week-end-alla-tecnosport-di-belluno-con-la-nuova-ducati-monster-1200\\\/#primaryimage\",\"url\":\"http:\\\/\\\/www.bellunopress.it\\\/wp-content\\\/uploads\\\/2014\\\/03\\\/ducati-monster-1200s.jpg\",\"contentUrl\":\"http:\\\/\\\/www.bellunopress.it\\\/wp-content\\\/uploads\\\/2014\\\/03\\\/ducati-monster-1200s.jpg\"},{\"@type\":\"BreadcrumbList\",\"@id\":\"https:\\\/\\\/www.bellunopress.it\\\/2014\\\/03\\\/17\\\/porte-aperte-questo-week-end-alla-tecnosport-di-belluno-con-la-nuova-ducati-monster-1200\\\/#breadcrumb\",\"itemListElement\":[{\"@type\":\"ListItem\",\"position\":1,\"name\":\"Home\",\"item\":\"https:\\\/\\\/www.bellunopress.it\\\/\"},{\"@type\":\"ListItem\",\"position\":2,\"name\":\"Porte aperte questo week-end alla Tecnosport di Belluno con la nuova Ducati Monster 1200\"}]},{\"@type\":\"WebSite\",\"@id\":\"https:\\\/\\\/www.bellunopress.it\\\/#website\",\"url\":\"https:\\\/\\\/www.bellunopress.it\\\/\",\"name\":\"Bellunopress - Dolomiti\",\"description\":\"e-mail: redazione@bellunopress.it\",\"publisher\":{\"@id\":\"https:\\\/\\\/www.bellunopress.it\\\/#organization\"},\"potentialAction\":[{\"@type\":\"SearchAction\",\"target\":{\"@type\":\"EntryPoint\",\"urlTemplate\":\"https:\\\/\\\/www.bellunopress.it\\\/?s={search_term_string}\"},\"query-input\":{\"@type\":\"PropertyValueSpecification\",\"valueRequired\":true,\"valueName\":\"search_term_string\"}}],\"inLanguage\":\"fr-FR\"},{\"@type\":\"Organization\",\"@id\":\"https:\\\/\\\/www.bellunopress.it\\\/#organization\",\"name\":\"Bellunopress\",\"url\":\"https:\\\/\\\/www.bellunopress.it\\\/\",\"logo\":{\"@type\":\"ImageObject\",\"inLanguage\":\"fr-FR\",\"@id\":\"https:\\\/\\\/www.bellunopress.it\\\/#\\\/schema\\\/logo\\\/image\\\/\",\"url\":\"https:\\\/\\\/www.bellunopress.it\\\/wp-content\\\/uploads\\\/2011\\\/05\\\/cropped-logo-bellunopress-.jpg\",\"contentUrl\":\"https:\\\/\\\/www.bellunopress.it\\\/wp-content\\\/uploads\\\/2011\\\/05\\\/cropped-logo-bellunopress-.jpg\",\"width\":512,\"height\":512,\"caption\":\"Bellunopress\"},\"image\":{\"@id\":\"https:\\\/\\\/www.bellunopress.it\\\/#\\\/schema\\\/logo\\\/image\\\/\"},\"sameAs\":[\"https:\\\/\\\/www.facebook.com\\\/profile.php?id=100008943462799\",\"https:\\\/\\\/x.com\\\/bellunopress\",\"https:\\\/\\\/www.linkedin.com\\\/hp\\\/?dnr=JBzUWaJfMUw8vbXJJ2tVW5-I3jZKvC4wsoxE&amp;amp;amp;amp;amp;amp;trk=nav_responsive_tab_home\",\"https:\\\/\\\/www.youtube.com\\\/channel\\\/UCxL0wu1uN0_3_7hGG0306cw\"]},{\"@type\":\"Person\",\"@id\":\"https:\\\/\\\/www.bellunopress.it\\\/#\\\/schema\\\/person\\\/79bb06722b37ece1c03d3e94beb30d73\",\"name\":\"redazione\",\"image\":{\"@type\":\"ImageObject\",\"inLanguage\":\"fr-FR\",\"@id\":\"https:\\\/\\\/secure.gravatar.com\\\/avatar\\\/37d968a2e67a6fd04c169c4bdef102d0bc5d31b2546345219e348575eb80e9a0?s=96&d=mm&r=g\",\"url\":\"https:\\\/\\\/secure.gravatar.com\\\/avatar\\\/37d968a2e67a6fd04c169c4bdef102d0bc5d31b2546345219e348575eb80e9a0?s=96&d=mm&r=g\",\"contentUrl\":\"https:\\\/\\\/secure.gravatar.com\\\/avatar\\\/37d968a2e67a6fd04c169c4bdef102d0bc5d31b2546345219e348575eb80e9a0?s=96&d=mm&r=g\",\"caption\":\"redazione\"},\"sameAs\":[\"http:\\\/\\\/www.bellunopress.it\",\"https:\\\/\\\/x.com\\\/bellunopress\"],\"url\":\"https:\\\/\\\/www.bellunopress.it\\\/fr\\\/author\\\/redazione\\\/\"}]}<\/script>\n<!-- \/ Yoast SEO plugin. -->","yoast_head_json":{"title":"Porte aperte questo week-end alla Tecnosport di Belluno con la nuova Ducati Monster 1200 - Bellunopress - Dolomiti","robots":{"index":"index","follow":"follow","max-snippet":"max-snippet:-1","max-image-preview":"max-image-preview:large","max-video-preview":"max-video-preview:-1"},"canonical":"https:\/\/www.bellunopress.it\/fr\/2014\/03\/17\/porte-aperte-questo-week-end-alla-tecnosport-di-belluno-con-la-nuova-ducati-monster-1200\/","og_locale":"fr_FR","og_type":"article","og_title":"Porte aperte questo week-end alla Tecnosport di Belluno con la nuova Ducati Monster 1200 - Bellunopress - Dolomiti","og_description":"Questo fine settimana, sabato 22 e domenica 23 marzo, ritorna l&#8217;iniziativa \u201cPorte aperte\u201d alla Tecnosport di Belluno in via Vittorio Veneto n.258 concessionaria esclusiva per la provincia di Belluno dei marchi Ducati, Kawasaki, Suzuki, Hm, Malaguti, Benelli. Un week-end da non perdere, dedicato alla presentazione della nuova Monster 1200 S della Ducati. Il modello che [&hellip;]","og_url":"https:\/\/www.bellunopress.it\/fr\/2014\/03\/17\/porte-aperte-questo-week-end-alla-tecnosport-di-belluno-con-la-nuova-ducati-monster-1200\/","og_site_name":"Bellunopress - Dolomiti","article_publisher":"https:\/\/www.facebook.com\/profile.php?id=100008943462799","article_published_time":"2014-03-17T18:15:38+00:00","article_modified_time":"2014-07-26T09:53:39+00:00","og_image":[{"url":"http:\/\/www.bellunopress.it\/wp-content\/uploads\/2014\/03\/ducati-monster-1200s.jpg","type":"","width":"","height":""}],"author":"redazione","twitter_card":"summary_large_image","twitter_creator":"@bellunopress","twitter_site":"@bellunopress","twitter_misc":{"\u00c9crit par":"redazione","Dur\u00e9e de lecture estim\u00e9e":"1 minute"},"schema":{"@context":"https:\/\/schema.org","@graph":[{"@type":"Article","@id":"https:\/\/www.bellunopress.it\/2014\/03\/17\/porte-aperte-questo-week-end-alla-tecnosport-di-belluno-con-la-nuova-ducati-monster-1200\/#article","isPartOf":{"@id":"https:\/\/www.bellunopress.it\/2014\/03\/17\/porte-aperte-questo-week-end-alla-tecnosport-di-belluno-con-la-nuova-ducati-monster-1200\/"},"author":{"name":"redazione","@id":"https:\/\/www.bellunopress.it\/#\/schema\/person\/79bb06722b37ece1c03d3e94beb30d73"},"headline":"Porte aperte questo week-end alla Tecnosport di Belluno con la nuova Ducati Monster 1200","datePublished":"2014-03-17T18:15:38+00:00","dateModified":"2014-07-26T09:53:39+00:00","mainEntityOfPage":{"@id":"https:\/\/www.bellunopress.it\/2014\/03\/17\/porte-aperte-questo-week-end-alla-tecnosport-di-belluno-con-la-nuova-ducati-monster-1200\/"},"wordCount":273,"publisher":{"@id":"https:\/\/www.bellunopress.it\/#organization"},"image":{"@id":"https:\/\/www.bellunopress.it\/2014\/03\/17\/porte-aperte-questo-week-end-alla-tecnosport-di-belluno-con-la-nuova-ducati-monster-1200\/#primaryimage"},"thumbnailUrl":"http:\/\/www.bellunopress.it\/wp-content\/uploads\/2014\/03\/ducati-monster-1200s.jpg","articleSection":["Pausa Caff\u00e8","Pubbliredazionali"],"inLanguage":"fr-FR"},{"@type":"WebPage","@id":"https:\/\/www.bellunopress.it\/2014\/03\/17\/porte-aperte-questo-week-end-alla-tecnosport-di-belluno-con-la-nuova-ducati-monster-1200\/","url":"https:\/\/www.bellunopress.it\/2014\/03\/17\/porte-aperte-questo-week-end-alla-tecnosport-di-belluno-con-la-nuova-ducati-monster-1200\/","name":"Porte aperte questo week-end alla Tecnosport di Belluno con la nuova Ducati Monster 1200 - Bellunopress - Dolomiti","isPartOf":{"@id":"https:\/\/www.bellunopress.it\/#website"},"primaryImageOfPage":{"@id":"https:\/\/www.bellunopress.it\/2014\/03\/17\/porte-aperte-questo-week-end-alla-tecnosport-di-belluno-con-la-nuova-ducati-monster-1200\/#primaryimage"},"image":{"@id":"https:\/\/www.bellunopress.it\/2014\/03\/17\/porte-aperte-questo-week-end-alla-tecnosport-di-belluno-con-la-nuova-ducati-monster-1200\/#primaryimage"},"thumbnailUrl":"http:\/\/www.bellunopress.it\/wp-content\/uploads\/2014\/03\/ducati-monster-1200s.jpg","datePublished":"2014-03-17T18:15:38+00:00","dateModified":"2014-07-26T09:53:39+00:00","breadcrumb":{"@id":"https:\/\/www.bellunopress.it\/2014\/03\/17\/porte-aperte-questo-week-end-alla-tecnosport-di-belluno-con-la-nuova-ducati-monster-1200\/#breadcrumb"},"inLanguage":"fr-FR","potentialAction":[{"@type":"ReadAction","target":["https:\/\/www.bellunopress.it\/2014\/03\/17\/porte-aperte-questo-week-end-alla-tecnosport-di-belluno-con-la-nuova-ducati-monster-1200\/"]}]},{"@type":"ImageObject","inLanguage":"fr-FR","@id":"https:\/\/www.bellunopress.it\/2014\/03\/17\/porte-aperte-questo-week-end-alla-tecnosport-di-belluno-con-la-nuova-ducati-monster-1200\/#primaryimage","url":"http:\/\/www.bellunopress.it\/wp-content\/uploads\/2014\/03\/ducati-monster-1200s.jpg","contentUrl":"http:\/\/www.bellunopress.it\/wp-content\/uploads\/2014\/03\/ducati-monster-1200s.jpg"},{"@type":"BreadcrumbList","@id":"https:\/\/www.bellunopress.it\/2014\/03\/17\/porte-aperte-questo-week-end-alla-tecnosport-di-belluno-con-la-nuova-ducati-monster-1200\/#breadcrumb","itemListElement":[{"@type":"ListItem","position":1,"name":"Home","item":"https:\/\/www.bellunopress.it\/"},{"@type":"ListItem","position":2,"name":"Porte aperte questo week-end alla Tecnosport di Belluno con la nuova Ducati Monster 1200"}]},{"@type":"WebSite","@id":"https:\/\/www.bellunopress.it\/#website","url":"https:\/\/www.bellunopress.it\/","name":"Bellunopress - Dolomiti","description":"e-mail: redazione@bellunopress.it","publisher":{"@id":"https:\/\/www.bellunopress.it\/#organization"},"potentialAction":[{"@type":"SearchAction","target":{"@type":"EntryPoint","urlTemplate":"https:\/\/www.bellunopress.it\/?s={search_term_string}"},"query-input":{"@type":"PropertyValueSpecification","valueRequired":true,"valueName":"search_term_string"}}],"inLanguage":"fr-FR"},{"@type":"Organization","@id":"https:\/\/www.bellunopress.it\/#organization","name":"Bellunopress","url":"https:\/\/www.bellunopress.it\/","logo":{"@type":"ImageObject","inLanguage":"fr-FR","@id":"https:\/\/www.bellunopress.it\/#\/schema\/logo\/image\/","url":"https:\/\/www.bellunopress.it\/wp-content\/uploads\/2011\/05\/cropped-logo-bellunopress-.jpg","contentUrl":"https:\/\/www.bellunopress.it\/wp-content\/uploads\/2011\/05\/cropped-logo-bellunopress-.jpg","width":512,"height":512,"caption":"Bellunopress"},"image":{"@id":"https:\/\/www.bellunopress.it\/#\/schema\/logo\/image\/"},"sameAs":["https:\/\/www.facebook.com\/profile.php?id=100008943462799","https:\/\/x.com\/bellunopress","https:\/\/www.linkedin.com\/hp\/?dnr=JBzUWaJfMUw8vbXJJ2tVW5-I3jZKvC4wsoxE&amp;amp;amp;amp;amp;amp;trk=nav_responsive_tab_home","https:\/\/www.youtube.com\/channel\/UCxL0wu1uN0_3_7hGG0306cw"]},{"@type":"Person","@id":"https:\/\/www.bellunopress.it\/#\/schema\/person\/79bb06722b37ece1c03d3e94beb30d73","name":"r\u00e9daction","image":{"@type":"ImageObject","inLanguage":"fr-FR","@id":"https:\/\/secure.gravatar.com\/avatar\/37d968a2e67a6fd04c169c4bdef102d0bc5d31b2546345219e348575eb80e9a0?s=96&d=mm&r=g","url":"https:\/\/secure.gravatar.com\/avatar\/37d968a2e67a6fd04c169c4bdef102d0bc5d31b2546345219e348575eb80e9a0?s=96&d=mm&r=g","contentUrl":"https:\/\/secure.gravatar.com\/avatar\/37d968a2e67a6fd04c169c4bdef102d0bc5d31b2546345219e348575eb80e9a0?s=96&d=mm&r=g","caption":"redazione"},"sameAs":["http:\/\/www.bellunopress.it","https:\/\/x.com\/bellunopress"],"url":"https:\/\/www.bellunopress.it\/fr\/author\/redazione\/"}]}},"_links":{"self":[{"href":"https:\/\/www.bellunopress.it\/fr\/wp-json\/wp\/v2\/posts\/57105","targetHints":{"allow":["GET"]}}],"collection":[{"href":"https:\/\/www.bellunopress.it\/fr\/wp-json\/wp\/v2\/posts"}],"about":[{"href":"https:\/\/www.bellunopress.it\/fr\/wp-json\/wp\/v2\/types\/post"}],"author":[{"embeddable":true,"href":"https:\/\/www.bellunopress.it\/fr\/wp-json\/wp\/v2\/users\/2"}],"replies":[{"embeddable":true,"href":"https:\/\/www.bellunopress.it\/fr\/wp-json\/wp\/v2\/comments?post=57105"}],"version-history":[{"count":2,"href":"https:\/\/www.bellunopress.it\/fr\/wp-json\/wp\/v2\/posts\/57105\/revisions"}],"predecessor-version":[{"id":60891,"href":"https:\/\/www.bellunopress.it\/fr\/wp-json\/wp\/v2\/posts\/57105\/revisions\/60891"}],"wp:attachment":[{"href":"https:\/\/www.bellunopress.it\/fr\/wp-json\/wp\/v2\/media?parent=57105"}],"wp:term":[{"taxonomy":"category","embeddable":true,"href":"https:\/\/www.bellunopress.it\/fr\/wp-json\/wp\/v2\/categories?post=57105"},{"taxonomy":"post_tag","embeddable":true,"href":"https:\/\/www.bellunopress.it\/fr\/wp-json\/wp\/v2\/tags?post=57105"}],"curies":[{"name":"wp","href":"https:\/\/api.w.org\/{rel}","templated":true}]}}