{"id":5708,"date":"2009-07-07T19:38:24","date_gmt":"2009-07-07T18:38:24","guid":{"rendered":"http:\/\/www.bellunopress.it\/?p=5708"},"modified":"2009-07-07T21:33:54","modified_gmt":"2009-07-07T20:33:54","slug":"i-tour-operator-e-le-agenzie-deuropa-alla-scoperta-della-montagna-bellunese","status":"publish","type":"post","link":"https:\/\/www.bellunopress.it\/fr\/2009\/07\/07\/i-tour-operator-e-le-agenzie-deuropa-alla-scoperta-della-montagna-bellunese\/","title":{"rendered":"I tour operator e le agenzie d&#8217;Europa alla scoperta della montagna bellunese"},"content":{"rendered":"<p>Dopo la partecipazione di Dolomiti Stars e della montagna bellunese al Veneto for you, il workshop internazionale del turismo di gioved\u00ec 2 luglio,\u00a0 molti degli operatori presenti a Venezia si sono spostati in Val Belluna per partecipare a un educational tour organizzato nel week-end con la collaborazione del Consorzio Dolomiti. Dalla bellezze della laguna allo spettacolo delle Dolomiti il salto \u00e8 breve. Il tour ha rappresentato l&#8217;opportunit\u00e0 per visitare le aree di Dolomiti Stars e nello specifico la Valle di Zoldo, la Val Fiorentina e la Marmolada. Per alcuni dei partecipanti tutti appartenenti ai pi\u00f9 importanti tour operator e agenzie viaggi europee \u00e8 stata la prima volta dal vivo sulle Dolomiti, un\u00a0 incontro speciale con questo magnifico bene naturale che adesso pu\u00f2 vantare anche il fregio di Patrimonio Universale dellUmanit\u00e0 riconosciuto dallUnesco. A questo educational hanno preso parte tour operator e agenzie viaggi provenienti dalla Gran Bretagna e dal nord Europa oltre che dallest europeo da nazioni come Croazia, Slovenia, Polonia e Rep.Slovacca, tutti mercati di riferimento per lofferta turistica targata Dolomiti.<br \/>\nA Venezia abbiamo presentato il territorio di Dolomiti Stars e le offerte per il prossimo inverno e lestate 2010\u00a0 spiega Marco Sartori Resp.Commerciale del Consorzio &#8211; . Con leducational poi gli operatori hanno avuto modo di entrare in contatto diretto con la realt\u00e0 delle valli di Dolomiti Stars e visitare anche le strutture ricettive nelle quali poi effettueranno lincoming dei loro gruppi organizzati. Queste nazioni sono dei bacini turistici molto importanti per la montagna bellunese. In Polonia limmagine del brand Dolomiti Stars \u00e8 gi\u00e0 molto forte anche a seguito della nostra partecipazione alla fiera del turismo di Varsavia e alla partnership che abbiamo instaurato da diversi anni con il Tour de Pologne, la pi\u00f9 importante corsa ciclista professionistica trasmessa in tv a livello nazionale e internazionale. Inoltre lo scorso anno abbiamo fatto delle azioni promo commerciali importanti anche in molte citt\u00e0 di Croazia e Slovenia, durante il road show itinerante di Dolomiti Stars. Come da programma sabato gli ospiti dei tour operator e delle agenzie hanno visitato le aree dello SkiCivetta con le strutture della Valle di Zoldo e della Val Fiorentina mentre domenica il gruppo \u00e8 salito in funivia sul ghiacciaio della Marmolada da dove ha potuto assaporare, con i piedi immersi nella neve, un panorama a 360\u00b0 sullo spettacolare teatro naturale delle Dolomiti.<\/p>","protected":false},"excerpt":{"rendered":"<p>Dopo la partecipazione di Dolomiti Stars e della montagna bellunese al Veneto for you, il workshop internazionale del turismo di gioved\u00ec 2 luglio,\u00a0 molti degli operatori presenti a Venezia si sono spostati in Val Belluna per partecipare a un educational tour organizzato nel week-end con la collaborazione del Consorzio Dolomiti. Dalla bellezze della laguna allo [&hellip;]<\/p>\n","protected":false},"author":2,"featured_media":0,"comment_status":"closed","ping_status":"open","sticky":false,"template":"","format":"standard","meta":{"footnotes":""},"categories":[38,25],"tags":[63,2262],"class_list":["post-5708","post","type-post","status-publish","format-standard","category-natura-ambiente","category-pausa-caffe","tag-dolomiti","tag-zoldo"],"yoast_head":"<!-- This site is optimized with the Yoast SEO plugin v28.4 - https:\/\/yoast.com\/product\/yoast-seo-wordpress\/ -->\n<title>I tour operator e le agenzie d&#039;Europa alla scoperta della montagna bellunese - Bellunopress - Dolomiti<\/title>\n<meta name=\"robots\" content=\"index, follow, max-snippet:-1, max-image-preview:large, max-video-preview:-1\" \/>\n<link rel=\"canonical\" href=\"https:\/\/www.bellunopress.it\/fr\/2009\/07\/07\/i-tour-operator-e-le-agenzie-deuropa-alla-scoperta-della-montagna-bellunese\/\" \/>\n<meta property=\"og:locale\" content=\"fr_FR\" \/>\n<meta property=\"og:type\" content=\"article\" \/>\n<meta property=\"og:title\" content=\"I tour operator e le agenzie d&#039;Europa alla scoperta della montagna bellunese - Bellunopress - Dolomiti\" \/>\n<meta property=\"og:description\" content=\"Dopo la partecipazione di Dolomiti Stars e della montagna bellunese al Veneto for you, il workshop internazionale del turismo di gioved\u00ec 2 luglio,\u00a0 molti degli operatori presenti a Venezia si sono spostati in Val Belluna per partecipare a un educational tour organizzato nel week-end con la collaborazione del Consorzio Dolomiti. Dalla bellezze della laguna allo [&hellip;]\" \/>\n<meta property=\"og:url\" content=\"https:\/\/www.bellunopress.it\/fr\/2009\/07\/07\/i-tour-operator-e-le-agenzie-deuropa-alla-scoperta-della-montagna-bellunese\/\" \/>\n<meta property=\"og:site_name\" content=\"Bellunopress - Dolomiti\" \/>\n<meta property=\"article:publisher\" content=\"https:\/\/www.facebook.com\/profile.php?id=100008943462799\" \/>\n<meta property=\"article:published_time\" content=\"2009-07-07T18:38:24+00:00\" \/>\n<meta property=\"article:modified_time\" content=\"2009-07-07T20:33:54+00:00\" \/>\n<meta property=\"og:image\" content=\"http:\/\/www.bellunopress.it\/wp-content\/uploads\/2012\/07\/logo-bellunopress-250x250-2012.jpg\" \/>\n<meta name=\"author\" content=\"redazione\" \/>\n<meta name=\"twitter:card\" content=\"summary_large_image\" \/>\n<meta name=\"twitter:creator\" content=\"@bellunopress\" \/>\n<meta name=\"twitter:site\" content=\"@bellunopress\" \/>\n<meta name=\"twitter:label1\" content=\"\u00c9crit par\" \/>\n\t<meta name=\"twitter:data1\" content=\"redazione\" \/>\n\t<meta name=\"twitter:label2\" content=\"Dur\u00e9e de lecture estim\u00e9e\" \/>\n\t<meta name=\"twitter:data2\" content=\"2 minutes\" \/>\n<script type=\"application\/ld+json\" class=\"yoast-schema-graph\">{\"@context\":\"https:\\\/\\\/schema.org\",\"@graph\":[{\"@type\":\"Article\",\"@id\":\"https:\\\/\\\/www.bellunopress.it\\\/2009\\\/07\\\/07\\\/i-tour-operator-e-le-agenzie-deuropa-alla-scoperta-della-montagna-bellunese\\\/#article\",\"isPartOf\":{\"@id\":\"https:\\\/\\\/www.bellunopress.it\\\/2009\\\/07\\\/07\\\/i-tour-operator-e-le-agenzie-deuropa-alla-scoperta-della-montagna-bellunese\\\/\"},\"author\":{\"name\":\"redazione\",\"@id\":\"https:\\\/\\\/www.bellunopress.it\\\/#\\\/schema\\\/person\\\/79bb06722b37ece1c03d3e94beb30d73\"},\"headline\":\"I tour operator e le agenzie d&#8217;Europa alla scoperta della montagna bellunese\",\"datePublished\":\"2009-07-07T18:38:24+00:00\",\"dateModified\":\"2009-07-07T20:33:54+00:00\",\"mainEntityOfPage\":{\"@id\":\"https:\\\/\\\/www.bellunopress.it\\\/2009\\\/07\\\/07\\\/i-tour-operator-e-le-agenzie-deuropa-alla-scoperta-della-montagna-bellunese\\\/\"},\"wordCount\":395,\"publisher\":{\"@id\":\"https:\\\/\\\/www.bellunopress.it\\\/#organization\"},\"keywords\":[\"Dolomiti\",\"zoldo\"],\"articleSection\":[\"Meteo, natura, ambiente, animali\",\"Pausa Caff\u00e8\"],\"inLanguage\":\"fr-FR\"},{\"@type\":\"WebPage\",\"@id\":\"https:\\\/\\\/www.bellunopress.it\\\/2009\\\/07\\\/07\\\/i-tour-operator-e-le-agenzie-deuropa-alla-scoperta-della-montagna-bellunese\\\/\",\"url\":\"https:\\\/\\\/www.bellunopress.it\\\/2009\\\/07\\\/07\\\/i-tour-operator-e-le-agenzie-deuropa-alla-scoperta-della-montagna-bellunese\\\/\",\"name\":\"I tour operator e le agenzie d'Europa alla scoperta della montagna bellunese - Bellunopress - Dolomiti\",\"isPartOf\":{\"@id\":\"https:\\\/\\\/www.bellunopress.it\\\/#website\"},\"datePublished\":\"2009-07-07T18:38:24+00:00\",\"dateModified\":\"2009-07-07T20:33:54+00:00\",\"breadcrumb\":{\"@id\":\"https:\\\/\\\/www.bellunopress.it\\\/2009\\\/07\\\/07\\\/i-tour-operator-e-le-agenzie-deuropa-alla-scoperta-della-montagna-bellunese\\\/#breadcrumb\"},\"inLanguage\":\"fr-FR\",\"potentialAction\":[{\"@type\":\"ReadAction\",\"target\":[\"https:\\\/\\\/www.bellunopress.it\\\/2009\\\/07\\\/07\\\/i-tour-operator-e-le-agenzie-deuropa-alla-scoperta-della-montagna-bellunese\\\/\"]}]},{\"@type\":\"BreadcrumbList\",\"@id\":\"https:\\\/\\\/www.bellunopress.it\\\/2009\\\/07\\\/07\\\/i-tour-operator-e-le-agenzie-deuropa-alla-scoperta-della-montagna-bellunese\\\/#breadcrumb\",\"itemListElement\":[{\"@type\":\"ListItem\",\"position\":1,\"name\":\"Home\",\"item\":\"https:\\\/\\\/www.bellunopress.it\\\/\"},{\"@type\":\"ListItem\",\"position\":2,\"name\":\"I tour operator e le agenzie d&#8217;Europa alla scoperta della montagna bellunese\"}]},{\"@type\":\"WebSite\",\"@id\":\"https:\\\/\\\/www.bellunopress.it\\\/#website\",\"url\":\"https:\\\/\\\/www.bellunopress.it\\\/\",\"name\":\"Bellunopress - Dolomiti\",\"description\":\"e-mail: redazione@bellunopress.it\",\"publisher\":{\"@id\":\"https:\\\/\\\/www.bellunopress.it\\\/#organization\"},\"potentialAction\":[{\"@type\":\"SearchAction\",\"target\":{\"@type\":\"EntryPoint\",\"urlTemplate\":\"https:\\\/\\\/www.bellunopress.it\\\/?s={search_term_string}\"},\"query-input\":{\"@type\":\"PropertyValueSpecification\",\"valueRequired\":true,\"valueName\":\"search_term_string\"}}],\"inLanguage\":\"fr-FR\"},{\"@type\":\"Organization\",\"@id\":\"https:\\\/\\\/www.bellunopress.it\\\/#organization\",\"name\":\"Bellunopress\",\"url\":\"https:\\\/\\\/www.bellunopress.it\\\/\",\"logo\":{\"@type\":\"ImageObject\",\"inLanguage\":\"fr-FR\",\"@id\":\"https:\\\/\\\/www.bellunopress.it\\\/#\\\/schema\\\/logo\\\/image\\\/\",\"url\":\"https:\\\/\\\/www.bellunopress.it\\\/wp-content\\\/uploads\\\/2011\\\/05\\\/cropped-logo-bellunopress-.jpg\",\"contentUrl\":\"https:\\\/\\\/www.bellunopress.it\\\/wp-content\\\/uploads\\\/2011\\\/05\\\/cropped-logo-bellunopress-.jpg\",\"width\":512,\"height\":512,\"caption\":\"Bellunopress\"},\"image\":{\"@id\":\"https:\\\/\\\/www.bellunopress.it\\\/#\\\/schema\\\/logo\\\/image\\\/\"},\"sameAs\":[\"https:\\\/\\\/www.facebook.com\\\/profile.php?id=100008943462799\",\"https:\\\/\\\/x.com\\\/bellunopress\",\"https:\\\/\\\/www.linkedin.com\\\/hp\\\/?dnr=JBzUWaJfMUw8vbXJJ2tVW5-I3jZKvC4wsoxE&amp;amp;amp;amp;amp;amp;trk=nav_responsive_tab_home\",\"https:\\\/\\\/www.youtube.com\\\/channel\\\/UCxL0wu1uN0_3_7hGG0306cw\"]},{\"@type\":\"Person\",\"@id\":\"https:\\\/\\\/www.bellunopress.it\\\/#\\\/schema\\\/person\\\/79bb06722b37ece1c03d3e94beb30d73\",\"name\":\"redazione\",\"image\":{\"@type\":\"ImageObject\",\"inLanguage\":\"fr-FR\",\"@id\":\"https:\\\/\\\/secure.gravatar.com\\\/avatar\\\/37d968a2e67a6fd04c169c4bdef102d0bc5d31b2546345219e348575eb80e9a0?s=96&d=mm&r=g\",\"url\":\"https:\\\/\\\/secure.gravatar.com\\\/avatar\\\/37d968a2e67a6fd04c169c4bdef102d0bc5d31b2546345219e348575eb80e9a0?s=96&d=mm&r=g\",\"contentUrl\":\"https:\\\/\\\/secure.gravatar.com\\\/avatar\\\/37d968a2e67a6fd04c169c4bdef102d0bc5d31b2546345219e348575eb80e9a0?s=96&d=mm&r=g\",\"caption\":\"redazione\"},\"sameAs\":[\"http:\\\/\\\/www.bellunopress.it\",\"https:\\\/\\\/x.com\\\/bellunopress\"],\"url\":\"https:\\\/\\\/www.bellunopress.it\\\/fr\\\/author\\\/redazione\\\/\"}]}<\/script>\n<!-- \/ Yoast SEO plugin. -->","yoast_head_json":{"title":"I tour operator e le agenzie d'Europa alla scoperta della montagna bellunese - Bellunopress - Dolomiti","robots":{"index":"index","follow":"follow","max-snippet":"max-snippet:-1","max-image-preview":"max-image-preview:large","max-video-preview":"max-video-preview:-1"},"canonical":"https:\/\/www.bellunopress.it\/fr\/2009\/07\/07\/i-tour-operator-e-le-agenzie-deuropa-alla-scoperta-della-montagna-bellunese\/","og_locale":"fr_FR","og_type":"article","og_title":"I tour operator e le agenzie d'Europa alla scoperta della montagna bellunese - Bellunopress - Dolomiti","og_description":"Dopo la partecipazione di Dolomiti Stars e della montagna bellunese al Veneto for you, il workshop internazionale del turismo di gioved\u00ec 2 luglio,\u00a0 molti degli operatori presenti a Venezia si sono spostati in Val Belluna per partecipare a un educational tour organizzato nel week-end con la collaborazione del Consorzio Dolomiti. Dalla bellezze della laguna allo [&hellip;]","og_url":"https:\/\/www.bellunopress.it\/fr\/2009\/07\/07\/i-tour-operator-e-le-agenzie-deuropa-alla-scoperta-della-montagna-bellunese\/","og_site_name":"Bellunopress - Dolomiti","article_publisher":"https:\/\/www.facebook.com\/profile.php?id=100008943462799","article_published_time":"2009-07-07T18:38:24+00:00","article_modified_time":"2009-07-07T20:33:54+00:00","og_image":[{"url":"http:\/\/www.bellunopress.it\/wp-content\/uploads\/2012\/07\/logo-bellunopress-250x250-2012.jpg","type":"","width":"","height":""}],"author":"redazione","twitter_card":"summary_large_image","twitter_creator":"@bellunopress","twitter_site":"@bellunopress","twitter_misc":{"\u00c9crit par":"redazione","Dur\u00e9e de lecture estim\u00e9e":"2 minutes"},"schema":{"@context":"https:\/\/schema.org","@graph":[{"@type":"Article","@id":"https:\/\/www.bellunopress.it\/2009\/07\/07\/i-tour-operator-e-le-agenzie-deuropa-alla-scoperta-della-montagna-bellunese\/#article","isPartOf":{"@id":"https:\/\/www.bellunopress.it\/2009\/07\/07\/i-tour-operator-e-le-agenzie-deuropa-alla-scoperta-della-montagna-bellunese\/"},"author":{"name":"redazione","@id":"https:\/\/www.bellunopress.it\/#\/schema\/person\/79bb06722b37ece1c03d3e94beb30d73"},"headline":"I tour operator e le agenzie d&#8217;Europa alla scoperta della montagna bellunese","datePublished":"2009-07-07T18:38:24+00:00","dateModified":"2009-07-07T20:33:54+00:00","mainEntityOfPage":{"@id":"https:\/\/www.bellunopress.it\/2009\/07\/07\/i-tour-operator-e-le-agenzie-deuropa-alla-scoperta-della-montagna-bellunese\/"},"wordCount":395,"publisher":{"@id":"https:\/\/www.bellunopress.it\/#organization"},"keywords":["Dolomiti","zoldo"],"articleSection":["Meteo, natura, ambiente, animali","Pausa Caff\u00e8"],"inLanguage":"fr-FR"},{"@type":"WebPage","@id":"https:\/\/www.bellunopress.it\/2009\/07\/07\/i-tour-operator-e-le-agenzie-deuropa-alla-scoperta-della-montagna-bellunese\/","url":"https:\/\/www.bellunopress.it\/2009\/07\/07\/i-tour-operator-e-le-agenzie-deuropa-alla-scoperta-della-montagna-bellunese\/","name":"I tour operator e le agenzie d'Europa alla scoperta della montagna bellunese - Bellunopress - Dolomiti","isPartOf":{"@id":"https:\/\/www.bellunopress.it\/#website"},"datePublished":"2009-07-07T18:38:24+00:00","dateModified":"2009-07-07T20:33:54+00:00","breadcrumb":{"@id":"https:\/\/www.bellunopress.it\/2009\/07\/07\/i-tour-operator-e-le-agenzie-deuropa-alla-scoperta-della-montagna-bellunese\/#breadcrumb"},"inLanguage":"fr-FR","potentialAction":[{"@type":"ReadAction","target":["https:\/\/www.bellunopress.it\/2009\/07\/07\/i-tour-operator-e-le-agenzie-deuropa-alla-scoperta-della-montagna-bellunese\/"]}]},{"@type":"BreadcrumbList","@id":"https:\/\/www.bellunopress.it\/2009\/07\/07\/i-tour-operator-e-le-agenzie-deuropa-alla-scoperta-della-montagna-bellunese\/#breadcrumb","itemListElement":[{"@type":"ListItem","position":1,"name":"Home","item":"https:\/\/www.bellunopress.it\/"},{"@type":"ListItem","position":2,"name":"I tour operator e le agenzie d&#8217;Europa alla scoperta della montagna bellunese"}]},{"@type":"WebSite","@id":"https:\/\/www.bellunopress.it\/#website","url":"https:\/\/www.bellunopress.it\/","name":"Bellunopress - Dolomiti","description":"e-mail: redazione@bellunopress.it","publisher":{"@id":"https:\/\/www.bellunopress.it\/#organization"},"potentialAction":[{"@type":"SearchAction","target":{"@type":"EntryPoint","urlTemplate":"https:\/\/www.bellunopress.it\/?s={search_term_string}"},"query-input":{"@type":"PropertyValueSpecification","valueRequired":true,"valueName":"search_term_string"}}],"inLanguage":"fr-FR"},{"@type":"Organization","@id":"https:\/\/www.bellunopress.it\/#organization","name":"Bellunopress","url":"https:\/\/www.bellunopress.it\/","logo":{"@type":"ImageObject","inLanguage":"fr-FR","@id":"https:\/\/www.bellunopress.it\/#\/schema\/logo\/image\/","url":"https:\/\/www.bellunopress.it\/wp-content\/uploads\/2011\/05\/cropped-logo-bellunopress-.jpg","contentUrl":"https:\/\/www.bellunopress.it\/wp-content\/uploads\/2011\/05\/cropped-logo-bellunopress-.jpg","width":512,"height":512,"caption":"Bellunopress"},"image":{"@id":"https:\/\/www.bellunopress.it\/#\/schema\/logo\/image\/"},"sameAs":["https:\/\/www.facebook.com\/profile.php?id=100008943462799","https:\/\/x.com\/bellunopress","https:\/\/www.linkedin.com\/hp\/?dnr=JBzUWaJfMUw8vbXJJ2tVW5-I3jZKvC4wsoxE&amp;amp;amp;amp;amp;amp;trk=nav_responsive_tab_home","https:\/\/www.youtube.com\/channel\/UCxL0wu1uN0_3_7hGG0306cw"]},{"@type":"Person","@id":"https:\/\/www.bellunopress.it\/#\/schema\/person\/79bb06722b37ece1c03d3e94beb30d73","name":"r\u00e9daction","image":{"@type":"ImageObject","inLanguage":"fr-FR","@id":"https:\/\/secure.gravatar.com\/avatar\/37d968a2e67a6fd04c169c4bdef102d0bc5d31b2546345219e348575eb80e9a0?s=96&d=mm&r=g","url":"https:\/\/secure.gravatar.com\/avatar\/37d968a2e67a6fd04c169c4bdef102d0bc5d31b2546345219e348575eb80e9a0?s=96&d=mm&r=g","contentUrl":"https:\/\/secure.gravatar.com\/avatar\/37d968a2e67a6fd04c169c4bdef102d0bc5d31b2546345219e348575eb80e9a0?s=96&d=mm&r=g","caption":"redazione"},"sameAs":["http:\/\/www.bellunopress.it","https:\/\/x.com\/bellunopress"],"url":"https:\/\/www.bellunopress.it\/fr\/author\/redazione\/"}]}},"_links":{"self":[{"href":"https:\/\/www.bellunopress.it\/fr\/wp-json\/wp\/v2\/posts\/5708","targetHints":{"allow":["GET"]}}],"collection":[{"href":"https:\/\/www.bellunopress.it\/fr\/wp-json\/wp\/v2\/posts"}],"about":[{"href":"https:\/\/www.bellunopress.it\/fr\/wp-json\/wp\/v2\/types\/post"}],"author":[{"embeddable":true,"href":"https:\/\/www.bellunopress.it\/fr\/wp-json\/wp\/v2\/users\/2"}],"replies":[{"embeddable":true,"href":"https:\/\/www.bellunopress.it\/fr\/wp-json\/wp\/v2\/comments?post=5708"}],"version-history":[{"count":3,"href":"https:\/\/www.bellunopress.it\/fr\/wp-json\/wp\/v2\/posts\/5708\/revisions"}],"predecessor-version":[{"id":5719,"href":"https:\/\/www.bellunopress.it\/fr\/wp-json\/wp\/v2\/posts\/5708\/revisions\/5719"}],"wp:attachment":[{"href":"https:\/\/www.bellunopress.it\/fr\/wp-json\/wp\/v2\/media?parent=5708"}],"wp:term":[{"taxonomy":"category","embeddable":true,"href":"https:\/\/www.bellunopress.it\/fr\/wp-json\/wp\/v2\/categories?post=5708"},{"taxonomy":"post_tag","embeddable":true,"href":"https:\/\/www.bellunopress.it\/fr\/wp-json\/wp\/v2\/tags?post=5708"}],"curies":[{"name":"wp","href":"https:\/\/api.w.org\/{rel}","templated":true}]}}