{"id":5706,"date":"2009-07-07T19:33:25","date_gmt":"2009-07-07T18:33:25","guid":{"rendered":"http:\/\/www.bellunopress.it\/?p=5706"},"modified":"2009-07-07T19:33:25","modified_gmt":"2009-07-07T18:33:25","slug":"il-comitato-dintesa-di-belluno-aderisce-al-fondo-di-solidarieta-della-diocesi-prevista-un%e2%80%99integrazione-per-le-famiglie-con-persone-disabili-o-bisognose-di-cure","status":"publish","type":"post","link":"https:\/\/www.bellunopress.it\/fr\/2009\/07\/07\/il-comitato-dintesa-di-belluno-aderisce-al-fondo-di-solidarieta-della-diocesi-prevista-un%e2%80%99integrazione-per-le-famiglie-con-persone-disabili-o-bisognose-di-cure\/","title":{"rendered":"Il Comitato d&#8217;intesa di Belluno aderisce al Fondo di solidariet\u00e0 della Diocesi. Prevista un\u2019integrazione per le famiglie con persone disabili o bisognose di cure."},"content":{"rendered":"<p>Il Comitato d\u2019Intesa tra le associazioni volontaristiche della provincia di Belluno ha deciso di aderire al \u201cFondo straordinario diocesano di solidariet\u00e0 per chi ha perso il lavoro\u201d promosso dalla Diocesi di Belluno-Feltre. Il Comitato ne ha infatti condiviso le finalit\u00e0, mettendo a disposizione un importo complessivo di 10.000 euro, da versare in tranche. Le modalit\u00e0 di erogazione delle somme sono state concordate con il direttore della Caritas diocesana di Belluno, don Giorgio Soccol, e prevedono un integrazione nei confronti delle famiglie che abbiano al loro interno persone che necessitano di particolari attenzioni.\u00a0 In particolare figli minori, persone malate o con situazioni che richiedano cure o l\u2019acquisto di protesi per disabilit\u00e0. Questa modalit\u00e0 di erogazione \u00e8 stata decisa nel rispetto dello statuto del Fondo di solidariet\u00e0 istituito dal Comitato d\u2019Intesa, al quale le associazioni di volontariato bellunesi sono sempre invitate a concorrere.<\/p>","protected":false},"excerpt":{"rendered":"<p>Il Comitato d\u2019Intesa tra le associazioni volontaristiche della provincia di Belluno ha deciso di aderire al \u201cFondo straordinario diocesano di solidariet\u00e0 per chi ha perso il lavoro\u201d promosso dalla Diocesi di Belluno-Feltre. Il Comitato ne ha infatti condiviso le finalit\u00e0, mettendo a disposizione un importo complessivo di 10.000 euro, da versare in tranche. Le modalit\u00e0 [&hellip;]<\/p>\n","protected":false},"author":2,"featured_media":0,"comment_status":"closed","ping_status":"open","sticky":false,"template":"","format":"standard","meta":{"footnotes":""},"categories":[1],"tags":[139,302],"class_list":["post-5706","post","type-post","status-publish","format-standard","category-leo","tag-belluno","tag-feltre"],"yoast_head":"<!-- This site is optimized with the Yoast SEO plugin v28.4 - https:\/\/yoast.com\/product\/yoast-seo-wordpress\/ -->\n<title>Il Comitato d&#039;intesa di Belluno aderisce al Fondo di solidariet\u00e0 della Diocesi. Prevista un\u2019integrazione per le famiglie con persone disabili o bisognose di cure.  - Bellunopress - Dolomiti<\/title>\n<meta name=\"robots\" content=\"index, follow, max-snippet:-1, max-image-preview:large, max-video-preview:-1\" \/>\n<link rel=\"canonical\" href=\"https:\/\/www.bellunopress.it\/fr\/2009\/07\/07\/il-comitato-dintesa-di-belluno-aderisce-al-fondo-di-solidarieta-della-diocesi-prevista-un\u2019integrazione-per-le-famiglie-con-persone-disabili-o-bisognose-di-cure\/\" \/>\n<meta property=\"og:locale\" content=\"fr_FR\" \/>\n<meta property=\"og:type\" content=\"article\" \/>\n<meta property=\"og:title\" content=\"Il Comitato d&#039;intesa di Belluno aderisce al Fondo di solidariet\u00e0 della Diocesi. Prevista un\u2019integrazione per le famiglie con persone disabili o bisognose di cure.  - Bellunopress - Dolomiti\" \/>\n<meta property=\"og:description\" content=\"Il Comitato d\u2019Intesa tra le associazioni volontaristiche della provincia di Belluno ha deciso di aderire al \u201cFondo straordinario diocesano di solidariet\u00e0 per chi ha perso il lavoro\u201d promosso dalla Diocesi di Belluno-Feltre. Il Comitato ne ha infatti condiviso le finalit\u00e0, mettendo a disposizione un importo complessivo di 10.000 euro, da versare in tranche. Le modalit\u00e0 [&hellip;]\" \/>\n<meta property=\"og:url\" content=\"https:\/\/www.bellunopress.it\/fr\/2009\/07\/07\/il-comitato-dintesa-di-belluno-aderisce-al-fondo-di-solidarieta-della-diocesi-prevista-un\u2019integrazione-per-le-famiglie-con-persone-disabili-o-bisognose-di-cure\/\" \/>\n<meta property=\"og:site_name\" content=\"Bellunopress - Dolomiti\" \/>\n<meta property=\"article:publisher\" content=\"https:\/\/www.facebook.com\/profile.php?id=100008943462799\" \/>\n<meta property=\"article:published_time\" content=\"2009-07-07T18:33:25+00:00\" \/>\n<meta property=\"og:image\" content=\"http:\/\/www.bellunopress.it\/wp-content\/uploads\/2012\/07\/logo-bellunopress-250x250-2012.jpg\" \/>\n<meta name=\"author\" content=\"redazione\" \/>\n<meta name=\"twitter:card\" content=\"summary_large_image\" \/>\n<meta name=\"twitter:creator\" content=\"@bellunopress\" \/>\n<meta name=\"twitter:site\" content=\"@bellunopress\" \/>\n<meta name=\"twitter:label1\" content=\"\u00c9crit par\" \/>\n\t<meta name=\"twitter:data1\" content=\"redazione\" \/>\n\t<meta name=\"twitter:label2\" content=\"Dur\u00e9e de lecture estim\u00e9e\" \/>\n\t<meta name=\"twitter:data2\" content=\"1 minute\" \/>\n<script type=\"application\/ld+json\" class=\"yoast-schema-graph\">{\"@context\":\"https:\\\/\\\/schema.org\",\"@graph\":[{\"@type\":\"Article\",\"@id\":\"https:\\\/\\\/www.bellunopress.it\\\/2009\\\/07\\\/07\\\/il-comitato-dintesa-di-belluno-aderisce-al-fondo-di-solidarieta-della-diocesi-prevista-un%e2%80%99integrazione-per-le-famiglie-con-persone-disabili-o-bisognose-di-cure\\\/#article\",\"isPartOf\":{\"@id\":\"https:\\\/\\\/www.bellunopress.it\\\/2009\\\/07\\\/07\\\/il-comitato-dintesa-di-belluno-aderisce-al-fondo-di-solidarieta-della-diocesi-prevista-un%e2%80%99integrazione-per-le-famiglie-con-persone-disabili-o-bisognose-di-cure\\\/\"},\"author\":{\"name\":\"redazione\",\"@id\":\"https:\\\/\\\/www.bellunopress.it\\\/#\\\/schema\\\/person\\\/79bb06722b37ece1c03d3e94beb30d73\"},\"headline\":\"Il Comitato d&#8217;intesa di Belluno aderisce al Fondo di solidariet\u00e0 della Diocesi. Prevista un\u2019integrazione per le famiglie con persone disabili o bisognose di cure.\",\"datePublished\":\"2009-07-07T18:33:25+00:00\",\"mainEntityOfPage\":{\"@id\":\"https:\\\/\\\/www.bellunopress.it\\\/2009\\\/07\\\/07\\\/il-comitato-dintesa-di-belluno-aderisce-al-fondo-di-solidarieta-della-diocesi-prevista-un%e2%80%99integrazione-per-le-famiglie-con-persone-disabili-o-bisognose-di-cure\\\/\"},\"wordCount\":168,\"publisher\":{\"@id\":\"https:\\\/\\\/www.bellunopress.it\\\/#organization\"},\"keywords\":[\"Belluno\",\"Feltre\"],\"articleSection\":[\"Lettere Opinioni\"],\"inLanguage\":\"fr-FR\"},{\"@type\":\"WebPage\",\"@id\":\"https:\\\/\\\/www.bellunopress.it\\\/2009\\\/07\\\/07\\\/il-comitato-dintesa-di-belluno-aderisce-al-fondo-di-solidarieta-della-diocesi-prevista-un%e2%80%99integrazione-per-le-famiglie-con-persone-disabili-o-bisognose-di-cure\\\/\",\"url\":\"https:\\\/\\\/www.bellunopress.it\\\/2009\\\/07\\\/07\\\/il-comitato-dintesa-di-belluno-aderisce-al-fondo-di-solidarieta-della-diocesi-prevista-un%e2%80%99integrazione-per-le-famiglie-con-persone-disabili-o-bisognose-di-cure\\\/\",\"name\":\"Il Comitato d'intesa di Belluno aderisce al Fondo di solidariet\u00e0 della Diocesi. Prevista un\u2019integrazione per le famiglie con persone disabili o bisognose di cure. - Bellunopress - Dolomiti\",\"isPartOf\":{\"@id\":\"https:\\\/\\\/www.bellunopress.it\\\/#website\"},\"datePublished\":\"2009-07-07T18:33:25+00:00\",\"breadcrumb\":{\"@id\":\"https:\\\/\\\/www.bellunopress.it\\\/2009\\\/07\\\/07\\\/il-comitato-dintesa-di-belluno-aderisce-al-fondo-di-solidarieta-della-diocesi-prevista-un%e2%80%99integrazione-per-le-famiglie-con-persone-disabili-o-bisognose-di-cure\\\/#breadcrumb\"},\"inLanguage\":\"fr-FR\",\"potentialAction\":[{\"@type\":\"ReadAction\",\"target\":[\"https:\\\/\\\/www.bellunopress.it\\\/2009\\\/07\\\/07\\\/il-comitato-dintesa-di-belluno-aderisce-al-fondo-di-solidarieta-della-diocesi-prevista-un%e2%80%99integrazione-per-le-famiglie-con-persone-disabili-o-bisognose-di-cure\\\/\"]}]},{\"@type\":\"BreadcrumbList\",\"@id\":\"https:\\\/\\\/www.bellunopress.it\\\/2009\\\/07\\\/07\\\/il-comitato-dintesa-di-belluno-aderisce-al-fondo-di-solidarieta-della-diocesi-prevista-un%e2%80%99integrazione-per-le-famiglie-con-persone-disabili-o-bisognose-di-cure\\\/#breadcrumb\",\"itemListElement\":[{\"@type\":\"ListItem\",\"position\":1,\"name\":\"Home\",\"item\":\"https:\\\/\\\/www.bellunopress.it\\\/\"},{\"@type\":\"ListItem\",\"position\":2,\"name\":\"Il Comitato d&#8217;intesa di Belluno aderisce al Fondo di solidariet\u00e0 della Diocesi. Prevista un\u2019integrazione per le famiglie con persone disabili o bisognose di cure.\"}]},{\"@type\":\"WebSite\",\"@id\":\"https:\\\/\\\/www.bellunopress.it\\\/#website\",\"url\":\"https:\\\/\\\/www.bellunopress.it\\\/\",\"name\":\"Bellunopress - Dolomiti\",\"description\":\"e-mail: redazione@bellunopress.it\",\"publisher\":{\"@id\":\"https:\\\/\\\/www.bellunopress.it\\\/#organization\"},\"potentialAction\":[{\"@type\":\"SearchAction\",\"target\":{\"@type\":\"EntryPoint\",\"urlTemplate\":\"https:\\\/\\\/www.bellunopress.it\\\/?s={search_term_string}\"},\"query-input\":{\"@type\":\"PropertyValueSpecification\",\"valueRequired\":true,\"valueName\":\"search_term_string\"}}],\"inLanguage\":\"fr-FR\"},{\"@type\":\"Organization\",\"@id\":\"https:\\\/\\\/www.bellunopress.it\\\/#organization\",\"name\":\"Bellunopress\",\"url\":\"https:\\\/\\\/www.bellunopress.it\\\/\",\"logo\":{\"@type\":\"ImageObject\",\"inLanguage\":\"fr-FR\",\"@id\":\"https:\\\/\\\/www.bellunopress.it\\\/#\\\/schema\\\/logo\\\/image\\\/\",\"url\":\"https:\\\/\\\/www.bellunopress.it\\\/wp-content\\\/uploads\\\/2011\\\/05\\\/cropped-logo-bellunopress-.jpg\",\"contentUrl\":\"https:\\\/\\\/www.bellunopress.it\\\/wp-content\\\/uploads\\\/2011\\\/05\\\/cropped-logo-bellunopress-.jpg\",\"width\":512,\"height\":512,\"caption\":\"Bellunopress\"},\"image\":{\"@id\":\"https:\\\/\\\/www.bellunopress.it\\\/#\\\/schema\\\/logo\\\/image\\\/\"},\"sameAs\":[\"https:\\\/\\\/www.facebook.com\\\/profile.php?id=100008943462799\",\"https:\\\/\\\/x.com\\\/bellunopress\",\"https:\\\/\\\/www.linkedin.com\\\/hp\\\/?dnr=JBzUWaJfMUw8vbXJJ2tVW5-I3jZKvC4wsoxE&amp;amp;amp;amp;amp;amp;trk=nav_responsive_tab_home\",\"https:\\\/\\\/www.youtube.com\\\/channel\\\/UCxL0wu1uN0_3_7hGG0306cw\"]},{\"@type\":\"Person\",\"@id\":\"https:\\\/\\\/www.bellunopress.it\\\/#\\\/schema\\\/person\\\/79bb06722b37ece1c03d3e94beb30d73\",\"name\":\"redazione\",\"image\":{\"@type\":\"ImageObject\",\"inLanguage\":\"fr-FR\",\"@id\":\"https:\\\/\\\/secure.gravatar.com\\\/avatar\\\/37d968a2e67a6fd04c169c4bdef102d0bc5d31b2546345219e348575eb80e9a0?s=96&d=mm&r=g\",\"url\":\"https:\\\/\\\/secure.gravatar.com\\\/avatar\\\/37d968a2e67a6fd04c169c4bdef102d0bc5d31b2546345219e348575eb80e9a0?s=96&d=mm&r=g\",\"contentUrl\":\"https:\\\/\\\/secure.gravatar.com\\\/avatar\\\/37d968a2e67a6fd04c169c4bdef102d0bc5d31b2546345219e348575eb80e9a0?s=96&d=mm&r=g\",\"caption\":\"redazione\"},\"sameAs\":[\"http:\\\/\\\/www.bellunopress.it\",\"https:\\\/\\\/x.com\\\/bellunopress\"],\"url\":\"https:\\\/\\\/www.bellunopress.it\\\/fr\\\/author\\\/redazione\\\/\"}]}<\/script>\n<!-- \/ Yoast SEO plugin. -->","yoast_head_json":{"title":"Il Comitato d'intesa di Belluno aderisce al Fondo di solidariet\u00e0 della Diocesi. Prevista un\u2019integrazione per le famiglie con persone disabili o bisognose di cure.  - Bellunopress - Dolomiti","robots":{"index":"index","follow":"follow","max-snippet":"max-snippet:-1","max-image-preview":"max-image-preview:large","max-video-preview":"max-video-preview:-1"},"canonical":"https:\/\/www.bellunopress.it\/fr\/2009\/07\/07\/il-comitato-dintesa-di-belluno-aderisce-al-fondo-di-solidarieta-della-diocesi-prevista-un\u2019integrazione-per-le-famiglie-con-persone-disabili-o-bisognose-di-cure\/","og_locale":"fr_FR","og_type":"article","og_title":"Il Comitato d'intesa di Belluno aderisce al Fondo di solidariet\u00e0 della Diocesi. Prevista un\u2019integrazione per le famiglie con persone disabili o bisognose di cure.  - Bellunopress - Dolomiti","og_description":"Il Comitato d\u2019Intesa tra le associazioni volontaristiche della provincia di Belluno ha deciso di aderire al \u201cFondo straordinario diocesano di solidariet\u00e0 per chi ha perso il lavoro\u201d promosso dalla Diocesi di Belluno-Feltre. Il Comitato ne ha infatti condiviso le finalit\u00e0, mettendo a disposizione un importo complessivo di 10.000 euro, da versare in tranche. Le modalit\u00e0 [&hellip;]","og_url":"https:\/\/www.bellunopress.it\/fr\/2009\/07\/07\/il-comitato-dintesa-di-belluno-aderisce-al-fondo-di-solidarieta-della-diocesi-prevista-un\u2019integrazione-per-le-famiglie-con-persone-disabili-o-bisognose-di-cure\/","og_site_name":"Bellunopress - Dolomiti","article_publisher":"https:\/\/www.facebook.com\/profile.php?id=100008943462799","article_published_time":"2009-07-07T18:33:25+00:00","og_image":[{"url":"http:\/\/www.bellunopress.it\/wp-content\/uploads\/2012\/07\/logo-bellunopress-250x250-2012.jpg","type":"","width":"","height":""}],"author":"redazione","twitter_card":"summary_large_image","twitter_creator":"@bellunopress","twitter_site":"@bellunopress","twitter_misc":{"\u00c9crit par":"redazione","Dur\u00e9e de lecture estim\u00e9e":"1 minute"},"schema":{"@context":"https:\/\/schema.org","@graph":[{"@type":"Article","@id":"https:\/\/www.bellunopress.it\/2009\/07\/07\/il-comitato-dintesa-di-belluno-aderisce-al-fondo-di-solidarieta-della-diocesi-prevista-un%e2%80%99integrazione-per-le-famiglie-con-persone-disabili-o-bisognose-di-cure\/#article","isPartOf":{"@id":"https:\/\/www.bellunopress.it\/2009\/07\/07\/il-comitato-dintesa-di-belluno-aderisce-al-fondo-di-solidarieta-della-diocesi-prevista-un%e2%80%99integrazione-per-le-famiglie-con-persone-disabili-o-bisognose-di-cure\/"},"author":{"name":"redazione","@id":"https:\/\/www.bellunopress.it\/#\/schema\/person\/79bb06722b37ece1c03d3e94beb30d73"},"headline":"Il Comitato d&#8217;intesa di Belluno aderisce al Fondo di solidariet\u00e0 della Diocesi. Prevista un\u2019integrazione per le famiglie con persone disabili o bisognose di cure.","datePublished":"2009-07-07T18:33:25+00:00","mainEntityOfPage":{"@id":"https:\/\/www.bellunopress.it\/2009\/07\/07\/il-comitato-dintesa-di-belluno-aderisce-al-fondo-di-solidarieta-della-diocesi-prevista-un%e2%80%99integrazione-per-le-famiglie-con-persone-disabili-o-bisognose-di-cure\/"},"wordCount":168,"publisher":{"@id":"https:\/\/www.bellunopress.it\/#organization"},"keywords":["Belluno","Feltre"],"articleSection":["Lettere Opinioni"],"inLanguage":"fr-FR"},{"@type":"WebPage","@id":"https:\/\/www.bellunopress.it\/2009\/07\/07\/il-comitato-dintesa-di-belluno-aderisce-al-fondo-di-solidarieta-della-diocesi-prevista-un%e2%80%99integrazione-per-le-famiglie-con-persone-disabili-o-bisognose-di-cure\/","url":"https:\/\/www.bellunopress.it\/2009\/07\/07\/il-comitato-dintesa-di-belluno-aderisce-al-fondo-di-solidarieta-della-diocesi-prevista-un%e2%80%99integrazione-per-le-famiglie-con-persone-disabili-o-bisognose-di-cure\/","name":"Il Comitato d'intesa di Belluno aderisce al Fondo di solidariet\u00e0 della Diocesi. Prevista un\u2019integrazione per le famiglie con persone disabili o bisognose di cure. - Bellunopress - Dolomiti","isPartOf":{"@id":"https:\/\/www.bellunopress.it\/#website"},"datePublished":"2009-07-07T18:33:25+00:00","breadcrumb":{"@id":"https:\/\/www.bellunopress.it\/2009\/07\/07\/il-comitato-dintesa-di-belluno-aderisce-al-fondo-di-solidarieta-della-diocesi-prevista-un%e2%80%99integrazione-per-le-famiglie-con-persone-disabili-o-bisognose-di-cure\/#breadcrumb"},"inLanguage":"fr-FR","potentialAction":[{"@type":"ReadAction","target":["https:\/\/www.bellunopress.it\/2009\/07\/07\/il-comitato-dintesa-di-belluno-aderisce-al-fondo-di-solidarieta-della-diocesi-prevista-un%e2%80%99integrazione-per-le-famiglie-con-persone-disabili-o-bisognose-di-cure\/"]}]},{"@type":"BreadcrumbList","@id":"https:\/\/www.bellunopress.it\/2009\/07\/07\/il-comitato-dintesa-di-belluno-aderisce-al-fondo-di-solidarieta-della-diocesi-prevista-un%e2%80%99integrazione-per-le-famiglie-con-persone-disabili-o-bisognose-di-cure\/#breadcrumb","itemListElement":[{"@type":"ListItem","position":1,"name":"Home","item":"https:\/\/www.bellunopress.it\/"},{"@type":"ListItem","position":2,"name":"Il Comitato d&#8217;intesa di Belluno aderisce al Fondo di solidariet\u00e0 della Diocesi. Prevista un\u2019integrazione per le famiglie con persone disabili o bisognose di cure."}]},{"@type":"WebSite","@id":"https:\/\/www.bellunopress.it\/#website","url":"https:\/\/www.bellunopress.it\/","name":"Bellunopress - Dolomiti","description":"e-mail: redazione@bellunopress.it","publisher":{"@id":"https:\/\/www.bellunopress.it\/#organization"},"potentialAction":[{"@type":"SearchAction","target":{"@type":"EntryPoint","urlTemplate":"https:\/\/www.bellunopress.it\/?s={search_term_string}"},"query-input":{"@type":"PropertyValueSpecification","valueRequired":true,"valueName":"search_term_string"}}],"inLanguage":"fr-FR"},{"@type":"Organization","@id":"https:\/\/www.bellunopress.it\/#organization","name":"Bellunopress","url":"https:\/\/www.bellunopress.it\/","logo":{"@type":"ImageObject","inLanguage":"fr-FR","@id":"https:\/\/www.bellunopress.it\/#\/schema\/logo\/image\/","url":"https:\/\/www.bellunopress.it\/wp-content\/uploads\/2011\/05\/cropped-logo-bellunopress-.jpg","contentUrl":"https:\/\/www.bellunopress.it\/wp-content\/uploads\/2011\/05\/cropped-logo-bellunopress-.jpg","width":512,"height":512,"caption":"Bellunopress"},"image":{"@id":"https:\/\/www.bellunopress.it\/#\/schema\/logo\/image\/"},"sameAs":["https:\/\/www.facebook.com\/profile.php?id=100008943462799","https:\/\/x.com\/bellunopress","https:\/\/www.linkedin.com\/hp\/?dnr=JBzUWaJfMUw8vbXJJ2tVW5-I3jZKvC4wsoxE&amp;amp;amp;amp;amp;amp;trk=nav_responsive_tab_home","https:\/\/www.youtube.com\/channel\/UCxL0wu1uN0_3_7hGG0306cw"]},{"@type":"Person","@id":"https:\/\/www.bellunopress.it\/#\/schema\/person\/79bb06722b37ece1c03d3e94beb30d73","name":"r\u00e9daction","image":{"@type":"ImageObject","inLanguage":"fr-FR","@id":"https:\/\/secure.gravatar.com\/avatar\/37d968a2e67a6fd04c169c4bdef102d0bc5d31b2546345219e348575eb80e9a0?s=96&d=mm&r=g","url":"https:\/\/secure.gravatar.com\/avatar\/37d968a2e67a6fd04c169c4bdef102d0bc5d31b2546345219e348575eb80e9a0?s=96&d=mm&r=g","contentUrl":"https:\/\/secure.gravatar.com\/avatar\/37d968a2e67a6fd04c169c4bdef102d0bc5d31b2546345219e348575eb80e9a0?s=96&d=mm&r=g","caption":"redazione"},"sameAs":["http:\/\/www.bellunopress.it","https:\/\/x.com\/bellunopress"],"url":"https:\/\/www.bellunopress.it\/fr\/author\/redazione\/"}]}},"_links":{"self":[{"href":"https:\/\/www.bellunopress.it\/fr\/wp-json\/wp\/v2\/posts\/5706","targetHints":{"allow":["GET"]}}],"collection":[{"href":"https:\/\/www.bellunopress.it\/fr\/wp-json\/wp\/v2\/posts"}],"about":[{"href":"https:\/\/www.bellunopress.it\/fr\/wp-json\/wp\/v2\/types\/post"}],"author":[{"embeddable":true,"href":"https:\/\/www.bellunopress.it\/fr\/wp-json\/wp\/v2\/users\/2"}],"replies":[{"embeddable":true,"href":"https:\/\/www.bellunopress.it\/fr\/wp-json\/wp\/v2\/comments?post=5706"}],"version-history":[{"count":1,"href":"https:\/\/www.bellunopress.it\/fr\/wp-json\/wp\/v2\/posts\/5706\/revisions"}],"predecessor-version":[{"id":5707,"href":"https:\/\/www.bellunopress.it\/fr\/wp-json\/wp\/v2\/posts\/5706\/revisions\/5707"}],"wp:attachment":[{"href":"https:\/\/www.bellunopress.it\/fr\/wp-json\/wp\/v2\/media?parent=5706"}],"wp:term":[{"taxonomy":"category","embeddable":true,"href":"https:\/\/www.bellunopress.it\/fr\/wp-json\/wp\/v2\/categories?post=5706"},{"taxonomy":"post_tag","embeddable":true,"href":"https:\/\/www.bellunopress.it\/fr\/wp-json\/wp\/v2\/tags?post=5706"}],"curies":[{"name":"wp","href":"https:\/\/api.w.org\/{rel}","templated":true}]}}