{"id":5701,"date":"2009-07-07T18:29:54","date_gmt":"2009-07-07T17:29:54","guid":{"rendered":"http:\/\/www.bellunopress.it\/?p=5701"},"modified":"2009-07-07T18:29:54","modified_gmt":"2009-07-07T17:29:54","slug":"farra-d%e2%80%99alpago-esordisce-con-il-nuovo-logo-e-opuscolo-turistico","status":"publish","type":"post","link":"https:\/\/www.bellunopress.it\/fr\/2009\/07\/07\/farra-d%e2%80%99alpago-esordisce-con-il-nuovo-logo-e-opuscolo-turistico\/","title":{"rendered":"Farra d\u2019Alpago esordisce con il nuovo logo e opuscolo turistico"},"content":{"rendered":"<p>\u00a0E\u2019 stato ufficialmente presentato il nuovo logo e l\u2019opuscolo turistico del territorio di Farra d\u2019Alpago. Entrambi progetti fortemente voluti dal Comune di Farra che sta investendo molto per dare maggior visibilit\u00e0 alla localit\u00e0 turistica e al suo splendido lago, famoso per essere luogo ideale di diversi sport acquatici. Il logo, ideato e progettato da Edizioni Fil\u00f2, vuole riassumere e i due punti di forza del territorio: lo specchio d\u2019acqua del lago di Santa Croce e la meravigliosa Foresta del Cansiglio. Binomio di riconoscimento dell\u2019Alpago che, grazie alle risorse naturali e ai servizi messi a disposizione, riesce ad offrire un\u2019esperienza unica a tutti coloro che desiderano entrare in contatto con il territorio. La composizione grafica del logo mira a rievocare gli aspetti salienti che rendono la conca dell\u2019Alpago un centro turistico versatile. La filosofia portante presenta non solo suggestivi scenari che riassumono tutti gli aspetti della montagna dolomitica per i veri appassionati di natura; ma anche un ricco ventaglio di attivit\u00e0 sportive per gli amanti delle discipline acquatiche (vela, wind-surf, Kite-surf, voga e pesca) che trovano la loro location ideale nella cornice del lago di Santa Croce,\u00a0 per coloro che preferiscono gli sport tradizionali (tennis, mountain-bike ed equitazione) e per tutti gli amanti del brivido con la possibilit\u00e0 di praticare varie attivit\u00e0 estreme (parapendio, scialpinismo). Risulta evidente, dunque, la scelta di presentare l\u2019elemento Lago di Santa Croce, con le due vele, e l\u2019elemento Foresta del Cansiglio, con la stilizzazione di due conifere, per sottolineare il duplice aspetto del territorio frutto di una stretta sinergia tra natura e sport, entrambi fulcro del turismo in Alpago.\u00a0 \u201cIl filo di pensiero proposto e seguito dall\u2019Amministrazione di Farra\u201d \u2013 precisa l\u2019assessore al turismo Fulvio Basso \u2013 \u201c crede fermamente nella necessit\u00e0 di proporre l&#8217;Alpago nella sua interezza e non come singolo Comune; a tale proposito ritengo opportuno riunire a breve tutti gli Amministratori della Conca per un confronto costruttivo sulla questione\u201d. Il nuovo logo \u00e8 stato inoltre presentato per la prima volta anche nella pubblicit\u00e0 uscita sulla testata nazionale di viaggi e avventura Itinerari&amp;Luoghi. Per approfondire e diffondere ulteriormente la conoscenza della Conca \u00e8 stato ideato l\u2019opuscolo bilingue (italiano-inglese) Farra d\u2019Alpago \u2013 sport e natura sul lago delle Dolomiti. Un\u2019utilissima guida contenente le principali informazioni di presentazione del territorio con i principali recapiti a cui far riferimento, il tutto accompagnato da commenti di approfondimento sulle curiosit\u00e0 che i turisti possono scoprire. Sono, inoltre, raccolti ben 18 itinerari di varia difficolt\u00e0 che attraversano completamente l\u2019Alpago, un suggerimento utile per tutti gli amanti delle escursioni in montagna.<br \/>\nPer informazioni:<br \/>\nEdizioni Fil\u00f2 Tel: 0437-30103\u00a0<br \/>\nMail to: <a href=\"mailto:redazionefilo@edizionifilo.com\">redazionefilo@edizionifilo.com<\/a>;<br \/>\nComune Farra d\u2019Alpago: Tel: 0437-430318<\/p>","protected":false},"excerpt":{"rendered":"<p>\u00a0E\u2019 stato ufficialmente presentato il nuovo logo e l\u2019opuscolo turistico del territorio di Farra d\u2019Alpago. Entrambi progetti fortemente voluti dal Comune di Farra che sta investendo molto per dare maggior visibilit\u00e0 alla localit\u00e0 turistica e al suo splendido lago, famoso per essere luogo ideale di diversi sport acquatici. Il logo, ideato e progettato da Edizioni [&hellip;]<\/p>\n","protected":false},"author":2,"featured_media":0,"comment_status":"closed","ping_status":"open","sticky":false,"template":"","format":"standard","meta":{"footnotes":""},"categories":[25,8],"tags":[63],"class_list":["post-5701","post","type-post","status-publish","format-standard","category-pausa-caffe","category-societa-istituzioni","tag-dolomiti"],"yoast_head":"<!-- This site is optimized with the Yoast SEO plugin v28.4 - https:\/\/yoast.com\/product\/yoast-seo-wordpress\/ -->\n<title>Farra d\u2019Alpago esordisce con il nuovo logo e opuscolo turistico - Bellunopress - Dolomiti<\/title>\n<meta name=\"robots\" content=\"index, follow, max-snippet:-1, max-image-preview:large, max-video-preview:-1\" \/>\n<link rel=\"canonical\" href=\"https:\/\/www.bellunopress.it\/fr\/2009\/07\/07\/farra-d\u2019alpago-esordisce-con-il-nuovo-logo-e-opuscolo-turistico\/\" \/>\n<meta property=\"og:locale\" content=\"fr_FR\" \/>\n<meta property=\"og:type\" content=\"article\" \/>\n<meta property=\"og:title\" content=\"Farra d\u2019Alpago esordisce con il nuovo logo e opuscolo turistico - Bellunopress - Dolomiti\" \/>\n<meta property=\"og:description\" content=\"\u00a0E\u2019 stato ufficialmente presentato il nuovo logo e l\u2019opuscolo turistico del territorio di Farra d\u2019Alpago. Entrambi progetti fortemente voluti dal Comune di Farra che sta investendo molto per dare maggior visibilit\u00e0 alla localit\u00e0 turistica e al suo splendido lago, famoso per essere luogo ideale di diversi sport acquatici. Il logo, ideato e progettato da Edizioni [&hellip;]\" \/>\n<meta property=\"og:url\" content=\"https:\/\/www.bellunopress.it\/fr\/2009\/07\/07\/farra-d\u2019alpago-esordisce-con-il-nuovo-logo-e-opuscolo-turistico\/\" \/>\n<meta property=\"og:site_name\" content=\"Bellunopress - Dolomiti\" \/>\n<meta property=\"article:publisher\" content=\"https:\/\/www.facebook.com\/profile.php?id=100008943462799\" \/>\n<meta property=\"article:published_time\" content=\"2009-07-07T17:29:54+00:00\" \/>\n<meta property=\"og:image\" content=\"http:\/\/www.bellunopress.it\/wp-content\/uploads\/2012\/07\/logo-bellunopress-250x250-2012.jpg\" \/>\n<meta name=\"author\" content=\"redazione\" \/>\n<meta name=\"twitter:card\" content=\"summary_large_image\" \/>\n<meta name=\"twitter:creator\" content=\"@bellunopress\" \/>\n<meta name=\"twitter:site\" content=\"@bellunopress\" \/>\n<meta name=\"twitter:label1\" content=\"\u00c9crit par\" \/>\n\t<meta name=\"twitter:data1\" content=\"redazione\" \/>\n\t<meta name=\"twitter:label2\" content=\"Dur\u00e9e de lecture estim\u00e9e\" \/>\n\t<meta name=\"twitter:data2\" content=\"2 minutes\" \/>\n<script type=\"application\/ld+json\" class=\"yoast-schema-graph\">{\"@context\":\"https:\\\/\\\/schema.org\",\"@graph\":[{\"@type\":\"Article\",\"@id\":\"https:\\\/\\\/www.bellunopress.it\\\/2009\\\/07\\\/07\\\/farra-d%e2%80%99alpago-esordisce-con-il-nuovo-logo-e-opuscolo-turistico\\\/#article\",\"isPartOf\":{\"@id\":\"https:\\\/\\\/www.bellunopress.it\\\/2009\\\/07\\\/07\\\/farra-d%e2%80%99alpago-esordisce-con-il-nuovo-logo-e-opuscolo-turistico\\\/\"},\"author\":{\"name\":\"redazione\",\"@id\":\"https:\\\/\\\/www.bellunopress.it\\\/#\\\/schema\\\/person\\\/79bb06722b37ece1c03d3e94beb30d73\"},\"headline\":\"Farra d\u2019Alpago esordisce con il nuovo logo e opuscolo turistico\",\"datePublished\":\"2009-07-07T17:29:54+00:00\",\"mainEntityOfPage\":{\"@id\":\"https:\\\/\\\/www.bellunopress.it\\\/2009\\\/07\\\/07\\\/farra-d%e2%80%99alpago-esordisce-con-il-nuovo-logo-e-opuscolo-turistico\\\/\"},\"wordCount\":458,\"publisher\":{\"@id\":\"https:\\\/\\\/www.bellunopress.it\\\/#organization\"},\"keywords\":[\"Dolomiti\"],\"articleSection\":[\"Pausa Caff\u00e8\",\"Societ\u00e0, Associazioni, Istituzioni\"],\"inLanguage\":\"fr-FR\"},{\"@type\":\"WebPage\",\"@id\":\"https:\\\/\\\/www.bellunopress.it\\\/2009\\\/07\\\/07\\\/farra-d%e2%80%99alpago-esordisce-con-il-nuovo-logo-e-opuscolo-turistico\\\/\",\"url\":\"https:\\\/\\\/www.bellunopress.it\\\/2009\\\/07\\\/07\\\/farra-d%e2%80%99alpago-esordisce-con-il-nuovo-logo-e-opuscolo-turistico\\\/\",\"name\":\"Farra d\u2019Alpago esordisce con il nuovo logo e opuscolo turistico - Bellunopress - Dolomiti\",\"isPartOf\":{\"@id\":\"https:\\\/\\\/www.bellunopress.it\\\/#website\"},\"datePublished\":\"2009-07-07T17:29:54+00:00\",\"breadcrumb\":{\"@id\":\"https:\\\/\\\/www.bellunopress.it\\\/2009\\\/07\\\/07\\\/farra-d%e2%80%99alpago-esordisce-con-il-nuovo-logo-e-opuscolo-turistico\\\/#breadcrumb\"},\"inLanguage\":\"fr-FR\",\"potentialAction\":[{\"@type\":\"ReadAction\",\"target\":[\"https:\\\/\\\/www.bellunopress.it\\\/2009\\\/07\\\/07\\\/farra-d%e2%80%99alpago-esordisce-con-il-nuovo-logo-e-opuscolo-turistico\\\/\"]}]},{\"@type\":\"BreadcrumbList\",\"@id\":\"https:\\\/\\\/www.bellunopress.it\\\/2009\\\/07\\\/07\\\/farra-d%e2%80%99alpago-esordisce-con-il-nuovo-logo-e-opuscolo-turistico\\\/#breadcrumb\",\"itemListElement\":[{\"@type\":\"ListItem\",\"position\":1,\"name\":\"Home\",\"item\":\"https:\\\/\\\/www.bellunopress.it\\\/\"},{\"@type\":\"ListItem\",\"position\":2,\"name\":\"Farra d\u2019Alpago esordisce con il nuovo logo e opuscolo turistico\"}]},{\"@type\":\"WebSite\",\"@id\":\"https:\\\/\\\/www.bellunopress.it\\\/#website\",\"url\":\"https:\\\/\\\/www.bellunopress.it\\\/\",\"name\":\"Bellunopress - Dolomiti\",\"description\":\"e-mail: redazione@bellunopress.it\",\"publisher\":{\"@id\":\"https:\\\/\\\/www.bellunopress.it\\\/#organization\"},\"potentialAction\":[{\"@type\":\"SearchAction\",\"target\":{\"@type\":\"EntryPoint\",\"urlTemplate\":\"https:\\\/\\\/www.bellunopress.it\\\/?s={search_term_string}\"},\"query-input\":{\"@type\":\"PropertyValueSpecification\",\"valueRequired\":true,\"valueName\":\"search_term_string\"}}],\"inLanguage\":\"fr-FR\"},{\"@type\":\"Organization\",\"@id\":\"https:\\\/\\\/www.bellunopress.it\\\/#organization\",\"name\":\"Bellunopress\",\"url\":\"https:\\\/\\\/www.bellunopress.it\\\/\",\"logo\":{\"@type\":\"ImageObject\",\"inLanguage\":\"fr-FR\",\"@id\":\"https:\\\/\\\/www.bellunopress.it\\\/#\\\/schema\\\/logo\\\/image\\\/\",\"url\":\"https:\\\/\\\/www.bellunopress.it\\\/wp-content\\\/uploads\\\/2011\\\/05\\\/cropped-logo-bellunopress-.jpg\",\"contentUrl\":\"https:\\\/\\\/www.bellunopress.it\\\/wp-content\\\/uploads\\\/2011\\\/05\\\/cropped-logo-bellunopress-.jpg\",\"width\":512,\"height\":512,\"caption\":\"Bellunopress\"},\"image\":{\"@id\":\"https:\\\/\\\/www.bellunopress.it\\\/#\\\/schema\\\/logo\\\/image\\\/\"},\"sameAs\":[\"https:\\\/\\\/www.facebook.com\\\/profile.php?id=100008943462799\",\"https:\\\/\\\/x.com\\\/bellunopress\",\"https:\\\/\\\/www.linkedin.com\\\/hp\\\/?dnr=JBzUWaJfMUw8vbXJJ2tVW5-I3jZKvC4wsoxE&amp;amp;amp;amp;amp;amp;trk=nav_responsive_tab_home\",\"https:\\\/\\\/www.youtube.com\\\/channel\\\/UCxL0wu1uN0_3_7hGG0306cw\"]},{\"@type\":\"Person\",\"@id\":\"https:\\\/\\\/www.bellunopress.it\\\/#\\\/schema\\\/person\\\/79bb06722b37ece1c03d3e94beb30d73\",\"name\":\"redazione\",\"image\":{\"@type\":\"ImageObject\",\"inLanguage\":\"fr-FR\",\"@id\":\"https:\\\/\\\/secure.gravatar.com\\\/avatar\\\/37d968a2e67a6fd04c169c4bdef102d0bc5d31b2546345219e348575eb80e9a0?s=96&d=mm&r=g\",\"url\":\"https:\\\/\\\/secure.gravatar.com\\\/avatar\\\/37d968a2e67a6fd04c169c4bdef102d0bc5d31b2546345219e348575eb80e9a0?s=96&d=mm&r=g\",\"contentUrl\":\"https:\\\/\\\/secure.gravatar.com\\\/avatar\\\/37d968a2e67a6fd04c169c4bdef102d0bc5d31b2546345219e348575eb80e9a0?s=96&d=mm&r=g\",\"caption\":\"redazione\"},\"sameAs\":[\"http:\\\/\\\/www.bellunopress.it\",\"https:\\\/\\\/x.com\\\/bellunopress\"],\"url\":\"https:\\\/\\\/www.bellunopress.it\\\/fr\\\/author\\\/redazione\\\/\"}]}<\/script>\n<!-- \/ Yoast SEO plugin. -->","yoast_head_json":{"title":"Farra d\u2019Alpago esordisce con il nuovo logo e opuscolo turistico - Bellunopress - Dolomiti","robots":{"index":"index","follow":"follow","max-snippet":"max-snippet:-1","max-image-preview":"max-image-preview:large","max-video-preview":"max-video-preview:-1"},"canonical":"https:\/\/www.bellunopress.it\/fr\/2009\/07\/07\/farra-d\u2019alpago-esordisce-con-il-nuovo-logo-e-opuscolo-turistico\/","og_locale":"fr_FR","og_type":"article","og_title":"Farra d\u2019Alpago esordisce con il nuovo logo e opuscolo turistico - Bellunopress - Dolomiti","og_description":"\u00a0E\u2019 stato ufficialmente presentato il nuovo logo e l\u2019opuscolo turistico del territorio di Farra d\u2019Alpago. Entrambi progetti fortemente voluti dal Comune di Farra che sta investendo molto per dare maggior visibilit\u00e0 alla localit\u00e0 turistica e al suo splendido lago, famoso per essere luogo ideale di diversi sport acquatici. Il logo, ideato e progettato da Edizioni [&hellip;]","og_url":"https:\/\/www.bellunopress.it\/fr\/2009\/07\/07\/farra-d\u2019alpago-esordisce-con-il-nuovo-logo-e-opuscolo-turistico\/","og_site_name":"Bellunopress - Dolomiti","article_publisher":"https:\/\/www.facebook.com\/profile.php?id=100008943462799","article_published_time":"2009-07-07T17:29:54+00:00","og_image":[{"url":"http:\/\/www.bellunopress.it\/wp-content\/uploads\/2012\/07\/logo-bellunopress-250x250-2012.jpg","type":"","width":"","height":""}],"author":"redazione","twitter_card":"summary_large_image","twitter_creator":"@bellunopress","twitter_site":"@bellunopress","twitter_misc":{"\u00c9crit par":"redazione","Dur\u00e9e de lecture estim\u00e9e":"2 minutes"},"schema":{"@context":"https:\/\/schema.org","@graph":[{"@type":"Article","@id":"https:\/\/www.bellunopress.it\/2009\/07\/07\/farra-d%e2%80%99alpago-esordisce-con-il-nuovo-logo-e-opuscolo-turistico\/#article","isPartOf":{"@id":"https:\/\/www.bellunopress.it\/2009\/07\/07\/farra-d%e2%80%99alpago-esordisce-con-il-nuovo-logo-e-opuscolo-turistico\/"},"author":{"name":"redazione","@id":"https:\/\/www.bellunopress.it\/#\/schema\/person\/79bb06722b37ece1c03d3e94beb30d73"},"headline":"Farra d\u2019Alpago esordisce con il nuovo logo e opuscolo turistico","datePublished":"2009-07-07T17:29:54+00:00","mainEntityOfPage":{"@id":"https:\/\/www.bellunopress.it\/2009\/07\/07\/farra-d%e2%80%99alpago-esordisce-con-il-nuovo-logo-e-opuscolo-turistico\/"},"wordCount":458,"publisher":{"@id":"https:\/\/www.bellunopress.it\/#organization"},"keywords":["Dolomiti"],"articleSection":["Pausa Caff\u00e8","Societ\u00e0, Associazioni, Istituzioni"],"inLanguage":"fr-FR"},{"@type":"WebPage","@id":"https:\/\/www.bellunopress.it\/2009\/07\/07\/farra-d%e2%80%99alpago-esordisce-con-il-nuovo-logo-e-opuscolo-turistico\/","url":"https:\/\/www.bellunopress.it\/2009\/07\/07\/farra-d%e2%80%99alpago-esordisce-con-il-nuovo-logo-e-opuscolo-turistico\/","name":"Farra d\u2019Alpago esordisce con il nuovo logo e opuscolo turistico - Bellunopress - Dolomiti","isPartOf":{"@id":"https:\/\/www.bellunopress.it\/#website"},"datePublished":"2009-07-07T17:29:54+00:00","breadcrumb":{"@id":"https:\/\/www.bellunopress.it\/2009\/07\/07\/farra-d%e2%80%99alpago-esordisce-con-il-nuovo-logo-e-opuscolo-turistico\/#breadcrumb"},"inLanguage":"fr-FR","potentialAction":[{"@type":"ReadAction","target":["https:\/\/www.bellunopress.it\/2009\/07\/07\/farra-d%e2%80%99alpago-esordisce-con-il-nuovo-logo-e-opuscolo-turistico\/"]}]},{"@type":"BreadcrumbList","@id":"https:\/\/www.bellunopress.it\/2009\/07\/07\/farra-d%e2%80%99alpago-esordisce-con-il-nuovo-logo-e-opuscolo-turistico\/#breadcrumb","itemListElement":[{"@type":"ListItem","position":1,"name":"Home","item":"https:\/\/www.bellunopress.it\/"},{"@type":"ListItem","position":2,"name":"Farra d\u2019Alpago esordisce con il nuovo logo e opuscolo turistico"}]},{"@type":"WebSite","@id":"https:\/\/www.bellunopress.it\/#website","url":"https:\/\/www.bellunopress.it\/","name":"Bellunopress - Dolomiti","description":"e-mail: redazione@bellunopress.it","publisher":{"@id":"https:\/\/www.bellunopress.it\/#organization"},"potentialAction":[{"@type":"SearchAction","target":{"@type":"EntryPoint","urlTemplate":"https:\/\/www.bellunopress.it\/?s={search_term_string}"},"query-input":{"@type":"PropertyValueSpecification","valueRequired":true,"valueName":"search_term_string"}}],"inLanguage":"fr-FR"},{"@type":"Organization","@id":"https:\/\/www.bellunopress.it\/#organization","name":"Bellunopress","url":"https:\/\/www.bellunopress.it\/","logo":{"@type":"ImageObject","inLanguage":"fr-FR","@id":"https:\/\/www.bellunopress.it\/#\/schema\/logo\/image\/","url":"https:\/\/www.bellunopress.it\/wp-content\/uploads\/2011\/05\/cropped-logo-bellunopress-.jpg","contentUrl":"https:\/\/www.bellunopress.it\/wp-content\/uploads\/2011\/05\/cropped-logo-bellunopress-.jpg","width":512,"height":512,"caption":"Bellunopress"},"image":{"@id":"https:\/\/www.bellunopress.it\/#\/schema\/logo\/image\/"},"sameAs":["https:\/\/www.facebook.com\/profile.php?id=100008943462799","https:\/\/x.com\/bellunopress","https:\/\/www.linkedin.com\/hp\/?dnr=JBzUWaJfMUw8vbXJJ2tVW5-I3jZKvC4wsoxE&amp;amp;amp;amp;amp;amp;trk=nav_responsive_tab_home","https:\/\/www.youtube.com\/channel\/UCxL0wu1uN0_3_7hGG0306cw"]},{"@type":"Person","@id":"https:\/\/www.bellunopress.it\/#\/schema\/person\/79bb06722b37ece1c03d3e94beb30d73","name":"r\u00e9daction","image":{"@type":"ImageObject","inLanguage":"fr-FR","@id":"https:\/\/secure.gravatar.com\/avatar\/37d968a2e67a6fd04c169c4bdef102d0bc5d31b2546345219e348575eb80e9a0?s=96&d=mm&r=g","url":"https:\/\/secure.gravatar.com\/avatar\/37d968a2e67a6fd04c169c4bdef102d0bc5d31b2546345219e348575eb80e9a0?s=96&d=mm&r=g","contentUrl":"https:\/\/secure.gravatar.com\/avatar\/37d968a2e67a6fd04c169c4bdef102d0bc5d31b2546345219e348575eb80e9a0?s=96&d=mm&r=g","caption":"redazione"},"sameAs":["http:\/\/www.bellunopress.it","https:\/\/x.com\/bellunopress"],"url":"https:\/\/www.bellunopress.it\/fr\/author\/redazione\/"}]}},"_links":{"self":[{"href":"https:\/\/www.bellunopress.it\/fr\/wp-json\/wp\/v2\/posts\/5701","targetHints":{"allow":["GET"]}}],"collection":[{"href":"https:\/\/www.bellunopress.it\/fr\/wp-json\/wp\/v2\/posts"}],"about":[{"href":"https:\/\/www.bellunopress.it\/fr\/wp-json\/wp\/v2\/types\/post"}],"author":[{"embeddable":true,"href":"https:\/\/www.bellunopress.it\/fr\/wp-json\/wp\/v2\/users\/2"}],"replies":[{"embeddable":true,"href":"https:\/\/www.bellunopress.it\/fr\/wp-json\/wp\/v2\/comments?post=5701"}],"version-history":[{"count":1,"href":"https:\/\/www.bellunopress.it\/fr\/wp-json\/wp\/v2\/posts\/5701\/revisions"}],"predecessor-version":[{"id":5702,"href":"https:\/\/www.bellunopress.it\/fr\/wp-json\/wp\/v2\/posts\/5701\/revisions\/5702"}],"wp:attachment":[{"href":"https:\/\/www.bellunopress.it\/fr\/wp-json\/wp\/v2\/media?parent=5701"}],"wp:term":[{"taxonomy":"category","embeddable":true,"href":"https:\/\/www.bellunopress.it\/fr\/wp-json\/wp\/v2\/categories?post=5701"},{"taxonomy":"post_tag","embeddable":true,"href":"https:\/\/www.bellunopress.it\/fr\/wp-json\/wp\/v2\/tags?post=5701"}],"curies":[{"name":"wp","href":"https:\/\/api.w.org\/{rel}","templated":true}]}}