{"id":5698,"date":"2009-07-07T18:25:08","date_gmt":"2009-07-07T17:25:08","guid":{"rendered":"http:\/\/www.bellunopress.it\/?p=5698"},"modified":"2009-07-07T18:25:08","modified_gmt":"2009-07-07T17:25:08","slug":"influenza-suina-i-consigli-di-federfarma-veneto-per-chi-viaggia","status":"publish","type":"post","link":"https:\/\/www.bellunopress.it\/fr\/2009\/07\/07\/influenza-suina-i-consigli-di-federfarma-veneto-per-chi-viaggia\/","title":{"rendered":"Influenza suina, i consigli di Federfarma Veneto per chi viaggia"},"content":{"rendered":"<figure id=\"attachment_45\" aria-describedby=\"caption-attachment-45\" style=\"width: 199px\" class=\"wp-caption alignleft\"><a href=\"http:\/\/www.bellunopress.it\/wp-content\/uploads\/2009\/01\/grubissa-roberto-2.jpg\"><img loading=\"lazy\" decoding=\"async\" class=\"size-medium wp-image-45\" title=\"Roberto Grubissa presidente di Federfarma Belluno\" src=\"http:\/\/www.bellunopress.it\/wp-content\/uploads\/2009\/01\/grubissa-roberto-2-199x300.jpg\" alt=\"Roberto Grubissa presidente di Federfarma Belluno\" width=\"199\" height=\"300\" \/><\/a><figcaption id=\"caption-attachment-45\" class=\"wp-caption-text\">Roberto Grubissa presidente di Federfarma Belluno<\/figcaption><\/figure>\n<p>Dopo il secondo caso di influenza A\/H1N1 (conosciuta con il nome di Influenza suina) registrato nella nostra regione\u00a0 in pochi giorni, Federfarma Veneto, l&#8217;Unione regionale che rappresenta le oltre 1200 farmacie venete, ricorda alcune precauzioni utili per chi sia rientrato in questi giorni o per chi sia in partenza verso le aree interessate dai focolai della nuova influenza. \u00abLe precauzioni sono molto semplici \u2013 spiega Roberto Grubissa, segretario di Federfarma Veneto &#8211; e non sono molto differenti da quelle che \u00e8 consigliato avere sempre quando si entra in contatto con situazioni a rischio contagio influenzale. L&#8217;influenza H1N1 si manifesta con sintomi del tutto simili a quelli di una normale influenza. Si trasmette anche da persona a persona, attraverso starnuti, contatti diretti o indiretti con le secrezioni respiratorie, che fanno da vettore al virus. Le aree maggiormente interessate dai focolai di influenza suina sono alcune regioni del Messico e degli Stati Uniti. Chiunque abbia viaggiato in questi paesi deve necessariamente tenere sotto controllo il suo stato di salute per almeno sette giorni. Se in questo periodo di tempo si dovessero accusare i classici sintomi influenzali (febbre, mal di gola, tosse secca, mal di testa e malessere generale), \u00e8 necessario rivolgersi prontamente al proprio medico o al farmacista di fiducia, informandolo del recente viaggio\u00bb. Per chi invece sia in procinto di partire per paesi a rischio di contagio, valgono le normali regole di profilassi: \u00abLe misure da adottare \u2013 avverte Grubissa \u2013 sono semplici, ma vanno seguite scrupolosamente. Innanzitutto, se possibile, \u00e8 bene evitare luoghi affollati e manifestazioni di massa, perch\u00e9 in questi casi il rischio di entrare in contatto con persone affette dall&#8217;influenza H1N1 \u00e8 molto pi\u00f9 alto. E&#8217; bene poi lavarsi regolarmente e frequentemente le mani con acqua e sapone. Vanno bene anche, in alternativa, le soluzioni detergenti a base di alcol, come anche le salviettine detergenti. Bisogna poi cercare di evitare di portare le mani a contatto con occhi, naso e bocca, perch\u00e9 il virus influenzale si trasmette attraverso queste mucose. Se capita di starnutire o tossire, \u00e8 fondamentale coprire naso e bocca con un fazzoletto di carta che va poi immediatamente gettato nella spazzatura\u00bb. Al contrario delle immagini mostrate in televisione nei mesi scorsi, l&#8217;uso delle mascherine non \u00e8 raccomandato come misura protettiva, se non in particolari ambiti, come visite a ospedali e strutture sanitarie in cui siano ricoverati pazienti infetti. \u00abE&#8217; doveroso ricordare \u2013 continua Grubissa \u2013 che l&#8217;influenza non si trasmette attraverso il cibo. Anche se i primi casi registrati erano legati ai suini, non c&#8217;\u00e8 alcun rischio di infezione attraverso il consumo di carne suina cotta o di prodotti a base di carne suina. In ultima analisi, inoltre, anche se i tradizionali vaccini antinfluenzali non sono probabilmente efficaci contro questo ceppo, la vaccinazione contro l&#8217;influenza \u00e8 una misura raccomandata in caso di viaggi in aree a rischio, soprattutto per i soggetti particolarmente sensibili al contagio\u00bb. Per ora i casi confermati di contagio dell&#8217;influenza A\/H1N1 in Veneto sono cinque. L&#8217;ultimo \u00e8 stato registrato in provincia di Treviso il 3 luglio scorso. Fino a ora in tutti i casi il decorso della malattia \u00e8 avvenuto in maniera positiva.<\/p>","protected":false},"excerpt":{"rendered":"<p>Dopo il secondo caso di influenza A\/H1N1 (conosciuta con il nome di Influenza suina) registrato nella nostra regione\u00a0 in pochi giorni, Federfarma Veneto, l&#8217;Unione regionale che rappresenta le oltre 1200 farmacie venete, ricorda alcune precauzioni utili per chi sia rientrato in questi giorni o per chi sia in partenza verso le aree interessate dai focolai [&hellip;]<\/p>\n","protected":false},"author":2,"featured_media":0,"comment_status":"closed","ping_status":"open","sticky":false,"template":"","format":"standard","meta":{"footnotes":""},"categories":[26,17],"tags":[3050],"class_list":["post-5698","post","type-post","status-publish","format-standard","category-prima-pagina","category-sanita","tag-sanita"],"yoast_head":"<!-- This site is optimized with the Yoast SEO plugin v28.4 - https:\/\/yoast.com\/product\/yoast-seo-wordpress\/ -->\n<title>Influenza suina, i consigli di Federfarma Veneto per chi viaggia  - Bellunopress - Dolomiti<\/title>\n<meta name=\"robots\" content=\"index, follow, max-snippet:-1, max-image-preview:large, max-video-preview:-1\" \/>\n<link rel=\"canonical\" href=\"https:\/\/www.bellunopress.it\/fr\/2009\/07\/07\/influenza-suina-i-consigli-di-federfarma-veneto-per-chi-viaggia\/\" \/>\n<meta property=\"og:locale\" content=\"fr_FR\" \/>\n<meta property=\"og:type\" content=\"article\" \/>\n<meta property=\"og:title\" content=\"Influenza suina, i consigli di Federfarma Veneto per chi viaggia  - Bellunopress - Dolomiti\" \/>\n<meta property=\"og:description\" content=\"Dopo il secondo caso di influenza A\/H1N1 (conosciuta con il nome di Influenza suina) registrato nella nostra regione\u00a0 in pochi giorni, Federfarma Veneto, l&#8217;Unione regionale che rappresenta le oltre 1200 farmacie venete, ricorda alcune precauzioni utili per chi sia rientrato in questi giorni o per chi sia in partenza verso le aree interessate dai focolai [&hellip;]\" \/>\n<meta property=\"og:url\" content=\"https:\/\/www.bellunopress.it\/fr\/2009\/07\/07\/influenza-suina-i-consigli-di-federfarma-veneto-per-chi-viaggia\/\" \/>\n<meta property=\"og:site_name\" content=\"Bellunopress - Dolomiti\" \/>\n<meta property=\"article:publisher\" content=\"https:\/\/www.facebook.com\/profile.php?id=100008943462799\" \/>\n<meta property=\"article:published_time\" content=\"2009-07-07T17:25:08+00:00\" \/>\n<meta property=\"og:image\" content=\"http:\/\/www.bellunopress.it\/wp-content\/uploads\/2009\/01\/grubissa-roberto-2-199x300.jpg\" \/>\n<meta name=\"author\" content=\"redazione\" \/>\n<meta name=\"twitter:card\" content=\"summary_large_image\" \/>\n<meta name=\"twitter:creator\" content=\"@bellunopress\" \/>\n<meta name=\"twitter:site\" content=\"@bellunopress\" \/>\n<meta name=\"twitter:label1\" content=\"\u00c9crit par\" \/>\n\t<meta name=\"twitter:data1\" content=\"redazione\" \/>\n\t<meta name=\"twitter:label2\" content=\"Dur\u00e9e de lecture estim\u00e9e\" \/>\n\t<meta name=\"twitter:data2\" content=\"3 minutes\" \/>\n<script type=\"application\/ld+json\" class=\"yoast-schema-graph\">{\"@context\":\"https:\\\/\\\/schema.org\",\"@graph\":[{\"@type\":\"Article\",\"@id\":\"https:\\\/\\\/www.bellunopress.it\\\/2009\\\/07\\\/07\\\/influenza-suina-i-consigli-di-federfarma-veneto-per-chi-viaggia\\\/#article\",\"isPartOf\":{\"@id\":\"https:\\\/\\\/www.bellunopress.it\\\/2009\\\/07\\\/07\\\/influenza-suina-i-consigli-di-federfarma-veneto-per-chi-viaggia\\\/\"},\"author\":{\"name\":\"redazione\",\"@id\":\"https:\\\/\\\/www.bellunopress.it\\\/#\\\/schema\\\/person\\\/79bb06722b37ece1c03d3e94beb30d73\"},\"headline\":\"Influenza suina, i consigli di Federfarma Veneto per chi viaggia\",\"datePublished\":\"2009-07-07T17:25:08+00:00\",\"mainEntityOfPage\":{\"@id\":\"https:\\\/\\\/www.bellunopress.it\\\/2009\\\/07\\\/07\\\/influenza-suina-i-consigli-di-federfarma-veneto-per-chi-viaggia\\\/\"},\"wordCount\":543,\"publisher\":{\"@id\":\"https:\\\/\\\/www.bellunopress.it\\\/#organization\"},\"image\":{\"@id\":\"https:\\\/\\\/www.bellunopress.it\\\/2009\\\/07\\\/07\\\/influenza-suina-i-consigli-di-federfarma-veneto-per-chi-viaggia\\\/#primaryimage\"},\"thumbnailUrl\":\"http:\\\/\\\/www.bellunopress.it\\\/wp-content\\\/uploads\\\/2009\\\/01\\\/grubissa-roberto-2-199x300.jpg\",\"keywords\":[\"Sanit\u00e0\"],\"articleSection\":[\"Prima Pagina\",\"Sanit\u00e0 Medicina\"],\"inLanguage\":\"fr-FR\"},{\"@type\":\"WebPage\",\"@id\":\"https:\\\/\\\/www.bellunopress.it\\\/2009\\\/07\\\/07\\\/influenza-suina-i-consigli-di-federfarma-veneto-per-chi-viaggia\\\/\",\"url\":\"https:\\\/\\\/www.bellunopress.it\\\/2009\\\/07\\\/07\\\/influenza-suina-i-consigli-di-federfarma-veneto-per-chi-viaggia\\\/\",\"name\":\"Influenza suina, i consigli di Federfarma Veneto per chi viaggia - Bellunopress - Dolomiti\",\"isPartOf\":{\"@id\":\"https:\\\/\\\/www.bellunopress.it\\\/#website\"},\"primaryImageOfPage\":{\"@id\":\"https:\\\/\\\/www.bellunopress.it\\\/2009\\\/07\\\/07\\\/influenza-suina-i-consigli-di-federfarma-veneto-per-chi-viaggia\\\/#primaryimage\"},\"image\":{\"@id\":\"https:\\\/\\\/www.bellunopress.it\\\/2009\\\/07\\\/07\\\/influenza-suina-i-consigli-di-federfarma-veneto-per-chi-viaggia\\\/#primaryimage\"},\"thumbnailUrl\":\"http:\\\/\\\/www.bellunopress.it\\\/wp-content\\\/uploads\\\/2009\\\/01\\\/grubissa-roberto-2-199x300.jpg\",\"datePublished\":\"2009-07-07T17:25:08+00:00\",\"breadcrumb\":{\"@id\":\"https:\\\/\\\/www.bellunopress.it\\\/2009\\\/07\\\/07\\\/influenza-suina-i-consigli-di-federfarma-veneto-per-chi-viaggia\\\/#breadcrumb\"},\"inLanguage\":\"fr-FR\",\"potentialAction\":[{\"@type\":\"ReadAction\",\"target\":[\"https:\\\/\\\/www.bellunopress.it\\\/2009\\\/07\\\/07\\\/influenza-suina-i-consigli-di-federfarma-veneto-per-chi-viaggia\\\/\"]}]},{\"@type\":\"ImageObject\",\"inLanguage\":\"fr-FR\",\"@id\":\"https:\\\/\\\/www.bellunopress.it\\\/2009\\\/07\\\/07\\\/influenza-suina-i-consigli-di-federfarma-veneto-per-chi-viaggia\\\/#primaryimage\",\"url\":\"http:\\\/\\\/www.bellunopress.it\\\/wp-content\\\/uploads\\\/2009\\\/01\\\/grubissa-roberto-2-199x300.jpg\",\"contentUrl\":\"http:\\\/\\\/www.bellunopress.it\\\/wp-content\\\/uploads\\\/2009\\\/01\\\/grubissa-roberto-2-199x300.jpg\"},{\"@type\":\"BreadcrumbList\",\"@id\":\"https:\\\/\\\/www.bellunopress.it\\\/2009\\\/07\\\/07\\\/influenza-suina-i-consigli-di-federfarma-veneto-per-chi-viaggia\\\/#breadcrumb\",\"itemListElement\":[{\"@type\":\"ListItem\",\"position\":1,\"name\":\"Home\",\"item\":\"https:\\\/\\\/www.bellunopress.it\\\/\"},{\"@type\":\"ListItem\",\"position\":2,\"name\":\"Influenza suina, i consigli di Federfarma Veneto per chi viaggia\"}]},{\"@type\":\"WebSite\",\"@id\":\"https:\\\/\\\/www.bellunopress.it\\\/#website\",\"url\":\"https:\\\/\\\/www.bellunopress.it\\\/\",\"name\":\"Bellunopress - Dolomiti\",\"description\":\"e-mail: redazione@bellunopress.it\",\"publisher\":{\"@id\":\"https:\\\/\\\/www.bellunopress.it\\\/#organization\"},\"potentialAction\":[{\"@type\":\"SearchAction\",\"target\":{\"@type\":\"EntryPoint\",\"urlTemplate\":\"https:\\\/\\\/www.bellunopress.it\\\/?s={search_term_string}\"},\"query-input\":{\"@type\":\"PropertyValueSpecification\",\"valueRequired\":true,\"valueName\":\"search_term_string\"}}],\"inLanguage\":\"fr-FR\"},{\"@type\":\"Organization\",\"@id\":\"https:\\\/\\\/www.bellunopress.it\\\/#organization\",\"name\":\"Bellunopress\",\"url\":\"https:\\\/\\\/www.bellunopress.it\\\/\",\"logo\":{\"@type\":\"ImageObject\",\"inLanguage\":\"fr-FR\",\"@id\":\"https:\\\/\\\/www.bellunopress.it\\\/#\\\/schema\\\/logo\\\/image\\\/\",\"url\":\"https:\\\/\\\/www.bellunopress.it\\\/wp-content\\\/uploads\\\/2011\\\/05\\\/cropped-logo-bellunopress-.jpg\",\"contentUrl\":\"https:\\\/\\\/www.bellunopress.it\\\/wp-content\\\/uploads\\\/2011\\\/05\\\/cropped-logo-bellunopress-.jpg\",\"width\":512,\"height\":512,\"caption\":\"Bellunopress\"},\"image\":{\"@id\":\"https:\\\/\\\/www.bellunopress.it\\\/#\\\/schema\\\/logo\\\/image\\\/\"},\"sameAs\":[\"https:\\\/\\\/www.facebook.com\\\/profile.php?id=100008943462799\",\"https:\\\/\\\/x.com\\\/bellunopress\",\"https:\\\/\\\/www.linkedin.com\\\/hp\\\/?dnr=JBzUWaJfMUw8vbXJJ2tVW5-I3jZKvC4wsoxE&amp;amp;amp;amp;amp;amp;trk=nav_responsive_tab_home\",\"https:\\\/\\\/www.youtube.com\\\/channel\\\/UCxL0wu1uN0_3_7hGG0306cw\"]},{\"@type\":\"Person\",\"@id\":\"https:\\\/\\\/www.bellunopress.it\\\/#\\\/schema\\\/person\\\/79bb06722b37ece1c03d3e94beb30d73\",\"name\":\"redazione\",\"image\":{\"@type\":\"ImageObject\",\"inLanguage\":\"fr-FR\",\"@id\":\"https:\\\/\\\/secure.gravatar.com\\\/avatar\\\/37d968a2e67a6fd04c169c4bdef102d0bc5d31b2546345219e348575eb80e9a0?s=96&d=mm&r=g\",\"url\":\"https:\\\/\\\/secure.gravatar.com\\\/avatar\\\/37d968a2e67a6fd04c169c4bdef102d0bc5d31b2546345219e348575eb80e9a0?s=96&d=mm&r=g\",\"contentUrl\":\"https:\\\/\\\/secure.gravatar.com\\\/avatar\\\/37d968a2e67a6fd04c169c4bdef102d0bc5d31b2546345219e348575eb80e9a0?s=96&d=mm&r=g\",\"caption\":\"redazione\"},\"sameAs\":[\"http:\\\/\\\/www.bellunopress.it\",\"https:\\\/\\\/x.com\\\/bellunopress\"],\"url\":\"https:\\\/\\\/www.bellunopress.it\\\/fr\\\/author\\\/redazione\\\/\"}]}<\/script>\n<!-- \/ Yoast SEO plugin. -->","yoast_head_json":{"title":"Influenza suina, i consigli di Federfarma Veneto per chi viaggia  - Bellunopress - Dolomiti","robots":{"index":"index","follow":"follow","max-snippet":"max-snippet:-1","max-image-preview":"max-image-preview:large","max-video-preview":"max-video-preview:-1"},"canonical":"https:\/\/www.bellunopress.it\/fr\/2009\/07\/07\/influenza-suina-i-consigli-di-federfarma-veneto-per-chi-viaggia\/","og_locale":"fr_FR","og_type":"article","og_title":"Influenza suina, i consigli di Federfarma Veneto per chi viaggia  - Bellunopress - Dolomiti","og_description":"Dopo il secondo caso di influenza A\/H1N1 (conosciuta con il nome di Influenza suina) registrato nella nostra regione\u00a0 in pochi giorni, Federfarma Veneto, l&#8217;Unione regionale che rappresenta le oltre 1200 farmacie venete, ricorda alcune precauzioni utili per chi sia rientrato in questi giorni o per chi sia in partenza verso le aree interessate dai focolai [&hellip;]","og_url":"https:\/\/www.bellunopress.it\/fr\/2009\/07\/07\/influenza-suina-i-consigli-di-federfarma-veneto-per-chi-viaggia\/","og_site_name":"Bellunopress - Dolomiti","article_publisher":"https:\/\/www.facebook.com\/profile.php?id=100008943462799","article_published_time":"2009-07-07T17:25:08+00:00","og_image":[{"url":"http:\/\/www.bellunopress.it\/wp-content\/uploads\/2009\/01\/grubissa-roberto-2-199x300.jpg","type":"","width":"","height":""}],"author":"redazione","twitter_card":"summary_large_image","twitter_creator":"@bellunopress","twitter_site":"@bellunopress","twitter_misc":{"\u00c9crit par":"redazione","Dur\u00e9e de lecture estim\u00e9e":"3 minutes"},"schema":{"@context":"https:\/\/schema.org","@graph":[{"@type":"Article","@id":"https:\/\/www.bellunopress.it\/2009\/07\/07\/influenza-suina-i-consigli-di-federfarma-veneto-per-chi-viaggia\/#article","isPartOf":{"@id":"https:\/\/www.bellunopress.it\/2009\/07\/07\/influenza-suina-i-consigli-di-federfarma-veneto-per-chi-viaggia\/"},"author":{"name":"redazione","@id":"https:\/\/www.bellunopress.it\/#\/schema\/person\/79bb06722b37ece1c03d3e94beb30d73"},"headline":"Influenza suina, i consigli di Federfarma Veneto per chi viaggia","datePublished":"2009-07-07T17:25:08+00:00","mainEntityOfPage":{"@id":"https:\/\/www.bellunopress.it\/2009\/07\/07\/influenza-suina-i-consigli-di-federfarma-veneto-per-chi-viaggia\/"},"wordCount":543,"publisher":{"@id":"https:\/\/www.bellunopress.it\/#organization"},"image":{"@id":"https:\/\/www.bellunopress.it\/2009\/07\/07\/influenza-suina-i-consigli-di-federfarma-veneto-per-chi-viaggia\/#primaryimage"},"thumbnailUrl":"http:\/\/www.bellunopress.it\/wp-content\/uploads\/2009\/01\/grubissa-roberto-2-199x300.jpg","keywords":["Sanit\u00e0"],"articleSection":["Prima Pagina","Sanit\u00e0 Medicina"],"inLanguage":"fr-FR"},{"@type":"WebPage","@id":"https:\/\/www.bellunopress.it\/2009\/07\/07\/influenza-suina-i-consigli-di-federfarma-veneto-per-chi-viaggia\/","url":"https:\/\/www.bellunopress.it\/2009\/07\/07\/influenza-suina-i-consigli-di-federfarma-veneto-per-chi-viaggia\/","name":"Influenza suina, i consigli di Federfarma Veneto per chi viaggia - Bellunopress - Dolomiti","isPartOf":{"@id":"https:\/\/www.bellunopress.it\/#website"},"primaryImageOfPage":{"@id":"https:\/\/www.bellunopress.it\/2009\/07\/07\/influenza-suina-i-consigli-di-federfarma-veneto-per-chi-viaggia\/#primaryimage"},"image":{"@id":"https:\/\/www.bellunopress.it\/2009\/07\/07\/influenza-suina-i-consigli-di-federfarma-veneto-per-chi-viaggia\/#primaryimage"},"thumbnailUrl":"http:\/\/www.bellunopress.it\/wp-content\/uploads\/2009\/01\/grubissa-roberto-2-199x300.jpg","datePublished":"2009-07-07T17:25:08+00:00","breadcrumb":{"@id":"https:\/\/www.bellunopress.it\/2009\/07\/07\/influenza-suina-i-consigli-di-federfarma-veneto-per-chi-viaggia\/#breadcrumb"},"inLanguage":"fr-FR","potentialAction":[{"@type":"ReadAction","target":["https:\/\/www.bellunopress.it\/2009\/07\/07\/influenza-suina-i-consigli-di-federfarma-veneto-per-chi-viaggia\/"]}]},{"@type":"ImageObject","inLanguage":"fr-FR","@id":"https:\/\/www.bellunopress.it\/2009\/07\/07\/influenza-suina-i-consigli-di-federfarma-veneto-per-chi-viaggia\/#primaryimage","url":"http:\/\/www.bellunopress.it\/wp-content\/uploads\/2009\/01\/grubissa-roberto-2-199x300.jpg","contentUrl":"http:\/\/www.bellunopress.it\/wp-content\/uploads\/2009\/01\/grubissa-roberto-2-199x300.jpg"},{"@type":"BreadcrumbList","@id":"https:\/\/www.bellunopress.it\/2009\/07\/07\/influenza-suina-i-consigli-di-federfarma-veneto-per-chi-viaggia\/#breadcrumb","itemListElement":[{"@type":"ListItem","position":1,"name":"Home","item":"https:\/\/www.bellunopress.it\/"},{"@type":"ListItem","position":2,"name":"Influenza suina, i consigli di Federfarma Veneto per chi viaggia"}]},{"@type":"WebSite","@id":"https:\/\/www.bellunopress.it\/#website","url":"https:\/\/www.bellunopress.it\/","name":"Bellunopress - Dolomiti","description":"e-mail: redazione@bellunopress.it","publisher":{"@id":"https:\/\/www.bellunopress.it\/#organization"},"potentialAction":[{"@type":"SearchAction","target":{"@type":"EntryPoint","urlTemplate":"https:\/\/www.bellunopress.it\/?s={search_term_string}"},"query-input":{"@type":"PropertyValueSpecification","valueRequired":true,"valueName":"search_term_string"}}],"inLanguage":"fr-FR"},{"@type":"Organization","@id":"https:\/\/www.bellunopress.it\/#organization","name":"Bellunopress","url":"https:\/\/www.bellunopress.it\/","logo":{"@type":"ImageObject","inLanguage":"fr-FR","@id":"https:\/\/www.bellunopress.it\/#\/schema\/logo\/image\/","url":"https:\/\/www.bellunopress.it\/wp-content\/uploads\/2011\/05\/cropped-logo-bellunopress-.jpg","contentUrl":"https:\/\/www.bellunopress.it\/wp-content\/uploads\/2011\/05\/cropped-logo-bellunopress-.jpg","width":512,"height":512,"caption":"Bellunopress"},"image":{"@id":"https:\/\/www.bellunopress.it\/#\/schema\/logo\/image\/"},"sameAs":["https:\/\/www.facebook.com\/profile.php?id=100008943462799","https:\/\/x.com\/bellunopress","https:\/\/www.linkedin.com\/hp\/?dnr=JBzUWaJfMUw8vbXJJ2tVW5-I3jZKvC4wsoxE&amp;amp;amp;amp;amp;amp;trk=nav_responsive_tab_home","https:\/\/www.youtube.com\/channel\/UCxL0wu1uN0_3_7hGG0306cw"]},{"@type":"Person","@id":"https:\/\/www.bellunopress.it\/#\/schema\/person\/79bb06722b37ece1c03d3e94beb30d73","name":"r\u00e9daction","image":{"@type":"ImageObject","inLanguage":"fr-FR","@id":"https:\/\/secure.gravatar.com\/avatar\/37d968a2e67a6fd04c169c4bdef102d0bc5d31b2546345219e348575eb80e9a0?s=96&d=mm&r=g","url":"https:\/\/secure.gravatar.com\/avatar\/37d968a2e67a6fd04c169c4bdef102d0bc5d31b2546345219e348575eb80e9a0?s=96&d=mm&r=g","contentUrl":"https:\/\/secure.gravatar.com\/avatar\/37d968a2e67a6fd04c169c4bdef102d0bc5d31b2546345219e348575eb80e9a0?s=96&d=mm&r=g","caption":"redazione"},"sameAs":["http:\/\/www.bellunopress.it","https:\/\/x.com\/bellunopress"],"url":"https:\/\/www.bellunopress.it\/fr\/author\/redazione\/"}]}},"_links":{"self":[{"href":"https:\/\/www.bellunopress.it\/fr\/wp-json\/wp\/v2\/posts\/5698","targetHints":{"allow":["GET"]}}],"collection":[{"href":"https:\/\/www.bellunopress.it\/fr\/wp-json\/wp\/v2\/posts"}],"about":[{"href":"https:\/\/www.bellunopress.it\/fr\/wp-json\/wp\/v2\/types\/post"}],"author":[{"embeddable":true,"href":"https:\/\/www.bellunopress.it\/fr\/wp-json\/wp\/v2\/users\/2"}],"replies":[{"embeddable":true,"href":"https:\/\/www.bellunopress.it\/fr\/wp-json\/wp\/v2\/comments?post=5698"}],"version-history":[{"count":1,"href":"https:\/\/www.bellunopress.it\/fr\/wp-json\/wp\/v2\/posts\/5698\/revisions"}],"predecessor-version":[{"id":5700,"href":"https:\/\/www.bellunopress.it\/fr\/wp-json\/wp\/v2\/posts\/5698\/revisions\/5700"}],"wp:attachment":[{"href":"https:\/\/www.bellunopress.it\/fr\/wp-json\/wp\/v2\/media?parent=5698"}],"wp:term":[{"taxonomy":"category","embeddable":true,"href":"https:\/\/www.bellunopress.it\/fr\/wp-json\/wp\/v2\/categories?post=5698"},{"taxonomy":"post_tag","embeddable":true,"href":"https:\/\/www.bellunopress.it\/fr\/wp-json\/wp\/v2\/tags?post=5698"}],"curies":[{"name":"wp","href":"https:\/\/api.w.org\/{rel}","templated":true}]}}