{"id":5696,"date":"2009-07-07T18:15:22","date_gmt":"2009-07-07T17:15:22","guid":{"rendered":"http:\/\/www.bellunopress.it\/?p=5696"},"modified":"2009-07-07T18:15:22","modified_gmt":"2009-07-07T17:15:22","slug":"pietro-piller-cottrer-ai-giovedi-di-sera-per-la-promozione-skipass-nevegal","status":"publish","type":"post","link":"https:\/\/www.bellunopress.it\/fr\/2009\/07\/07\/pietro-piller-cottrer-ai-giovedi-di-sera-per-la-promozione-skipass-nevegal\/","title":{"rendered":"Pietro Piller Cottrer ai Gioved\u00ec di Sera per la promozione skipass Nevegal"},"content":{"rendered":"<p>Continua la promozione degli Skipass stagionali per l\u2019Alpe del Nevegal. Uno stand sar\u00e0 presente in Piazza dei Martiri nelle serate di gioved\u00ec 9 e 16 luglio, in occasione dell\u2019evento serale Gioved\u00ec di Sera. Ospite d\u2019eccezione Pietro Piller Cottrer, il vincitore della Coppa del Mondo di sci di fondo nella specialit\u00e0 distance. Serate imperdibili per gli amanti dello sci che avranno cos\u00ec l\u2019occasione di acquistare gli skipass ad un prezzo agevolato, con un risparmio fino a 65 euro per la categoria Adulti. Oltre al risparmio, la possibilit\u00e0 di conoscere uno dei pi\u00f9 importanti rappresentanti della disciplina dello sci di fondo e testimonial, gi\u00e0 da anni, del Nevegal: Pietro Piller Cottrer. Il campione si intratterr\u00e0 per tutto l\u2019arco delle serate allo stand della Nuovi Impianti Sportivi, sito in Piazza dei Martiri e pi\u00f9 precisamente di fronte al Caff\u00e8 Goppion, consegnando a chi lo acquister\u00e0 lo skipass autografato. Un ulteriore incentivo per coloro che approfitteranno di queste serate di promozione sar\u00e0 la consegna di una maglietta dedicata al Nevegal e a Pietro Piller Cottrer, con la firma del campione. Che potr\u00e0 essere ritirata alla Piscina di Belluno nei periodi segnalati durante le serate di Gioved\u00ec di Sera, consegnando la ricevuta di acquisto dello skipass.<br \/>\nPer informazioni:<br \/>\nPiscina di Belluno\u00a0\u00a0\u00a0\u00a0\u00a0\u00a0\u00a0\u00a0\u00a0\u00a0\u00a0\u00a0\u00a0\u00a0\u00a0\u00a0\u00a0\u00a0\u00a0\u00a0\u00a0\u00a0\u00a0\u00a0\u00a0\u00a0\u00a0\u00a0\u00a0\u00a0\u00a0<br \/>\nTel.0437 940488 \u2013 Fax: 0437 910493<br \/>\n<a href=\"http:\/\/www.piscinadibelluno.it\">www.piscinadibelluno.it<\/a> \u2013 <a href=\"mailto:info@nisbl.it\">info@nisbl.it<\/a>\u00a0\u00a0\u00a0\u00a0<br \/>\nUfficio Skipass Nevegal<br \/>\nTel.0437 907106 \u2013 Fax 0437 908330<br \/>\n<a href=\"http:\/\/www.alpedelnevegal.it\">www.alpedelnevegal.it<\/a> \u2013 <a href=\"mailto:info@alpedelnevegal.it\">info@alpedelnevegal.it<\/a><\/p>","protected":false},"excerpt":{"rendered":"<p>Continua la promozione degli Skipass stagionali per l\u2019Alpe del Nevegal. Uno stand sar\u00e0 presente in Piazza dei Martiri nelle serate di gioved\u00ec 9 e 16 luglio, in occasione dell\u2019evento serale Gioved\u00ec di Sera. Ospite d\u2019eccezione Pietro Piller Cottrer, il vincitore della Coppa del Mondo di sci di fondo nella specialit\u00e0 distance. Serate imperdibili per gli [&hellip;]<\/p>\n","protected":false},"author":2,"featured_media":0,"comment_status":"closed","ping_status":"open","sticky":false,"template":"","format":"standard","meta":{"footnotes":""},"categories":[25,4],"tags":[139],"class_list":["post-5696","post","type-post","status-publish","format-standard","category-pausa-caffe","category-sport","tag-belluno"],"yoast_head":"<!-- This site is optimized with the Yoast SEO plugin v28.4 - https:\/\/yoast.com\/product\/yoast-seo-wordpress\/ -->\n<title>Pietro Piller Cottrer ai Gioved\u00ec di Sera per la promozione skipass Nevegal  - Bellunopress - Dolomiti<\/title>\n<meta name=\"robots\" content=\"index, follow, max-snippet:-1, max-image-preview:large, max-video-preview:-1\" \/>\n<link rel=\"canonical\" href=\"https:\/\/www.bellunopress.it\/fr\/2009\/07\/07\/pietro-piller-cottrer-ai-giovedi-di-sera-per-la-promozione-skipass-nevegal\/\" \/>\n<meta property=\"og:locale\" content=\"fr_FR\" \/>\n<meta property=\"og:type\" content=\"article\" \/>\n<meta property=\"og:title\" content=\"Pietro Piller Cottrer ai Gioved\u00ec di Sera per la promozione skipass Nevegal  - Bellunopress - Dolomiti\" \/>\n<meta property=\"og:description\" content=\"Continua la promozione degli Skipass stagionali per l\u2019Alpe del Nevegal. Uno stand sar\u00e0 presente in Piazza dei Martiri nelle serate di gioved\u00ec 9 e 16 luglio, in occasione dell\u2019evento serale Gioved\u00ec di Sera. Ospite d\u2019eccezione Pietro Piller Cottrer, il vincitore della Coppa del Mondo di sci di fondo nella specialit\u00e0 distance. Serate imperdibili per gli [&hellip;]\" \/>\n<meta property=\"og:url\" content=\"https:\/\/www.bellunopress.it\/fr\/2009\/07\/07\/pietro-piller-cottrer-ai-giovedi-di-sera-per-la-promozione-skipass-nevegal\/\" \/>\n<meta property=\"og:site_name\" content=\"Bellunopress - Dolomiti\" \/>\n<meta property=\"article:publisher\" content=\"https:\/\/www.facebook.com\/profile.php?id=100008943462799\" \/>\n<meta property=\"article:published_time\" content=\"2009-07-07T17:15:22+00:00\" \/>\n<meta property=\"og:image\" content=\"http:\/\/www.bellunopress.it\/wp-content\/uploads\/2012\/07\/logo-bellunopress-250x250-2012.jpg\" \/>\n<meta name=\"author\" content=\"redazione\" \/>\n<meta name=\"twitter:card\" content=\"summary_large_image\" \/>\n<meta name=\"twitter:creator\" content=\"@bellunopress\" \/>\n<meta name=\"twitter:site\" content=\"@bellunopress\" \/>\n<meta name=\"twitter:label1\" content=\"\u00c9crit par\" \/>\n\t<meta name=\"twitter:data1\" content=\"redazione\" \/>\n\t<meta name=\"twitter:label2\" content=\"Dur\u00e9e de lecture estim\u00e9e\" \/>\n\t<meta name=\"twitter:data2\" content=\"1 minute\" \/>\n<script type=\"application\/ld+json\" class=\"yoast-schema-graph\">{\"@context\":\"https:\\\/\\\/schema.org\",\"@graph\":[{\"@type\":\"Article\",\"@id\":\"https:\\\/\\\/www.bellunopress.it\\\/2009\\\/07\\\/07\\\/pietro-piller-cottrer-ai-giovedi-di-sera-per-la-promozione-skipass-nevegal\\\/#article\",\"isPartOf\":{\"@id\":\"https:\\\/\\\/www.bellunopress.it\\\/2009\\\/07\\\/07\\\/pietro-piller-cottrer-ai-giovedi-di-sera-per-la-promozione-skipass-nevegal\\\/\"},\"author\":{\"name\":\"redazione\",\"@id\":\"https:\\\/\\\/www.bellunopress.it\\\/#\\\/schema\\\/person\\\/79bb06722b37ece1c03d3e94beb30d73\"},\"headline\":\"Pietro Piller Cottrer ai Gioved\u00ec di Sera per la promozione skipass Nevegal\",\"datePublished\":\"2009-07-07T17:15:22+00:00\",\"mainEntityOfPage\":{\"@id\":\"https:\\\/\\\/www.bellunopress.it\\\/2009\\\/07\\\/07\\\/pietro-piller-cottrer-ai-giovedi-di-sera-per-la-promozione-skipass-nevegal\\\/\"},\"wordCount\":239,\"publisher\":{\"@id\":\"https:\\\/\\\/www.bellunopress.it\\\/#organization\"},\"keywords\":[\"Belluno\"],\"articleSection\":[\"Pausa Caff\u00e8\",\"Sport, tempo libero\"],\"inLanguage\":\"fr-FR\"},{\"@type\":\"WebPage\",\"@id\":\"https:\\\/\\\/www.bellunopress.it\\\/2009\\\/07\\\/07\\\/pietro-piller-cottrer-ai-giovedi-di-sera-per-la-promozione-skipass-nevegal\\\/\",\"url\":\"https:\\\/\\\/www.bellunopress.it\\\/2009\\\/07\\\/07\\\/pietro-piller-cottrer-ai-giovedi-di-sera-per-la-promozione-skipass-nevegal\\\/\",\"name\":\"Pietro Piller Cottrer ai Gioved\u00ec di Sera per la promozione skipass Nevegal - Bellunopress - Dolomiti\",\"isPartOf\":{\"@id\":\"https:\\\/\\\/www.bellunopress.it\\\/#website\"},\"datePublished\":\"2009-07-07T17:15:22+00:00\",\"breadcrumb\":{\"@id\":\"https:\\\/\\\/www.bellunopress.it\\\/2009\\\/07\\\/07\\\/pietro-piller-cottrer-ai-giovedi-di-sera-per-la-promozione-skipass-nevegal\\\/#breadcrumb\"},\"inLanguage\":\"fr-FR\",\"potentialAction\":[{\"@type\":\"ReadAction\",\"target\":[\"https:\\\/\\\/www.bellunopress.it\\\/2009\\\/07\\\/07\\\/pietro-piller-cottrer-ai-giovedi-di-sera-per-la-promozione-skipass-nevegal\\\/\"]}]},{\"@type\":\"BreadcrumbList\",\"@id\":\"https:\\\/\\\/www.bellunopress.it\\\/2009\\\/07\\\/07\\\/pietro-piller-cottrer-ai-giovedi-di-sera-per-la-promozione-skipass-nevegal\\\/#breadcrumb\",\"itemListElement\":[{\"@type\":\"ListItem\",\"position\":1,\"name\":\"Home\",\"item\":\"https:\\\/\\\/www.bellunopress.it\\\/\"},{\"@type\":\"ListItem\",\"position\":2,\"name\":\"Pietro Piller Cottrer ai Gioved\u00ec di Sera per la promozione skipass Nevegal\"}]},{\"@type\":\"WebSite\",\"@id\":\"https:\\\/\\\/www.bellunopress.it\\\/#website\",\"url\":\"https:\\\/\\\/www.bellunopress.it\\\/\",\"name\":\"Bellunopress - Dolomiti\",\"description\":\"e-mail: redazione@bellunopress.it\",\"publisher\":{\"@id\":\"https:\\\/\\\/www.bellunopress.it\\\/#organization\"},\"potentialAction\":[{\"@type\":\"SearchAction\",\"target\":{\"@type\":\"EntryPoint\",\"urlTemplate\":\"https:\\\/\\\/www.bellunopress.it\\\/?s={search_term_string}\"},\"query-input\":{\"@type\":\"PropertyValueSpecification\",\"valueRequired\":true,\"valueName\":\"search_term_string\"}}],\"inLanguage\":\"fr-FR\"},{\"@type\":\"Organization\",\"@id\":\"https:\\\/\\\/www.bellunopress.it\\\/#organization\",\"name\":\"Bellunopress\",\"url\":\"https:\\\/\\\/www.bellunopress.it\\\/\",\"logo\":{\"@type\":\"ImageObject\",\"inLanguage\":\"fr-FR\",\"@id\":\"https:\\\/\\\/www.bellunopress.it\\\/#\\\/schema\\\/logo\\\/image\\\/\",\"url\":\"https:\\\/\\\/www.bellunopress.it\\\/wp-content\\\/uploads\\\/2011\\\/05\\\/cropped-logo-bellunopress-.jpg\",\"contentUrl\":\"https:\\\/\\\/www.bellunopress.it\\\/wp-content\\\/uploads\\\/2011\\\/05\\\/cropped-logo-bellunopress-.jpg\",\"width\":512,\"height\":512,\"caption\":\"Bellunopress\"},\"image\":{\"@id\":\"https:\\\/\\\/www.bellunopress.it\\\/#\\\/schema\\\/logo\\\/image\\\/\"},\"sameAs\":[\"https:\\\/\\\/www.facebook.com\\\/profile.php?id=100008943462799\",\"https:\\\/\\\/x.com\\\/bellunopress\",\"https:\\\/\\\/www.linkedin.com\\\/hp\\\/?dnr=JBzUWaJfMUw8vbXJJ2tVW5-I3jZKvC4wsoxE&amp;amp;amp;amp;amp;amp;trk=nav_responsive_tab_home\",\"https:\\\/\\\/www.youtube.com\\\/channel\\\/UCxL0wu1uN0_3_7hGG0306cw\"]},{\"@type\":\"Person\",\"@id\":\"https:\\\/\\\/www.bellunopress.it\\\/#\\\/schema\\\/person\\\/79bb06722b37ece1c03d3e94beb30d73\",\"name\":\"redazione\",\"image\":{\"@type\":\"ImageObject\",\"inLanguage\":\"fr-FR\",\"@id\":\"https:\\\/\\\/secure.gravatar.com\\\/avatar\\\/37d968a2e67a6fd04c169c4bdef102d0bc5d31b2546345219e348575eb80e9a0?s=96&d=mm&r=g\",\"url\":\"https:\\\/\\\/secure.gravatar.com\\\/avatar\\\/37d968a2e67a6fd04c169c4bdef102d0bc5d31b2546345219e348575eb80e9a0?s=96&d=mm&r=g\",\"contentUrl\":\"https:\\\/\\\/secure.gravatar.com\\\/avatar\\\/37d968a2e67a6fd04c169c4bdef102d0bc5d31b2546345219e348575eb80e9a0?s=96&d=mm&r=g\",\"caption\":\"redazione\"},\"sameAs\":[\"http:\\\/\\\/www.bellunopress.it\",\"https:\\\/\\\/x.com\\\/bellunopress\"],\"url\":\"https:\\\/\\\/www.bellunopress.it\\\/fr\\\/author\\\/redazione\\\/\"}]}<\/script>\n<!-- \/ Yoast SEO plugin. -->","yoast_head_json":{"title":"Pietro Piller Cottrer ai Gioved\u00ec di Sera per la promozione skipass Nevegal  - Bellunopress - Dolomiti","robots":{"index":"index","follow":"follow","max-snippet":"max-snippet:-1","max-image-preview":"max-image-preview:large","max-video-preview":"max-video-preview:-1"},"canonical":"https:\/\/www.bellunopress.it\/fr\/2009\/07\/07\/pietro-piller-cottrer-ai-giovedi-di-sera-per-la-promozione-skipass-nevegal\/","og_locale":"fr_FR","og_type":"article","og_title":"Pietro Piller Cottrer ai Gioved\u00ec di Sera per la promozione skipass Nevegal  - Bellunopress - Dolomiti","og_description":"Continua la promozione degli Skipass stagionali per l\u2019Alpe del Nevegal. Uno stand sar\u00e0 presente in Piazza dei Martiri nelle serate di gioved\u00ec 9 e 16 luglio, in occasione dell\u2019evento serale Gioved\u00ec di Sera. Ospite d\u2019eccezione Pietro Piller Cottrer, il vincitore della Coppa del Mondo di sci di fondo nella specialit\u00e0 distance. Serate imperdibili per gli [&hellip;]","og_url":"https:\/\/www.bellunopress.it\/fr\/2009\/07\/07\/pietro-piller-cottrer-ai-giovedi-di-sera-per-la-promozione-skipass-nevegal\/","og_site_name":"Bellunopress - Dolomiti","article_publisher":"https:\/\/www.facebook.com\/profile.php?id=100008943462799","article_published_time":"2009-07-07T17:15:22+00:00","og_image":[{"url":"http:\/\/www.bellunopress.it\/wp-content\/uploads\/2012\/07\/logo-bellunopress-250x250-2012.jpg","type":"","width":"","height":""}],"author":"redazione","twitter_card":"summary_large_image","twitter_creator":"@bellunopress","twitter_site":"@bellunopress","twitter_misc":{"\u00c9crit par":"redazione","Dur\u00e9e de lecture estim\u00e9e":"1 minute"},"schema":{"@context":"https:\/\/schema.org","@graph":[{"@type":"Article","@id":"https:\/\/www.bellunopress.it\/2009\/07\/07\/pietro-piller-cottrer-ai-giovedi-di-sera-per-la-promozione-skipass-nevegal\/#article","isPartOf":{"@id":"https:\/\/www.bellunopress.it\/2009\/07\/07\/pietro-piller-cottrer-ai-giovedi-di-sera-per-la-promozione-skipass-nevegal\/"},"author":{"name":"redazione","@id":"https:\/\/www.bellunopress.it\/#\/schema\/person\/79bb06722b37ece1c03d3e94beb30d73"},"headline":"Pietro Piller Cottrer ai Gioved\u00ec di Sera per la promozione skipass Nevegal","datePublished":"2009-07-07T17:15:22+00:00","mainEntityOfPage":{"@id":"https:\/\/www.bellunopress.it\/2009\/07\/07\/pietro-piller-cottrer-ai-giovedi-di-sera-per-la-promozione-skipass-nevegal\/"},"wordCount":239,"publisher":{"@id":"https:\/\/www.bellunopress.it\/#organization"},"keywords":["Belluno"],"articleSection":["Pausa Caff\u00e8","Sport, tempo libero"],"inLanguage":"fr-FR"},{"@type":"WebPage","@id":"https:\/\/www.bellunopress.it\/2009\/07\/07\/pietro-piller-cottrer-ai-giovedi-di-sera-per-la-promozione-skipass-nevegal\/","url":"https:\/\/www.bellunopress.it\/2009\/07\/07\/pietro-piller-cottrer-ai-giovedi-di-sera-per-la-promozione-skipass-nevegal\/","name":"Pietro Piller Cottrer ai Gioved\u00ec di Sera per la promozione skipass Nevegal - Bellunopress - Dolomiti","isPartOf":{"@id":"https:\/\/www.bellunopress.it\/#website"},"datePublished":"2009-07-07T17:15:22+00:00","breadcrumb":{"@id":"https:\/\/www.bellunopress.it\/2009\/07\/07\/pietro-piller-cottrer-ai-giovedi-di-sera-per-la-promozione-skipass-nevegal\/#breadcrumb"},"inLanguage":"fr-FR","potentialAction":[{"@type":"ReadAction","target":["https:\/\/www.bellunopress.it\/2009\/07\/07\/pietro-piller-cottrer-ai-giovedi-di-sera-per-la-promozione-skipass-nevegal\/"]}]},{"@type":"BreadcrumbList","@id":"https:\/\/www.bellunopress.it\/2009\/07\/07\/pietro-piller-cottrer-ai-giovedi-di-sera-per-la-promozione-skipass-nevegal\/#breadcrumb","itemListElement":[{"@type":"ListItem","position":1,"name":"Home","item":"https:\/\/www.bellunopress.it\/"},{"@type":"ListItem","position":2,"name":"Pietro Piller Cottrer ai Gioved\u00ec di Sera per la promozione skipass Nevegal"}]},{"@type":"WebSite","@id":"https:\/\/www.bellunopress.it\/#website","url":"https:\/\/www.bellunopress.it\/","name":"Bellunopress - Dolomiti","description":"e-mail: redazione@bellunopress.it","publisher":{"@id":"https:\/\/www.bellunopress.it\/#organization"},"potentialAction":[{"@type":"SearchAction","target":{"@type":"EntryPoint","urlTemplate":"https:\/\/www.bellunopress.it\/?s={search_term_string}"},"query-input":{"@type":"PropertyValueSpecification","valueRequired":true,"valueName":"search_term_string"}}],"inLanguage":"fr-FR"},{"@type":"Organization","@id":"https:\/\/www.bellunopress.it\/#organization","name":"Bellunopress","url":"https:\/\/www.bellunopress.it\/","logo":{"@type":"ImageObject","inLanguage":"fr-FR","@id":"https:\/\/www.bellunopress.it\/#\/schema\/logo\/image\/","url":"https:\/\/www.bellunopress.it\/wp-content\/uploads\/2011\/05\/cropped-logo-bellunopress-.jpg","contentUrl":"https:\/\/www.bellunopress.it\/wp-content\/uploads\/2011\/05\/cropped-logo-bellunopress-.jpg","width":512,"height":512,"caption":"Bellunopress"},"image":{"@id":"https:\/\/www.bellunopress.it\/#\/schema\/logo\/image\/"},"sameAs":["https:\/\/www.facebook.com\/profile.php?id=100008943462799","https:\/\/x.com\/bellunopress","https:\/\/www.linkedin.com\/hp\/?dnr=JBzUWaJfMUw8vbXJJ2tVW5-I3jZKvC4wsoxE&amp;amp;amp;amp;amp;amp;trk=nav_responsive_tab_home","https:\/\/www.youtube.com\/channel\/UCxL0wu1uN0_3_7hGG0306cw"]},{"@type":"Person","@id":"https:\/\/www.bellunopress.it\/#\/schema\/person\/79bb06722b37ece1c03d3e94beb30d73","name":"r\u00e9daction","image":{"@type":"ImageObject","inLanguage":"fr-FR","@id":"https:\/\/secure.gravatar.com\/avatar\/37d968a2e67a6fd04c169c4bdef102d0bc5d31b2546345219e348575eb80e9a0?s=96&d=mm&r=g","url":"https:\/\/secure.gravatar.com\/avatar\/37d968a2e67a6fd04c169c4bdef102d0bc5d31b2546345219e348575eb80e9a0?s=96&d=mm&r=g","contentUrl":"https:\/\/secure.gravatar.com\/avatar\/37d968a2e67a6fd04c169c4bdef102d0bc5d31b2546345219e348575eb80e9a0?s=96&d=mm&r=g","caption":"redazione"},"sameAs":["http:\/\/www.bellunopress.it","https:\/\/x.com\/bellunopress"],"url":"https:\/\/www.bellunopress.it\/fr\/author\/redazione\/"}]}},"_links":{"self":[{"href":"https:\/\/www.bellunopress.it\/fr\/wp-json\/wp\/v2\/posts\/5696","targetHints":{"allow":["GET"]}}],"collection":[{"href":"https:\/\/www.bellunopress.it\/fr\/wp-json\/wp\/v2\/posts"}],"about":[{"href":"https:\/\/www.bellunopress.it\/fr\/wp-json\/wp\/v2\/types\/post"}],"author":[{"embeddable":true,"href":"https:\/\/www.bellunopress.it\/fr\/wp-json\/wp\/v2\/users\/2"}],"replies":[{"embeddable":true,"href":"https:\/\/www.bellunopress.it\/fr\/wp-json\/wp\/v2\/comments?post=5696"}],"version-history":[{"count":1,"href":"https:\/\/www.bellunopress.it\/fr\/wp-json\/wp\/v2\/posts\/5696\/revisions"}],"predecessor-version":[{"id":5697,"href":"https:\/\/www.bellunopress.it\/fr\/wp-json\/wp\/v2\/posts\/5696\/revisions\/5697"}],"wp:attachment":[{"href":"https:\/\/www.bellunopress.it\/fr\/wp-json\/wp\/v2\/media?parent=5696"}],"wp:term":[{"taxonomy":"category","embeddable":true,"href":"https:\/\/www.bellunopress.it\/fr\/wp-json\/wp\/v2\/categories?post=5696"},{"taxonomy":"post_tag","embeddable":true,"href":"https:\/\/www.bellunopress.it\/fr\/wp-json\/wp\/v2\/tags?post=5696"}],"curies":[{"name":"wp","href":"https:\/\/api.w.org\/{rel}","templated":true}]}}