{"id":5692,"date":"2009-07-07T13:56:22","date_gmt":"2009-07-07T12:56:22","guid":{"rendered":"http:\/\/www.bellunopress.it\/?p=5692"},"modified":"2009-07-07T13:56:22","modified_gmt":"2009-07-07T12:56:22","slug":"ideal-standard-ex-ceramica-dolomite-qualcosa-si-muove-convocato-il-tavolo-regionale","status":"publish","type":"post","link":"https:\/\/www.bellunopress.it\/fr\/2009\/07\/07\/ideal-standard-ex-ceramica-dolomite-qualcosa-si-muove-convocato-il-tavolo-regionale\/","title":{"rendered":"Ideal Standard ex Ceramica Dolomite, qualcosa si muove: convocato il tavolo regionale"},"content":{"rendered":"<p><a href=\"http:\/\/www.bellunopress.it\/wp-content\/uploads\/2009\/02\/oscar-de-bona-80x80.jpg\"><img loading=\"lazy\" decoding=\"async\" class=\"alignleft size-medium wp-image-536\" title=\"oscar-de-bona-80x80\" src=\"http:\/\/www.bellunopress.it\/wp-content\/uploads\/2009\/02\/oscar-de-bona-80x80.jpg\" alt=\"\" width=\"81\" height=\"81\" \/><\/a>In riferimento alle problematiche legate al ridimensionamento dell\u2019Ideal Standard sar\u00e0 convocato un tavolo regionale per marted\u00ec 21 luglio, alle 16,\u00a0 a Palazzo Balbi, sede della Giunta del Veneto, per affrontare i temi e le difficolt\u00e0 che investono in particolare lo stabilimento di Trichiana dell\u2019ex Ceramica Dolomite. A indire l\u2019incontro \u00e8 l\u2019assessore regionale alle Politiche attive del lavoro, Elena Donazzan. Lo comunica l\u2019assessore Oscar De Bona il quale,\u00a0 a sua volta, era stato interessato delle prospettive difficili dell\u2019azienda trichianese sia dalle parti sociali e sia dagli amministratori locali, oltre che dal Prefetto di Belluno.\u00a0 \u00abLa principale preoccupazione \u2013 ha sottolineato l\u2019assessore regionale bellunese \u2013 \u00e8 che centinaia di famiglie, che da decenni hanno la loro principale fonte di reddito da questa azienda, possano essere investite dalla crisi. Gi\u00e0 da un anno questi lavoratori stanno vivendo una fase di forte preoccupazione dettata dal timore di perdere il posto di lavoro in un quadro generale che presenta, anche in provincia di Belluno, una situazione difficile dal punto di vista occupazionale\u00bb.\u00a0 L\u2019assessore Oscar De Bona si era mosso in questo senso gi\u00e0 nell\u2019autunno scorso quando, con il collega assessore veneto alla Politica industriale, Vendemiano Sartor, e l\u2019allora sindaco Fiorenza Da Canal, aveva organizzato un incontro nel municipio di Trichiana per prendere in esame la situazione della ex Ceramica e per illustrare i provvedimenti che la Regione del Veneto aveva messo a disposizione, o stava predisponendo,\u00a0 in qualit\u00e0 di ammortizzatori sociali, di sostegno al credito e di accelerazione delle leggi di spesa in vari comparti (viabilit\u00e0, edilizia scolastica e altre opere pubbliche). \u00abIn particolare \u2013 ha rimarcato De Bona &#8211; ringrazio il presidente Giancarlo Galan e la collega Elena Donazzan per la continua disponibilit\u00e0 dimostrata nel mettere a disposizione, come in questi casi di crisi che si ripercuotono su tutte le fasce sociali,\u00a0 il peso che la Regione Veneto ha a livello nazionale, oltre a varare provvedimenti di spessore con gli strumenti relativi ai consorzi fidi, al piano casa, all\u2019innovazione, alla ricerca, alla riconversione sui nuovi prodotti e altri\u00bb.<\/p>","protected":false},"excerpt":{"rendered":"<p>In riferimento alle problematiche legate al ridimensionamento dell\u2019Ideal Standard sar\u00e0 convocato un tavolo regionale per marted\u00ec 21 luglio, alle 16,\u00a0 a Palazzo Balbi, sede della Giunta del Veneto, per affrontare i temi e le difficolt\u00e0 che investono in particolare lo stabilimento di Trichiana dell\u2019ex Ceramica Dolomite. A indire l\u2019incontro \u00e8 l\u2019assessore regionale alle Politiche attive [&hellip;]<\/p>\n","protected":false},"author":2,"featured_media":0,"comment_status":"closed","ping_status":"open","sticky":false,"template":"","format":"standard","meta":{"footnotes":""},"categories":[5,36],"tags":[139],"class_list":["post-5692","post","type-post","status-publish","format-standard","category-cronaca","category-lavoro-economia","tag-belluno"],"yoast_head":"<!-- This site is optimized with the Yoast SEO plugin v28.4 - https:\/\/yoast.com\/product\/yoast-seo-wordpress\/ -->\n<title>Ideal Standard ex Ceramica Dolomite, qualcosa si muove: convocato il tavolo regionale - Bellunopress - Dolomiti<\/title>\n<meta name=\"robots\" content=\"index, follow, max-snippet:-1, max-image-preview:large, max-video-preview:-1\" \/>\n<link rel=\"canonical\" href=\"https:\/\/www.bellunopress.it\/fr\/2009\/07\/07\/ideal-standard-ex-ceramica-dolomite-qualcosa-si-muove-convocato-il-tavolo-regionale\/\" \/>\n<meta property=\"og:locale\" content=\"fr_FR\" \/>\n<meta property=\"og:type\" content=\"article\" \/>\n<meta property=\"og:title\" content=\"Ideal Standard ex Ceramica Dolomite, qualcosa si muove: convocato il tavolo regionale - Bellunopress - Dolomiti\" \/>\n<meta property=\"og:description\" content=\"In riferimento alle problematiche legate al ridimensionamento dell\u2019Ideal Standard sar\u00e0 convocato un tavolo regionale per marted\u00ec 21 luglio, alle 16,\u00a0 a Palazzo Balbi, sede della Giunta del Veneto, per affrontare i temi e le difficolt\u00e0 che investono in particolare lo stabilimento di Trichiana dell\u2019ex Ceramica Dolomite. A indire l\u2019incontro \u00e8 l\u2019assessore regionale alle Politiche attive [&hellip;]\" \/>\n<meta property=\"og:url\" content=\"https:\/\/www.bellunopress.it\/fr\/2009\/07\/07\/ideal-standard-ex-ceramica-dolomite-qualcosa-si-muove-convocato-il-tavolo-regionale\/\" \/>\n<meta property=\"og:site_name\" content=\"Bellunopress - Dolomiti\" \/>\n<meta property=\"article:publisher\" content=\"https:\/\/www.facebook.com\/profile.php?id=100008943462799\" \/>\n<meta property=\"article:published_time\" content=\"2009-07-07T12:56:22+00:00\" \/>\n<meta property=\"og:image\" content=\"http:\/\/www.bellunopress.it\/wp-content\/uploads\/2009\/02\/oscar-de-bona-80x80.jpg\" \/>\n<meta name=\"author\" content=\"redazione\" \/>\n<meta name=\"twitter:card\" content=\"summary_large_image\" \/>\n<meta name=\"twitter:creator\" content=\"@bellunopress\" \/>\n<meta name=\"twitter:site\" content=\"@bellunopress\" \/>\n<meta name=\"twitter:label1\" content=\"\u00c9crit par\" \/>\n\t<meta name=\"twitter:data1\" content=\"redazione\" \/>\n\t<meta name=\"twitter:label2\" content=\"Dur\u00e9e de lecture estim\u00e9e\" \/>\n\t<meta name=\"twitter:data2\" content=\"2 minutes\" \/>\n<script type=\"application\/ld+json\" class=\"yoast-schema-graph\">{\"@context\":\"https:\\\/\\\/schema.org\",\"@graph\":[{\"@type\":\"Article\",\"@id\":\"https:\\\/\\\/www.bellunopress.it\\\/2009\\\/07\\\/07\\\/ideal-standard-ex-ceramica-dolomite-qualcosa-si-muove-convocato-il-tavolo-regionale\\\/#article\",\"isPartOf\":{\"@id\":\"https:\\\/\\\/www.bellunopress.it\\\/2009\\\/07\\\/07\\\/ideal-standard-ex-ceramica-dolomite-qualcosa-si-muove-convocato-il-tavolo-regionale\\\/\"},\"author\":{\"name\":\"redazione\",\"@id\":\"https:\\\/\\\/www.bellunopress.it\\\/#\\\/schema\\\/person\\\/79bb06722b37ece1c03d3e94beb30d73\"},\"headline\":\"Ideal Standard ex Ceramica Dolomite, qualcosa si muove: convocato il tavolo regionale\",\"datePublished\":\"2009-07-07T12:56:22+00:00\",\"mainEntityOfPage\":{\"@id\":\"https:\\\/\\\/www.bellunopress.it\\\/2009\\\/07\\\/07\\\/ideal-standard-ex-ceramica-dolomite-qualcosa-si-muove-convocato-il-tavolo-regionale\\\/\"},\"wordCount\":350,\"publisher\":{\"@id\":\"https:\\\/\\\/www.bellunopress.it\\\/#organization\"},\"image\":{\"@id\":\"https:\\\/\\\/www.bellunopress.it\\\/2009\\\/07\\\/07\\\/ideal-standard-ex-ceramica-dolomite-qualcosa-si-muove-convocato-il-tavolo-regionale\\\/#primaryimage\"},\"thumbnailUrl\":\"http:\\\/\\\/www.bellunopress.it\\\/wp-content\\\/uploads\\\/2009\\\/02\\\/oscar-de-bona-80x80.jpg\",\"keywords\":[\"Belluno\"],\"articleSection\":[\"Cronaca\\\/Politica\",\"Lavoro, Economia, Turismo\"],\"inLanguage\":\"fr-FR\"},{\"@type\":\"WebPage\",\"@id\":\"https:\\\/\\\/www.bellunopress.it\\\/2009\\\/07\\\/07\\\/ideal-standard-ex-ceramica-dolomite-qualcosa-si-muove-convocato-il-tavolo-regionale\\\/\",\"url\":\"https:\\\/\\\/www.bellunopress.it\\\/2009\\\/07\\\/07\\\/ideal-standard-ex-ceramica-dolomite-qualcosa-si-muove-convocato-il-tavolo-regionale\\\/\",\"name\":\"Ideal Standard ex Ceramica Dolomite, qualcosa si muove: convocato il tavolo regionale - Bellunopress - Dolomiti\",\"isPartOf\":{\"@id\":\"https:\\\/\\\/www.bellunopress.it\\\/#website\"},\"primaryImageOfPage\":{\"@id\":\"https:\\\/\\\/www.bellunopress.it\\\/2009\\\/07\\\/07\\\/ideal-standard-ex-ceramica-dolomite-qualcosa-si-muove-convocato-il-tavolo-regionale\\\/#primaryimage\"},\"image\":{\"@id\":\"https:\\\/\\\/www.bellunopress.it\\\/2009\\\/07\\\/07\\\/ideal-standard-ex-ceramica-dolomite-qualcosa-si-muove-convocato-il-tavolo-regionale\\\/#primaryimage\"},\"thumbnailUrl\":\"http:\\\/\\\/www.bellunopress.it\\\/wp-content\\\/uploads\\\/2009\\\/02\\\/oscar-de-bona-80x80.jpg\",\"datePublished\":\"2009-07-07T12:56:22+00:00\",\"breadcrumb\":{\"@id\":\"https:\\\/\\\/www.bellunopress.it\\\/2009\\\/07\\\/07\\\/ideal-standard-ex-ceramica-dolomite-qualcosa-si-muove-convocato-il-tavolo-regionale\\\/#breadcrumb\"},\"inLanguage\":\"fr-FR\",\"potentialAction\":[{\"@type\":\"ReadAction\",\"target\":[\"https:\\\/\\\/www.bellunopress.it\\\/2009\\\/07\\\/07\\\/ideal-standard-ex-ceramica-dolomite-qualcosa-si-muove-convocato-il-tavolo-regionale\\\/\"]}]},{\"@type\":\"ImageObject\",\"inLanguage\":\"fr-FR\",\"@id\":\"https:\\\/\\\/www.bellunopress.it\\\/2009\\\/07\\\/07\\\/ideal-standard-ex-ceramica-dolomite-qualcosa-si-muove-convocato-il-tavolo-regionale\\\/#primaryimage\",\"url\":\"http:\\\/\\\/www.bellunopress.it\\\/wp-content\\\/uploads\\\/2009\\\/02\\\/oscar-de-bona-80x80.jpg\",\"contentUrl\":\"http:\\\/\\\/www.bellunopress.it\\\/wp-content\\\/uploads\\\/2009\\\/02\\\/oscar-de-bona-80x80.jpg\"},{\"@type\":\"BreadcrumbList\",\"@id\":\"https:\\\/\\\/www.bellunopress.it\\\/2009\\\/07\\\/07\\\/ideal-standard-ex-ceramica-dolomite-qualcosa-si-muove-convocato-il-tavolo-regionale\\\/#breadcrumb\",\"itemListElement\":[{\"@type\":\"ListItem\",\"position\":1,\"name\":\"Home\",\"item\":\"https:\\\/\\\/www.bellunopress.it\\\/\"},{\"@type\":\"ListItem\",\"position\":2,\"name\":\"Ideal Standard ex Ceramica Dolomite, qualcosa si muove: convocato il tavolo regionale\"}]},{\"@type\":\"WebSite\",\"@id\":\"https:\\\/\\\/www.bellunopress.it\\\/#website\",\"url\":\"https:\\\/\\\/www.bellunopress.it\\\/\",\"name\":\"Bellunopress - Dolomiti\",\"description\":\"e-mail: redazione@bellunopress.it\",\"publisher\":{\"@id\":\"https:\\\/\\\/www.bellunopress.it\\\/#organization\"},\"potentialAction\":[{\"@type\":\"SearchAction\",\"target\":{\"@type\":\"EntryPoint\",\"urlTemplate\":\"https:\\\/\\\/www.bellunopress.it\\\/?s={search_term_string}\"},\"query-input\":{\"@type\":\"PropertyValueSpecification\",\"valueRequired\":true,\"valueName\":\"search_term_string\"}}],\"inLanguage\":\"fr-FR\"},{\"@type\":\"Organization\",\"@id\":\"https:\\\/\\\/www.bellunopress.it\\\/#organization\",\"name\":\"Bellunopress\",\"url\":\"https:\\\/\\\/www.bellunopress.it\\\/\",\"logo\":{\"@type\":\"ImageObject\",\"inLanguage\":\"fr-FR\",\"@id\":\"https:\\\/\\\/www.bellunopress.it\\\/#\\\/schema\\\/logo\\\/image\\\/\",\"url\":\"https:\\\/\\\/www.bellunopress.it\\\/wp-content\\\/uploads\\\/2011\\\/05\\\/cropped-logo-bellunopress-.jpg\",\"contentUrl\":\"https:\\\/\\\/www.bellunopress.it\\\/wp-content\\\/uploads\\\/2011\\\/05\\\/cropped-logo-bellunopress-.jpg\",\"width\":512,\"height\":512,\"caption\":\"Bellunopress\"},\"image\":{\"@id\":\"https:\\\/\\\/www.bellunopress.it\\\/#\\\/schema\\\/logo\\\/image\\\/\"},\"sameAs\":[\"https:\\\/\\\/www.facebook.com\\\/profile.php?id=100008943462799\",\"https:\\\/\\\/x.com\\\/bellunopress\",\"https:\\\/\\\/www.linkedin.com\\\/hp\\\/?dnr=JBzUWaJfMUw8vbXJJ2tVW5-I3jZKvC4wsoxE&amp;amp;amp;amp;amp;amp;trk=nav_responsive_tab_home\",\"https:\\\/\\\/www.youtube.com\\\/channel\\\/UCxL0wu1uN0_3_7hGG0306cw\"]},{\"@type\":\"Person\",\"@id\":\"https:\\\/\\\/www.bellunopress.it\\\/#\\\/schema\\\/person\\\/79bb06722b37ece1c03d3e94beb30d73\",\"name\":\"redazione\",\"image\":{\"@type\":\"ImageObject\",\"inLanguage\":\"fr-FR\",\"@id\":\"https:\\\/\\\/secure.gravatar.com\\\/avatar\\\/37d968a2e67a6fd04c169c4bdef102d0bc5d31b2546345219e348575eb80e9a0?s=96&d=mm&r=g\",\"url\":\"https:\\\/\\\/secure.gravatar.com\\\/avatar\\\/37d968a2e67a6fd04c169c4bdef102d0bc5d31b2546345219e348575eb80e9a0?s=96&d=mm&r=g\",\"contentUrl\":\"https:\\\/\\\/secure.gravatar.com\\\/avatar\\\/37d968a2e67a6fd04c169c4bdef102d0bc5d31b2546345219e348575eb80e9a0?s=96&d=mm&r=g\",\"caption\":\"redazione\"},\"sameAs\":[\"http:\\\/\\\/www.bellunopress.it\",\"https:\\\/\\\/x.com\\\/bellunopress\"],\"url\":\"https:\\\/\\\/www.bellunopress.it\\\/fr\\\/author\\\/redazione\\\/\"}]}<\/script>\n<!-- \/ Yoast SEO plugin. -->","yoast_head_json":{"title":"Ideal Standard ex Ceramica Dolomite, qualcosa si muove: convocato il tavolo regionale - Bellunopress - Dolomiti","robots":{"index":"index","follow":"follow","max-snippet":"max-snippet:-1","max-image-preview":"max-image-preview:large","max-video-preview":"max-video-preview:-1"},"canonical":"https:\/\/www.bellunopress.it\/fr\/2009\/07\/07\/ideal-standard-ex-ceramica-dolomite-qualcosa-si-muove-convocato-il-tavolo-regionale\/","og_locale":"fr_FR","og_type":"article","og_title":"Ideal Standard ex Ceramica Dolomite, qualcosa si muove: convocato il tavolo regionale - Bellunopress - Dolomiti","og_description":"In riferimento alle problematiche legate al ridimensionamento dell\u2019Ideal Standard sar\u00e0 convocato un tavolo regionale per marted\u00ec 21 luglio, alle 16,\u00a0 a Palazzo Balbi, sede della Giunta del Veneto, per affrontare i temi e le difficolt\u00e0 che investono in particolare lo stabilimento di Trichiana dell\u2019ex Ceramica Dolomite. A indire l\u2019incontro \u00e8 l\u2019assessore regionale alle Politiche attive [&hellip;]","og_url":"https:\/\/www.bellunopress.it\/fr\/2009\/07\/07\/ideal-standard-ex-ceramica-dolomite-qualcosa-si-muove-convocato-il-tavolo-regionale\/","og_site_name":"Bellunopress - Dolomiti","article_publisher":"https:\/\/www.facebook.com\/profile.php?id=100008943462799","article_published_time":"2009-07-07T12:56:22+00:00","og_image":[{"url":"http:\/\/www.bellunopress.it\/wp-content\/uploads\/2009\/02\/oscar-de-bona-80x80.jpg","type":"","width":"","height":""}],"author":"redazione","twitter_card":"summary_large_image","twitter_creator":"@bellunopress","twitter_site":"@bellunopress","twitter_misc":{"\u00c9crit par":"redazione","Dur\u00e9e de lecture estim\u00e9e":"2 minutes"},"schema":{"@context":"https:\/\/schema.org","@graph":[{"@type":"Article","@id":"https:\/\/www.bellunopress.it\/2009\/07\/07\/ideal-standard-ex-ceramica-dolomite-qualcosa-si-muove-convocato-il-tavolo-regionale\/#article","isPartOf":{"@id":"https:\/\/www.bellunopress.it\/2009\/07\/07\/ideal-standard-ex-ceramica-dolomite-qualcosa-si-muove-convocato-il-tavolo-regionale\/"},"author":{"name":"redazione","@id":"https:\/\/www.bellunopress.it\/#\/schema\/person\/79bb06722b37ece1c03d3e94beb30d73"},"headline":"Ideal Standard ex Ceramica Dolomite, qualcosa si muove: convocato il tavolo regionale","datePublished":"2009-07-07T12:56:22+00:00","mainEntityOfPage":{"@id":"https:\/\/www.bellunopress.it\/2009\/07\/07\/ideal-standard-ex-ceramica-dolomite-qualcosa-si-muove-convocato-il-tavolo-regionale\/"},"wordCount":350,"publisher":{"@id":"https:\/\/www.bellunopress.it\/#organization"},"image":{"@id":"https:\/\/www.bellunopress.it\/2009\/07\/07\/ideal-standard-ex-ceramica-dolomite-qualcosa-si-muove-convocato-il-tavolo-regionale\/#primaryimage"},"thumbnailUrl":"http:\/\/www.bellunopress.it\/wp-content\/uploads\/2009\/02\/oscar-de-bona-80x80.jpg","keywords":["Belluno"],"articleSection":["Cronaca\/Politica","Lavoro, Economia, Turismo"],"inLanguage":"fr-FR"},{"@type":"WebPage","@id":"https:\/\/www.bellunopress.it\/2009\/07\/07\/ideal-standard-ex-ceramica-dolomite-qualcosa-si-muove-convocato-il-tavolo-regionale\/","url":"https:\/\/www.bellunopress.it\/2009\/07\/07\/ideal-standard-ex-ceramica-dolomite-qualcosa-si-muove-convocato-il-tavolo-regionale\/","name":"Ideal Standard ex Ceramica Dolomite, qualcosa si muove: convocato il tavolo regionale - Bellunopress - Dolomiti","isPartOf":{"@id":"https:\/\/www.bellunopress.it\/#website"},"primaryImageOfPage":{"@id":"https:\/\/www.bellunopress.it\/2009\/07\/07\/ideal-standard-ex-ceramica-dolomite-qualcosa-si-muove-convocato-il-tavolo-regionale\/#primaryimage"},"image":{"@id":"https:\/\/www.bellunopress.it\/2009\/07\/07\/ideal-standard-ex-ceramica-dolomite-qualcosa-si-muove-convocato-il-tavolo-regionale\/#primaryimage"},"thumbnailUrl":"http:\/\/www.bellunopress.it\/wp-content\/uploads\/2009\/02\/oscar-de-bona-80x80.jpg","datePublished":"2009-07-07T12:56:22+00:00","breadcrumb":{"@id":"https:\/\/www.bellunopress.it\/2009\/07\/07\/ideal-standard-ex-ceramica-dolomite-qualcosa-si-muove-convocato-il-tavolo-regionale\/#breadcrumb"},"inLanguage":"fr-FR","potentialAction":[{"@type":"ReadAction","target":["https:\/\/www.bellunopress.it\/2009\/07\/07\/ideal-standard-ex-ceramica-dolomite-qualcosa-si-muove-convocato-il-tavolo-regionale\/"]}]},{"@type":"ImageObject","inLanguage":"fr-FR","@id":"https:\/\/www.bellunopress.it\/2009\/07\/07\/ideal-standard-ex-ceramica-dolomite-qualcosa-si-muove-convocato-il-tavolo-regionale\/#primaryimage","url":"http:\/\/www.bellunopress.it\/wp-content\/uploads\/2009\/02\/oscar-de-bona-80x80.jpg","contentUrl":"http:\/\/www.bellunopress.it\/wp-content\/uploads\/2009\/02\/oscar-de-bona-80x80.jpg"},{"@type":"BreadcrumbList","@id":"https:\/\/www.bellunopress.it\/2009\/07\/07\/ideal-standard-ex-ceramica-dolomite-qualcosa-si-muove-convocato-il-tavolo-regionale\/#breadcrumb","itemListElement":[{"@type":"ListItem","position":1,"name":"Home","item":"https:\/\/www.bellunopress.it\/"},{"@type":"ListItem","position":2,"name":"Ideal Standard ex Ceramica Dolomite, qualcosa si muove: convocato il tavolo regionale"}]},{"@type":"WebSite","@id":"https:\/\/www.bellunopress.it\/#website","url":"https:\/\/www.bellunopress.it\/","name":"Bellunopress - Dolomiti","description":"e-mail: redazione@bellunopress.it","publisher":{"@id":"https:\/\/www.bellunopress.it\/#organization"},"potentialAction":[{"@type":"SearchAction","target":{"@type":"EntryPoint","urlTemplate":"https:\/\/www.bellunopress.it\/?s={search_term_string}"},"query-input":{"@type":"PropertyValueSpecification","valueRequired":true,"valueName":"search_term_string"}}],"inLanguage":"fr-FR"},{"@type":"Organization","@id":"https:\/\/www.bellunopress.it\/#organization","name":"Bellunopress","url":"https:\/\/www.bellunopress.it\/","logo":{"@type":"ImageObject","inLanguage":"fr-FR","@id":"https:\/\/www.bellunopress.it\/#\/schema\/logo\/image\/","url":"https:\/\/www.bellunopress.it\/wp-content\/uploads\/2011\/05\/cropped-logo-bellunopress-.jpg","contentUrl":"https:\/\/www.bellunopress.it\/wp-content\/uploads\/2011\/05\/cropped-logo-bellunopress-.jpg","width":512,"height":512,"caption":"Bellunopress"},"image":{"@id":"https:\/\/www.bellunopress.it\/#\/schema\/logo\/image\/"},"sameAs":["https:\/\/www.facebook.com\/profile.php?id=100008943462799","https:\/\/x.com\/bellunopress","https:\/\/www.linkedin.com\/hp\/?dnr=JBzUWaJfMUw8vbXJJ2tVW5-I3jZKvC4wsoxE&amp;amp;amp;amp;amp;amp;trk=nav_responsive_tab_home","https:\/\/www.youtube.com\/channel\/UCxL0wu1uN0_3_7hGG0306cw"]},{"@type":"Person","@id":"https:\/\/www.bellunopress.it\/#\/schema\/person\/79bb06722b37ece1c03d3e94beb30d73","name":"r\u00e9daction","image":{"@type":"ImageObject","inLanguage":"fr-FR","@id":"https:\/\/secure.gravatar.com\/avatar\/37d968a2e67a6fd04c169c4bdef102d0bc5d31b2546345219e348575eb80e9a0?s=96&d=mm&r=g","url":"https:\/\/secure.gravatar.com\/avatar\/37d968a2e67a6fd04c169c4bdef102d0bc5d31b2546345219e348575eb80e9a0?s=96&d=mm&r=g","contentUrl":"https:\/\/secure.gravatar.com\/avatar\/37d968a2e67a6fd04c169c4bdef102d0bc5d31b2546345219e348575eb80e9a0?s=96&d=mm&r=g","caption":"redazione"},"sameAs":["http:\/\/www.bellunopress.it","https:\/\/x.com\/bellunopress"],"url":"https:\/\/www.bellunopress.it\/fr\/author\/redazione\/"}]}},"_links":{"self":[{"href":"https:\/\/www.bellunopress.it\/fr\/wp-json\/wp\/v2\/posts\/5692","targetHints":{"allow":["GET"]}}],"collection":[{"href":"https:\/\/www.bellunopress.it\/fr\/wp-json\/wp\/v2\/posts"}],"about":[{"href":"https:\/\/www.bellunopress.it\/fr\/wp-json\/wp\/v2\/types\/post"}],"author":[{"embeddable":true,"href":"https:\/\/www.bellunopress.it\/fr\/wp-json\/wp\/v2\/users\/2"}],"replies":[{"embeddable":true,"href":"https:\/\/www.bellunopress.it\/fr\/wp-json\/wp\/v2\/comments?post=5692"}],"version-history":[{"count":1,"href":"https:\/\/www.bellunopress.it\/fr\/wp-json\/wp\/v2\/posts\/5692\/revisions"}],"predecessor-version":[{"id":5693,"href":"https:\/\/www.bellunopress.it\/fr\/wp-json\/wp\/v2\/posts\/5692\/revisions\/5693"}],"wp:attachment":[{"href":"https:\/\/www.bellunopress.it\/fr\/wp-json\/wp\/v2\/media?parent=5692"}],"wp:term":[{"taxonomy":"category","embeddable":true,"href":"https:\/\/www.bellunopress.it\/fr\/wp-json\/wp\/v2\/categories?post=5692"},{"taxonomy":"post_tag","embeddable":true,"href":"https:\/\/www.bellunopress.it\/fr\/wp-json\/wp\/v2\/tags?post=5692"}],"curies":[{"name":"wp","href":"https:\/\/api.w.org\/{rel}","templated":true}]}}