{"id":5687,"date":"2009-07-07T10:28:02","date_gmt":"2009-07-07T09:28:02","guid":{"rendered":"http:\/\/www.bellunopress.it\/?p=5687"},"modified":"2009-07-07T10:28:02","modified_gmt":"2009-07-07T09:28:02","slug":"centenario-della-prima-ascensione-alla-torre-venezia-si-festeggia-il-16-luglio","status":"publish","type":"post","link":"https:\/\/www.bellunopress.it\/fr\/2009\/07\/07\/centenario-della-prima-ascensione-alla-torre-venezia-si-festeggia-il-16-luglio\/","title":{"rendered":"Centenario della prima ascensione alla Torre Venezia: si festeggia il 16 luglio"},"content":{"rendered":"<p>Gioved\u00ec 16 luglio, al Rifugio Mario Vazzol\u00e8r nel Gruppo della Civetta, si terranno i\u00a0 festeggiamewnti per il centenario (16 luglio 1909 \u2013 16 luglio 2009) della prima ascensione e relativo battesimo della Torre Venezia.<br \/>\nL\u2019incontro vuole ricordare la prima salita e battesimo della Torre Venezia, ascesa il 16 luglio del 1909 da Napoleone Cozzi, Alberto Zanutti, Antonio Carniel e Tullio Cepich: la \u201cSquadra volante\u201d dei triestini battezz\u00f2 questa cima con il toponimo di \u201cTorre Venezia\u201d quale omaggio alla citt\u00e0 lagunare \u201cdirimpettaia\u201d, in una visione irredentista di una Trieste allora austriaca: in precedenza la splendida elevazione terminale dei Cantoni faceva semplicemente parte \u2013 assieme alle altre elevazioni \u2013 dei \u201cTorrioni di Pelsa\u201d.<br \/>\n<strong>PROGRAMMA:<\/strong><br \/>\n&#8211; Salita alpinistica di buonora alla Torre Venezia con partenza dal Rifugio Vazzol\u00e8r (per coloro che hanno dato disponibilit\u00e0 ed eventualmente hanno pernottato al Rifugio)<br \/>\n&#8211; Ritrovo dei convenuti al Rifugio Vazzol\u00e8r dalle ore 10.30<br \/>\n&#8211; Accensione fiaccola in vetta<br \/>\n&#8211; Ritrovo per tutti al Rifugio Vazzol\u00e8r verso le 12.30, breve ricordo e bicchierata.<br \/>\nEventi collaterali: Annullo postale organizzato dal Circolo Filatelico Numismatico Agordino al Rifugio \u201cCapanna Trieste\u201d su cartoline ricordo. <a href=\"http:\/\/www.bellunopress.it\/wp-content\/uploads\/2009\/05\/caidesktop-leggera.jpg\"><img loading=\"lazy\" decoding=\"async\" class=\"alignleft size-medium wp-image-3615\" title=\"caidesktop-leggera\" src=\"http:\/\/www.bellunopress.it\/wp-content\/uploads\/2009\/05\/caidesktop-leggera.jpg\" alt=\"\" width=\"270\" height=\"179\" \/><\/a>La manifestazione gode del Patrocinio del CAI e Regione Veneto.<\/p>\n<p><strong>DOMENICA 12 LUGLIO 2009 \u2013 ESCURSIONE ALLA CIMA DEL SETTSASS<\/strong><br \/>\nLa Sezione Agordina ricorda a tutti gli interessati che Domenica 12 luglio 2009 \u00e8 in programma l\u2019attesa escursione alla Cima del Settsass (2571 m).<br \/>\nUn suggestivo e lungo anello escursionistico che, con partenza nei pressi del Castello di Andr\u00e0z (in Comune di Livinallongo, poco a lato della rotabile che sale al Passo Falzarego) permette di giungere sino alla vetta pi\u00f9 elevata del Gruppo montuoso del Settsass.<br \/>\nL\u2019escursione, soprattutto per la sua lunghezza, \u00e8 consigliata alle persone in possesso di un discreto allenamento fisico. Il ritrovo per la partenza \u00e8 fissato alle ore 06.30 di domenica davanti alla Sede CAI di Agordo. Le iscrizioni si ricevono dalle ore 16.00 alle 21.00 a partire da mercoled\u00ec e sino a venerd\u00ec sera al seguente numero: 346-0153819.<\/p>\n<p><strong>UN BREVE RESOCONTO DELL\u2019ESCURSIONE DI ALPINISMO GIOVANILE DEL 21 GIUGNO SCORSO <\/strong><br \/>\nDomenica 21 giugno si \u00e8 svolta la seconda uscita di Alpinismo Giovanile alla Forcella di S. Tomaso e relativa visita al Planetario. Il bel tempo ha fatto da cornice alla\u00a0piacevole escursione &#8211;\u00a0lungo la tappa n\u00b0 10 del Cammino delle Dolomiti &#8211; iniziata\u00a0a Celat di Vallada con la visita guidata alle chiese di S.Rocco e di San Simon e successivamente verso la Forcella S.Tomaso, passaggio naturale tra la Valle del Biois e quella del Cordevole. Giunti a San Tomaso &#8211;\u00a0grazie alla disponibilit\u00e0 del Gruppo Astrofili\u00a0Agordini\u00a0&#8211; \u00e8 stato possibile visitare il Planetario; occasione di conoscenza che ha davvero destato\u00a0l\u2019interesse di tutti. Il cammino \u00e8 poi proseguito verso\u00a0Piaia\u00a0ed infine a Forchiade, dove, come usanza, si \u00e8 consumato un piacevole spuntino in compagnia. Grande soddisfazione per la Commissione Alpinismo Giovanile, sia\u00a0per il buon numero di\u00a0partecipanti che per il gradimento espresso da tutti i convenuti: grandi e piccini.\u00a0 Un ringraziamento alla Pro Loco di Vallada Agordina ed al Gruppo Astrofili Agordini nella persona del presidente Tomaso Avoscan.<br \/>\nLa Commissione Alpinismo Giovanile ricorda sin d\u2019ora il prossimo appuntamento in programma per domenica 27 settembre 2009, con l\u2019escursione a Forca Rossa nei pressi del Passo S.Pellegrino.<\/p>","protected":false},"excerpt":{"rendered":"<p>Gioved\u00ec 16 luglio, al Rifugio Mario Vazzol\u00e8r nel Gruppo della Civetta, si terranno i\u00a0 festeggiamewnti per il centenario (16 luglio 1909 \u2013 16 luglio 2009) della prima ascensione e relativo battesimo della Torre Venezia. L\u2019incontro vuole ricordare la prima salita e battesimo della Torre Venezia, ascesa il 16 luglio del 1909 da Napoleone Cozzi, Alberto [&hellip;]<\/p>\n","protected":false},"author":2,"featured_media":0,"comment_status":"closed","ping_status":"open","sticky":false,"template":"","format":"standard","meta":{"footnotes":""},"categories":[38,25],"tags":[139,63],"class_list":["post-5687","post","type-post","status-publish","format-standard","category-natura-ambiente","category-pausa-caffe","tag-belluno","tag-dolomiti"],"yoast_head":"<!-- This site is optimized with the Yoast SEO plugin v28.4 - https:\/\/yoast.com\/product\/yoast-seo-wordpress\/ -->\n<title>Centenario della prima ascensione alla Torre Venezia: si festeggia il 16 luglio - Bellunopress - Dolomiti<\/title>\n<meta name=\"robots\" content=\"index, follow, max-snippet:-1, max-image-preview:large, max-video-preview:-1\" \/>\n<link rel=\"canonical\" href=\"https:\/\/www.bellunopress.it\/fr\/2009\/07\/07\/centenario-della-prima-ascensione-alla-torre-venezia-si-festeggia-il-16-luglio\/\" \/>\n<meta property=\"og:locale\" content=\"fr_FR\" \/>\n<meta property=\"og:type\" content=\"article\" \/>\n<meta property=\"og:title\" content=\"Centenario della prima ascensione alla Torre Venezia: si festeggia il 16 luglio - Bellunopress - Dolomiti\" \/>\n<meta property=\"og:description\" content=\"Gioved\u00ec 16 luglio, al Rifugio Mario Vazzol\u00e8r nel Gruppo della Civetta, si terranno i\u00a0 festeggiamewnti per il centenario (16 luglio 1909 \u2013 16 luglio 2009) della prima ascensione e relativo battesimo della Torre Venezia. L\u2019incontro vuole ricordare la prima salita e battesimo della Torre Venezia, ascesa il 16 luglio del 1909 da Napoleone Cozzi, Alberto [&hellip;]\" \/>\n<meta property=\"og:url\" content=\"https:\/\/www.bellunopress.it\/fr\/2009\/07\/07\/centenario-della-prima-ascensione-alla-torre-venezia-si-festeggia-il-16-luglio\/\" \/>\n<meta property=\"og:site_name\" content=\"Bellunopress - Dolomiti\" \/>\n<meta property=\"article:publisher\" content=\"https:\/\/www.facebook.com\/profile.php?id=100008943462799\" \/>\n<meta property=\"article:published_time\" content=\"2009-07-07T09:28:02+00:00\" \/>\n<meta property=\"og:image\" content=\"http:\/\/www.bellunopress.it\/wp-content\/uploads\/2009\/05\/caidesktop-leggera.jpg\" \/>\n<meta name=\"author\" content=\"redazione\" \/>\n<meta name=\"twitter:card\" content=\"summary_large_image\" \/>\n<meta name=\"twitter:creator\" content=\"@bellunopress\" \/>\n<meta name=\"twitter:site\" content=\"@bellunopress\" \/>\n<meta name=\"twitter:label1\" content=\"\u00c9crit par\" \/>\n\t<meta name=\"twitter:data1\" content=\"redazione\" \/>\n\t<meta name=\"twitter:label2\" content=\"Dur\u00e9e de lecture estim\u00e9e\" \/>\n\t<meta name=\"twitter:data2\" content=\"3 minutes\" \/>\n<script type=\"application\/ld+json\" class=\"yoast-schema-graph\">{\"@context\":\"https:\\\/\\\/schema.org\",\"@graph\":[{\"@type\":\"Article\",\"@id\":\"https:\\\/\\\/www.bellunopress.it\\\/2009\\\/07\\\/07\\\/centenario-della-prima-ascensione-alla-torre-venezia-si-festeggia-il-16-luglio\\\/#article\",\"isPartOf\":{\"@id\":\"https:\\\/\\\/www.bellunopress.it\\\/2009\\\/07\\\/07\\\/centenario-della-prima-ascensione-alla-torre-venezia-si-festeggia-il-16-luglio\\\/\"},\"author\":{\"name\":\"redazione\",\"@id\":\"https:\\\/\\\/www.bellunopress.it\\\/#\\\/schema\\\/person\\\/79bb06722b37ece1c03d3e94beb30d73\"},\"headline\":\"Centenario della prima ascensione alla Torre Venezia: si festeggia il 16 luglio\",\"datePublished\":\"2009-07-07T09:28:02+00:00\",\"mainEntityOfPage\":{\"@id\":\"https:\\\/\\\/www.bellunopress.it\\\/2009\\\/07\\\/07\\\/centenario-della-prima-ascensione-alla-torre-venezia-si-festeggia-il-16-luglio\\\/\"},\"wordCount\":530,\"publisher\":{\"@id\":\"https:\\\/\\\/www.bellunopress.it\\\/#organization\"},\"image\":{\"@id\":\"https:\\\/\\\/www.bellunopress.it\\\/2009\\\/07\\\/07\\\/centenario-della-prima-ascensione-alla-torre-venezia-si-festeggia-il-16-luglio\\\/#primaryimage\"},\"thumbnailUrl\":\"http:\\\/\\\/www.bellunopress.it\\\/wp-content\\\/uploads\\\/2009\\\/05\\\/caidesktop-leggera.jpg\",\"keywords\":[\"Belluno\",\"Dolomiti\"],\"articleSection\":[\"Meteo, natura, ambiente, animali\",\"Pausa Caff\u00e8\"],\"inLanguage\":\"fr-FR\"},{\"@type\":\"WebPage\",\"@id\":\"https:\\\/\\\/www.bellunopress.it\\\/2009\\\/07\\\/07\\\/centenario-della-prima-ascensione-alla-torre-venezia-si-festeggia-il-16-luglio\\\/\",\"url\":\"https:\\\/\\\/www.bellunopress.it\\\/2009\\\/07\\\/07\\\/centenario-della-prima-ascensione-alla-torre-venezia-si-festeggia-il-16-luglio\\\/\",\"name\":\"Centenario della prima ascensione alla Torre Venezia: si festeggia il 16 luglio - Bellunopress - Dolomiti\",\"isPartOf\":{\"@id\":\"https:\\\/\\\/www.bellunopress.it\\\/#website\"},\"primaryImageOfPage\":{\"@id\":\"https:\\\/\\\/www.bellunopress.it\\\/2009\\\/07\\\/07\\\/centenario-della-prima-ascensione-alla-torre-venezia-si-festeggia-il-16-luglio\\\/#primaryimage\"},\"image\":{\"@id\":\"https:\\\/\\\/www.bellunopress.it\\\/2009\\\/07\\\/07\\\/centenario-della-prima-ascensione-alla-torre-venezia-si-festeggia-il-16-luglio\\\/#primaryimage\"},\"thumbnailUrl\":\"http:\\\/\\\/www.bellunopress.it\\\/wp-content\\\/uploads\\\/2009\\\/05\\\/caidesktop-leggera.jpg\",\"datePublished\":\"2009-07-07T09:28:02+00:00\",\"breadcrumb\":{\"@id\":\"https:\\\/\\\/www.bellunopress.it\\\/2009\\\/07\\\/07\\\/centenario-della-prima-ascensione-alla-torre-venezia-si-festeggia-il-16-luglio\\\/#breadcrumb\"},\"inLanguage\":\"fr-FR\",\"potentialAction\":[{\"@type\":\"ReadAction\",\"target\":[\"https:\\\/\\\/www.bellunopress.it\\\/2009\\\/07\\\/07\\\/centenario-della-prima-ascensione-alla-torre-venezia-si-festeggia-il-16-luglio\\\/\"]}]},{\"@type\":\"ImageObject\",\"inLanguage\":\"fr-FR\",\"@id\":\"https:\\\/\\\/www.bellunopress.it\\\/2009\\\/07\\\/07\\\/centenario-della-prima-ascensione-alla-torre-venezia-si-festeggia-il-16-luglio\\\/#primaryimage\",\"url\":\"http:\\\/\\\/www.bellunopress.it\\\/wp-content\\\/uploads\\\/2009\\\/05\\\/caidesktop-leggera.jpg\",\"contentUrl\":\"http:\\\/\\\/www.bellunopress.it\\\/wp-content\\\/uploads\\\/2009\\\/05\\\/caidesktop-leggera.jpg\"},{\"@type\":\"BreadcrumbList\",\"@id\":\"https:\\\/\\\/www.bellunopress.it\\\/2009\\\/07\\\/07\\\/centenario-della-prima-ascensione-alla-torre-venezia-si-festeggia-il-16-luglio\\\/#breadcrumb\",\"itemListElement\":[{\"@type\":\"ListItem\",\"position\":1,\"name\":\"Home\",\"item\":\"https:\\\/\\\/www.bellunopress.it\\\/\"},{\"@type\":\"ListItem\",\"position\":2,\"name\":\"Centenario della prima ascensione alla Torre Venezia: si festeggia il 16 luglio\"}]},{\"@type\":\"WebSite\",\"@id\":\"https:\\\/\\\/www.bellunopress.it\\\/#website\",\"url\":\"https:\\\/\\\/www.bellunopress.it\\\/\",\"name\":\"Bellunopress - Dolomiti\",\"description\":\"e-mail: redazione@bellunopress.it\",\"publisher\":{\"@id\":\"https:\\\/\\\/www.bellunopress.it\\\/#organization\"},\"potentialAction\":[{\"@type\":\"SearchAction\",\"target\":{\"@type\":\"EntryPoint\",\"urlTemplate\":\"https:\\\/\\\/www.bellunopress.it\\\/?s={search_term_string}\"},\"query-input\":{\"@type\":\"PropertyValueSpecification\",\"valueRequired\":true,\"valueName\":\"search_term_string\"}}],\"inLanguage\":\"fr-FR\"},{\"@type\":\"Organization\",\"@id\":\"https:\\\/\\\/www.bellunopress.it\\\/#organization\",\"name\":\"Bellunopress\",\"url\":\"https:\\\/\\\/www.bellunopress.it\\\/\",\"logo\":{\"@type\":\"ImageObject\",\"inLanguage\":\"fr-FR\",\"@id\":\"https:\\\/\\\/www.bellunopress.it\\\/#\\\/schema\\\/logo\\\/image\\\/\",\"url\":\"https:\\\/\\\/www.bellunopress.it\\\/wp-content\\\/uploads\\\/2011\\\/05\\\/cropped-logo-bellunopress-.jpg\",\"contentUrl\":\"https:\\\/\\\/www.bellunopress.it\\\/wp-content\\\/uploads\\\/2011\\\/05\\\/cropped-logo-bellunopress-.jpg\",\"width\":512,\"height\":512,\"caption\":\"Bellunopress\"},\"image\":{\"@id\":\"https:\\\/\\\/www.bellunopress.it\\\/#\\\/schema\\\/logo\\\/image\\\/\"},\"sameAs\":[\"https:\\\/\\\/www.facebook.com\\\/profile.php?id=100008943462799\",\"https:\\\/\\\/x.com\\\/bellunopress\",\"https:\\\/\\\/www.linkedin.com\\\/hp\\\/?dnr=JBzUWaJfMUw8vbXJJ2tVW5-I3jZKvC4wsoxE&amp;amp;amp;amp;amp;amp;trk=nav_responsive_tab_home\",\"https:\\\/\\\/www.youtube.com\\\/channel\\\/UCxL0wu1uN0_3_7hGG0306cw\"]},{\"@type\":\"Person\",\"@id\":\"https:\\\/\\\/www.bellunopress.it\\\/#\\\/schema\\\/person\\\/79bb06722b37ece1c03d3e94beb30d73\",\"name\":\"redazione\",\"image\":{\"@type\":\"ImageObject\",\"inLanguage\":\"fr-FR\",\"@id\":\"https:\\\/\\\/secure.gravatar.com\\\/avatar\\\/37d968a2e67a6fd04c169c4bdef102d0bc5d31b2546345219e348575eb80e9a0?s=96&d=mm&r=g\",\"url\":\"https:\\\/\\\/secure.gravatar.com\\\/avatar\\\/37d968a2e67a6fd04c169c4bdef102d0bc5d31b2546345219e348575eb80e9a0?s=96&d=mm&r=g\",\"contentUrl\":\"https:\\\/\\\/secure.gravatar.com\\\/avatar\\\/37d968a2e67a6fd04c169c4bdef102d0bc5d31b2546345219e348575eb80e9a0?s=96&d=mm&r=g\",\"caption\":\"redazione\"},\"sameAs\":[\"http:\\\/\\\/www.bellunopress.it\",\"https:\\\/\\\/x.com\\\/bellunopress\"],\"url\":\"https:\\\/\\\/www.bellunopress.it\\\/fr\\\/author\\\/redazione\\\/\"}]}<\/script>\n<!-- \/ Yoast SEO plugin. -->","yoast_head_json":{"title":"Centenario della prima ascensione alla Torre Venezia: si festeggia il 16 luglio - Bellunopress - Dolomiti","robots":{"index":"index","follow":"follow","max-snippet":"max-snippet:-1","max-image-preview":"max-image-preview:large","max-video-preview":"max-video-preview:-1"},"canonical":"https:\/\/www.bellunopress.it\/fr\/2009\/07\/07\/centenario-della-prima-ascensione-alla-torre-venezia-si-festeggia-il-16-luglio\/","og_locale":"fr_FR","og_type":"article","og_title":"Centenario della prima ascensione alla Torre Venezia: si festeggia il 16 luglio - Bellunopress - Dolomiti","og_description":"Gioved\u00ec 16 luglio, al Rifugio Mario Vazzol\u00e8r nel Gruppo della Civetta, si terranno i\u00a0 festeggiamewnti per il centenario (16 luglio 1909 \u2013 16 luglio 2009) della prima ascensione e relativo battesimo della Torre Venezia. L\u2019incontro vuole ricordare la prima salita e battesimo della Torre Venezia, ascesa il 16 luglio del 1909 da Napoleone Cozzi, Alberto [&hellip;]","og_url":"https:\/\/www.bellunopress.it\/fr\/2009\/07\/07\/centenario-della-prima-ascensione-alla-torre-venezia-si-festeggia-il-16-luglio\/","og_site_name":"Bellunopress - Dolomiti","article_publisher":"https:\/\/www.facebook.com\/profile.php?id=100008943462799","article_published_time":"2009-07-07T09:28:02+00:00","og_image":[{"url":"http:\/\/www.bellunopress.it\/wp-content\/uploads\/2009\/05\/caidesktop-leggera.jpg","type":"","width":"","height":""}],"author":"redazione","twitter_card":"summary_large_image","twitter_creator":"@bellunopress","twitter_site":"@bellunopress","twitter_misc":{"\u00c9crit par":"redazione","Dur\u00e9e de lecture estim\u00e9e":"3 minutes"},"schema":{"@context":"https:\/\/schema.org","@graph":[{"@type":"Article","@id":"https:\/\/www.bellunopress.it\/2009\/07\/07\/centenario-della-prima-ascensione-alla-torre-venezia-si-festeggia-il-16-luglio\/#article","isPartOf":{"@id":"https:\/\/www.bellunopress.it\/2009\/07\/07\/centenario-della-prima-ascensione-alla-torre-venezia-si-festeggia-il-16-luglio\/"},"author":{"name":"redazione","@id":"https:\/\/www.bellunopress.it\/#\/schema\/person\/79bb06722b37ece1c03d3e94beb30d73"},"headline":"Centenario della prima ascensione alla Torre Venezia: si festeggia il 16 luglio","datePublished":"2009-07-07T09:28:02+00:00","mainEntityOfPage":{"@id":"https:\/\/www.bellunopress.it\/2009\/07\/07\/centenario-della-prima-ascensione-alla-torre-venezia-si-festeggia-il-16-luglio\/"},"wordCount":530,"publisher":{"@id":"https:\/\/www.bellunopress.it\/#organization"},"image":{"@id":"https:\/\/www.bellunopress.it\/2009\/07\/07\/centenario-della-prima-ascensione-alla-torre-venezia-si-festeggia-il-16-luglio\/#primaryimage"},"thumbnailUrl":"http:\/\/www.bellunopress.it\/wp-content\/uploads\/2009\/05\/caidesktop-leggera.jpg","keywords":["Belluno","Dolomiti"],"articleSection":["Meteo, natura, ambiente, animali","Pausa Caff\u00e8"],"inLanguage":"fr-FR"},{"@type":"WebPage","@id":"https:\/\/www.bellunopress.it\/2009\/07\/07\/centenario-della-prima-ascensione-alla-torre-venezia-si-festeggia-il-16-luglio\/","url":"https:\/\/www.bellunopress.it\/2009\/07\/07\/centenario-della-prima-ascensione-alla-torre-venezia-si-festeggia-il-16-luglio\/","name":"Centenario della prima ascensione alla Torre Venezia: si festeggia il 16 luglio - Bellunopress - Dolomiti","isPartOf":{"@id":"https:\/\/www.bellunopress.it\/#website"},"primaryImageOfPage":{"@id":"https:\/\/www.bellunopress.it\/2009\/07\/07\/centenario-della-prima-ascensione-alla-torre-venezia-si-festeggia-il-16-luglio\/#primaryimage"},"image":{"@id":"https:\/\/www.bellunopress.it\/2009\/07\/07\/centenario-della-prima-ascensione-alla-torre-venezia-si-festeggia-il-16-luglio\/#primaryimage"},"thumbnailUrl":"http:\/\/www.bellunopress.it\/wp-content\/uploads\/2009\/05\/caidesktop-leggera.jpg","datePublished":"2009-07-07T09:28:02+00:00","breadcrumb":{"@id":"https:\/\/www.bellunopress.it\/2009\/07\/07\/centenario-della-prima-ascensione-alla-torre-venezia-si-festeggia-il-16-luglio\/#breadcrumb"},"inLanguage":"fr-FR","potentialAction":[{"@type":"ReadAction","target":["https:\/\/www.bellunopress.it\/2009\/07\/07\/centenario-della-prima-ascensione-alla-torre-venezia-si-festeggia-il-16-luglio\/"]}]},{"@type":"ImageObject","inLanguage":"fr-FR","@id":"https:\/\/www.bellunopress.it\/2009\/07\/07\/centenario-della-prima-ascensione-alla-torre-venezia-si-festeggia-il-16-luglio\/#primaryimage","url":"http:\/\/www.bellunopress.it\/wp-content\/uploads\/2009\/05\/caidesktop-leggera.jpg","contentUrl":"http:\/\/www.bellunopress.it\/wp-content\/uploads\/2009\/05\/caidesktop-leggera.jpg"},{"@type":"BreadcrumbList","@id":"https:\/\/www.bellunopress.it\/2009\/07\/07\/centenario-della-prima-ascensione-alla-torre-venezia-si-festeggia-il-16-luglio\/#breadcrumb","itemListElement":[{"@type":"ListItem","position":1,"name":"Home","item":"https:\/\/www.bellunopress.it\/"},{"@type":"ListItem","position":2,"name":"Centenario della prima ascensione alla Torre Venezia: si festeggia il 16 luglio"}]},{"@type":"WebSite","@id":"https:\/\/www.bellunopress.it\/#website","url":"https:\/\/www.bellunopress.it\/","name":"Bellunopress - Dolomiti","description":"e-mail: redazione@bellunopress.it","publisher":{"@id":"https:\/\/www.bellunopress.it\/#organization"},"potentialAction":[{"@type":"SearchAction","target":{"@type":"EntryPoint","urlTemplate":"https:\/\/www.bellunopress.it\/?s={search_term_string}"},"query-input":{"@type":"PropertyValueSpecification","valueRequired":true,"valueName":"search_term_string"}}],"inLanguage":"fr-FR"},{"@type":"Organization","@id":"https:\/\/www.bellunopress.it\/#organization","name":"Bellunopress","url":"https:\/\/www.bellunopress.it\/","logo":{"@type":"ImageObject","inLanguage":"fr-FR","@id":"https:\/\/www.bellunopress.it\/#\/schema\/logo\/image\/","url":"https:\/\/www.bellunopress.it\/wp-content\/uploads\/2011\/05\/cropped-logo-bellunopress-.jpg","contentUrl":"https:\/\/www.bellunopress.it\/wp-content\/uploads\/2011\/05\/cropped-logo-bellunopress-.jpg","width":512,"height":512,"caption":"Bellunopress"},"image":{"@id":"https:\/\/www.bellunopress.it\/#\/schema\/logo\/image\/"},"sameAs":["https:\/\/www.facebook.com\/profile.php?id=100008943462799","https:\/\/x.com\/bellunopress","https:\/\/www.linkedin.com\/hp\/?dnr=JBzUWaJfMUw8vbXJJ2tVW5-I3jZKvC4wsoxE&amp;amp;amp;amp;amp;amp;trk=nav_responsive_tab_home","https:\/\/www.youtube.com\/channel\/UCxL0wu1uN0_3_7hGG0306cw"]},{"@type":"Person","@id":"https:\/\/www.bellunopress.it\/#\/schema\/person\/79bb06722b37ece1c03d3e94beb30d73","name":"r\u00e9daction","image":{"@type":"ImageObject","inLanguage":"fr-FR","@id":"https:\/\/secure.gravatar.com\/avatar\/37d968a2e67a6fd04c169c4bdef102d0bc5d31b2546345219e348575eb80e9a0?s=96&d=mm&r=g","url":"https:\/\/secure.gravatar.com\/avatar\/37d968a2e67a6fd04c169c4bdef102d0bc5d31b2546345219e348575eb80e9a0?s=96&d=mm&r=g","contentUrl":"https:\/\/secure.gravatar.com\/avatar\/37d968a2e67a6fd04c169c4bdef102d0bc5d31b2546345219e348575eb80e9a0?s=96&d=mm&r=g","caption":"redazione"},"sameAs":["http:\/\/www.bellunopress.it","https:\/\/x.com\/bellunopress"],"url":"https:\/\/www.bellunopress.it\/fr\/author\/redazione\/"}]}},"_links":{"self":[{"href":"https:\/\/www.bellunopress.it\/fr\/wp-json\/wp\/v2\/posts\/5687","targetHints":{"allow":["GET"]}}],"collection":[{"href":"https:\/\/www.bellunopress.it\/fr\/wp-json\/wp\/v2\/posts"}],"about":[{"href":"https:\/\/www.bellunopress.it\/fr\/wp-json\/wp\/v2\/types\/post"}],"author":[{"embeddable":true,"href":"https:\/\/www.bellunopress.it\/fr\/wp-json\/wp\/v2\/users\/2"}],"replies":[{"embeddable":true,"href":"https:\/\/www.bellunopress.it\/fr\/wp-json\/wp\/v2\/comments?post=5687"}],"version-history":[{"count":1,"href":"https:\/\/www.bellunopress.it\/fr\/wp-json\/wp\/v2\/posts\/5687\/revisions"}],"predecessor-version":[{"id":5688,"href":"https:\/\/www.bellunopress.it\/fr\/wp-json\/wp\/v2\/posts\/5687\/revisions\/5688"}],"wp:attachment":[{"href":"https:\/\/www.bellunopress.it\/fr\/wp-json\/wp\/v2\/media?parent=5687"}],"wp:term":[{"taxonomy":"category","embeddable":true,"href":"https:\/\/www.bellunopress.it\/fr\/wp-json\/wp\/v2\/categories?post=5687"},{"taxonomy":"post_tag","embeddable":true,"href":"https:\/\/www.bellunopress.it\/fr\/wp-json\/wp\/v2\/tags?post=5687"}],"curies":[{"name":"wp","href":"https:\/\/api.w.org\/{rel}","templated":true}]}}