{"id":5685,"date":"2009-07-07T07:33:44","date_gmt":"2009-07-07T06:33:44","guid":{"rendered":"http:\/\/www.bellunopress.it\/?p=5685"},"modified":"2009-07-07T07:33:44","modified_gmt":"2009-07-07T06:33:44","slug":"un-comitato-di-sorveglianza-sulloccupazione-a-proporlo-e-il-gruppo-consiliare-innovamel","status":"publish","type":"post","link":"https:\/\/www.bellunopress.it\/fr\/2009\/07\/07\/un-comitato-di-sorveglianza-sulloccupazione-a-proporlo-e-il-gruppo-consiliare-innovamel\/","title":{"rendered":"Un comitato di sorveglianza sull&#8217;occupazione, a proporlo \u00e8 il gruppo consiliare InnovaMel"},"content":{"rendered":"<p>Innovamel, gruppo che si \u00e8 presentato alle recenti elezioni comunali di Mel, raggiungendo circa il<br \/>\n43% dei consensi zumellesi, con 4 consiglieri eletti in Consiglio Comunale, che annoverava dentro<br \/>\nla propria lista civica, operai e impiegati dello stabilimento di Trichiana, esprime solidariet\u00e0 a tutti i<br \/>\nlavoratori dell\u2019Ideal Standard per gli annunci preoccupanti del ricorso alla cassa integrazione<br \/>\nstraordinaria con possibile riduzione dell\u2019organico. Il Gruppo consiliare di InnovaMel, consapevole del fatto che le Amministrazioni comunali, al di l\u00e0 della doverosa solidariet\u00e0, non hanno peso determinante per influenzare decisioni a livello di strategie aziendali delle multinazionali proprietarie degli stabilimenti insediati nel territorio della Valbelluna, si interroga sulle possibili azioni da mettere in pratica. &#8220;E\u2019 indubbio &#8211; dice il capogruppo di InnovaMel De Paris &#8211; che l\u2019attenzione principale in questo momento \u00e8 rivolta ad assicurare continuit\u00e0 di informazione al processo occupazionale nella<br \/>\nValbelluna, mantenendo alta l\u2019osservazione sulle dinamiche che attanagliano le aziende del<br \/>\nterritorio, per\u00f2 \u00e8 altrettanto vero che servono anche azioni mirate. In questo senso, il Gruppo consiliare di InnovaMel, propone l\u2019idea di istituire un Comitato di \u201csorveglianza\u201d sulla situazione occupazionale della Valbelluna&#8221;. De Paris, ricordando che le funzioni di coordinamento di attivit\u00e0 nel settore economico produttivo sono di competenza della provincia, lancia un appello alla nuova \u201cgovernance\u201d provinciale nella fattispecie all\u2019 Assessore Stefano De Gan che detiene le deleghe in materia di lavoro, di inserire nell\u2019agenda delle prossime iniziative amministrative, la proposta di istituire un strumento di vigilanza e di strategia provinciale per il monitoraggio della situazione occupazionale. &#8220;E\u2019 altrettanto urgente &#8211; continua la nota di InnovaMel &#8211; ripensare l\u2019attuale modello produttivo provinciale. Si ritiene, infatti, urgente la definizione di una politica economica territoriale tesa a favorire il permanere degli investimenti, ma anche ad una nuova politica produttiva indirizzata a<br \/>\nimplementare riforme in grado di creare nuove opportunit\u00e0 imprenditoriali con percorsi di<br \/>\ninnovazione tecnologica e organizzativa. In Provincia di Belluno in questi ultimi anni si \u00e8 assistito a un rallentamento delle spinte all\u2019imprenditorialit\u00e0 cos\u00ec come sullo sviluppo delle competenze connesse ai profili professionali, con ripercussioni sulla vitalit\u00e0 del sistema produttivo. Serve quindi, innescare nuove e pi\u00f9 efficaci sinergie tra le istituzioni pubbliche, gli enti di ricerca e innovazione, gli organismi di formazione, gli istituti bancari, le associazioni di categoria, i sindacati<br \/>\ne il mondo produttivo&#8221;.<\/p>","protected":false},"excerpt":{"rendered":"<p>Innovamel, gruppo che si \u00e8 presentato alle recenti elezioni comunali di Mel, raggiungendo circa il 43% dei consensi zumellesi, con 4 consiglieri eletti in Consiglio Comunale, che annoverava dentro la propria lista civica, operai e impiegati dello stabilimento di Trichiana, esprime solidariet\u00e0 a tutti i lavoratori dell\u2019Ideal Standard per gli annunci preoccupanti del ricorso alla [&hellip;]<\/p>\n","protected":false},"author":2,"featured_media":0,"comment_status":"closed","ping_status":"open","sticky":false,"template":"","format":"standard","meta":{"footnotes":""},"categories":[5,26],"tags":[139],"class_list":["post-5685","post","type-post","status-publish","format-standard","category-cronaca","category-prima-pagina","tag-belluno"],"yoast_head":"<!-- This site is optimized with the Yoast SEO plugin v28.4 - https:\/\/yoast.com\/product\/yoast-seo-wordpress\/ -->\n<title>Un comitato di sorveglianza sull&#039;occupazione, a proporlo \u00e8 il gruppo consiliare InnovaMel - Bellunopress - Dolomiti<\/title>\n<meta name=\"robots\" content=\"index, follow, max-snippet:-1, max-image-preview:large, max-video-preview:-1\" \/>\n<link rel=\"canonical\" href=\"https:\/\/www.bellunopress.it\/fr\/2009\/07\/07\/un-comitato-di-sorveglianza-sulloccupazione-a-proporlo-e-il-gruppo-consiliare-innovamel\/\" \/>\n<meta property=\"og:locale\" content=\"fr_FR\" \/>\n<meta property=\"og:type\" content=\"article\" \/>\n<meta property=\"og:title\" content=\"Un comitato di sorveglianza sull&#039;occupazione, a proporlo \u00e8 il gruppo consiliare InnovaMel - Bellunopress - Dolomiti\" \/>\n<meta property=\"og:description\" content=\"Innovamel, gruppo che si \u00e8 presentato alle recenti elezioni comunali di Mel, raggiungendo circa il 43% dei consensi zumellesi, con 4 consiglieri eletti in Consiglio Comunale, che annoverava dentro la propria lista civica, operai e impiegati dello stabilimento di Trichiana, esprime solidariet\u00e0 a tutti i lavoratori dell\u2019Ideal Standard per gli annunci preoccupanti del ricorso alla [&hellip;]\" \/>\n<meta property=\"og:url\" content=\"https:\/\/www.bellunopress.it\/fr\/2009\/07\/07\/un-comitato-di-sorveglianza-sulloccupazione-a-proporlo-e-il-gruppo-consiliare-innovamel\/\" \/>\n<meta property=\"og:site_name\" content=\"Bellunopress - Dolomiti\" \/>\n<meta property=\"article:publisher\" content=\"https:\/\/www.facebook.com\/profile.php?id=100008943462799\" \/>\n<meta property=\"article:published_time\" content=\"2009-07-07T06:33:44+00:00\" \/>\n<meta property=\"og:image\" content=\"http:\/\/www.bellunopress.it\/wp-content\/uploads\/2012\/07\/logo-bellunopress-250x250-2012.jpg\" \/>\n<meta name=\"author\" content=\"redazione\" \/>\n<meta name=\"twitter:card\" content=\"summary_large_image\" \/>\n<meta name=\"twitter:creator\" content=\"@bellunopress\" \/>\n<meta name=\"twitter:site\" content=\"@bellunopress\" \/>\n<meta name=\"twitter:label1\" content=\"\u00c9crit par\" \/>\n\t<meta name=\"twitter:data1\" content=\"redazione\" \/>\n\t<meta name=\"twitter:label2\" content=\"Dur\u00e9e de lecture estim\u00e9e\" \/>\n\t<meta name=\"twitter:data2\" content=\"2 minutes\" \/>\n<script type=\"application\/ld+json\" class=\"yoast-schema-graph\">{\"@context\":\"https:\\\/\\\/schema.org\",\"@graph\":[{\"@type\":\"Article\",\"@id\":\"https:\\\/\\\/www.bellunopress.it\\\/2009\\\/07\\\/07\\\/un-comitato-di-sorveglianza-sulloccupazione-a-proporlo-e-il-gruppo-consiliare-innovamel\\\/#article\",\"isPartOf\":{\"@id\":\"https:\\\/\\\/www.bellunopress.it\\\/2009\\\/07\\\/07\\\/un-comitato-di-sorveglianza-sulloccupazione-a-proporlo-e-il-gruppo-consiliare-innovamel\\\/\"},\"author\":{\"name\":\"redazione\",\"@id\":\"https:\\\/\\\/www.bellunopress.it\\\/#\\\/schema\\\/person\\\/79bb06722b37ece1c03d3e94beb30d73\"},\"headline\":\"Un comitato di sorveglianza sull&#8217;occupazione, a proporlo \u00e8 il gruppo consiliare InnovaMel\",\"datePublished\":\"2009-07-07T06:33:44+00:00\",\"mainEntityOfPage\":{\"@id\":\"https:\\\/\\\/www.bellunopress.it\\\/2009\\\/07\\\/07\\\/un-comitato-di-sorveglianza-sulloccupazione-a-proporlo-e-il-gruppo-consiliare-innovamel\\\/\"},\"wordCount\":388,\"publisher\":{\"@id\":\"https:\\\/\\\/www.bellunopress.it\\\/#organization\"},\"keywords\":[\"Belluno\"],\"articleSection\":[\"Cronaca\\\/Politica\",\"Prima Pagina\"],\"inLanguage\":\"fr-FR\"},{\"@type\":\"WebPage\",\"@id\":\"https:\\\/\\\/www.bellunopress.it\\\/2009\\\/07\\\/07\\\/un-comitato-di-sorveglianza-sulloccupazione-a-proporlo-e-il-gruppo-consiliare-innovamel\\\/\",\"url\":\"https:\\\/\\\/www.bellunopress.it\\\/2009\\\/07\\\/07\\\/un-comitato-di-sorveglianza-sulloccupazione-a-proporlo-e-il-gruppo-consiliare-innovamel\\\/\",\"name\":\"Un comitato di sorveglianza sull'occupazione, a proporlo \u00e8 il gruppo consiliare InnovaMel - Bellunopress - Dolomiti\",\"isPartOf\":{\"@id\":\"https:\\\/\\\/www.bellunopress.it\\\/#website\"},\"datePublished\":\"2009-07-07T06:33:44+00:00\",\"breadcrumb\":{\"@id\":\"https:\\\/\\\/www.bellunopress.it\\\/2009\\\/07\\\/07\\\/un-comitato-di-sorveglianza-sulloccupazione-a-proporlo-e-il-gruppo-consiliare-innovamel\\\/#breadcrumb\"},\"inLanguage\":\"fr-FR\",\"potentialAction\":[{\"@type\":\"ReadAction\",\"target\":[\"https:\\\/\\\/www.bellunopress.it\\\/2009\\\/07\\\/07\\\/un-comitato-di-sorveglianza-sulloccupazione-a-proporlo-e-il-gruppo-consiliare-innovamel\\\/\"]}]},{\"@type\":\"BreadcrumbList\",\"@id\":\"https:\\\/\\\/www.bellunopress.it\\\/2009\\\/07\\\/07\\\/un-comitato-di-sorveglianza-sulloccupazione-a-proporlo-e-il-gruppo-consiliare-innovamel\\\/#breadcrumb\",\"itemListElement\":[{\"@type\":\"ListItem\",\"position\":1,\"name\":\"Home\",\"item\":\"https:\\\/\\\/www.bellunopress.it\\\/\"},{\"@type\":\"ListItem\",\"position\":2,\"name\":\"Un comitato di sorveglianza sull&#8217;occupazione, a proporlo \u00e8 il gruppo consiliare InnovaMel\"}]},{\"@type\":\"WebSite\",\"@id\":\"https:\\\/\\\/www.bellunopress.it\\\/#website\",\"url\":\"https:\\\/\\\/www.bellunopress.it\\\/\",\"name\":\"Bellunopress - Dolomiti\",\"description\":\"e-mail: redazione@bellunopress.it\",\"publisher\":{\"@id\":\"https:\\\/\\\/www.bellunopress.it\\\/#organization\"},\"potentialAction\":[{\"@type\":\"SearchAction\",\"target\":{\"@type\":\"EntryPoint\",\"urlTemplate\":\"https:\\\/\\\/www.bellunopress.it\\\/?s={search_term_string}\"},\"query-input\":{\"@type\":\"PropertyValueSpecification\",\"valueRequired\":true,\"valueName\":\"search_term_string\"}}],\"inLanguage\":\"fr-FR\"},{\"@type\":\"Organization\",\"@id\":\"https:\\\/\\\/www.bellunopress.it\\\/#organization\",\"name\":\"Bellunopress\",\"url\":\"https:\\\/\\\/www.bellunopress.it\\\/\",\"logo\":{\"@type\":\"ImageObject\",\"inLanguage\":\"fr-FR\",\"@id\":\"https:\\\/\\\/www.bellunopress.it\\\/#\\\/schema\\\/logo\\\/image\\\/\",\"url\":\"https:\\\/\\\/www.bellunopress.it\\\/wp-content\\\/uploads\\\/2011\\\/05\\\/cropped-logo-bellunopress-.jpg\",\"contentUrl\":\"https:\\\/\\\/www.bellunopress.it\\\/wp-content\\\/uploads\\\/2011\\\/05\\\/cropped-logo-bellunopress-.jpg\",\"width\":512,\"height\":512,\"caption\":\"Bellunopress\"},\"image\":{\"@id\":\"https:\\\/\\\/www.bellunopress.it\\\/#\\\/schema\\\/logo\\\/image\\\/\"},\"sameAs\":[\"https:\\\/\\\/www.facebook.com\\\/profile.php?id=100008943462799\",\"https:\\\/\\\/x.com\\\/bellunopress\",\"https:\\\/\\\/www.linkedin.com\\\/hp\\\/?dnr=JBzUWaJfMUw8vbXJJ2tVW5-I3jZKvC4wsoxE&amp;amp;amp;amp;amp;amp;trk=nav_responsive_tab_home\",\"https:\\\/\\\/www.youtube.com\\\/channel\\\/UCxL0wu1uN0_3_7hGG0306cw\"]},{\"@type\":\"Person\",\"@id\":\"https:\\\/\\\/www.bellunopress.it\\\/#\\\/schema\\\/person\\\/79bb06722b37ece1c03d3e94beb30d73\",\"name\":\"redazione\",\"image\":{\"@type\":\"ImageObject\",\"inLanguage\":\"fr-FR\",\"@id\":\"https:\\\/\\\/secure.gravatar.com\\\/avatar\\\/37d968a2e67a6fd04c169c4bdef102d0bc5d31b2546345219e348575eb80e9a0?s=96&d=mm&r=g\",\"url\":\"https:\\\/\\\/secure.gravatar.com\\\/avatar\\\/37d968a2e67a6fd04c169c4bdef102d0bc5d31b2546345219e348575eb80e9a0?s=96&d=mm&r=g\",\"contentUrl\":\"https:\\\/\\\/secure.gravatar.com\\\/avatar\\\/37d968a2e67a6fd04c169c4bdef102d0bc5d31b2546345219e348575eb80e9a0?s=96&d=mm&r=g\",\"caption\":\"redazione\"},\"sameAs\":[\"http:\\\/\\\/www.bellunopress.it\",\"https:\\\/\\\/x.com\\\/bellunopress\"],\"url\":\"https:\\\/\\\/www.bellunopress.it\\\/fr\\\/author\\\/redazione\\\/\"}]}<\/script>\n<!-- \/ Yoast SEO plugin. -->","yoast_head_json":{"title":"Un comitato di sorveglianza sull'occupazione, a proporlo \u00e8 il gruppo consiliare InnovaMel - Bellunopress - Dolomiti","robots":{"index":"index","follow":"follow","max-snippet":"max-snippet:-1","max-image-preview":"max-image-preview:large","max-video-preview":"max-video-preview:-1"},"canonical":"https:\/\/www.bellunopress.it\/fr\/2009\/07\/07\/un-comitato-di-sorveglianza-sulloccupazione-a-proporlo-e-il-gruppo-consiliare-innovamel\/","og_locale":"fr_FR","og_type":"article","og_title":"Un comitato di sorveglianza sull'occupazione, a proporlo \u00e8 il gruppo consiliare InnovaMel - Bellunopress - Dolomiti","og_description":"Innovamel, gruppo che si \u00e8 presentato alle recenti elezioni comunali di Mel, raggiungendo circa il 43% dei consensi zumellesi, con 4 consiglieri eletti in Consiglio Comunale, che annoverava dentro la propria lista civica, operai e impiegati dello stabilimento di Trichiana, esprime solidariet\u00e0 a tutti i lavoratori dell\u2019Ideal Standard per gli annunci preoccupanti del ricorso alla [&hellip;]","og_url":"https:\/\/www.bellunopress.it\/fr\/2009\/07\/07\/un-comitato-di-sorveglianza-sulloccupazione-a-proporlo-e-il-gruppo-consiliare-innovamel\/","og_site_name":"Bellunopress - Dolomiti","article_publisher":"https:\/\/www.facebook.com\/profile.php?id=100008943462799","article_published_time":"2009-07-07T06:33:44+00:00","og_image":[{"url":"http:\/\/www.bellunopress.it\/wp-content\/uploads\/2012\/07\/logo-bellunopress-250x250-2012.jpg","type":"","width":"","height":""}],"author":"redazione","twitter_card":"summary_large_image","twitter_creator":"@bellunopress","twitter_site":"@bellunopress","twitter_misc":{"\u00c9crit par":"redazione","Dur\u00e9e de lecture estim\u00e9e":"2 minutes"},"schema":{"@context":"https:\/\/schema.org","@graph":[{"@type":"Article","@id":"https:\/\/www.bellunopress.it\/2009\/07\/07\/un-comitato-di-sorveglianza-sulloccupazione-a-proporlo-e-il-gruppo-consiliare-innovamel\/#article","isPartOf":{"@id":"https:\/\/www.bellunopress.it\/2009\/07\/07\/un-comitato-di-sorveglianza-sulloccupazione-a-proporlo-e-il-gruppo-consiliare-innovamel\/"},"author":{"name":"redazione","@id":"https:\/\/www.bellunopress.it\/#\/schema\/person\/79bb06722b37ece1c03d3e94beb30d73"},"headline":"Un comitato di sorveglianza sull&#8217;occupazione, a proporlo \u00e8 il gruppo consiliare InnovaMel","datePublished":"2009-07-07T06:33:44+00:00","mainEntityOfPage":{"@id":"https:\/\/www.bellunopress.it\/2009\/07\/07\/un-comitato-di-sorveglianza-sulloccupazione-a-proporlo-e-il-gruppo-consiliare-innovamel\/"},"wordCount":388,"publisher":{"@id":"https:\/\/www.bellunopress.it\/#organization"},"keywords":["Belluno"],"articleSection":["Cronaca\/Politica","Prima Pagina"],"inLanguage":"fr-FR"},{"@type":"WebPage","@id":"https:\/\/www.bellunopress.it\/2009\/07\/07\/un-comitato-di-sorveglianza-sulloccupazione-a-proporlo-e-il-gruppo-consiliare-innovamel\/","url":"https:\/\/www.bellunopress.it\/2009\/07\/07\/un-comitato-di-sorveglianza-sulloccupazione-a-proporlo-e-il-gruppo-consiliare-innovamel\/","name":"Un comitato di sorveglianza sull'occupazione, a proporlo \u00e8 il gruppo consiliare InnovaMel - Bellunopress - Dolomiti","isPartOf":{"@id":"https:\/\/www.bellunopress.it\/#website"},"datePublished":"2009-07-07T06:33:44+00:00","breadcrumb":{"@id":"https:\/\/www.bellunopress.it\/2009\/07\/07\/un-comitato-di-sorveglianza-sulloccupazione-a-proporlo-e-il-gruppo-consiliare-innovamel\/#breadcrumb"},"inLanguage":"fr-FR","potentialAction":[{"@type":"ReadAction","target":["https:\/\/www.bellunopress.it\/2009\/07\/07\/un-comitato-di-sorveglianza-sulloccupazione-a-proporlo-e-il-gruppo-consiliare-innovamel\/"]}]},{"@type":"BreadcrumbList","@id":"https:\/\/www.bellunopress.it\/2009\/07\/07\/un-comitato-di-sorveglianza-sulloccupazione-a-proporlo-e-il-gruppo-consiliare-innovamel\/#breadcrumb","itemListElement":[{"@type":"ListItem","position":1,"name":"Home","item":"https:\/\/www.bellunopress.it\/"},{"@type":"ListItem","position":2,"name":"Un comitato di sorveglianza sull&#8217;occupazione, a proporlo \u00e8 il gruppo consiliare InnovaMel"}]},{"@type":"WebSite","@id":"https:\/\/www.bellunopress.it\/#website","url":"https:\/\/www.bellunopress.it\/","name":"Bellunopress - Dolomiti","description":"e-mail: redazione@bellunopress.it","publisher":{"@id":"https:\/\/www.bellunopress.it\/#organization"},"potentialAction":[{"@type":"SearchAction","target":{"@type":"EntryPoint","urlTemplate":"https:\/\/www.bellunopress.it\/?s={search_term_string}"},"query-input":{"@type":"PropertyValueSpecification","valueRequired":true,"valueName":"search_term_string"}}],"inLanguage":"fr-FR"},{"@type":"Organization","@id":"https:\/\/www.bellunopress.it\/#organization","name":"Bellunopress","url":"https:\/\/www.bellunopress.it\/","logo":{"@type":"ImageObject","inLanguage":"fr-FR","@id":"https:\/\/www.bellunopress.it\/#\/schema\/logo\/image\/","url":"https:\/\/www.bellunopress.it\/wp-content\/uploads\/2011\/05\/cropped-logo-bellunopress-.jpg","contentUrl":"https:\/\/www.bellunopress.it\/wp-content\/uploads\/2011\/05\/cropped-logo-bellunopress-.jpg","width":512,"height":512,"caption":"Bellunopress"},"image":{"@id":"https:\/\/www.bellunopress.it\/#\/schema\/logo\/image\/"},"sameAs":["https:\/\/www.facebook.com\/profile.php?id=100008943462799","https:\/\/x.com\/bellunopress","https:\/\/www.linkedin.com\/hp\/?dnr=JBzUWaJfMUw8vbXJJ2tVW5-I3jZKvC4wsoxE&amp;amp;amp;amp;amp;amp;trk=nav_responsive_tab_home","https:\/\/www.youtube.com\/channel\/UCxL0wu1uN0_3_7hGG0306cw"]},{"@type":"Person","@id":"https:\/\/www.bellunopress.it\/#\/schema\/person\/79bb06722b37ece1c03d3e94beb30d73","name":"r\u00e9daction","image":{"@type":"ImageObject","inLanguage":"fr-FR","@id":"https:\/\/secure.gravatar.com\/avatar\/37d968a2e67a6fd04c169c4bdef102d0bc5d31b2546345219e348575eb80e9a0?s=96&d=mm&r=g","url":"https:\/\/secure.gravatar.com\/avatar\/37d968a2e67a6fd04c169c4bdef102d0bc5d31b2546345219e348575eb80e9a0?s=96&d=mm&r=g","contentUrl":"https:\/\/secure.gravatar.com\/avatar\/37d968a2e67a6fd04c169c4bdef102d0bc5d31b2546345219e348575eb80e9a0?s=96&d=mm&r=g","caption":"redazione"},"sameAs":["http:\/\/www.bellunopress.it","https:\/\/x.com\/bellunopress"],"url":"https:\/\/www.bellunopress.it\/fr\/author\/redazione\/"}]}},"_links":{"self":[{"href":"https:\/\/www.bellunopress.it\/fr\/wp-json\/wp\/v2\/posts\/5685","targetHints":{"allow":["GET"]}}],"collection":[{"href":"https:\/\/www.bellunopress.it\/fr\/wp-json\/wp\/v2\/posts"}],"about":[{"href":"https:\/\/www.bellunopress.it\/fr\/wp-json\/wp\/v2\/types\/post"}],"author":[{"embeddable":true,"href":"https:\/\/www.bellunopress.it\/fr\/wp-json\/wp\/v2\/users\/2"}],"replies":[{"embeddable":true,"href":"https:\/\/www.bellunopress.it\/fr\/wp-json\/wp\/v2\/comments?post=5685"}],"version-history":[{"count":1,"href":"https:\/\/www.bellunopress.it\/fr\/wp-json\/wp\/v2\/posts\/5685\/revisions"}],"predecessor-version":[{"id":5686,"href":"https:\/\/www.bellunopress.it\/fr\/wp-json\/wp\/v2\/posts\/5685\/revisions\/5686"}],"wp:attachment":[{"href":"https:\/\/www.bellunopress.it\/fr\/wp-json\/wp\/v2\/media?parent=5685"}],"wp:term":[{"taxonomy":"category","embeddable":true,"href":"https:\/\/www.bellunopress.it\/fr\/wp-json\/wp\/v2\/categories?post=5685"},{"taxonomy":"post_tag","embeddable":true,"href":"https:\/\/www.bellunopress.it\/fr\/wp-json\/wp\/v2\/tags?post=5685"}],"curies":[{"name":"wp","href":"https:\/\/api.w.org\/{rel}","templated":true}]}}