{"id":5683,"date":"2009-07-07T07:25:20","date_gmt":"2009-07-07T06:25:20","guid":{"rendered":"http:\/\/www.bellunopress.it\/?p=5683"},"modified":"2009-07-07T07:25:20","modified_gmt":"2009-07-07T06:25:20","slug":"marchio-di-qualita-alle-imprese-alberghiere-via-al-bando-2010","status":"publish","type":"post","link":"https:\/\/www.bellunopress.it\/fr\/2009\/07\/07\/marchio-di-qualita-alle-imprese-alberghiere-via-al-bando-2010\/","title":{"rendered":"Marchio di qualit\u00e0 alle imprese alberghiere, via al bando 2010"},"content":{"rendered":"<p><a href=\"http:\/\/www.bellunopress.it\/wp-content\/uploads\/2009\/03\/camera-commercio1.jpg\"><img loading=\"lazy\" decoding=\"async\" class=\"alignleft size-medium wp-image-1489\" title=\"camera-commercio1\" src=\"http:\/\/www.bellunopress.it\/wp-content\/uploads\/2009\/03\/camera-commercio1.jpg\" alt=\"\" width=\"100\" height=\"100\" \/><\/a>La Camera di Commercio di Belluno, nel quadro delle proprie competenze in materia di qualit\u00e0 nel settore turistico, giunta alla dodicesima\u00a0 edizione ripropone anche per l&#8217;anno 2010\u00a0 l&#8217;assegnazione\u00a0 del Marchio di Qualit\u00e0 per le Imprese Alberghiere agli Operatori che ne faranno richiesta. Un Marchio \u201ca tutela dell\u2019Ospite \u201c\u00a0 e\u00a0 \u201cgaranzia della Qualit\u00e0 del servizio alberghiero&#8221; che non sostituisce la classificazione alberghiera, ma vi si affianca quale ulteriore elemento distintivo. Sono ammesse alla selezione per l\u2019assegnazione ex novo\u00a0 le strutture alberghiere operanti in provincia di Belluno che non hanno partecipato alla precedente edizione o non sono state ritenute idonee,\u00a0 se in possesso dei requisiti previsti dal Bando, classificate con 3, 4, 5 stelle e 5 stelle L.. Per ottenere l\u2019assegnazione del Marchio\u00a0 le Imprese Alberghiere della Provincia di Belluno potranno inoltrare domanda alla Camera di Commercio nel periodo compreso tra\u00a0 il 7 ed il 31 luglio 2009<br \/>\nTesto del bando\u00a0 e\u00a0 schema della domanda\u00a0 di partecipazione\u00a0 sono rilevabili al sito <a href=\"http:\/\/www.bl.camcom.it\">www.bl.camcom.it<\/a><br \/>\nPer ogni informazione le Imprese interessate sono invitate a contattare il\u00a0 Servizio Affari Economici e Promozionali \u2013 dott.ssa Elena Zambelli \u2013 tel. 0437 955140 \u2013 955139 \u2013<\/p>","protected":false},"excerpt":{"rendered":"<p>La Camera di Commercio di Belluno, nel quadro delle proprie competenze in materia di qualit\u00e0 nel settore turistico, giunta alla dodicesima\u00a0 edizione ripropone anche per l&#8217;anno 2010\u00a0 l&#8217;assegnazione\u00a0 del Marchio di Qualit\u00e0 per le Imprese Alberghiere agli Operatori che ne faranno richiesta. Un Marchio \u201ca tutela dell\u2019Ospite \u201c\u00a0 e\u00a0 \u201cgaranzia della Qualit\u00e0 del servizio alberghiero&#8221; [&hellip;]<\/p>\n","protected":false},"author":2,"featured_media":0,"comment_status":"closed","ping_status":"open","sticky":false,"template":"","format":"standard","meta":{"footnotes":""},"categories":[36,26],"tags":[139],"class_list":["post-5683","post","type-post","status-publish","format-standard","category-lavoro-economia","category-prima-pagina","tag-belluno"],"yoast_head":"<!-- This site is optimized with the Yoast SEO plugin v28.4 - https:\/\/yoast.com\/product\/yoast-seo-wordpress\/ -->\n<title>Marchio di qualit\u00e0 alle imprese alberghiere, via al bando 2010 - Bellunopress - Dolomiti<\/title>\n<meta name=\"robots\" content=\"index, follow, max-snippet:-1, max-image-preview:large, max-video-preview:-1\" \/>\n<link rel=\"canonical\" href=\"https:\/\/www.bellunopress.it\/fr\/2009\/07\/07\/marchio-di-qualita-alle-imprese-alberghiere-via-al-bando-2010\/\" \/>\n<meta property=\"og:locale\" content=\"fr_FR\" \/>\n<meta property=\"og:type\" content=\"article\" \/>\n<meta property=\"og:title\" content=\"Marchio di qualit\u00e0 alle imprese alberghiere, via al bando 2010 - Bellunopress - Dolomiti\" \/>\n<meta property=\"og:description\" content=\"La Camera di Commercio di Belluno, nel quadro delle proprie competenze in materia di qualit\u00e0 nel settore turistico, giunta alla dodicesima\u00a0 edizione ripropone anche per l&#8217;anno 2010\u00a0 l&#8217;assegnazione\u00a0 del Marchio di Qualit\u00e0 per le Imprese Alberghiere agli Operatori che ne faranno richiesta. Un Marchio \u201ca tutela dell\u2019Ospite \u201c\u00a0 e\u00a0 \u201cgaranzia della Qualit\u00e0 del servizio alberghiero&#8221; [&hellip;]\" \/>\n<meta property=\"og:url\" content=\"https:\/\/www.bellunopress.it\/fr\/2009\/07\/07\/marchio-di-qualita-alle-imprese-alberghiere-via-al-bando-2010\/\" \/>\n<meta property=\"og:site_name\" content=\"Bellunopress - Dolomiti\" \/>\n<meta property=\"article:publisher\" content=\"https:\/\/www.facebook.com\/profile.php?id=100008943462799\" \/>\n<meta property=\"article:published_time\" content=\"2009-07-07T06:25:20+00:00\" \/>\n<meta property=\"og:image\" content=\"http:\/\/www.bellunopress.it\/wp-content\/uploads\/2009\/03\/camera-commercio1.jpg\" \/>\n<meta name=\"author\" content=\"redazione\" \/>\n<meta name=\"twitter:card\" content=\"summary_large_image\" \/>\n<meta name=\"twitter:creator\" content=\"@bellunopress\" \/>\n<meta name=\"twitter:site\" content=\"@bellunopress\" \/>\n<meta name=\"twitter:label1\" content=\"\u00c9crit par\" \/>\n\t<meta name=\"twitter:data1\" content=\"redazione\" \/>\n\t<meta name=\"twitter:label2\" content=\"Dur\u00e9e de lecture estim\u00e9e\" \/>\n\t<meta name=\"twitter:data2\" content=\"1 minute\" \/>\n<script type=\"application\/ld+json\" class=\"yoast-schema-graph\">{\"@context\":\"https:\\\/\\\/schema.org\",\"@graph\":[{\"@type\":\"Article\",\"@id\":\"https:\\\/\\\/www.bellunopress.it\\\/2009\\\/07\\\/07\\\/marchio-di-qualita-alle-imprese-alberghiere-via-al-bando-2010\\\/#article\",\"isPartOf\":{\"@id\":\"https:\\\/\\\/www.bellunopress.it\\\/2009\\\/07\\\/07\\\/marchio-di-qualita-alle-imprese-alberghiere-via-al-bando-2010\\\/\"},\"author\":{\"name\":\"redazione\",\"@id\":\"https:\\\/\\\/www.bellunopress.it\\\/#\\\/schema\\\/person\\\/79bb06722b37ece1c03d3e94beb30d73\"},\"headline\":\"Marchio di qualit\u00e0 alle imprese alberghiere, via al bando 2010\",\"datePublished\":\"2009-07-07T06:25:20+00:00\",\"mainEntityOfPage\":{\"@id\":\"https:\\\/\\\/www.bellunopress.it\\\/2009\\\/07\\\/07\\\/marchio-di-qualita-alle-imprese-alberghiere-via-al-bando-2010\\\/\"},\"wordCount\":189,\"publisher\":{\"@id\":\"https:\\\/\\\/www.bellunopress.it\\\/#organization\"},\"image\":{\"@id\":\"https:\\\/\\\/www.bellunopress.it\\\/2009\\\/07\\\/07\\\/marchio-di-qualita-alle-imprese-alberghiere-via-al-bando-2010\\\/#primaryimage\"},\"thumbnailUrl\":\"http:\\\/\\\/www.bellunopress.it\\\/wp-content\\\/uploads\\\/2009\\\/03\\\/camera-commercio1.jpg\",\"keywords\":[\"Belluno\"],\"articleSection\":[\"Lavoro, Economia, Turismo\",\"Prima Pagina\"],\"inLanguage\":\"fr-FR\"},{\"@type\":\"WebPage\",\"@id\":\"https:\\\/\\\/www.bellunopress.it\\\/2009\\\/07\\\/07\\\/marchio-di-qualita-alle-imprese-alberghiere-via-al-bando-2010\\\/\",\"url\":\"https:\\\/\\\/www.bellunopress.it\\\/2009\\\/07\\\/07\\\/marchio-di-qualita-alle-imprese-alberghiere-via-al-bando-2010\\\/\",\"name\":\"Marchio di qualit\u00e0 alle imprese alberghiere, via al bando 2010 - Bellunopress - Dolomiti\",\"isPartOf\":{\"@id\":\"https:\\\/\\\/www.bellunopress.it\\\/#website\"},\"primaryImageOfPage\":{\"@id\":\"https:\\\/\\\/www.bellunopress.it\\\/2009\\\/07\\\/07\\\/marchio-di-qualita-alle-imprese-alberghiere-via-al-bando-2010\\\/#primaryimage\"},\"image\":{\"@id\":\"https:\\\/\\\/www.bellunopress.it\\\/2009\\\/07\\\/07\\\/marchio-di-qualita-alle-imprese-alberghiere-via-al-bando-2010\\\/#primaryimage\"},\"thumbnailUrl\":\"http:\\\/\\\/www.bellunopress.it\\\/wp-content\\\/uploads\\\/2009\\\/03\\\/camera-commercio1.jpg\",\"datePublished\":\"2009-07-07T06:25:20+00:00\",\"breadcrumb\":{\"@id\":\"https:\\\/\\\/www.bellunopress.it\\\/2009\\\/07\\\/07\\\/marchio-di-qualita-alle-imprese-alberghiere-via-al-bando-2010\\\/#breadcrumb\"},\"inLanguage\":\"fr-FR\",\"potentialAction\":[{\"@type\":\"ReadAction\",\"target\":[\"https:\\\/\\\/www.bellunopress.it\\\/2009\\\/07\\\/07\\\/marchio-di-qualita-alle-imprese-alberghiere-via-al-bando-2010\\\/\"]}]},{\"@type\":\"ImageObject\",\"inLanguage\":\"fr-FR\",\"@id\":\"https:\\\/\\\/www.bellunopress.it\\\/2009\\\/07\\\/07\\\/marchio-di-qualita-alle-imprese-alberghiere-via-al-bando-2010\\\/#primaryimage\",\"url\":\"http:\\\/\\\/www.bellunopress.it\\\/wp-content\\\/uploads\\\/2009\\\/03\\\/camera-commercio1.jpg\",\"contentUrl\":\"http:\\\/\\\/www.bellunopress.it\\\/wp-content\\\/uploads\\\/2009\\\/03\\\/camera-commercio1.jpg\"},{\"@type\":\"BreadcrumbList\",\"@id\":\"https:\\\/\\\/www.bellunopress.it\\\/2009\\\/07\\\/07\\\/marchio-di-qualita-alle-imprese-alberghiere-via-al-bando-2010\\\/#breadcrumb\",\"itemListElement\":[{\"@type\":\"ListItem\",\"position\":1,\"name\":\"Home\",\"item\":\"https:\\\/\\\/www.bellunopress.it\\\/\"},{\"@type\":\"ListItem\",\"position\":2,\"name\":\"Marchio di qualit\u00e0 alle imprese alberghiere, via al bando 2010\"}]},{\"@type\":\"WebSite\",\"@id\":\"https:\\\/\\\/www.bellunopress.it\\\/#website\",\"url\":\"https:\\\/\\\/www.bellunopress.it\\\/\",\"name\":\"Bellunopress - Dolomiti\",\"description\":\"e-mail: redazione@bellunopress.it\",\"publisher\":{\"@id\":\"https:\\\/\\\/www.bellunopress.it\\\/#organization\"},\"potentialAction\":[{\"@type\":\"SearchAction\",\"target\":{\"@type\":\"EntryPoint\",\"urlTemplate\":\"https:\\\/\\\/www.bellunopress.it\\\/?s={search_term_string}\"},\"query-input\":{\"@type\":\"PropertyValueSpecification\",\"valueRequired\":true,\"valueName\":\"search_term_string\"}}],\"inLanguage\":\"fr-FR\"},{\"@type\":\"Organization\",\"@id\":\"https:\\\/\\\/www.bellunopress.it\\\/#organization\",\"name\":\"Bellunopress\",\"url\":\"https:\\\/\\\/www.bellunopress.it\\\/\",\"logo\":{\"@type\":\"ImageObject\",\"inLanguage\":\"fr-FR\",\"@id\":\"https:\\\/\\\/www.bellunopress.it\\\/#\\\/schema\\\/logo\\\/image\\\/\",\"url\":\"https:\\\/\\\/www.bellunopress.it\\\/wp-content\\\/uploads\\\/2011\\\/05\\\/cropped-logo-bellunopress-.jpg\",\"contentUrl\":\"https:\\\/\\\/www.bellunopress.it\\\/wp-content\\\/uploads\\\/2011\\\/05\\\/cropped-logo-bellunopress-.jpg\",\"width\":512,\"height\":512,\"caption\":\"Bellunopress\"},\"image\":{\"@id\":\"https:\\\/\\\/www.bellunopress.it\\\/#\\\/schema\\\/logo\\\/image\\\/\"},\"sameAs\":[\"https:\\\/\\\/www.facebook.com\\\/profile.php?id=100008943462799\",\"https:\\\/\\\/x.com\\\/bellunopress\",\"https:\\\/\\\/www.linkedin.com\\\/hp\\\/?dnr=JBzUWaJfMUw8vbXJJ2tVW5-I3jZKvC4wsoxE&amp;amp;amp;amp;amp;amp;trk=nav_responsive_tab_home\",\"https:\\\/\\\/www.youtube.com\\\/channel\\\/UCxL0wu1uN0_3_7hGG0306cw\"]},{\"@type\":\"Person\",\"@id\":\"https:\\\/\\\/www.bellunopress.it\\\/#\\\/schema\\\/person\\\/79bb06722b37ece1c03d3e94beb30d73\",\"name\":\"redazione\",\"image\":{\"@type\":\"ImageObject\",\"inLanguage\":\"fr-FR\",\"@id\":\"https:\\\/\\\/secure.gravatar.com\\\/avatar\\\/37d968a2e67a6fd04c169c4bdef102d0bc5d31b2546345219e348575eb80e9a0?s=96&d=mm&r=g\",\"url\":\"https:\\\/\\\/secure.gravatar.com\\\/avatar\\\/37d968a2e67a6fd04c169c4bdef102d0bc5d31b2546345219e348575eb80e9a0?s=96&d=mm&r=g\",\"contentUrl\":\"https:\\\/\\\/secure.gravatar.com\\\/avatar\\\/37d968a2e67a6fd04c169c4bdef102d0bc5d31b2546345219e348575eb80e9a0?s=96&d=mm&r=g\",\"caption\":\"redazione\"},\"sameAs\":[\"http:\\\/\\\/www.bellunopress.it\",\"https:\\\/\\\/x.com\\\/bellunopress\"],\"url\":\"https:\\\/\\\/www.bellunopress.it\\\/fr\\\/author\\\/redazione\\\/\"}]}<\/script>\n<!-- \/ Yoast SEO plugin. -->","yoast_head_json":{"title":"Marchio di qualit\u00e0 alle imprese alberghiere, via al bando 2010 - Bellunopress - Dolomiti","robots":{"index":"index","follow":"follow","max-snippet":"max-snippet:-1","max-image-preview":"max-image-preview:large","max-video-preview":"max-video-preview:-1"},"canonical":"https:\/\/www.bellunopress.it\/fr\/2009\/07\/07\/marchio-di-qualita-alle-imprese-alberghiere-via-al-bando-2010\/","og_locale":"fr_FR","og_type":"article","og_title":"Marchio di qualit\u00e0 alle imprese alberghiere, via al bando 2010 - Bellunopress - Dolomiti","og_description":"La Camera di Commercio di Belluno, nel quadro delle proprie competenze in materia di qualit\u00e0 nel settore turistico, giunta alla dodicesima\u00a0 edizione ripropone anche per l&#8217;anno 2010\u00a0 l&#8217;assegnazione\u00a0 del Marchio di Qualit\u00e0 per le Imprese Alberghiere agli Operatori che ne faranno richiesta. Un Marchio \u201ca tutela dell\u2019Ospite \u201c\u00a0 e\u00a0 \u201cgaranzia della Qualit\u00e0 del servizio alberghiero&#8221; [&hellip;]","og_url":"https:\/\/www.bellunopress.it\/fr\/2009\/07\/07\/marchio-di-qualita-alle-imprese-alberghiere-via-al-bando-2010\/","og_site_name":"Bellunopress - Dolomiti","article_publisher":"https:\/\/www.facebook.com\/profile.php?id=100008943462799","article_published_time":"2009-07-07T06:25:20+00:00","og_image":[{"url":"http:\/\/www.bellunopress.it\/wp-content\/uploads\/2009\/03\/camera-commercio1.jpg","type":"","width":"","height":""}],"author":"redazione","twitter_card":"summary_large_image","twitter_creator":"@bellunopress","twitter_site":"@bellunopress","twitter_misc":{"\u00c9crit par":"redazione","Dur\u00e9e de lecture estim\u00e9e":"1 minute"},"schema":{"@context":"https:\/\/schema.org","@graph":[{"@type":"Article","@id":"https:\/\/www.bellunopress.it\/2009\/07\/07\/marchio-di-qualita-alle-imprese-alberghiere-via-al-bando-2010\/#article","isPartOf":{"@id":"https:\/\/www.bellunopress.it\/2009\/07\/07\/marchio-di-qualita-alle-imprese-alberghiere-via-al-bando-2010\/"},"author":{"name":"redazione","@id":"https:\/\/www.bellunopress.it\/#\/schema\/person\/79bb06722b37ece1c03d3e94beb30d73"},"headline":"Marchio di qualit\u00e0 alle imprese alberghiere, via al bando 2010","datePublished":"2009-07-07T06:25:20+00:00","mainEntityOfPage":{"@id":"https:\/\/www.bellunopress.it\/2009\/07\/07\/marchio-di-qualita-alle-imprese-alberghiere-via-al-bando-2010\/"},"wordCount":189,"publisher":{"@id":"https:\/\/www.bellunopress.it\/#organization"},"image":{"@id":"https:\/\/www.bellunopress.it\/2009\/07\/07\/marchio-di-qualita-alle-imprese-alberghiere-via-al-bando-2010\/#primaryimage"},"thumbnailUrl":"http:\/\/www.bellunopress.it\/wp-content\/uploads\/2009\/03\/camera-commercio1.jpg","keywords":["Belluno"],"articleSection":["Lavoro, Economia, Turismo","Prima Pagina"],"inLanguage":"fr-FR"},{"@type":"WebPage","@id":"https:\/\/www.bellunopress.it\/2009\/07\/07\/marchio-di-qualita-alle-imprese-alberghiere-via-al-bando-2010\/","url":"https:\/\/www.bellunopress.it\/2009\/07\/07\/marchio-di-qualita-alle-imprese-alberghiere-via-al-bando-2010\/","name":"Marchio di qualit\u00e0 alle imprese alberghiere, via al bando 2010 - Bellunopress - Dolomiti","isPartOf":{"@id":"https:\/\/www.bellunopress.it\/#website"},"primaryImageOfPage":{"@id":"https:\/\/www.bellunopress.it\/2009\/07\/07\/marchio-di-qualita-alle-imprese-alberghiere-via-al-bando-2010\/#primaryimage"},"image":{"@id":"https:\/\/www.bellunopress.it\/2009\/07\/07\/marchio-di-qualita-alle-imprese-alberghiere-via-al-bando-2010\/#primaryimage"},"thumbnailUrl":"http:\/\/www.bellunopress.it\/wp-content\/uploads\/2009\/03\/camera-commercio1.jpg","datePublished":"2009-07-07T06:25:20+00:00","breadcrumb":{"@id":"https:\/\/www.bellunopress.it\/2009\/07\/07\/marchio-di-qualita-alle-imprese-alberghiere-via-al-bando-2010\/#breadcrumb"},"inLanguage":"fr-FR","potentialAction":[{"@type":"ReadAction","target":["https:\/\/www.bellunopress.it\/2009\/07\/07\/marchio-di-qualita-alle-imprese-alberghiere-via-al-bando-2010\/"]}]},{"@type":"ImageObject","inLanguage":"fr-FR","@id":"https:\/\/www.bellunopress.it\/2009\/07\/07\/marchio-di-qualita-alle-imprese-alberghiere-via-al-bando-2010\/#primaryimage","url":"http:\/\/www.bellunopress.it\/wp-content\/uploads\/2009\/03\/camera-commercio1.jpg","contentUrl":"http:\/\/www.bellunopress.it\/wp-content\/uploads\/2009\/03\/camera-commercio1.jpg"},{"@type":"BreadcrumbList","@id":"https:\/\/www.bellunopress.it\/2009\/07\/07\/marchio-di-qualita-alle-imprese-alberghiere-via-al-bando-2010\/#breadcrumb","itemListElement":[{"@type":"ListItem","position":1,"name":"Home","item":"https:\/\/www.bellunopress.it\/"},{"@type":"ListItem","position":2,"name":"Marchio di qualit\u00e0 alle imprese alberghiere, via al bando 2010"}]},{"@type":"WebSite","@id":"https:\/\/www.bellunopress.it\/#website","url":"https:\/\/www.bellunopress.it\/","name":"Bellunopress - Dolomiti","description":"e-mail: redazione@bellunopress.it","publisher":{"@id":"https:\/\/www.bellunopress.it\/#organization"},"potentialAction":[{"@type":"SearchAction","target":{"@type":"EntryPoint","urlTemplate":"https:\/\/www.bellunopress.it\/?s={search_term_string}"},"query-input":{"@type":"PropertyValueSpecification","valueRequired":true,"valueName":"search_term_string"}}],"inLanguage":"fr-FR"},{"@type":"Organization","@id":"https:\/\/www.bellunopress.it\/#organization","name":"Bellunopress","url":"https:\/\/www.bellunopress.it\/","logo":{"@type":"ImageObject","inLanguage":"fr-FR","@id":"https:\/\/www.bellunopress.it\/#\/schema\/logo\/image\/","url":"https:\/\/www.bellunopress.it\/wp-content\/uploads\/2011\/05\/cropped-logo-bellunopress-.jpg","contentUrl":"https:\/\/www.bellunopress.it\/wp-content\/uploads\/2011\/05\/cropped-logo-bellunopress-.jpg","width":512,"height":512,"caption":"Bellunopress"},"image":{"@id":"https:\/\/www.bellunopress.it\/#\/schema\/logo\/image\/"},"sameAs":["https:\/\/www.facebook.com\/profile.php?id=100008943462799","https:\/\/x.com\/bellunopress","https:\/\/www.linkedin.com\/hp\/?dnr=JBzUWaJfMUw8vbXJJ2tVW5-I3jZKvC4wsoxE&amp;amp;amp;amp;amp;amp;trk=nav_responsive_tab_home","https:\/\/www.youtube.com\/channel\/UCxL0wu1uN0_3_7hGG0306cw"]},{"@type":"Person","@id":"https:\/\/www.bellunopress.it\/#\/schema\/person\/79bb06722b37ece1c03d3e94beb30d73","name":"r\u00e9daction","image":{"@type":"ImageObject","inLanguage":"fr-FR","@id":"https:\/\/secure.gravatar.com\/avatar\/37d968a2e67a6fd04c169c4bdef102d0bc5d31b2546345219e348575eb80e9a0?s=96&d=mm&r=g","url":"https:\/\/secure.gravatar.com\/avatar\/37d968a2e67a6fd04c169c4bdef102d0bc5d31b2546345219e348575eb80e9a0?s=96&d=mm&r=g","contentUrl":"https:\/\/secure.gravatar.com\/avatar\/37d968a2e67a6fd04c169c4bdef102d0bc5d31b2546345219e348575eb80e9a0?s=96&d=mm&r=g","caption":"redazione"},"sameAs":["http:\/\/www.bellunopress.it","https:\/\/x.com\/bellunopress"],"url":"https:\/\/www.bellunopress.it\/fr\/author\/redazione\/"}]}},"_links":{"self":[{"href":"https:\/\/www.bellunopress.it\/fr\/wp-json\/wp\/v2\/posts\/5683","targetHints":{"allow":["GET"]}}],"collection":[{"href":"https:\/\/www.bellunopress.it\/fr\/wp-json\/wp\/v2\/posts"}],"about":[{"href":"https:\/\/www.bellunopress.it\/fr\/wp-json\/wp\/v2\/types\/post"}],"author":[{"embeddable":true,"href":"https:\/\/www.bellunopress.it\/fr\/wp-json\/wp\/v2\/users\/2"}],"replies":[{"embeddable":true,"href":"https:\/\/www.bellunopress.it\/fr\/wp-json\/wp\/v2\/comments?post=5683"}],"version-history":[{"count":1,"href":"https:\/\/www.bellunopress.it\/fr\/wp-json\/wp\/v2\/posts\/5683\/revisions"}],"predecessor-version":[{"id":5684,"href":"https:\/\/www.bellunopress.it\/fr\/wp-json\/wp\/v2\/posts\/5683\/revisions\/5684"}],"wp:attachment":[{"href":"https:\/\/www.bellunopress.it\/fr\/wp-json\/wp\/v2\/media?parent=5683"}],"wp:term":[{"taxonomy":"category","embeddable":true,"href":"https:\/\/www.bellunopress.it\/fr\/wp-json\/wp\/v2\/categories?post=5683"},{"taxonomy":"post_tag","embeddable":true,"href":"https:\/\/www.bellunopress.it\/fr\/wp-json\/wp\/v2\/tags?post=5683"}],"curies":[{"name":"wp","href":"https:\/\/api.w.org\/{rel}","templated":true}]}}