{"id":5681,"date":"2009-07-07T06:58:05","date_gmt":"2009-07-07T05:58:05","guid":{"rendered":"http:\/\/www.bellunopress.it\/?p=5681"},"modified":"2009-07-07T06:58:05","modified_gmt":"2009-07-07T05:58:05","slug":"parco-nazionale-delle-dolomiti-6000-persone-alla-festa-destate","status":"publish","type":"post","link":"https:\/\/www.bellunopress.it\/fr\/2009\/07\/07\/parco-nazionale-delle-dolomiti-6000-persone-alla-festa-destate\/","title":{"rendered":"Parco Nazionale delle Dolomiti: 6000 persone alla Festa d&#8217;estate"},"content":{"rendered":"<figure id=\"attachment_5142\" aria-describedby=\"caption-attachment-5142\" style=\"width: 270px\" class=\"wp-caption alignleft\"><a href=\"http:\/\/www.bellunopress.it\/wp-content\/uploads\/2009\/06\/da-sx-guido-de-zordo-e-antonio-martino-a-valle-imperina-leggera.jpg\"><img loading=\"lazy\" decoding=\"async\" class=\"size-medium wp-image-5142\" title=\"da-sx-guido-de-zordo-e-antonio-martino-a-valle-imperina-leggera\" src=\"http:\/\/www.bellunopress.it\/wp-content\/uploads\/2009\/06\/da-sx-guido-de-zordo-e-antonio-martino-a-valle-imperina-leggera.jpg\" alt=\"da sx Guido De Zordo e Antonio Martino\" width=\"270\" height=\"251\" \/><\/a><figcaption id=\"caption-attachment-5142\" class=\"wp-caption-text\">da sx Guido De Zordo e Antonio Martino<\/figcaption><\/figure>\n<p>Un vero successo quello che ha caratterizzato la quinta edizione della Festa d\u2019estate al Parco Nazionale Dolomiti Bellunesi. I giardini di Villa Binotto sono stati popolati da circa 6.000 persone che hanno potuto trascorrere un meraviglioso fine settimana all\u2019insegna della natura e dell\u2019allegria. Anche se la pioggia, come sempre in questa strana estate bellunese, non si \u00e8 fatta mancare facendo temere per la riuscita della manifestazione. Sabato un diluvio appena dopo la conclusione dell\u2019animazione per bambini, tanto da far annullare uno spettacolo e spostare quello di Balcanikaos sottoiltendone del ristorante. domenica concontinue minacce ma anche con tanto sole improvviso che nel tardo pomeriggio ha richiamato a Villa Binotto un\u2019autentica folla da grandi occasioni! Tantissime le attivit\u00e0 presentate e tutte hanno riscontrato un successo al di sopra delle aspettative. La Festa d\u2019Estate di quest\u2019anno ha saputo soddisfare tutte le esigenze dei visitatori che hanno varcato i cancelli di Villa Binotto. Tuttavia, i veri protagonisti di quest\u2019edizione sono stati i bambini e le loro famiglie. I bambini hanno avuto un\u2019opportunit\u00e0 unica: quella di imparare a conoscere e rispettare la natura divertendosi. Principale attrazione della domenica sono state le passeggiate a cavallo curate dall\u2019associazione Giacche Verdi in collaborazione con il Corpo Forestale dello Stato. Ma anche gli spettacoli d\u2019animazione curati dal \u201cGruppo Panta Rei\u201d e l\u2019Adventure Park a cura delle \u201cGuide Alpine di Universo Verticale\u201d hanno fatto la loro parte. E\u2019 stato davvero emozionante vedere le file di genitori e ragazzi in fila per arrampicarsi sulla ragnatela di corde stese tra gli alberi della sede del Parco, o \u201cspiare\u201d i tanti genitori che, con la scusa dei figli, erano rapiti dall\u2019osservazione delle api nella loco casa realizzata dagli amici di ApiDolomiti, per non parlare della simpatica confusione creata da Nelso Salton e dai tantissimi bimbi che han liberato la loro energia creativa suonando ongi improbabile strumento a percussione messo a loro disposizione. Tra spettacoli di magia ed emozionanti percorsi avventura \u00e8 arrivata presto la sera. Nel frattempo i genitori non hanno di certo avuto il tempo per annoiarsi, tante sono state le manifestazioni a loro dedicate. A partire dall\u2019incontro per la presentazione della bozza del Piano di Gestione del SIC\/ZPS; procedendo con il dibattito e la campagna di sensibilizzazione dei prodotti agricoli tradizionali che ci copiano nel mondo a cura di Coldiretti, il cui direttore provinciale Ivo Bozzatto ha riscosso un autentico successo illustrando il mondo dei \u201ccloni\u201d non autorizzati dei nostri otimi prodotti agricoli tipici.Ben partecipata anche la conferenza &#8211; dibattito sul tema \u201cIl Rapporto spirituale con la natura\u201d a cura di Carlo Rocco, presidente dell\u2019associazione \u201cLa Via del Cuore\u201d. Durante tutto il fine settimana, moltissime persone hanno visitato il mercatino di \u201cCarta Qualit\u00e0\u201d, dove agricoltori, artigiani, artisti hanno esposto e venduto i prodotti da loro realizzati e che si fregiano del logo del Parco. Inoltre, durante la serata di domenica e in concomitanza con l\u2019Aperitivo Jazz, molti operatori di Carta Qualit\u00e0 hanno messo a disposizione i loro prodotti per assaggi e degustazioni. Pienone anche a mezzogiorno e sera sotto il padiglione gastronomico per assaggiare il Men\u00f9 del Parco, ovvero una ricca scelta di piatti tipici curati dal Ristorante La Casona di Feltre e realizzati con ingredienti provenienti dai quindici Comuni all\u2019interno del Parco. A completare questa parterre di manifestazioni, grande consenso di pubblico ha anche avuto la mostra fotografica \u201cCon-scorrere con l\u2019acqua\u201d, realizzata con le immagini raccolte dagli alunni dell\u2019Istituto Comprensivo Gianni Rodari di Santa Giustina, in collaborazione con l\u2019Associazione di Volontariato \u201cConfini Comuni\u201d, nell\u2019ambito del progetto didattico \u201cLibera e Immagina l\u2019Acqua Libera\u201d volto a fare riscoprire e valorizzare l\u2019elemento acqua come principio fondante del bene comune.Il Presidente del Parco, Guido De Zordo, ha dichiarato: \u201cogni volta che vedo tanta gente nel giardino di Villa Binotto penso che davvero stiamo lavorando nel modo giusto per far si che tutti i bellunesi possano divenire sempre pi\u00f9 i veri protagonisti del Parco\u201d. Il Direttore del Parco, Nino Martino, ha dichiarato: \u201ccredo proprio che Villa Binotto sia il luogo pi\u00f9 adatto alle famiglie ed ai bambini, nel 2010 proporremo un\u2019edizione tutta per loro, lanciando il progetto Equilibri Naturali che \u00e8 teso proprio a portare in natura le famiglie, i ragazzi, i bambini, spegnendo computer e rtelevisione almeno per un giorno!\u201d.<\/p>","protected":false},"excerpt":{"rendered":"<p>Un vero successo quello che ha caratterizzato la quinta edizione della Festa d\u2019estate al Parco Nazionale Dolomiti Bellunesi. I giardini di Villa Binotto sono stati popolati da circa 6.000 persone che hanno potuto trascorrere un meraviglioso fine settimana all\u2019insegna della natura e dell\u2019allegria. Anche se la pioggia, come sempre in questa strana estate bellunese, non [&hellip;]<\/p>\n","protected":false},"author":2,"featured_media":0,"comment_status":"closed","ping_status":"open","sticky":false,"template":"","format":"standard","meta":{"footnotes":""},"categories":[3,26],"tags":[139,63,302],"class_list":["post-5681","post","type-post","status-publish","format-standard","category-arte-cultura-spettacoli-scienza-archivi","category-prima-pagina","tag-belluno","tag-dolomiti","tag-feltre"],"yoast_head":"<!-- This site is optimized with the Yoast SEO plugin v28.4 - https:\/\/yoast.com\/product\/yoast-seo-wordpress\/ -->\n<title>Parco Nazionale delle Dolomiti: 6000 persone alla Festa d&#039;estate - Bellunopress - Dolomiti<\/title>\n<meta name=\"robots\" content=\"index, follow, max-snippet:-1, max-image-preview:large, max-video-preview:-1\" \/>\n<link rel=\"canonical\" href=\"https:\/\/www.bellunopress.it\/fr\/2009\/07\/07\/parco-nazionale-delle-dolomiti-6000-persone-alla-festa-destate\/\" \/>\n<meta property=\"og:locale\" content=\"fr_FR\" \/>\n<meta property=\"og:type\" content=\"article\" \/>\n<meta property=\"og:title\" content=\"Parco Nazionale delle Dolomiti: 6000 persone alla Festa d&#039;estate - Bellunopress - Dolomiti\" \/>\n<meta property=\"og:description\" content=\"Un vero successo quello che ha caratterizzato la quinta edizione della Festa d\u2019estate al Parco Nazionale Dolomiti Bellunesi. I giardini di Villa Binotto sono stati popolati da circa 6.000 persone che hanno potuto trascorrere un meraviglioso fine settimana all\u2019insegna della natura e dell\u2019allegria. Anche se la pioggia, come sempre in questa strana estate bellunese, non [&hellip;]\" \/>\n<meta property=\"og:url\" content=\"https:\/\/www.bellunopress.it\/fr\/2009\/07\/07\/parco-nazionale-delle-dolomiti-6000-persone-alla-festa-destate\/\" \/>\n<meta property=\"og:site_name\" content=\"Bellunopress - Dolomiti\" \/>\n<meta property=\"article:publisher\" content=\"https:\/\/www.facebook.com\/profile.php?id=100008943462799\" \/>\n<meta property=\"article:published_time\" content=\"2009-07-07T05:58:05+00:00\" \/>\n<meta property=\"og:image\" content=\"http:\/\/www.bellunopress.it\/wp-content\/uploads\/2009\/06\/da-sx-guido-de-zordo-e-antonio-martino-a-valle-imperina-leggera.jpg\" \/>\n<meta name=\"author\" content=\"redazione\" \/>\n<meta name=\"twitter:card\" content=\"summary_large_image\" \/>\n<meta name=\"twitter:creator\" content=\"@bellunopress\" \/>\n<meta name=\"twitter:site\" content=\"@bellunopress\" \/>\n<meta name=\"twitter:label1\" content=\"\u00c9crit par\" \/>\n\t<meta name=\"twitter:data1\" content=\"redazione\" \/>\n\t<meta name=\"twitter:label2\" content=\"Dur\u00e9e de lecture estim\u00e9e\" \/>\n\t<meta name=\"twitter:data2\" content=\"4 minutes\" \/>\n<script type=\"application\/ld+json\" class=\"yoast-schema-graph\">{\"@context\":\"https:\\\/\\\/schema.org\",\"@graph\":[{\"@type\":\"Article\",\"@id\":\"https:\\\/\\\/www.bellunopress.it\\\/2009\\\/07\\\/07\\\/parco-nazionale-delle-dolomiti-6000-persone-alla-festa-destate\\\/#article\",\"isPartOf\":{\"@id\":\"https:\\\/\\\/www.bellunopress.it\\\/2009\\\/07\\\/07\\\/parco-nazionale-delle-dolomiti-6000-persone-alla-festa-destate\\\/\"},\"author\":{\"name\":\"redazione\",\"@id\":\"https:\\\/\\\/www.bellunopress.it\\\/#\\\/schema\\\/person\\\/79bb06722b37ece1c03d3e94beb30d73\"},\"headline\":\"Parco Nazionale delle Dolomiti: 6000 persone alla Festa d&#8217;estate\",\"datePublished\":\"2009-07-07T05:58:05+00:00\",\"mainEntityOfPage\":{\"@id\":\"https:\\\/\\\/www.bellunopress.it\\\/2009\\\/07\\\/07\\\/parco-nazionale-delle-dolomiti-6000-persone-alla-festa-destate\\\/\"},\"wordCount\":743,\"publisher\":{\"@id\":\"https:\\\/\\\/www.bellunopress.it\\\/#organization\"},\"image\":{\"@id\":\"https:\\\/\\\/www.bellunopress.it\\\/2009\\\/07\\\/07\\\/parco-nazionale-delle-dolomiti-6000-persone-alla-festa-destate\\\/#primaryimage\"},\"thumbnailUrl\":\"http:\\\/\\\/www.bellunopress.it\\\/wp-content\\\/uploads\\\/2009\\\/06\\\/da-sx-guido-de-zordo-e-antonio-martino-a-valle-imperina-leggera.jpg\",\"keywords\":[\"Belluno\",\"Dolomiti\",\"Feltre\"],\"articleSection\":[\"Arte, Cultura, Spettacoli, Scienza\",\"Prima Pagina\"],\"inLanguage\":\"fr-FR\"},{\"@type\":\"WebPage\",\"@id\":\"https:\\\/\\\/www.bellunopress.it\\\/2009\\\/07\\\/07\\\/parco-nazionale-delle-dolomiti-6000-persone-alla-festa-destate\\\/\",\"url\":\"https:\\\/\\\/www.bellunopress.it\\\/2009\\\/07\\\/07\\\/parco-nazionale-delle-dolomiti-6000-persone-alla-festa-destate\\\/\",\"name\":\"Parco Nazionale delle Dolomiti: 6000 persone alla Festa d'estate - Bellunopress - Dolomiti\",\"isPartOf\":{\"@id\":\"https:\\\/\\\/www.bellunopress.it\\\/#website\"},\"primaryImageOfPage\":{\"@id\":\"https:\\\/\\\/www.bellunopress.it\\\/2009\\\/07\\\/07\\\/parco-nazionale-delle-dolomiti-6000-persone-alla-festa-destate\\\/#primaryimage\"},\"image\":{\"@id\":\"https:\\\/\\\/www.bellunopress.it\\\/2009\\\/07\\\/07\\\/parco-nazionale-delle-dolomiti-6000-persone-alla-festa-destate\\\/#primaryimage\"},\"thumbnailUrl\":\"http:\\\/\\\/www.bellunopress.it\\\/wp-content\\\/uploads\\\/2009\\\/06\\\/da-sx-guido-de-zordo-e-antonio-martino-a-valle-imperina-leggera.jpg\",\"datePublished\":\"2009-07-07T05:58:05+00:00\",\"breadcrumb\":{\"@id\":\"https:\\\/\\\/www.bellunopress.it\\\/2009\\\/07\\\/07\\\/parco-nazionale-delle-dolomiti-6000-persone-alla-festa-destate\\\/#breadcrumb\"},\"inLanguage\":\"fr-FR\",\"potentialAction\":[{\"@type\":\"ReadAction\",\"target\":[\"https:\\\/\\\/www.bellunopress.it\\\/2009\\\/07\\\/07\\\/parco-nazionale-delle-dolomiti-6000-persone-alla-festa-destate\\\/\"]}]},{\"@type\":\"ImageObject\",\"inLanguage\":\"fr-FR\",\"@id\":\"https:\\\/\\\/www.bellunopress.it\\\/2009\\\/07\\\/07\\\/parco-nazionale-delle-dolomiti-6000-persone-alla-festa-destate\\\/#primaryimage\",\"url\":\"http:\\\/\\\/www.bellunopress.it\\\/wp-content\\\/uploads\\\/2009\\\/06\\\/da-sx-guido-de-zordo-e-antonio-martino-a-valle-imperina-leggera.jpg\",\"contentUrl\":\"http:\\\/\\\/www.bellunopress.it\\\/wp-content\\\/uploads\\\/2009\\\/06\\\/da-sx-guido-de-zordo-e-antonio-martino-a-valle-imperina-leggera.jpg\"},{\"@type\":\"BreadcrumbList\",\"@id\":\"https:\\\/\\\/www.bellunopress.it\\\/2009\\\/07\\\/07\\\/parco-nazionale-delle-dolomiti-6000-persone-alla-festa-destate\\\/#breadcrumb\",\"itemListElement\":[{\"@type\":\"ListItem\",\"position\":1,\"name\":\"Home\",\"item\":\"https:\\\/\\\/www.bellunopress.it\\\/\"},{\"@type\":\"ListItem\",\"position\":2,\"name\":\"Parco Nazionale delle Dolomiti: 6000 persone alla Festa d&#8217;estate\"}]},{\"@type\":\"WebSite\",\"@id\":\"https:\\\/\\\/www.bellunopress.it\\\/#website\",\"url\":\"https:\\\/\\\/www.bellunopress.it\\\/\",\"name\":\"Bellunopress - Dolomiti\",\"description\":\"e-mail: redazione@bellunopress.it\",\"publisher\":{\"@id\":\"https:\\\/\\\/www.bellunopress.it\\\/#organization\"},\"potentialAction\":[{\"@type\":\"SearchAction\",\"target\":{\"@type\":\"EntryPoint\",\"urlTemplate\":\"https:\\\/\\\/www.bellunopress.it\\\/?s={search_term_string}\"},\"query-input\":{\"@type\":\"PropertyValueSpecification\",\"valueRequired\":true,\"valueName\":\"search_term_string\"}}],\"inLanguage\":\"fr-FR\"},{\"@type\":\"Organization\",\"@id\":\"https:\\\/\\\/www.bellunopress.it\\\/#organization\",\"name\":\"Bellunopress\",\"url\":\"https:\\\/\\\/www.bellunopress.it\\\/\",\"logo\":{\"@type\":\"ImageObject\",\"inLanguage\":\"fr-FR\",\"@id\":\"https:\\\/\\\/www.bellunopress.it\\\/#\\\/schema\\\/logo\\\/image\\\/\",\"url\":\"https:\\\/\\\/www.bellunopress.it\\\/wp-content\\\/uploads\\\/2011\\\/05\\\/cropped-logo-bellunopress-.jpg\",\"contentUrl\":\"https:\\\/\\\/www.bellunopress.it\\\/wp-content\\\/uploads\\\/2011\\\/05\\\/cropped-logo-bellunopress-.jpg\",\"width\":512,\"height\":512,\"caption\":\"Bellunopress\"},\"image\":{\"@id\":\"https:\\\/\\\/www.bellunopress.it\\\/#\\\/schema\\\/logo\\\/image\\\/\"},\"sameAs\":[\"https:\\\/\\\/www.facebook.com\\\/profile.php?id=100008943462799\",\"https:\\\/\\\/x.com\\\/bellunopress\",\"https:\\\/\\\/www.linkedin.com\\\/hp\\\/?dnr=JBzUWaJfMUw8vbXJJ2tVW5-I3jZKvC4wsoxE&amp;amp;amp;amp;amp;amp;trk=nav_responsive_tab_home\",\"https:\\\/\\\/www.youtube.com\\\/channel\\\/UCxL0wu1uN0_3_7hGG0306cw\"]},{\"@type\":\"Person\",\"@id\":\"https:\\\/\\\/www.bellunopress.it\\\/#\\\/schema\\\/person\\\/79bb06722b37ece1c03d3e94beb30d73\",\"name\":\"redazione\",\"image\":{\"@type\":\"ImageObject\",\"inLanguage\":\"fr-FR\",\"@id\":\"https:\\\/\\\/secure.gravatar.com\\\/avatar\\\/37d968a2e67a6fd04c169c4bdef102d0bc5d31b2546345219e348575eb80e9a0?s=96&d=mm&r=g\",\"url\":\"https:\\\/\\\/secure.gravatar.com\\\/avatar\\\/37d968a2e67a6fd04c169c4bdef102d0bc5d31b2546345219e348575eb80e9a0?s=96&d=mm&r=g\",\"contentUrl\":\"https:\\\/\\\/secure.gravatar.com\\\/avatar\\\/37d968a2e67a6fd04c169c4bdef102d0bc5d31b2546345219e348575eb80e9a0?s=96&d=mm&r=g\",\"caption\":\"redazione\"},\"sameAs\":[\"http:\\\/\\\/www.bellunopress.it\",\"https:\\\/\\\/x.com\\\/bellunopress\"],\"url\":\"https:\\\/\\\/www.bellunopress.it\\\/fr\\\/author\\\/redazione\\\/\"}]}<\/script>\n<!-- \/ Yoast SEO plugin. -->","yoast_head_json":{"title":"Parco Nazionale delle Dolomiti: 6000 persone alla Festa d'estate - Bellunopress - Dolomiti","robots":{"index":"index","follow":"follow","max-snippet":"max-snippet:-1","max-image-preview":"max-image-preview:large","max-video-preview":"max-video-preview:-1"},"canonical":"https:\/\/www.bellunopress.it\/fr\/2009\/07\/07\/parco-nazionale-delle-dolomiti-6000-persone-alla-festa-destate\/","og_locale":"fr_FR","og_type":"article","og_title":"Parco Nazionale delle Dolomiti: 6000 persone alla Festa d'estate - Bellunopress - Dolomiti","og_description":"Un vero successo quello che ha caratterizzato la quinta edizione della Festa d\u2019estate al Parco Nazionale Dolomiti Bellunesi. I giardini di Villa Binotto sono stati popolati da circa 6.000 persone che hanno potuto trascorrere un meraviglioso fine settimana all\u2019insegna della natura e dell\u2019allegria. Anche se la pioggia, come sempre in questa strana estate bellunese, non [&hellip;]","og_url":"https:\/\/www.bellunopress.it\/fr\/2009\/07\/07\/parco-nazionale-delle-dolomiti-6000-persone-alla-festa-destate\/","og_site_name":"Bellunopress - Dolomiti","article_publisher":"https:\/\/www.facebook.com\/profile.php?id=100008943462799","article_published_time":"2009-07-07T05:58:05+00:00","og_image":[{"url":"http:\/\/www.bellunopress.it\/wp-content\/uploads\/2009\/06\/da-sx-guido-de-zordo-e-antonio-martino-a-valle-imperina-leggera.jpg","type":"","width":"","height":""}],"author":"redazione","twitter_card":"summary_large_image","twitter_creator":"@bellunopress","twitter_site":"@bellunopress","twitter_misc":{"\u00c9crit par":"redazione","Dur\u00e9e de lecture estim\u00e9e":"4 minutes"},"schema":{"@context":"https:\/\/schema.org","@graph":[{"@type":"Article","@id":"https:\/\/www.bellunopress.it\/2009\/07\/07\/parco-nazionale-delle-dolomiti-6000-persone-alla-festa-destate\/#article","isPartOf":{"@id":"https:\/\/www.bellunopress.it\/2009\/07\/07\/parco-nazionale-delle-dolomiti-6000-persone-alla-festa-destate\/"},"author":{"name":"redazione","@id":"https:\/\/www.bellunopress.it\/#\/schema\/person\/79bb06722b37ece1c03d3e94beb30d73"},"headline":"Parco Nazionale delle Dolomiti: 6000 persone alla Festa d&#8217;estate","datePublished":"2009-07-07T05:58:05+00:00","mainEntityOfPage":{"@id":"https:\/\/www.bellunopress.it\/2009\/07\/07\/parco-nazionale-delle-dolomiti-6000-persone-alla-festa-destate\/"},"wordCount":743,"publisher":{"@id":"https:\/\/www.bellunopress.it\/#organization"},"image":{"@id":"https:\/\/www.bellunopress.it\/2009\/07\/07\/parco-nazionale-delle-dolomiti-6000-persone-alla-festa-destate\/#primaryimage"},"thumbnailUrl":"http:\/\/www.bellunopress.it\/wp-content\/uploads\/2009\/06\/da-sx-guido-de-zordo-e-antonio-martino-a-valle-imperina-leggera.jpg","keywords":["Belluno","Dolomiti","Feltre"],"articleSection":["Arte, Cultura, Spettacoli, Scienza","Prima Pagina"],"inLanguage":"fr-FR"},{"@type":"WebPage","@id":"https:\/\/www.bellunopress.it\/2009\/07\/07\/parco-nazionale-delle-dolomiti-6000-persone-alla-festa-destate\/","url":"https:\/\/www.bellunopress.it\/2009\/07\/07\/parco-nazionale-delle-dolomiti-6000-persone-alla-festa-destate\/","name":"Parco Nazionale delle Dolomiti: 6000 persone alla Festa d'estate - Bellunopress - Dolomiti","isPartOf":{"@id":"https:\/\/www.bellunopress.it\/#website"},"primaryImageOfPage":{"@id":"https:\/\/www.bellunopress.it\/2009\/07\/07\/parco-nazionale-delle-dolomiti-6000-persone-alla-festa-destate\/#primaryimage"},"image":{"@id":"https:\/\/www.bellunopress.it\/2009\/07\/07\/parco-nazionale-delle-dolomiti-6000-persone-alla-festa-destate\/#primaryimage"},"thumbnailUrl":"http:\/\/www.bellunopress.it\/wp-content\/uploads\/2009\/06\/da-sx-guido-de-zordo-e-antonio-martino-a-valle-imperina-leggera.jpg","datePublished":"2009-07-07T05:58:05+00:00","breadcrumb":{"@id":"https:\/\/www.bellunopress.it\/2009\/07\/07\/parco-nazionale-delle-dolomiti-6000-persone-alla-festa-destate\/#breadcrumb"},"inLanguage":"fr-FR","potentialAction":[{"@type":"ReadAction","target":["https:\/\/www.bellunopress.it\/2009\/07\/07\/parco-nazionale-delle-dolomiti-6000-persone-alla-festa-destate\/"]}]},{"@type":"ImageObject","inLanguage":"fr-FR","@id":"https:\/\/www.bellunopress.it\/2009\/07\/07\/parco-nazionale-delle-dolomiti-6000-persone-alla-festa-destate\/#primaryimage","url":"http:\/\/www.bellunopress.it\/wp-content\/uploads\/2009\/06\/da-sx-guido-de-zordo-e-antonio-martino-a-valle-imperina-leggera.jpg","contentUrl":"http:\/\/www.bellunopress.it\/wp-content\/uploads\/2009\/06\/da-sx-guido-de-zordo-e-antonio-martino-a-valle-imperina-leggera.jpg"},{"@type":"BreadcrumbList","@id":"https:\/\/www.bellunopress.it\/2009\/07\/07\/parco-nazionale-delle-dolomiti-6000-persone-alla-festa-destate\/#breadcrumb","itemListElement":[{"@type":"ListItem","position":1,"name":"Home","item":"https:\/\/www.bellunopress.it\/"},{"@type":"ListItem","position":2,"name":"Parco Nazionale delle Dolomiti: 6000 persone alla Festa d&#8217;estate"}]},{"@type":"WebSite","@id":"https:\/\/www.bellunopress.it\/#website","url":"https:\/\/www.bellunopress.it\/","name":"Bellunopress - Dolomiti","description":"e-mail: redazione@bellunopress.it","publisher":{"@id":"https:\/\/www.bellunopress.it\/#organization"},"potentialAction":[{"@type":"SearchAction","target":{"@type":"EntryPoint","urlTemplate":"https:\/\/www.bellunopress.it\/?s={search_term_string}"},"query-input":{"@type":"PropertyValueSpecification","valueRequired":true,"valueName":"search_term_string"}}],"inLanguage":"fr-FR"},{"@type":"Organization","@id":"https:\/\/www.bellunopress.it\/#organization","name":"Bellunopress","url":"https:\/\/www.bellunopress.it\/","logo":{"@type":"ImageObject","inLanguage":"fr-FR","@id":"https:\/\/www.bellunopress.it\/#\/schema\/logo\/image\/","url":"https:\/\/www.bellunopress.it\/wp-content\/uploads\/2011\/05\/cropped-logo-bellunopress-.jpg","contentUrl":"https:\/\/www.bellunopress.it\/wp-content\/uploads\/2011\/05\/cropped-logo-bellunopress-.jpg","width":512,"height":512,"caption":"Bellunopress"},"image":{"@id":"https:\/\/www.bellunopress.it\/#\/schema\/logo\/image\/"},"sameAs":["https:\/\/www.facebook.com\/profile.php?id=100008943462799","https:\/\/x.com\/bellunopress","https:\/\/www.linkedin.com\/hp\/?dnr=JBzUWaJfMUw8vbXJJ2tVW5-I3jZKvC4wsoxE&amp;amp;amp;amp;amp;amp;trk=nav_responsive_tab_home","https:\/\/www.youtube.com\/channel\/UCxL0wu1uN0_3_7hGG0306cw"]},{"@type":"Person","@id":"https:\/\/www.bellunopress.it\/#\/schema\/person\/79bb06722b37ece1c03d3e94beb30d73","name":"r\u00e9daction","image":{"@type":"ImageObject","inLanguage":"fr-FR","@id":"https:\/\/secure.gravatar.com\/avatar\/37d968a2e67a6fd04c169c4bdef102d0bc5d31b2546345219e348575eb80e9a0?s=96&d=mm&r=g","url":"https:\/\/secure.gravatar.com\/avatar\/37d968a2e67a6fd04c169c4bdef102d0bc5d31b2546345219e348575eb80e9a0?s=96&d=mm&r=g","contentUrl":"https:\/\/secure.gravatar.com\/avatar\/37d968a2e67a6fd04c169c4bdef102d0bc5d31b2546345219e348575eb80e9a0?s=96&d=mm&r=g","caption":"redazione"},"sameAs":["http:\/\/www.bellunopress.it","https:\/\/x.com\/bellunopress"],"url":"https:\/\/www.bellunopress.it\/fr\/author\/redazione\/"}]}},"_links":{"self":[{"href":"https:\/\/www.bellunopress.it\/fr\/wp-json\/wp\/v2\/posts\/5681","targetHints":{"allow":["GET"]}}],"collection":[{"href":"https:\/\/www.bellunopress.it\/fr\/wp-json\/wp\/v2\/posts"}],"about":[{"href":"https:\/\/www.bellunopress.it\/fr\/wp-json\/wp\/v2\/types\/post"}],"author":[{"embeddable":true,"href":"https:\/\/www.bellunopress.it\/fr\/wp-json\/wp\/v2\/users\/2"}],"replies":[{"embeddable":true,"href":"https:\/\/www.bellunopress.it\/fr\/wp-json\/wp\/v2\/comments?post=5681"}],"version-history":[{"count":1,"href":"https:\/\/www.bellunopress.it\/fr\/wp-json\/wp\/v2\/posts\/5681\/revisions"}],"predecessor-version":[{"id":5682,"href":"https:\/\/www.bellunopress.it\/fr\/wp-json\/wp\/v2\/posts\/5681\/revisions\/5682"}],"wp:attachment":[{"href":"https:\/\/www.bellunopress.it\/fr\/wp-json\/wp\/v2\/media?parent=5681"}],"wp:term":[{"taxonomy":"category","embeddable":true,"href":"https:\/\/www.bellunopress.it\/fr\/wp-json\/wp\/v2\/categories?post=5681"},{"taxonomy":"post_tag","embeddable":true,"href":"https:\/\/www.bellunopress.it\/fr\/wp-json\/wp\/v2\/tags?post=5681"}],"curies":[{"name":"wp","href":"https:\/\/api.w.org\/{rel}","templated":true}]}}