{"id":5679,"date":"2009-07-06T21:18:54","date_gmt":"2009-07-06T20:18:54","guid":{"rendered":"http:\/\/www.bellunopress.it\/?p=5679"},"modified":"2009-07-06T21:18:54","modified_gmt":"2009-07-06T20:18:54","slug":"%e2%80%9ccortina-incroda%e2%80%9d-entra-nel-vivo","status":"publish","type":"post","link":"https:\/\/www.bellunopress.it\/fr\/2009\/07\/06\/%e2%80%9ccortina-incroda%e2%80%9d-entra-nel-vivo\/","title":{"rendered":"\u201cCortina inCroda\u201d entra nel vivo"},"content":{"rendered":"<p>Da marted\u00ec 7 luglio alle 21 il cinema teatro Alexander Girardi andr\u00e0 in scena il primo dei cinque incontri dedicati al settantesimo degli Scoiattoli. Gli Scoiattoli propongono una serata dedicata al \u201cProtagonista\u201d. \u201cIl protagonista: Cristian Brenna. Voto: 8 abbondante! Ospite in sala lo scoiattolo Luca Zardini Canon e il mondo dell\u2019arrampicata sportiva. In tutte le serate al cinema teatro Alexander Girardi di Cortina interverr\u00e0 lo scrittore, alpinista e amico degli Scoiattoli Mauro Corona, opinionista di \u201cCortina inCroda\u201d.<br \/>\nAd aprire al serata una sigla emozionante. Sulle note di \u201cStair way to heaven\u201d dei Led Zeppelin, la colonna sonora di \u201cCortina inCroda\u201d, scorreranno le fotografie del fotografo Giuseppe Ghedina. Una canzone scelta per il suo speciale significato. Una metafora che sar\u00e0 svelata durante la serata. Brenna e Zardini intervistati dal direttore artistico Andrea Gris racconteranno agli ospiti il mondo dell\u2019arrampicata sportiva. I due campioni saranno poi protagonisti di una simpatica sfida. Il cinema teatro Alexander Girardi si trasformer\u00e0 in una palestra di roccia. Sul palco una parete artificiale sar\u00e0 il tragitto di una piccola sfida che Brenna e Zardini faranno per il pubblico cortinese.<br \/>\n\u00abSiamo stati abituati a gareggiare nei palazzotti dello sport, quindi luoghi chiusi,\u00bb, dice in proposito Cristian Brenna, \u00abe quindi sar\u00e0 piacevole arrampicare all\u2019interno del teatro Alexander Girardi\u00bb. Brenna \u00e8 orgoglioso di essere il \u201cprotagonista\u201d della prima serata dedicata al settantesimo degli Scoiattoli. \u00abConosco gli Scoiattoli da quando ho iniziato a gareggiare\u00bb, dice, \u00abe con loro fin da subito ho stretto rapporti di amicizia. Ho legato con Mario Lacedelli e poi con Luca Zardini Canon con il quale abbiamo gareggiato per 15 anni insieme. Ora ho abbandonato un po\u2019 l\u2019arrampicata e mi sto dedicando alla montagna e sono molto contento di poter portare la mia esperienza personale al pubblico di \u201cCortina inCroda\u201d\u00bb.\u00a0 \u00abBen venga l\u2019arrampicata sportiva\u00bb, dice in merito l\u2019opinionista di \u201cCortina inCroda\u201d Mauro Corona, \u00abche \u00e8 una perfetta forma di sport. Ammiro questi ragazzi che fanno fatica. Il Canon dove tocca \u00e8 il pi\u00f9 forte. Un vero fuori classe\u00bb.<br \/>\nZardini Canon che ha iniziato ad arrampicare da ragazzino e che a questo sport ha dedicato tutto se stesso. \u00abMi sono dedicato anima e corpo a questo sport\u00bb, dice, \u00abtrascorrendo ore ed ore ad allenarmi, nelle aree d\u2019isolamento delle competizioni, viaggiando da un posto all&#8217;altro per gareggiare, vincendo e perdendo. Tutto ci\u00f2 sempre spinto dalla stessa passione e voglia di emergere. All&#8217;arrampicata ho dato tutto me stesso ricevendo in cambio emozioni e gratificazioni alle quali spero di non dover mai rinunciare. Condividere il palco con l\u2019amico Cristian Brenna per me \u00e8 un grande piacere. Sar\u00e0 simpatico sfidarci sulla parete artificiale e sar\u00e0 emozionante rivivere i tempi in cui gareggiavamo insieme sui palcoscenici nazionali ed internazionali. Sono orgoglioso di partecipare a \u201cCortina inCroda\u201d e fiero di poter dare il mio contributo per far conoscere il fantastico mondo dell\u2019arrampicata sportiva\u00bb. Il prossimo appuntamento nel fitto calendario di \u201cCortina inCroda\u201d \u00e8 per gioved\u00ec 9 luglio alle 21 al teatro Alexander Girardi. &#8220;InCRODA c&#8217;e&#8217;: &#8216;No Barries Dolomiti&#8217;. Special guest Alex Zanardi&#8221;. Gli Scoiattoli raccontano con l&#8217;associazione cortinese una montagna che pochi conoscono. Ospite un grande uomo, un personaggio, un padre di famiglia ma sopratutto un esempio al mondo di grande impatto emotivo. \u201cCortina inCroda\u201d e&#8217; orgogliosa di questa presenza!<br \/>\nPresso l\u2019Ufficio Informazioni del Consorzio \u201cCortina Turismo\u201d in piazza Roma \u00e8 aperta la prenotazione dei biglietti per partecipare alla festa finale di \u201cCortina inCroda\u201d, il Party Verticale, che si terr\u00e0 il 1\u00b0 agosto al rifugio Scoiattoli in Cinque Torri con la musica di Dj Set Alessio Bertallot. Ogni biglietto costa 25 Euro e comprende la salita e la discesa in seggiovia, una giacca firmata Scoiattoli e la cena al rifugio Scoiattoli.<br \/>\nLe simpatiche magliette rosse del Settantesimo degli Scoiattoli sono in vendita anche presso il negozio K2 Sport di Mario Lacedelli in via Cesare Battisti a Cortina d\u2019Ampezzo.Durante le serate al cinema teatro Alexander Girardi sar\u00e0 possibile acquistare<br \/>\nil vino etichettato per il settantesimo prodotto dalla Cooperativa \u201cCento pi\u00f9 uno Gris\u201d, le bandiere degli Scoiattoli che ormai sventolano in tutta cortina d\u2019Ampezzo, le magliette rosse del settantesimo, le tazze e gli altri simpatici gadget che il sodalizio ampezzano ha realizzato per ricordare i Settanta anni dalla loro fondazione.<br \/>\nCortina inCroda:<br \/>\nUn&#8217;idea firmata dal Comune di Cortina d&#8217;Ampezzo, Assessorato alla cultura.<br \/>\nOrganizzazione: Gruppo Scoiattoli Cortina<br \/>\nDirezione artistica e regia: Andrea Gris.<br \/>\nCuratori: Mario Lacedelli, Stefano Dimai, Andrea Gris<br \/>\nProgetto grafico: Letizia Viel<br \/>\nImmagini e fotografie: Giuseppe Ghedina<br \/>\nRiprese e montaggio: Alessandro Manaigo<br \/>\nMusiche: Alessio Bertallot<br \/>\nRadio partner: Radio Cortina<br \/>\nOrganizzazione logistica: Gis Cortina<br \/>\nCoordinamento gestione: Assessorato alla cultura<br \/>\nHanno collaborato alla riuscita dell\u2019iniziativa : JAS, Eider, Zardini l\u2019arte del Calore, Zardini Stufe artigianali in ceramica, Cassa Rurale ed Artigiana di cortina d\u2019Ampezzo e delle dolomiti, La cooperativa di Cortina, Seggiovie 5 Torri, Majoni Elettrotecnica, S.C.I.A., Drop, Barilla, K2 abbigliamento, Scarpa, Camp, Radio Cortina e Corriere delle Alpi.<\/p>","protected":false},"excerpt":{"rendered":"<p>Da marted\u00ec 7 luglio alle 21 il cinema teatro Alexander Girardi andr\u00e0 in scena il primo dei cinque incontri dedicati al settantesimo degli Scoiattoli. Gli Scoiattoli propongono una serata dedicata al \u201cProtagonista\u201d. \u201cIl protagonista: Cristian Brenna. Voto: 8 abbondante! Ospite in sala lo scoiattolo Luca Zardini Canon e il mondo dell\u2019arrampicata sportiva. In tutte le [&hellip;]<\/p>\n","protected":false},"author":2,"featured_media":0,"comment_status":"closed","ping_status":"open","sticky":false,"template":"","format":"standard","meta":{"footnotes":""},"categories":[3,25],"tags":[63],"class_list":["post-5679","post","type-post","status-publish","format-standard","category-arte-cultura-spettacoli-scienza-archivi","category-pausa-caffe","tag-dolomiti"],"yoast_head":"<!-- This site is optimized with the Yoast SEO plugin v28.4 - https:\/\/yoast.com\/product\/yoast-seo-wordpress\/ -->\n<title>\u201cCortina inCroda\u201d entra nel vivo - Bellunopress - Dolomiti<\/title>\n<meta name=\"robots\" content=\"index, follow, max-snippet:-1, max-image-preview:large, max-video-preview:-1\" \/>\n<link rel=\"canonical\" href=\"https:\/\/www.bellunopress.it\/fr\/2009\/07\/06\/\u201ccortina-incroda\u201d-entra-nel-vivo\/\" \/>\n<meta property=\"og:locale\" content=\"fr_FR\" \/>\n<meta property=\"og:type\" content=\"article\" \/>\n<meta property=\"og:title\" content=\"\u201cCortina inCroda\u201d entra nel vivo - Bellunopress - Dolomiti\" \/>\n<meta property=\"og:description\" content=\"Da marted\u00ec 7 luglio alle 21 il cinema teatro Alexander Girardi andr\u00e0 in scena il primo dei cinque incontri dedicati al settantesimo degli Scoiattoli. Gli Scoiattoli propongono una serata dedicata al \u201cProtagonista\u201d. \u201cIl protagonista: Cristian Brenna. Voto: 8 abbondante! Ospite in sala lo scoiattolo Luca Zardini Canon e il mondo dell\u2019arrampicata sportiva. In tutte le [&hellip;]\" \/>\n<meta property=\"og:url\" content=\"https:\/\/www.bellunopress.it\/fr\/2009\/07\/06\/\u201ccortina-incroda\u201d-entra-nel-vivo\/\" \/>\n<meta property=\"og:site_name\" content=\"Bellunopress - Dolomiti\" \/>\n<meta property=\"article:publisher\" content=\"https:\/\/www.facebook.com\/profile.php?id=100008943462799\" \/>\n<meta property=\"article:published_time\" content=\"2009-07-06T20:18:54+00:00\" \/>\n<meta property=\"og:image\" content=\"http:\/\/www.bellunopress.it\/wp-content\/uploads\/2012\/07\/logo-bellunopress-250x250-2012.jpg\" \/>\n<meta name=\"author\" content=\"redazione\" \/>\n<meta name=\"twitter:card\" content=\"summary_large_image\" \/>\n<meta name=\"twitter:creator\" content=\"@bellunopress\" \/>\n<meta name=\"twitter:site\" content=\"@bellunopress\" \/>\n<meta name=\"twitter:label1\" content=\"\u00c9crit par\" \/>\n\t<meta name=\"twitter:data1\" content=\"redazione\" \/>\n\t<meta name=\"twitter:label2\" content=\"Dur\u00e9e de lecture estim\u00e9e\" \/>\n\t<meta name=\"twitter:data2\" content=\"4 minutes\" \/>\n<script type=\"application\/ld+json\" class=\"yoast-schema-graph\">{\"@context\":\"https:\\\/\\\/schema.org\",\"@graph\":[{\"@type\":\"Article\",\"@id\":\"https:\\\/\\\/www.bellunopress.it\\\/2009\\\/07\\\/06\\\/%e2%80%9ccortina-incroda%e2%80%9d-entra-nel-vivo\\\/#article\",\"isPartOf\":{\"@id\":\"https:\\\/\\\/www.bellunopress.it\\\/2009\\\/07\\\/06\\\/%e2%80%9ccortina-incroda%e2%80%9d-entra-nel-vivo\\\/\"},\"author\":{\"name\":\"redazione\",\"@id\":\"https:\\\/\\\/www.bellunopress.it\\\/#\\\/schema\\\/person\\\/79bb06722b37ece1c03d3e94beb30d73\"},\"headline\":\"\u201cCortina inCroda\u201d entra nel vivo\",\"datePublished\":\"2009-07-06T20:18:54+00:00\",\"mainEntityOfPage\":{\"@id\":\"https:\\\/\\\/www.bellunopress.it\\\/2009\\\/07\\\/06\\\/%e2%80%9ccortina-incroda%e2%80%9d-entra-nel-vivo\\\/\"},\"wordCount\":816,\"publisher\":{\"@id\":\"https:\\\/\\\/www.bellunopress.it\\\/#organization\"},\"keywords\":[\"Dolomiti\"],\"articleSection\":[\"Arte, Cultura, Spettacoli, Scienza\",\"Pausa Caff\u00e8\"],\"inLanguage\":\"fr-FR\"},{\"@type\":\"WebPage\",\"@id\":\"https:\\\/\\\/www.bellunopress.it\\\/2009\\\/07\\\/06\\\/%e2%80%9ccortina-incroda%e2%80%9d-entra-nel-vivo\\\/\",\"url\":\"https:\\\/\\\/www.bellunopress.it\\\/2009\\\/07\\\/06\\\/%e2%80%9ccortina-incroda%e2%80%9d-entra-nel-vivo\\\/\",\"name\":\"\u201cCortina inCroda\u201d entra nel vivo - Bellunopress - Dolomiti\",\"isPartOf\":{\"@id\":\"https:\\\/\\\/www.bellunopress.it\\\/#website\"},\"datePublished\":\"2009-07-06T20:18:54+00:00\",\"breadcrumb\":{\"@id\":\"https:\\\/\\\/www.bellunopress.it\\\/2009\\\/07\\\/06\\\/%e2%80%9ccortina-incroda%e2%80%9d-entra-nel-vivo\\\/#breadcrumb\"},\"inLanguage\":\"fr-FR\",\"potentialAction\":[{\"@type\":\"ReadAction\",\"target\":[\"https:\\\/\\\/www.bellunopress.it\\\/2009\\\/07\\\/06\\\/%e2%80%9ccortina-incroda%e2%80%9d-entra-nel-vivo\\\/\"]}]},{\"@type\":\"BreadcrumbList\",\"@id\":\"https:\\\/\\\/www.bellunopress.it\\\/2009\\\/07\\\/06\\\/%e2%80%9ccortina-incroda%e2%80%9d-entra-nel-vivo\\\/#breadcrumb\",\"itemListElement\":[{\"@type\":\"ListItem\",\"position\":1,\"name\":\"Home\",\"item\":\"https:\\\/\\\/www.bellunopress.it\\\/\"},{\"@type\":\"ListItem\",\"position\":2,\"name\":\"\u201cCortina inCroda\u201d entra nel vivo\"}]},{\"@type\":\"WebSite\",\"@id\":\"https:\\\/\\\/www.bellunopress.it\\\/#website\",\"url\":\"https:\\\/\\\/www.bellunopress.it\\\/\",\"name\":\"Bellunopress - Dolomiti\",\"description\":\"e-mail: redazione@bellunopress.it\",\"publisher\":{\"@id\":\"https:\\\/\\\/www.bellunopress.it\\\/#organization\"},\"potentialAction\":[{\"@type\":\"SearchAction\",\"target\":{\"@type\":\"EntryPoint\",\"urlTemplate\":\"https:\\\/\\\/www.bellunopress.it\\\/?s={search_term_string}\"},\"query-input\":{\"@type\":\"PropertyValueSpecification\",\"valueRequired\":true,\"valueName\":\"search_term_string\"}}],\"inLanguage\":\"fr-FR\"},{\"@type\":\"Organization\",\"@id\":\"https:\\\/\\\/www.bellunopress.it\\\/#organization\",\"name\":\"Bellunopress\",\"url\":\"https:\\\/\\\/www.bellunopress.it\\\/\",\"logo\":{\"@type\":\"ImageObject\",\"inLanguage\":\"fr-FR\",\"@id\":\"https:\\\/\\\/www.bellunopress.it\\\/#\\\/schema\\\/logo\\\/image\\\/\",\"url\":\"https:\\\/\\\/www.bellunopress.it\\\/wp-content\\\/uploads\\\/2011\\\/05\\\/cropped-logo-bellunopress-.jpg\",\"contentUrl\":\"https:\\\/\\\/www.bellunopress.it\\\/wp-content\\\/uploads\\\/2011\\\/05\\\/cropped-logo-bellunopress-.jpg\",\"width\":512,\"height\":512,\"caption\":\"Bellunopress\"},\"image\":{\"@id\":\"https:\\\/\\\/www.bellunopress.it\\\/#\\\/schema\\\/logo\\\/image\\\/\"},\"sameAs\":[\"https:\\\/\\\/www.facebook.com\\\/profile.php?id=100008943462799\",\"https:\\\/\\\/x.com\\\/bellunopress\",\"https:\\\/\\\/www.linkedin.com\\\/hp\\\/?dnr=JBzUWaJfMUw8vbXJJ2tVW5-I3jZKvC4wsoxE&amp;amp;amp;amp;amp;amp;trk=nav_responsive_tab_home\",\"https:\\\/\\\/www.youtube.com\\\/channel\\\/UCxL0wu1uN0_3_7hGG0306cw\"]},{\"@type\":\"Person\",\"@id\":\"https:\\\/\\\/www.bellunopress.it\\\/#\\\/schema\\\/person\\\/79bb06722b37ece1c03d3e94beb30d73\",\"name\":\"redazione\",\"image\":{\"@type\":\"ImageObject\",\"inLanguage\":\"fr-FR\",\"@id\":\"https:\\\/\\\/secure.gravatar.com\\\/avatar\\\/37d968a2e67a6fd04c169c4bdef102d0bc5d31b2546345219e348575eb80e9a0?s=96&d=mm&r=g\",\"url\":\"https:\\\/\\\/secure.gravatar.com\\\/avatar\\\/37d968a2e67a6fd04c169c4bdef102d0bc5d31b2546345219e348575eb80e9a0?s=96&d=mm&r=g\",\"contentUrl\":\"https:\\\/\\\/secure.gravatar.com\\\/avatar\\\/37d968a2e67a6fd04c169c4bdef102d0bc5d31b2546345219e348575eb80e9a0?s=96&d=mm&r=g\",\"caption\":\"redazione\"},\"sameAs\":[\"http:\\\/\\\/www.bellunopress.it\",\"https:\\\/\\\/x.com\\\/bellunopress\"],\"url\":\"https:\\\/\\\/www.bellunopress.it\\\/fr\\\/author\\\/redazione\\\/\"}]}<\/script>\n<!-- \/ Yoast SEO plugin. -->","yoast_head_json":{"title":"\u201cCortina inCroda\u201d entra nel vivo - Bellunopress - Dolomiti","robots":{"index":"index","follow":"follow","max-snippet":"max-snippet:-1","max-image-preview":"max-image-preview:large","max-video-preview":"max-video-preview:-1"},"canonical":"https:\/\/www.bellunopress.it\/fr\/2009\/07\/06\/\u201ccortina-incroda\u201d-entra-nel-vivo\/","og_locale":"fr_FR","og_type":"article","og_title":"\u201cCortina inCroda\u201d entra nel vivo - Bellunopress - Dolomiti","og_description":"Da marted\u00ec 7 luglio alle 21 il cinema teatro Alexander Girardi andr\u00e0 in scena il primo dei cinque incontri dedicati al settantesimo degli Scoiattoli. Gli Scoiattoli propongono una serata dedicata al \u201cProtagonista\u201d. \u201cIl protagonista: Cristian Brenna. Voto: 8 abbondante! Ospite in sala lo scoiattolo Luca Zardini Canon e il mondo dell\u2019arrampicata sportiva. In tutte le [&hellip;]","og_url":"https:\/\/www.bellunopress.it\/fr\/2009\/07\/06\/\u201ccortina-incroda\u201d-entra-nel-vivo\/","og_site_name":"Bellunopress - Dolomiti","article_publisher":"https:\/\/www.facebook.com\/profile.php?id=100008943462799","article_published_time":"2009-07-06T20:18:54+00:00","og_image":[{"url":"http:\/\/www.bellunopress.it\/wp-content\/uploads\/2012\/07\/logo-bellunopress-250x250-2012.jpg","type":"","width":"","height":""}],"author":"redazione","twitter_card":"summary_large_image","twitter_creator":"@bellunopress","twitter_site":"@bellunopress","twitter_misc":{"\u00c9crit par":"redazione","Dur\u00e9e de lecture estim\u00e9e":"4 minutes"},"schema":{"@context":"https:\/\/schema.org","@graph":[{"@type":"Article","@id":"https:\/\/www.bellunopress.it\/2009\/07\/06\/%e2%80%9ccortina-incroda%e2%80%9d-entra-nel-vivo\/#article","isPartOf":{"@id":"https:\/\/www.bellunopress.it\/2009\/07\/06\/%e2%80%9ccortina-incroda%e2%80%9d-entra-nel-vivo\/"},"author":{"name":"redazione","@id":"https:\/\/www.bellunopress.it\/#\/schema\/person\/79bb06722b37ece1c03d3e94beb30d73"},"headline":"\u201cCortina inCroda\u201d entra nel vivo","datePublished":"2009-07-06T20:18:54+00:00","mainEntityOfPage":{"@id":"https:\/\/www.bellunopress.it\/2009\/07\/06\/%e2%80%9ccortina-incroda%e2%80%9d-entra-nel-vivo\/"},"wordCount":816,"publisher":{"@id":"https:\/\/www.bellunopress.it\/#organization"},"keywords":["Dolomiti"],"articleSection":["Arte, Cultura, Spettacoli, Scienza","Pausa Caff\u00e8"],"inLanguage":"fr-FR"},{"@type":"WebPage","@id":"https:\/\/www.bellunopress.it\/2009\/07\/06\/%e2%80%9ccortina-incroda%e2%80%9d-entra-nel-vivo\/","url":"https:\/\/www.bellunopress.it\/2009\/07\/06\/%e2%80%9ccortina-incroda%e2%80%9d-entra-nel-vivo\/","name":"\u201cCortina inCroda\u201d entra nel vivo - Bellunopress - Dolomiti","isPartOf":{"@id":"https:\/\/www.bellunopress.it\/#website"},"datePublished":"2009-07-06T20:18:54+00:00","breadcrumb":{"@id":"https:\/\/www.bellunopress.it\/2009\/07\/06\/%e2%80%9ccortina-incroda%e2%80%9d-entra-nel-vivo\/#breadcrumb"},"inLanguage":"fr-FR","potentialAction":[{"@type":"ReadAction","target":["https:\/\/www.bellunopress.it\/2009\/07\/06\/%e2%80%9ccortina-incroda%e2%80%9d-entra-nel-vivo\/"]}]},{"@type":"BreadcrumbList","@id":"https:\/\/www.bellunopress.it\/2009\/07\/06\/%e2%80%9ccortina-incroda%e2%80%9d-entra-nel-vivo\/#breadcrumb","itemListElement":[{"@type":"ListItem","position":1,"name":"Home","item":"https:\/\/www.bellunopress.it\/"},{"@type":"ListItem","position":2,"name":"\u201cCortina inCroda\u201d entra nel vivo"}]},{"@type":"WebSite","@id":"https:\/\/www.bellunopress.it\/#website","url":"https:\/\/www.bellunopress.it\/","name":"Bellunopress - Dolomiti","description":"e-mail: redazione@bellunopress.it","publisher":{"@id":"https:\/\/www.bellunopress.it\/#organization"},"potentialAction":[{"@type":"SearchAction","target":{"@type":"EntryPoint","urlTemplate":"https:\/\/www.bellunopress.it\/?s={search_term_string}"},"query-input":{"@type":"PropertyValueSpecification","valueRequired":true,"valueName":"search_term_string"}}],"inLanguage":"fr-FR"},{"@type":"Organization","@id":"https:\/\/www.bellunopress.it\/#organization","name":"Bellunopress","url":"https:\/\/www.bellunopress.it\/","logo":{"@type":"ImageObject","inLanguage":"fr-FR","@id":"https:\/\/www.bellunopress.it\/#\/schema\/logo\/image\/","url":"https:\/\/www.bellunopress.it\/wp-content\/uploads\/2011\/05\/cropped-logo-bellunopress-.jpg","contentUrl":"https:\/\/www.bellunopress.it\/wp-content\/uploads\/2011\/05\/cropped-logo-bellunopress-.jpg","width":512,"height":512,"caption":"Bellunopress"},"image":{"@id":"https:\/\/www.bellunopress.it\/#\/schema\/logo\/image\/"},"sameAs":["https:\/\/www.facebook.com\/profile.php?id=100008943462799","https:\/\/x.com\/bellunopress","https:\/\/www.linkedin.com\/hp\/?dnr=JBzUWaJfMUw8vbXJJ2tVW5-I3jZKvC4wsoxE&amp;amp;amp;amp;amp;amp;trk=nav_responsive_tab_home","https:\/\/www.youtube.com\/channel\/UCxL0wu1uN0_3_7hGG0306cw"]},{"@type":"Person","@id":"https:\/\/www.bellunopress.it\/#\/schema\/person\/79bb06722b37ece1c03d3e94beb30d73","name":"r\u00e9daction","image":{"@type":"ImageObject","inLanguage":"fr-FR","@id":"https:\/\/secure.gravatar.com\/avatar\/37d968a2e67a6fd04c169c4bdef102d0bc5d31b2546345219e348575eb80e9a0?s=96&d=mm&r=g","url":"https:\/\/secure.gravatar.com\/avatar\/37d968a2e67a6fd04c169c4bdef102d0bc5d31b2546345219e348575eb80e9a0?s=96&d=mm&r=g","contentUrl":"https:\/\/secure.gravatar.com\/avatar\/37d968a2e67a6fd04c169c4bdef102d0bc5d31b2546345219e348575eb80e9a0?s=96&d=mm&r=g","caption":"redazione"},"sameAs":["http:\/\/www.bellunopress.it","https:\/\/x.com\/bellunopress"],"url":"https:\/\/www.bellunopress.it\/fr\/author\/redazione\/"}]}},"_links":{"self":[{"href":"https:\/\/www.bellunopress.it\/fr\/wp-json\/wp\/v2\/posts\/5679","targetHints":{"allow":["GET"]}}],"collection":[{"href":"https:\/\/www.bellunopress.it\/fr\/wp-json\/wp\/v2\/posts"}],"about":[{"href":"https:\/\/www.bellunopress.it\/fr\/wp-json\/wp\/v2\/types\/post"}],"author":[{"embeddable":true,"href":"https:\/\/www.bellunopress.it\/fr\/wp-json\/wp\/v2\/users\/2"}],"replies":[{"embeddable":true,"href":"https:\/\/www.bellunopress.it\/fr\/wp-json\/wp\/v2\/comments?post=5679"}],"version-history":[{"count":1,"href":"https:\/\/www.bellunopress.it\/fr\/wp-json\/wp\/v2\/posts\/5679\/revisions"}],"predecessor-version":[{"id":5680,"href":"https:\/\/www.bellunopress.it\/fr\/wp-json\/wp\/v2\/posts\/5679\/revisions\/5680"}],"wp:attachment":[{"href":"https:\/\/www.bellunopress.it\/fr\/wp-json\/wp\/v2\/media?parent=5679"}],"wp:term":[{"taxonomy":"category","embeddable":true,"href":"https:\/\/www.bellunopress.it\/fr\/wp-json\/wp\/v2\/categories?post=5679"},{"taxonomy":"post_tag","embeddable":true,"href":"https:\/\/www.bellunopress.it\/fr\/wp-json\/wp\/v2\/tags?post=5679"}],"curies":[{"name":"wp","href":"https:\/\/api.w.org\/{rel}","templated":true}]}}