{"id":5677,"date":"2009-07-06T21:11:30","date_gmt":"2009-07-06T20:11:30","guid":{"rendered":"http:\/\/www.bellunopress.it\/?p=5677"},"modified":"2009-07-06T21:11:30","modified_gmt":"2009-07-06T20:11:30","slug":"successo-per-lo-slalom-estivo-sulla-slavina-di-valle-san-lucano","status":"publish","type":"post","link":"https:\/\/www.bellunopress.it\/fr\/2009\/07\/06\/successo-per-lo-slalom-estivo-sulla-slavina-di-valle-san-lucano\/","title":{"rendered":"Successo per lo slalom estivo sulla slavina di Valle San Lucano"},"content":{"rendered":"<p>Sono stati oltre 60 i temerari sciatori che si sono dati appuntamento domenica 5 luglio sulla lingua di neve in Valle di San Lucano in Provincia di Belluno. Un ricordo indelebile delle abbondanti nevicate della stagione invernale 2009, resistenti anche al sole di luglio. Artefici dell&#8217;iniziativa, i maestri di sci e snowboard della Scuola equipe di Falcade con la collaborazione dello staff del Consorzio turistico Dolomiti stars. Non si tratta di sci estivo in ghiacciaio ma di una pista da sci \u0093improvvisata\u0094 a soli 600 metri di altezza sui resti di una slavina in un canalone delle Dolomiti, ai piedi del Monte Agner, per sciare nel bel mezzo dell&#8217;\u0092estate.\u00a0 \u0093&#8221;Ringraziamo tutti gli appassionati che sono intervenuti cos\u00ec numerosi &#8211;\u00a0 spiegano gli organizzatori della gara &#8211; sia gli sciatori che il pubblico che ha seguito a bordo pista questa gara davvero al di fuori del normale. Il merito pi\u00f9 grande va ai maestri della scuola sci Equipe di Falcade che hanno lavorato incessantemente per tutta la settimana in\u00a0 pista per mettere il manto nevoso nelle migliori condizioni possibili e il tracciato di gara in sicurezza\u0094&#8221;. L&#8217;inconsueto evento \u00e8 stato trasmesso da Rai 1 e Rai 3 nei loro tg.<br \/>\nGara vera quella sulla \u0093Levina de Medaval\u0094 che ha visto i concorrenti impegnati in 3 manches di slalom. A primeggiare in campo maschile \u00e8 stato proprio uno dei rappresentanti della scuola di sci Equipe, Fulvio Valt che ha preceduto Moritz Micheluzzi e Alex Dejori. In campo femminile successo di\u00a0 Cinzia Valt, davanti a Martina Scussel e\u00a0 Elena Valt, terza. &#8220;\u0093Chiss\u00e0 &#8211; \u0096concludono gli organizzatori &#8211; che con inverni particolarmente nevosi questa divertente gara non possa diventare un vero e proprio appuntamento di mezza estate per tutti gli appassionati dello sci e della neve, in attesa della riapertura invernale di piste e impianti sulle Dolomiti&#8221;\u0094.<\/p>","protected":false},"excerpt":{"rendered":"<p>Sono stati oltre 60 i temerari sciatori che si sono dati appuntamento domenica 5 luglio sulla lingua di neve in Valle di San Lucano in Provincia di Belluno. Un ricordo indelebile delle abbondanti nevicate della stagione invernale 2009, resistenti anche al sole di luglio. Artefici dell&#8217;iniziativa, i maestri di sci e snowboard della Scuola equipe [&hellip;]<\/p>\n","protected":false},"author":2,"featured_media":0,"comment_status":"closed","ping_status":"open","sticky":false,"template":"","format":"standard","meta":{"footnotes":""},"categories":[25,4],"tags":[139,63],"class_list":["post-5677","post","type-post","status-publish","format-standard","category-pausa-caffe","category-sport","tag-belluno","tag-dolomiti"],"yoast_head":"<!-- This site is optimized with the Yoast SEO plugin v28.4 - https:\/\/yoast.com\/product\/yoast-seo-wordpress\/ -->\n<title>Successo per lo slalom estivo sulla slavina di Valle San Lucano - Bellunopress - Dolomiti<\/title>\n<meta name=\"robots\" content=\"index, follow, max-snippet:-1, max-image-preview:large, max-video-preview:-1\" \/>\n<link rel=\"canonical\" href=\"https:\/\/www.bellunopress.it\/fr\/2009\/07\/06\/successo-per-lo-slalom-estivo-sulla-slavina-di-valle-san-lucano\/\" \/>\n<meta property=\"og:locale\" content=\"fr_FR\" \/>\n<meta property=\"og:type\" content=\"article\" \/>\n<meta property=\"og:title\" content=\"Successo per lo slalom estivo sulla slavina di Valle San Lucano - Bellunopress - Dolomiti\" \/>\n<meta property=\"og:description\" content=\"Sono stati oltre 60 i temerari sciatori che si sono dati appuntamento domenica 5 luglio sulla lingua di neve in Valle di San Lucano in Provincia di Belluno. Un ricordo indelebile delle abbondanti nevicate della stagione invernale 2009, resistenti anche al sole di luglio. Artefici dell&#8217;iniziativa, i maestri di sci e snowboard della Scuola equipe [&hellip;]\" \/>\n<meta property=\"og:url\" content=\"https:\/\/www.bellunopress.it\/fr\/2009\/07\/06\/successo-per-lo-slalom-estivo-sulla-slavina-di-valle-san-lucano\/\" \/>\n<meta property=\"og:site_name\" content=\"Bellunopress - Dolomiti\" \/>\n<meta property=\"article:publisher\" content=\"https:\/\/www.facebook.com\/profile.php?id=100008943462799\" \/>\n<meta property=\"article:published_time\" content=\"2009-07-06T20:11:30+00:00\" \/>\n<meta property=\"og:image\" content=\"http:\/\/www.bellunopress.it\/wp-content\/uploads\/2012\/07\/logo-bellunopress-250x250-2012.jpg\" \/>\n<meta name=\"author\" content=\"redazione\" \/>\n<meta name=\"twitter:card\" content=\"summary_large_image\" \/>\n<meta name=\"twitter:creator\" content=\"@bellunopress\" \/>\n<meta name=\"twitter:site\" content=\"@bellunopress\" \/>\n<meta name=\"twitter:label1\" content=\"\u00c9crit par\" \/>\n\t<meta name=\"twitter:data1\" content=\"redazione\" \/>\n\t<meta name=\"twitter:label2\" content=\"Dur\u00e9e de lecture estim\u00e9e\" \/>\n\t<meta name=\"twitter:data2\" content=\"1 minute\" \/>\n<script type=\"application\/ld+json\" class=\"yoast-schema-graph\">{\"@context\":\"https:\\\/\\\/schema.org\",\"@graph\":[{\"@type\":\"Article\",\"@id\":\"https:\\\/\\\/www.bellunopress.it\\\/2009\\\/07\\\/06\\\/successo-per-lo-slalom-estivo-sulla-slavina-di-valle-san-lucano\\\/#article\",\"isPartOf\":{\"@id\":\"https:\\\/\\\/www.bellunopress.it\\\/2009\\\/07\\\/06\\\/successo-per-lo-slalom-estivo-sulla-slavina-di-valle-san-lucano\\\/\"},\"author\":{\"name\":\"redazione\",\"@id\":\"https:\\\/\\\/www.bellunopress.it\\\/#\\\/schema\\\/person\\\/79bb06722b37ece1c03d3e94beb30d73\"},\"headline\":\"Successo per lo slalom estivo sulla slavina di Valle San Lucano\",\"datePublished\":\"2009-07-06T20:11:30+00:00\",\"mainEntityOfPage\":{\"@id\":\"https:\\\/\\\/www.bellunopress.it\\\/2009\\\/07\\\/06\\\/successo-per-lo-slalom-estivo-sulla-slavina-di-valle-san-lucano\\\/\"},\"wordCount\":307,\"publisher\":{\"@id\":\"https:\\\/\\\/www.bellunopress.it\\\/#organization\"},\"keywords\":[\"Belluno\",\"Dolomiti\"],\"articleSection\":[\"Pausa Caff\u00e8\",\"Sport, tempo libero\"],\"inLanguage\":\"fr-FR\"},{\"@type\":\"WebPage\",\"@id\":\"https:\\\/\\\/www.bellunopress.it\\\/2009\\\/07\\\/06\\\/successo-per-lo-slalom-estivo-sulla-slavina-di-valle-san-lucano\\\/\",\"url\":\"https:\\\/\\\/www.bellunopress.it\\\/2009\\\/07\\\/06\\\/successo-per-lo-slalom-estivo-sulla-slavina-di-valle-san-lucano\\\/\",\"name\":\"Successo per lo slalom estivo sulla slavina di Valle San Lucano - Bellunopress - Dolomiti\",\"isPartOf\":{\"@id\":\"https:\\\/\\\/www.bellunopress.it\\\/#website\"},\"datePublished\":\"2009-07-06T20:11:30+00:00\",\"breadcrumb\":{\"@id\":\"https:\\\/\\\/www.bellunopress.it\\\/2009\\\/07\\\/06\\\/successo-per-lo-slalom-estivo-sulla-slavina-di-valle-san-lucano\\\/#breadcrumb\"},\"inLanguage\":\"fr-FR\",\"potentialAction\":[{\"@type\":\"ReadAction\",\"target\":[\"https:\\\/\\\/www.bellunopress.it\\\/2009\\\/07\\\/06\\\/successo-per-lo-slalom-estivo-sulla-slavina-di-valle-san-lucano\\\/\"]}]},{\"@type\":\"BreadcrumbList\",\"@id\":\"https:\\\/\\\/www.bellunopress.it\\\/2009\\\/07\\\/06\\\/successo-per-lo-slalom-estivo-sulla-slavina-di-valle-san-lucano\\\/#breadcrumb\",\"itemListElement\":[{\"@type\":\"ListItem\",\"position\":1,\"name\":\"Home\",\"item\":\"https:\\\/\\\/www.bellunopress.it\\\/\"},{\"@type\":\"ListItem\",\"position\":2,\"name\":\"Successo per lo slalom estivo sulla slavina di Valle San Lucano\"}]},{\"@type\":\"WebSite\",\"@id\":\"https:\\\/\\\/www.bellunopress.it\\\/#website\",\"url\":\"https:\\\/\\\/www.bellunopress.it\\\/\",\"name\":\"Bellunopress - Dolomiti\",\"description\":\"e-mail: redazione@bellunopress.it\",\"publisher\":{\"@id\":\"https:\\\/\\\/www.bellunopress.it\\\/#organization\"},\"potentialAction\":[{\"@type\":\"SearchAction\",\"target\":{\"@type\":\"EntryPoint\",\"urlTemplate\":\"https:\\\/\\\/www.bellunopress.it\\\/?s={search_term_string}\"},\"query-input\":{\"@type\":\"PropertyValueSpecification\",\"valueRequired\":true,\"valueName\":\"search_term_string\"}}],\"inLanguage\":\"fr-FR\"},{\"@type\":\"Organization\",\"@id\":\"https:\\\/\\\/www.bellunopress.it\\\/#organization\",\"name\":\"Bellunopress\",\"url\":\"https:\\\/\\\/www.bellunopress.it\\\/\",\"logo\":{\"@type\":\"ImageObject\",\"inLanguage\":\"fr-FR\",\"@id\":\"https:\\\/\\\/www.bellunopress.it\\\/#\\\/schema\\\/logo\\\/image\\\/\",\"url\":\"https:\\\/\\\/www.bellunopress.it\\\/wp-content\\\/uploads\\\/2011\\\/05\\\/cropped-logo-bellunopress-.jpg\",\"contentUrl\":\"https:\\\/\\\/www.bellunopress.it\\\/wp-content\\\/uploads\\\/2011\\\/05\\\/cropped-logo-bellunopress-.jpg\",\"width\":512,\"height\":512,\"caption\":\"Bellunopress\"},\"image\":{\"@id\":\"https:\\\/\\\/www.bellunopress.it\\\/#\\\/schema\\\/logo\\\/image\\\/\"},\"sameAs\":[\"https:\\\/\\\/www.facebook.com\\\/profile.php?id=100008943462799\",\"https:\\\/\\\/x.com\\\/bellunopress\",\"https:\\\/\\\/www.linkedin.com\\\/hp\\\/?dnr=JBzUWaJfMUw8vbXJJ2tVW5-I3jZKvC4wsoxE&amp;amp;amp;amp;amp;amp;trk=nav_responsive_tab_home\",\"https:\\\/\\\/www.youtube.com\\\/channel\\\/UCxL0wu1uN0_3_7hGG0306cw\"]},{\"@type\":\"Person\",\"@id\":\"https:\\\/\\\/www.bellunopress.it\\\/#\\\/schema\\\/person\\\/79bb06722b37ece1c03d3e94beb30d73\",\"name\":\"redazione\",\"image\":{\"@type\":\"ImageObject\",\"inLanguage\":\"fr-FR\",\"@id\":\"https:\\\/\\\/secure.gravatar.com\\\/avatar\\\/37d968a2e67a6fd04c169c4bdef102d0bc5d31b2546345219e348575eb80e9a0?s=96&d=mm&r=g\",\"url\":\"https:\\\/\\\/secure.gravatar.com\\\/avatar\\\/37d968a2e67a6fd04c169c4bdef102d0bc5d31b2546345219e348575eb80e9a0?s=96&d=mm&r=g\",\"contentUrl\":\"https:\\\/\\\/secure.gravatar.com\\\/avatar\\\/37d968a2e67a6fd04c169c4bdef102d0bc5d31b2546345219e348575eb80e9a0?s=96&d=mm&r=g\",\"caption\":\"redazione\"},\"sameAs\":[\"http:\\\/\\\/www.bellunopress.it\",\"https:\\\/\\\/x.com\\\/bellunopress\"],\"url\":\"https:\\\/\\\/www.bellunopress.it\\\/fr\\\/author\\\/redazione\\\/\"}]}<\/script>\n<!-- \/ Yoast SEO plugin. -->","yoast_head_json":{"title":"Successo per lo slalom estivo sulla slavina di Valle San Lucano - Bellunopress - Dolomiti","robots":{"index":"index","follow":"follow","max-snippet":"max-snippet:-1","max-image-preview":"max-image-preview:large","max-video-preview":"max-video-preview:-1"},"canonical":"https:\/\/www.bellunopress.it\/fr\/2009\/07\/06\/successo-per-lo-slalom-estivo-sulla-slavina-di-valle-san-lucano\/","og_locale":"fr_FR","og_type":"article","og_title":"Successo per lo slalom estivo sulla slavina di Valle San Lucano - Bellunopress - Dolomiti","og_description":"Sono stati oltre 60 i temerari sciatori che si sono dati appuntamento domenica 5 luglio sulla lingua di neve in Valle di San Lucano in Provincia di Belluno. Un ricordo indelebile delle abbondanti nevicate della stagione invernale 2009, resistenti anche al sole di luglio. Artefici dell&#8217;iniziativa, i maestri di sci e snowboard della Scuola equipe [&hellip;]","og_url":"https:\/\/www.bellunopress.it\/fr\/2009\/07\/06\/successo-per-lo-slalom-estivo-sulla-slavina-di-valle-san-lucano\/","og_site_name":"Bellunopress - Dolomiti","article_publisher":"https:\/\/www.facebook.com\/profile.php?id=100008943462799","article_published_time":"2009-07-06T20:11:30+00:00","og_image":[{"url":"http:\/\/www.bellunopress.it\/wp-content\/uploads\/2012\/07\/logo-bellunopress-250x250-2012.jpg","type":"","width":"","height":""}],"author":"redazione","twitter_card":"summary_large_image","twitter_creator":"@bellunopress","twitter_site":"@bellunopress","twitter_misc":{"\u00c9crit par":"redazione","Dur\u00e9e de lecture estim\u00e9e":"1 minute"},"schema":{"@context":"https:\/\/schema.org","@graph":[{"@type":"Article","@id":"https:\/\/www.bellunopress.it\/2009\/07\/06\/successo-per-lo-slalom-estivo-sulla-slavina-di-valle-san-lucano\/#article","isPartOf":{"@id":"https:\/\/www.bellunopress.it\/2009\/07\/06\/successo-per-lo-slalom-estivo-sulla-slavina-di-valle-san-lucano\/"},"author":{"name":"redazione","@id":"https:\/\/www.bellunopress.it\/#\/schema\/person\/79bb06722b37ece1c03d3e94beb30d73"},"headline":"Successo per lo slalom estivo sulla slavina di Valle San Lucano","datePublished":"2009-07-06T20:11:30+00:00","mainEntityOfPage":{"@id":"https:\/\/www.bellunopress.it\/2009\/07\/06\/successo-per-lo-slalom-estivo-sulla-slavina-di-valle-san-lucano\/"},"wordCount":307,"publisher":{"@id":"https:\/\/www.bellunopress.it\/#organization"},"keywords":["Belluno","Dolomiti"],"articleSection":["Pausa Caff\u00e8","Sport, tempo libero"],"inLanguage":"fr-FR"},{"@type":"WebPage","@id":"https:\/\/www.bellunopress.it\/2009\/07\/06\/successo-per-lo-slalom-estivo-sulla-slavina-di-valle-san-lucano\/","url":"https:\/\/www.bellunopress.it\/2009\/07\/06\/successo-per-lo-slalom-estivo-sulla-slavina-di-valle-san-lucano\/","name":"Successo per lo slalom estivo sulla slavina di Valle San Lucano - Bellunopress - Dolomiti","isPartOf":{"@id":"https:\/\/www.bellunopress.it\/#website"},"datePublished":"2009-07-06T20:11:30+00:00","breadcrumb":{"@id":"https:\/\/www.bellunopress.it\/2009\/07\/06\/successo-per-lo-slalom-estivo-sulla-slavina-di-valle-san-lucano\/#breadcrumb"},"inLanguage":"fr-FR","potentialAction":[{"@type":"ReadAction","target":["https:\/\/www.bellunopress.it\/2009\/07\/06\/successo-per-lo-slalom-estivo-sulla-slavina-di-valle-san-lucano\/"]}]},{"@type":"BreadcrumbList","@id":"https:\/\/www.bellunopress.it\/2009\/07\/06\/successo-per-lo-slalom-estivo-sulla-slavina-di-valle-san-lucano\/#breadcrumb","itemListElement":[{"@type":"ListItem","position":1,"name":"Home","item":"https:\/\/www.bellunopress.it\/"},{"@type":"ListItem","position":2,"name":"Successo per lo slalom estivo sulla slavina di Valle San Lucano"}]},{"@type":"WebSite","@id":"https:\/\/www.bellunopress.it\/#website","url":"https:\/\/www.bellunopress.it\/","name":"Bellunopress - Dolomiti","description":"e-mail: redazione@bellunopress.it","publisher":{"@id":"https:\/\/www.bellunopress.it\/#organization"},"potentialAction":[{"@type":"SearchAction","target":{"@type":"EntryPoint","urlTemplate":"https:\/\/www.bellunopress.it\/?s={search_term_string}"},"query-input":{"@type":"PropertyValueSpecification","valueRequired":true,"valueName":"search_term_string"}}],"inLanguage":"fr-FR"},{"@type":"Organization","@id":"https:\/\/www.bellunopress.it\/#organization","name":"Bellunopress","url":"https:\/\/www.bellunopress.it\/","logo":{"@type":"ImageObject","inLanguage":"fr-FR","@id":"https:\/\/www.bellunopress.it\/#\/schema\/logo\/image\/","url":"https:\/\/www.bellunopress.it\/wp-content\/uploads\/2011\/05\/cropped-logo-bellunopress-.jpg","contentUrl":"https:\/\/www.bellunopress.it\/wp-content\/uploads\/2011\/05\/cropped-logo-bellunopress-.jpg","width":512,"height":512,"caption":"Bellunopress"},"image":{"@id":"https:\/\/www.bellunopress.it\/#\/schema\/logo\/image\/"},"sameAs":["https:\/\/www.facebook.com\/profile.php?id=100008943462799","https:\/\/x.com\/bellunopress","https:\/\/www.linkedin.com\/hp\/?dnr=JBzUWaJfMUw8vbXJJ2tVW5-I3jZKvC4wsoxE&amp;amp;amp;amp;amp;amp;trk=nav_responsive_tab_home","https:\/\/www.youtube.com\/channel\/UCxL0wu1uN0_3_7hGG0306cw"]},{"@type":"Person","@id":"https:\/\/www.bellunopress.it\/#\/schema\/person\/79bb06722b37ece1c03d3e94beb30d73","name":"r\u00e9daction","image":{"@type":"ImageObject","inLanguage":"fr-FR","@id":"https:\/\/secure.gravatar.com\/avatar\/37d968a2e67a6fd04c169c4bdef102d0bc5d31b2546345219e348575eb80e9a0?s=96&d=mm&r=g","url":"https:\/\/secure.gravatar.com\/avatar\/37d968a2e67a6fd04c169c4bdef102d0bc5d31b2546345219e348575eb80e9a0?s=96&d=mm&r=g","contentUrl":"https:\/\/secure.gravatar.com\/avatar\/37d968a2e67a6fd04c169c4bdef102d0bc5d31b2546345219e348575eb80e9a0?s=96&d=mm&r=g","caption":"redazione"},"sameAs":["http:\/\/www.bellunopress.it","https:\/\/x.com\/bellunopress"],"url":"https:\/\/www.bellunopress.it\/fr\/author\/redazione\/"}]}},"_links":{"self":[{"href":"https:\/\/www.bellunopress.it\/fr\/wp-json\/wp\/v2\/posts\/5677","targetHints":{"allow":["GET"]}}],"collection":[{"href":"https:\/\/www.bellunopress.it\/fr\/wp-json\/wp\/v2\/posts"}],"about":[{"href":"https:\/\/www.bellunopress.it\/fr\/wp-json\/wp\/v2\/types\/post"}],"author":[{"embeddable":true,"href":"https:\/\/www.bellunopress.it\/fr\/wp-json\/wp\/v2\/users\/2"}],"replies":[{"embeddable":true,"href":"https:\/\/www.bellunopress.it\/fr\/wp-json\/wp\/v2\/comments?post=5677"}],"version-history":[{"count":1,"href":"https:\/\/www.bellunopress.it\/fr\/wp-json\/wp\/v2\/posts\/5677\/revisions"}],"predecessor-version":[{"id":5678,"href":"https:\/\/www.bellunopress.it\/fr\/wp-json\/wp\/v2\/posts\/5677\/revisions\/5678"}],"wp:attachment":[{"href":"https:\/\/www.bellunopress.it\/fr\/wp-json\/wp\/v2\/media?parent=5677"}],"wp:term":[{"taxonomy":"category","embeddable":true,"href":"https:\/\/www.bellunopress.it\/fr\/wp-json\/wp\/v2\/categories?post=5677"},{"taxonomy":"post_tag","embeddable":true,"href":"https:\/\/www.bellunopress.it\/fr\/wp-json\/wp\/v2\/tags?post=5677"}],"curies":[{"name":"wp","href":"https:\/\/api.w.org\/{rel}","templated":true}]}}