{"id":5668,"date":"2009-07-06T11:45:12","date_gmt":"2009-07-06T10:45:12","guid":{"rendered":"http:\/\/www.bellunopress.it\/?p=5668"},"modified":"2009-07-06T11:45:12","modified_gmt":"2009-07-06T10:45:12","slug":"elisoccorso-i-presidenti-della-conferenza-dei-sindaci-ulss-1-e-2-scrivono-a-palazzo-balbi","status":"publish","type":"post","link":"https:\/\/www.bellunopress.it\/fr\/2009\/07\/06\/elisoccorso-i-presidenti-della-conferenza-dei-sindaci-ulss-1-e-2-scrivono-a-palazzo-balbi\/","title":{"rendered":"Elisoccorso, i presidenti della Conferenza dei Sindaci Ulss 1 e 2 scrivono a Palazzo Balbi"},"content":{"rendered":"<p>I due presidenti delle Conferenze dei sindaci delle Ulss di Belluno e Feltre, Angelo Paganin e il senatore <a href=\"http:\/\/www.bellunopress.it\/wp-content\/uploads\/2009\/06\/soccorso-alpino-elicottero-leggera.jpg\"><img loading=\"lazy\" decoding=\"async\" class=\"alignleft size-medium wp-image-4642\" title=\"soccorso-alpino-elicottero-leggera\" src=\"http:\/\/www.bellunopress.it\/wp-content\/uploads\/2009\/06\/soccorso-alpino-elicottero-leggera.jpg\" alt=\"\" width=\"270\" height=\"203\" \/><\/a>Gianvittore Vaccari (nella foto in prima pagina), hanno scritto all&#8217;assessore regionale delle Politiche sanitarie Sandro Sandri per mantenere il servizio di elisoccorso nelle 24 ore per le province di Belluno e Treviso. &#8220;Egregio Assessore &#8211; scrivono i presidenti Paganin e Vaccari &#8211; ci rivolgiamo a lei sulla base delle cortesi, documentate e condivisibili argomentazioni esposte dal Primario del SUEM dell\u2019Ulss n\u00b01, dott. Angelo Costola, a sostegno della prosecuzione del Servizio di Elisoccorso sulle 24h. per le Provincie di Belluno e Treviso. La documentazione attestante la validit\u00e0 dell\u2019esperienza sperimentale di un anno Le \u00e8 stata consegnata in occasione della visita dell\u201911 febbraio u.s.. Sono proseguite in provincia le attivit\u00e0 di messa a norma delle elisuperfici, 8 gi\u00e0 attive altre 4 in completamento. Anche gli Ospedali<br \/>\nriceventi stanno adeguando la ricettivit\u00e0 alle esigenze di una moderna concezione di medicina che<br \/>\nnecessita per particolari urgenze di un immediato trasporto ai centri di riferimento specializzati di<br \/>\narea regionale. Le chiediamo pertanto un cortese interessamento per giungere alla definitiva<br \/>\nistituzionalizzazione del Servizio di elisoccorso sulle 24h o almeno, in alternativa, qualora ci\u00f2 fosse<br \/>\nin tempi brevi impossibile, alla prosecuzione biennale della sperimentazione.<br \/>\nInoltre siamo del parere che la sede del servizio debba rimanere nella Provincia di Belluno<br \/>\ne non in altre, perch\u00e9 \u00e8 nella nostra che vi \u00e8 una maggiore necessit\u00e0 di questo servizio che diventa<br \/>\nfattore di pari opportunit\u00e0 e di ugualit\u00e0 per i nostri cittadini. Chiediamo altres\u00ec che la Regione Veneto si attivi per assicurare gli adeguati trasferimenti per sostenere il servizio che \u00e8 indispensabile per garantire ai cittadini del Veneto che vivono in montagna le stesse opportunit\u00e0 di salute di quelli che vivono in pianura. Infine, auspichiamo che vengano attivati dei meccanismi di aggiudicazione del servizio di elisoccorso improntati sul miglior rapporto fra costi, benefici, qualit\u00e0 ed efficacia.<br \/>\nConfidando nella Sua consueta disponibilit\u00e0 cogliamo l\u2019occasione per porgere cordiali<br \/>\nsaluti&#8221;.<\/p>","protected":false},"excerpt":{"rendered":"<p>I due presidenti delle Conferenze dei sindaci delle Ulss di Belluno e Feltre, Angelo Paganin e il senatore Gianvittore Vaccari (nella foto in prima pagina), hanno scritto all&#8217;assessore regionale delle Politiche sanitarie Sandro Sandri per mantenere il servizio di elisoccorso nelle 24 ore per le province di Belluno e Treviso. &#8220;Egregio Assessore &#8211; scrivono i [&hellip;]<\/p>\n","protected":false},"author":2,"featured_media":0,"comment_status":"closed","ping_status":"open","sticky":false,"template":"","format":"standard","meta":{"footnotes":""},"categories":[5],"tags":[139,302],"class_list":["post-5668","post","type-post","status-publish","format-standard","category-cronaca","tag-belluno","tag-feltre"],"yoast_head":"<!-- This site is optimized with the Yoast SEO plugin v28.4 - https:\/\/yoast.com\/product\/yoast-seo-wordpress\/ -->\n<title>Elisoccorso, i presidenti della Conferenza dei Sindaci Ulss 1 e 2 scrivono a Palazzo Balbi - Bellunopress - Dolomiti<\/title>\n<meta name=\"robots\" content=\"index, follow, max-snippet:-1, max-image-preview:large, max-video-preview:-1\" \/>\n<link rel=\"canonical\" href=\"https:\/\/www.bellunopress.it\/fr\/2009\/07\/06\/elisoccorso-i-presidenti-della-conferenza-dei-sindaci-ulss-1-e-2-scrivono-a-palazzo-balbi\/\" \/>\n<meta property=\"og:locale\" content=\"fr_FR\" \/>\n<meta property=\"og:type\" content=\"article\" \/>\n<meta property=\"og:title\" content=\"Elisoccorso, i presidenti della Conferenza dei Sindaci Ulss 1 e 2 scrivono a Palazzo Balbi - Bellunopress - Dolomiti\" \/>\n<meta property=\"og:description\" content=\"I due presidenti delle Conferenze dei sindaci delle Ulss di Belluno e Feltre, Angelo Paganin e il senatore Gianvittore Vaccari (nella foto in prima pagina), hanno scritto all&#8217;assessore regionale delle Politiche sanitarie Sandro Sandri per mantenere il servizio di elisoccorso nelle 24 ore per le province di Belluno e Treviso. &#8220;Egregio Assessore &#8211; scrivono i [&hellip;]\" \/>\n<meta property=\"og:url\" content=\"https:\/\/www.bellunopress.it\/fr\/2009\/07\/06\/elisoccorso-i-presidenti-della-conferenza-dei-sindaci-ulss-1-e-2-scrivono-a-palazzo-balbi\/\" \/>\n<meta property=\"og:site_name\" content=\"Bellunopress - Dolomiti\" \/>\n<meta property=\"article:publisher\" content=\"https:\/\/www.facebook.com\/profile.php?id=100008943462799\" \/>\n<meta property=\"article:published_time\" content=\"2009-07-06T10:45:12+00:00\" \/>\n<meta property=\"og:image\" content=\"http:\/\/www.bellunopress.it\/wp-content\/uploads\/2009\/06\/soccorso-alpino-elicottero-leggera.jpg\" \/>\n<meta name=\"author\" content=\"redazione\" \/>\n<meta name=\"twitter:card\" content=\"summary_large_image\" \/>\n<meta name=\"twitter:creator\" content=\"@bellunopress\" \/>\n<meta name=\"twitter:site\" content=\"@bellunopress\" \/>\n<meta name=\"twitter:label1\" content=\"\u00c9crit par\" \/>\n\t<meta name=\"twitter:data1\" content=\"redazione\" \/>\n\t<meta name=\"twitter:label2\" content=\"Dur\u00e9e de lecture estim\u00e9e\" \/>\n\t<meta name=\"twitter:data2\" content=\"2 minutes\" \/>\n<script type=\"application\/ld+json\" class=\"yoast-schema-graph\">{\"@context\":\"https:\\\/\\\/schema.org\",\"@graph\":[{\"@type\":\"Article\",\"@id\":\"https:\\\/\\\/www.bellunopress.it\\\/2009\\\/07\\\/06\\\/elisoccorso-i-presidenti-della-conferenza-dei-sindaci-ulss-1-e-2-scrivono-a-palazzo-balbi\\\/#article\",\"isPartOf\":{\"@id\":\"https:\\\/\\\/www.bellunopress.it\\\/2009\\\/07\\\/06\\\/elisoccorso-i-presidenti-della-conferenza-dei-sindaci-ulss-1-e-2-scrivono-a-palazzo-balbi\\\/\"},\"author\":{\"name\":\"redazione\",\"@id\":\"https:\\\/\\\/www.bellunopress.it\\\/#\\\/schema\\\/person\\\/79bb06722b37ece1c03d3e94beb30d73\"},\"headline\":\"Elisoccorso, i presidenti della Conferenza dei Sindaci Ulss 1 e 2 scrivono a Palazzo Balbi\",\"datePublished\":\"2009-07-06T10:45:12+00:00\",\"mainEntityOfPage\":{\"@id\":\"https:\\\/\\\/www.bellunopress.it\\\/2009\\\/07\\\/06\\\/elisoccorso-i-presidenti-della-conferenza-dei-sindaci-ulss-1-e-2-scrivono-a-palazzo-balbi\\\/\"},\"wordCount\":336,\"publisher\":{\"@id\":\"https:\\\/\\\/www.bellunopress.it\\\/#organization\"},\"image\":{\"@id\":\"https:\\\/\\\/www.bellunopress.it\\\/2009\\\/07\\\/06\\\/elisoccorso-i-presidenti-della-conferenza-dei-sindaci-ulss-1-e-2-scrivono-a-palazzo-balbi\\\/#primaryimage\"},\"thumbnailUrl\":\"http:\\\/\\\/www.bellunopress.it\\\/wp-content\\\/uploads\\\/2009\\\/06\\\/soccorso-alpino-elicottero-leggera.jpg\",\"keywords\":[\"Belluno\",\"Feltre\"],\"articleSection\":[\"Cronaca\\\/Politica\"],\"inLanguage\":\"fr-FR\"},{\"@type\":\"WebPage\",\"@id\":\"https:\\\/\\\/www.bellunopress.it\\\/2009\\\/07\\\/06\\\/elisoccorso-i-presidenti-della-conferenza-dei-sindaci-ulss-1-e-2-scrivono-a-palazzo-balbi\\\/\",\"url\":\"https:\\\/\\\/www.bellunopress.it\\\/2009\\\/07\\\/06\\\/elisoccorso-i-presidenti-della-conferenza-dei-sindaci-ulss-1-e-2-scrivono-a-palazzo-balbi\\\/\",\"name\":\"Elisoccorso, i presidenti della Conferenza dei Sindaci Ulss 1 e 2 scrivono a Palazzo Balbi - Bellunopress - Dolomiti\",\"isPartOf\":{\"@id\":\"https:\\\/\\\/www.bellunopress.it\\\/#website\"},\"primaryImageOfPage\":{\"@id\":\"https:\\\/\\\/www.bellunopress.it\\\/2009\\\/07\\\/06\\\/elisoccorso-i-presidenti-della-conferenza-dei-sindaci-ulss-1-e-2-scrivono-a-palazzo-balbi\\\/#primaryimage\"},\"image\":{\"@id\":\"https:\\\/\\\/www.bellunopress.it\\\/2009\\\/07\\\/06\\\/elisoccorso-i-presidenti-della-conferenza-dei-sindaci-ulss-1-e-2-scrivono-a-palazzo-balbi\\\/#primaryimage\"},\"thumbnailUrl\":\"http:\\\/\\\/www.bellunopress.it\\\/wp-content\\\/uploads\\\/2009\\\/06\\\/soccorso-alpino-elicottero-leggera.jpg\",\"datePublished\":\"2009-07-06T10:45:12+00:00\",\"breadcrumb\":{\"@id\":\"https:\\\/\\\/www.bellunopress.it\\\/2009\\\/07\\\/06\\\/elisoccorso-i-presidenti-della-conferenza-dei-sindaci-ulss-1-e-2-scrivono-a-palazzo-balbi\\\/#breadcrumb\"},\"inLanguage\":\"fr-FR\",\"potentialAction\":[{\"@type\":\"ReadAction\",\"target\":[\"https:\\\/\\\/www.bellunopress.it\\\/2009\\\/07\\\/06\\\/elisoccorso-i-presidenti-della-conferenza-dei-sindaci-ulss-1-e-2-scrivono-a-palazzo-balbi\\\/\"]}]},{\"@type\":\"ImageObject\",\"inLanguage\":\"fr-FR\",\"@id\":\"https:\\\/\\\/www.bellunopress.it\\\/2009\\\/07\\\/06\\\/elisoccorso-i-presidenti-della-conferenza-dei-sindaci-ulss-1-e-2-scrivono-a-palazzo-balbi\\\/#primaryimage\",\"url\":\"http:\\\/\\\/www.bellunopress.it\\\/wp-content\\\/uploads\\\/2009\\\/06\\\/soccorso-alpino-elicottero-leggera.jpg\",\"contentUrl\":\"http:\\\/\\\/www.bellunopress.it\\\/wp-content\\\/uploads\\\/2009\\\/06\\\/soccorso-alpino-elicottero-leggera.jpg\"},{\"@type\":\"BreadcrumbList\",\"@id\":\"https:\\\/\\\/www.bellunopress.it\\\/2009\\\/07\\\/06\\\/elisoccorso-i-presidenti-della-conferenza-dei-sindaci-ulss-1-e-2-scrivono-a-palazzo-balbi\\\/#breadcrumb\",\"itemListElement\":[{\"@type\":\"ListItem\",\"position\":1,\"name\":\"Home\",\"item\":\"https:\\\/\\\/www.bellunopress.it\\\/\"},{\"@type\":\"ListItem\",\"position\":2,\"name\":\"Elisoccorso, i presidenti della Conferenza dei Sindaci Ulss 1 e 2 scrivono a Palazzo Balbi\"}]},{\"@type\":\"WebSite\",\"@id\":\"https:\\\/\\\/www.bellunopress.it\\\/#website\",\"url\":\"https:\\\/\\\/www.bellunopress.it\\\/\",\"name\":\"Bellunopress - Dolomiti\",\"description\":\"e-mail: redazione@bellunopress.it\",\"publisher\":{\"@id\":\"https:\\\/\\\/www.bellunopress.it\\\/#organization\"},\"potentialAction\":[{\"@type\":\"SearchAction\",\"target\":{\"@type\":\"EntryPoint\",\"urlTemplate\":\"https:\\\/\\\/www.bellunopress.it\\\/?s={search_term_string}\"},\"query-input\":{\"@type\":\"PropertyValueSpecification\",\"valueRequired\":true,\"valueName\":\"search_term_string\"}}],\"inLanguage\":\"fr-FR\"},{\"@type\":\"Organization\",\"@id\":\"https:\\\/\\\/www.bellunopress.it\\\/#organization\",\"name\":\"Bellunopress\",\"url\":\"https:\\\/\\\/www.bellunopress.it\\\/\",\"logo\":{\"@type\":\"ImageObject\",\"inLanguage\":\"fr-FR\",\"@id\":\"https:\\\/\\\/www.bellunopress.it\\\/#\\\/schema\\\/logo\\\/image\\\/\",\"url\":\"https:\\\/\\\/www.bellunopress.it\\\/wp-content\\\/uploads\\\/2011\\\/05\\\/cropped-logo-bellunopress-.jpg\",\"contentUrl\":\"https:\\\/\\\/www.bellunopress.it\\\/wp-content\\\/uploads\\\/2011\\\/05\\\/cropped-logo-bellunopress-.jpg\",\"width\":512,\"height\":512,\"caption\":\"Bellunopress\"},\"image\":{\"@id\":\"https:\\\/\\\/www.bellunopress.it\\\/#\\\/schema\\\/logo\\\/image\\\/\"},\"sameAs\":[\"https:\\\/\\\/www.facebook.com\\\/profile.php?id=100008943462799\",\"https:\\\/\\\/x.com\\\/bellunopress\",\"https:\\\/\\\/www.linkedin.com\\\/hp\\\/?dnr=JBzUWaJfMUw8vbXJJ2tVW5-I3jZKvC4wsoxE&amp;amp;amp;amp;amp;amp;trk=nav_responsive_tab_home\",\"https:\\\/\\\/www.youtube.com\\\/channel\\\/UCxL0wu1uN0_3_7hGG0306cw\"]},{\"@type\":\"Person\",\"@id\":\"https:\\\/\\\/www.bellunopress.it\\\/#\\\/schema\\\/person\\\/79bb06722b37ece1c03d3e94beb30d73\",\"name\":\"redazione\",\"image\":{\"@type\":\"ImageObject\",\"inLanguage\":\"fr-FR\",\"@id\":\"https:\\\/\\\/secure.gravatar.com\\\/avatar\\\/37d968a2e67a6fd04c169c4bdef102d0bc5d31b2546345219e348575eb80e9a0?s=96&d=mm&r=g\",\"url\":\"https:\\\/\\\/secure.gravatar.com\\\/avatar\\\/37d968a2e67a6fd04c169c4bdef102d0bc5d31b2546345219e348575eb80e9a0?s=96&d=mm&r=g\",\"contentUrl\":\"https:\\\/\\\/secure.gravatar.com\\\/avatar\\\/37d968a2e67a6fd04c169c4bdef102d0bc5d31b2546345219e348575eb80e9a0?s=96&d=mm&r=g\",\"caption\":\"redazione\"},\"sameAs\":[\"http:\\\/\\\/www.bellunopress.it\",\"https:\\\/\\\/x.com\\\/bellunopress\"],\"url\":\"https:\\\/\\\/www.bellunopress.it\\\/fr\\\/author\\\/redazione\\\/\"}]}<\/script>\n<!-- \/ Yoast SEO plugin. -->","yoast_head_json":{"title":"Elisoccorso, i presidenti della Conferenza dei Sindaci Ulss 1 e 2 scrivono a Palazzo Balbi - Bellunopress - Dolomiti","robots":{"index":"index","follow":"follow","max-snippet":"max-snippet:-1","max-image-preview":"max-image-preview:large","max-video-preview":"max-video-preview:-1"},"canonical":"https:\/\/www.bellunopress.it\/fr\/2009\/07\/06\/elisoccorso-i-presidenti-della-conferenza-dei-sindaci-ulss-1-e-2-scrivono-a-palazzo-balbi\/","og_locale":"fr_FR","og_type":"article","og_title":"Elisoccorso, i presidenti della Conferenza dei Sindaci Ulss 1 e 2 scrivono a Palazzo Balbi - Bellunopress - Dolomiti","og_description":"I due presidenti delle Conferenze dei sindaci delle Ulss di Belluno e Feltre, Angelo Paganin e il senatore Gianvittore Vaccari (nella foto in prima pagina), hanno scritto all&#8217;assessore regionale delle Politiche sanitarie Sandro Sandri per mantenere il servizio di elisoccorso nelle 24 ore per le province di Belluno e Treviso. &#8220;Egregio Assessore &#8211; scrivono i [&hellip;]","og_url":"https:\/\/www.bellunopress.it\/fr\/2009\/07\/06\/elisoccorso-i-presidenti-della-conferenza-dei-sindaci-ulss-1-e-2-scrivono-a-palazzo-balbi\/","og_site_name":"Bellunopress - Dolomiti","article_publisher":"https:\/\/www.facebook.com\/profile.php?id=100008943462799","article_published_time":"2009-07-06T10:45:12+00:00","og_image":[{"url":"http:\/\/www.bellunopress.it\/wp-content\/uploads\/2009\/06\/soccorso-alpino-elicottero-leggera.jpg","type":"","width":"","height":""}],"author":"redazione","twitter_card":"summary_large_image","twitter_creator":"@bellunopress","twitter_site":"@bellunopress","twitter_misc":{"\u00c9crit par":"redazione","Dur\u00e9e de lecture estim\u00e9e":"2 minutes"},"schema":{"@context":"https:\/\/schema.org","@graph":[{"@type":"Article","@id":"https:\/\/www.bellunopress.it\/2009\/07\/06\/elisoccorso-i-presidenti-della-conferenza-dei-sindaci-ulss-1-e-2-scrivono-a-palazzo-balbi\/#article","isPartOf":{"@id":"https:\/\/www.bellunopress.it\/2009\/07\/06\/elisoccorso-i-presidenti-della-conferenza-dei-sindaci-ulss-1-e-2-scrivono-a-palazzo-balbi\/"},"author":{"name":"redazione","@id":"https:\/\/www.bellunopress.it\/#\/schema\/person\/79bb06722b37ece1c03d3e94beb30d73"},"headline":"Elisoccorso, i presidenti della Conferenza dei Sindaci Ulss 1 e 2 scrivono a Palazzo Balbi","datePublished":"2009-07-06T10:45:12+00:00","mainEntityOfPage":{"@id":"https:\/\/www.bellunopress.it\/2009\/07\/06\/elisoccorso-i-presidenti-della-conferenza-dei-sindaci-ulss-1-e-2-scrivono-a-palazzo-balbi\/"},"wordCount":336,"publisher":{"@id":"https:\/\/www.bellunopress.it\/#organization"},"image":{"@id":"https:\/\/www.bellunopress.it\/2009\/07\/06\/elisoccorso-i-presidenti-della-conferenza-dei-sindaci-ulss-1-e-2-scrivono-a-palazzo-balbi\/#primaryimage"},"thumbnailUrl":"http:\/\/www.bellunopress.it\/wp-content\/uploads\/2009\/06\/soccorso-alpino-elicottero-leggera.jpg","keywords":["Belluno","Feltre"],"articleSection":["Cronaca\/Politica"],"inLanguage":"fr-FR"},{"@type":"WebPage","@id":"https:\/\/www.bellunopress.it\/2009\/07\/06\/elisoccorso-i-presidenti-della-conferenza-dei-sindaci-ulss-1-e-2-scrivono-a-palazzo-balbi\/","url":"https:\/\/www.bellunopress.it\/2009\/07\/06\/elisoccorso-i-presidenti-della-conferenza-dei-sindaci-ulss-1-e-2-scrivono-a-palazzo-balbi\/","name":"Elisoccorso, i presidenti della Conferenza dei Sindaci Ulss 1 e 2 scrivono a Palazzo Balbi - Bellunopress - Dolomiti","isPartOf":{"@id":"https:\/\/www.bellunopress.it\/#website"},"primaryImageOfPage":{"@id":"https:\/\/www.bellunopress.it\/2009\/07\/06\/elisoccorso-i-presidenti-della-conferenza-dei-sindaci-ulss-1-e-2-scrivono-a-palazzo-balbi\/#primaryimage"},"image":{"@id":"https:\/\/www.bellunopress.it\/2009\/07\/06\/elisoccorso-i-presidenti-della-conferenza-dei-sindaci-ulss-1-e-2-scrivono-a-palazzo-balbi\/#primaryimage"},"thumbnailUrl":"http:\/\/www.bellunopress.it\/wp-content\/uploads\/2009\/06\/soccorso-alpino-elicottero-leggera.jpg","datePublished":"2009-07-06T10:45:12+00:00","breadcrumb":{"@id":"https:\/\/www.bellunopress.it\/2009\/07\/06\/elisoccorso-i-presidenti-della-conferenza-dei-sindaci-ulss-1-e-2-scrivono-a-palazzo-balbi\/#breadcrumb"},"inLanguage":"fr-FR","potentialAction":[{"@type":"ReadAction","target":["https:\/\/www.bellunopress.it\/2009\/07\/06\/elisoccorso-i-presidenti-della-conferenza-dei-sindaci-ulss-1-e-2-scrivono-a-palazzo-balbi\/"]}]},{"@type":"ImageObject","inLanguage":"fr-FR","@id":"https:\/\/www.bellunopress.it\/2009\/07\/06\/elisoccorso-i-presidenti-della-conferenza-dei-sindaci-ulss-1-e-2-scrivono-a-palazzo-balbi\/#primaryimage","url":"http:\/\/www.bellunopress.it\/wp-content\/uploads\/2009\/06\/soccorso-alpino-elicottero-leggera.jpg","contentUrl":"http:\/\/www.bellunopress.it\/wp-content\/uploads\/2009\/06\/soccorso-alpino-elicottero-leggera.jpg"},{"@type":"BreadcrumbList","@id":"https:\/\/www.bellunopress.it\/2009\/07\/06\/elisoccorso-i-presidenti-della-conferenza-dei-sindaci-ulss-1-e-2-scrivono-a-palazzo-balbi\/#breadcrumb","itemListElement":[{"@type":"ListItem","position":1,"name":"Home","item":"https:\/\/www.bellunopress.it\/"},{"@type":"ListItem","position":2,"name":"Elisoccorso, i presidenti della Conferenza dei Sindaci Ulss 1 e 2 scrivono a Palazzo Balbi"}]},{"@type":"WebSite","@id":"https:\/\/www.bellunopress.it\/#website","url":"https:\/\/www.bellunopress.it\/","name":"Bellunopress - Dolomiti","description":"e-mail: redazione@bellunopress.it","publisher":{"@id":"https:\/\/www.bellunopress.it\/#organization"},"potentialAction":[{"@type":"SearchAction","target":{"@type":"EntryPoint","urlTemplate":"https:\/\/www.bellunopress.it\/?s={search_term_string}"},"query-input":{"@type":"PropertyValueSpecification","valueRequired":true,"valueName":"search_term_string"}}],"inLanguage":"fr-FR"},{"@type":"Organization","@id":"https:\/\/www.bellunopress.it\/#organization","name":"Bellunopress","url":"https:\/\/www.bellunopress.it\/","logo":{"@type":"ImageObject","inLanguage":"fr-FR","@id":"https:\/\/www.bellunopress.it\/#\/schema\/logo\/image\/","url":"https:\/\/www.bellunopress.it\/wp-content\/uploads\/2011\/05\/cropped-logo-bellunopress-.jpg","contentUrl":"https:\/\/www.bellunopress.it\/wp-content\/uploads\/2011\/05\/cropped-logo-bellunopress-.jpg","width":512,"height":512,"caption":"Bellunopress"},"image":{"@id":"https:\/\/www.bellunopress.it\/#\/schema\/logo\/image\/"},"sameAs":["https:\/\/www.facebook.com\/profile.php?id=100008943462799","https:\/\/x.com\/bellunopress","https:\/\/www.linkedin.com\/hp\/?dnr=JBzUWaJfMUw8vbXJJ2tVW5-I3jZKvC4wsoxE&amp;amp;amp;amp;amp;amp;trk=nav_responsive_tab_home","https:\/\/www.youtube.com\/channel\/UCxL0wu1uN0_3_7hGG0306cw"]},{"@type":"Person","@id":"https:\/\/www.bellunopress.it\/#\/schema\/person\/79bb06722b37ece1c03d3e94beb30d73","name":"r\u00e9daction","image":{"@type":"ImageObject","inLanguage":"fr-FR","@id":"https:\/\/secure.gravatar.com\/avatar\/37d968a2e67a6fd04c169c4bdef102d0bc5d31b2546345219e348575eb80e9a0?s=96&d=mm&r=g","url":"https:\/\/secure.gravatar.com\/avatar\/37d968a2e67a6fd04c169c4bdef102d0bc5d31b2546345219e348575eb80e9a0?s=96&d=mm&r=g","contentUrl":"https:\/\/secure.gravatar.com\/avatar\/37d968a2e67a6fd04c169c4bdef102d0bc5d31b2546345219e348575eb80e9a0?s=96&d=mm&r=g","caption":"redazione"},"sameAs":["http:\/\/www.bellunopress.it","https:\/\/x.com\/bellunopress"],"url":"https:\/\/www.bellunopress.it\/fr\/author\/redazione\/"}]}},"_links":{"self":[{"href":"https:\/\/www.bellunopress.it\/fr\/wp-json\/wp\/v2\/posts\/5668","targetHints":{"allow":["GET"]}}],"collection":[{"href":"https:\/\/www.bellunopress.it\/fr\/wp-json\/wp\/v2\/posts"}],"about":[{"href":"https:\/\/www.bellunopress.it\/fr\/wp-json\/wp\/v2\/types\/post"}],"author":[{"embeddable":true,"href":"https:\/\/www.bellunopress.it\/fr\/wp-json\/wp\/v2\/users\/2"}],"replies":[{"embeddable":true,"href":"https:\/\/www.bellunopress.it\/fr\/wp-json\/wp\/v2\/comments?post=5668"}],"version-history":[{"count":1,"href":"https:\/\/www.bellunopress.it\/fr\/wp-json\/wp\/v2\/posts\/5668\/revisions"}],"predecessor-version":[{"id":5669,"href":"https:\/\/www.bellunopress.it\/fr\/wp-json\/wp\/v2\/posts\/5668\/revisions\/5669"}],"wp:attachment":[{"href":"https:\/\/www.bellunopress.it\/fr\/wp-json\/wp\/v2\/media?parent=5668"}],"wp:term":[{"taxonomy":"category","embeddable":true,"href":"https:\/\/www.bellunopress.it\/fr\/wp-json\/wp\/v2\/categories?post=5668"},{"taxonomy":"post_tag","embeddable":true,"href":"https:\/\/www.bellunopress.it\/fr\/wp-json\/wp\/v2\/tags?post=5668"}],"curies":[{"name":"wp","href":"https:\/\/api.w.org\/{rel}","templated":true}]}}