{"id":5666,"date":"2009-07-06T08:47:40","date_gmt":"2009-07-06T07:47:40","guid":{"rendered":"http:\/\/www.bellunopress.it\/?p=5666"},"modified":"2009-07-06T08:47:40","modified_gmt":"2009-07-06T07:47:40","slug":"successo-di-simone-dal-poz-degli-arcieri-del-nevegal-in-trasferta-a-bologna","status":"publish","type":"post","link":"https:\/\/www.bellunopress.it\/fr\/2009\/07\/06\/successo-di-simone-dal-poz-degli-arcieri-del-nevegal-in-trasferta-a-bologna\/","title":{"rendered":"Successo di Simone Dal Poz degli Arcieri del Nevegal in trasferta a Bologna"},"content":{"rendered":"<p>Nuova affermazione per i colori bianco\/blu degli Arcieri del Nevegal nel bellissimo campo di tiro di Castenaso (Bologna). In trasferta solitaria, accompagnato solo dal tecnico Gabriele Meneghel, Simone Dal Poz ha sbaragliato ogni concorrenza nella categoria &#8220;Allievi&#8221;.Sulla distanza prevista di 60 metri dopo 72 frecce scoccate ha totalizzato 594 punti che gli sono valsi il gradino pi\u00f9 alto del podio. Prossimo appuntamento il 18 e 19 luglio nella pineta del Nevegal nella gara di tiro di campagna organizzata proprio dai padroni di casa. Si tratta della ventesima edizione di una competizione dal percorso impegnativo ma panoramico e sempre apprezzato dai numerosi partecipanti. Quest&#8217;nno il torneo \u00e8 valido come qualifica al campionato europeo che si terr\u00e0 a Champagnac (Francia). In agosto, sempre sul Colle, gli istruttori della compagnia degli Arcieri del Nevegal saranno a disposizione di turisti e neofiti nel tradizionale campo-scuola. Per informazioni pi\u00f9 dettagliate sugli eventi, <a href=\"http:\/\/www.arcieridelnevegal.it\">www.arcieridelnevegal.it<\/a>.<\/p>","protected":false},"excerpt":{"rendered":"<p>Nuova affermazione per i colori bianco\/blu degli Arcieri del Nevegal nel bellissimo campo di tiro di Castenaso (Bologna). In trasferta solitaria, accompagnato solo dal tecnico Gabriele Meneghel, Simone Dal Poz ha sbaragliato ogni concorrenza nella categoria &#8220;Allievi&#8221;.Sulla distanza prevista di 60 metri dopo 72 frecce scoccate ha totalizzato 594 punti che gli sono valsi il [&hellip;]<\/p>\n","protected":false},"author":2,"featured_media":0,"comment_status":"closed","ping_status":"open","sticky":false,"template":"","format":"standard","meta":{"footnotes":""},"categories":[25,4],"tags":[],"class_list":["post-5666","post","type-post","status-publish","format-standard","category-pausa-caffe","category-sport"],"yoast_head":"<!-- This site is optimized with the Yoast SEO plugin v28.4 - https:\/\/yoast.com\/product\/yoast-seo-wordpress\/ -->\n<title>Successo di Simone Dal Poz degli Arcieri del Nevegal in trasferta a Bologna - Bellunopress - Dolomiti<\/title>\n<meta name=\"robots\" content=\"index, follow, max-snippet:-1, max-image-preview:large, max-video-preview:-1\" \/>\n<link rel=\"canonical\" href=\"https:\/\/www.bellunopress.it\/fr\/2009\/07\/06\/successo-di-simone-dal-poz-degli-arcieri-del-nevegal-in-trasferta-a-bologna\/\" \/>\n<meta property=\"og:locale\" content=\"fr_FR\" \/>\n<meta property=\"og:type\" content=\"article\" \/>\n<meta property=\"og:title\" content=\"Successo di Simone Dal Poz degli Arcieri del Nevegal in trasferta a Bologna - Bellunopress - Dolomiti\" \/>\n<meta property=\"og:description\" content=\"Nuova affermazione per i colori bianco\/blu degli Arcieri del Nevegal nel bellissimo campo di tiro di Castenaso (Bologna). In trasferta solitaria, accompagnato solo dal tecnico Gabriele Meneghel, Simone Dal Poz ha sbaragliato ogni concorrenza nella categoria &#8220;Allievi&#8221;.Sulla distanza prevista di 60 metri dopo 72 frecce scoccate ha totalizzato 594 punti che gli sono valsi il [&hellip;]\" \/>\n<meta property=\"og:url\" content=\"https:\/\/www.bellunopress.it\/fr\/2009\/07\/06\/successo-di-simone-dal-poz-degli-arcieri-del-nevegal-in-trasferta-a-bologna\/\" \/>\n<meta property=\"og:site_name\" content=\"Bellunopress - Dolomiti\" \/>\n<meta property=\"article:publisher\" content=\"https:\/\/www.facebook.com\/profile.php?id=100008943462799\" \/>\n<meta property=\"article:published_time\" content=\"2009-07-06T07:47:40+00:00\" \/>\n<meta property=\"og:image\" content=\"http:\/\/www.bellunopress.it\/wp-content\/uploads\/2012\/07\/logo-bellunopress-250x250-2012.jpg\" \/>\n<meta name=\"author\" content=\"redazione\" \/>\n<meta name=\"twitter:card\" content=\"summary_large_image\" \/>\n<meta name=\"twitter:creator\" content=\"@bellunopress\" \/>\n<meta name=\"twitter:site\" content=\"@bellunopress\" \/>\n<meta name=\"twitter:label1\" content=\"\u00c9crit par\" \/>\n\t<meta name=\"twitter:data1\" content=\"redazione\" \/>\n\t<meta name=\"twitter:label2\" content=\"Dur\u00e9e de lecture estim\u00e9e\" \/>\n\t<meta name=\"twitter:data2\" content=\"1 minute\" \/>\n<script type=\"application\/ld+json\" class=\"yoast-schema-graph\">{\"@context\":\"https:\\\/\\\/schema.org\",\"@graph\":[{\"@type\":\"Article\",\"@id\":\"https:\\\/\\\/www.bellunopress.it\\\/2009\\\/07\\\/06\\\/successo-di-simone-dal-poz-degli-arcieri-del-nevegal-in-trasferta-a-bologna\\\/#article\",\"isPartOf\":{\"@id\":\"https:\\\/\\\/www.bellunopress.it\\\/2009\\\/07\\\/06\\\/successo-di-simone-dal-poz-degli-arcieri-del-nevegal-in-trasferta-a-bologna\\\/\"},\"author\":{\"name\":\"redazione\",\"@id\":\"https:\\\/\\\/www.bellunopress.it\\\/#\\\/schema\\\/person\\\/79bb06722b37ece1c03d3e94beb30d73\"},\"headline\":\"Successo di Simone Dal Poz degli Arcieri del Nevegal in trasferta a Bologna\",\"datePublished\":\"2009-07-06T07:47:40+00:00\",\"mainEntityOfPage\":{\"@id\":\"https:\\\/\\\/www.bellunopress.it\\\/2009\\\/07\\\/06\\\/successo-di-simone-dal-poz-degli-arcieri-del-nevegal-in-trasferta-a-bologna\\\/\"},\"wordCount\":160,\"publisher\":{\"@id\":\"https:\\\/\\\/www.bellunopress.it\\\/#organization\"},\"articleSection\":[\"Pausa Caff\u00e8\",\"Sport, tempo libero\"],\"inLanguage\":\"fr-FR\"},{\"@type\":\"WebPage\",\"@id\":\"https:\\\/\\\/www.bellunopress.it\\\/2009\\\/07\\\/06\\\/successo-di-simone-dal-poz-degli-arcieri-del-nevegal-in-trasferta-a-bologna\\\/\",\"url\":\"https:\\\/\\\/www.bellunopress.it\\\/2009\\\/07\\\/06\\\/successo-di-simone-dal-poz-degli-arcieri-del-nevegal-in-trasferta-a-bologna\\\/\",\"name\":\"Successo di Simone Dal Poz degli Arcieri del Nevegal in trasferta a Bologna - Bellunopress - Dolomiti\",\"isPartOf\":{\"@id\":\"https:\\\/\\\/www.bellunopress.it\\\/#website\"},\"datePublished\":\"2009-07-06T07:47:40+00:00\",\"breadcrumb\":{\"@id\":\"https:\\\/\\\/www.bellunopress.it\\\/2009\\\/07\\\/06\\\/successo-di-simone-dal-poz-degli-arcieri-del-nevegal-in-trasferta-a-bologna\\\/#breadcrumb\"},\"inLanguage\":\"fr-FR\",\"potentialAction\":[{\"@type\":\"ReadAction\",\"target\":[\"https:\\\/\\\/www.bellunopress.it\\\/2009\\\/07\\\/06\\\/successo-di-simone-dal-poz-degli-arcieri-del-nevegal-in-trasferta-a-bologna\\\/\"]}]},{\"@type\":\"BreadcrumbList\",\"@id\":\"https:\\\/\\\/www.bellunopress.it\\\/2009\\\/07\\\/06\\\/successo-di-simone-dal-poz-degli-arcieri-del-nevegal-in-trasferta-a-bologna\\\/#breadcrumb\",\"itemListElement\":[{\"@type\":\"ListItem\",\"position\":1,\"name\":\"Home\",\"item\":\"https:\\\/\\\/www.bellunopress.it\\\/\"},{\"@type\":\"ListItem\",\"position\":2,\"name\":\"Successo di Simone Dal Poz degli Arcieri del Nevegal in trasferta a Bologna\"}]},{\"@type\":\"WebSite\",\"@id\":\"https:\\\/\\\/www.bellunopress.it\\\/#website\",\"url\":\"https:\\\/\\\/www.bellunopress.it\\\/\",\"name\":\"Bellunopress - Dolomiti\",\"description\":\"e-mail: redazione@bellunopress.it\",\"publisher\":{\"@id\":\"https:\\\/\\\/www.bellunopress.it\\\/#organization\"},\"potentialAction\":[{\"@type\":\"SearchAction\",\"target\":{\"@type\":\"EntryPoint\",\"urlTemplate\":\"https:\\\/\\\/www.bellunopress.it\\\/?s={search_term_string}\"},\"query-input\":{\"@type\":\"PropertyValueSpecification\",\"valueRequired\":true,\"valueName\":\"search_term_string\"}}],\"inLanguage\":\"fr-FR\"},{\"@type\":\"Organization\",\"@id\":\"https:\\\/\\\/www.bellunopress.it\\\/#organization\",\"name\":\"Bellunopress\",\"url\":\"https:\\\/\\\/www.bellunopress.it\\\/\",\"logo\":{\"@type\":\"ImageObject\",\"inLanguage\":\"fr-FR\",\"@id\":\"https:\\\/\\\/www.bellunopress.it\\\/#\\\/schema\\\/logo\\\/image\\\/\",\"url\":\"https:\\\/\\\/www.bellunopress.it\\\/wp-content\\\/uploads\\\/2011\\\/05\\\/cropped-logo-bellunopress-.jpg\",\"contentUrl\":\"https:\\\/\\\/www.bellunopress.it\\\/wp-content\\\/uploads\\\/2011\\\/05\\\/cropped-logo-bellunopress-.jpg\",\"width\":512,\"height\":512,\"caption\":\"Bellunopress\"},\"image\":{\"@id\":\"https:\\\/\\\/www.bellunopress.it\\\/#\\\/schema\\\/logo\\\/image\\\/\"},\"sameAs\":[\"https:\\\/\\\/www.facebook.com\\\/profile.php?id=100008943462799\",\"https:\\\/\\\/x.com\\\/bellunopress\",\"https:\\\/\\\/www.linkedin.com\\\/hp\\\/?dnr=JBzUWaJfMUw8vbXJJ2tVW5-I3jZKvC4wsoxE&amp;amp;amp;amp;amp;amp;trk=nav_responsive_tab_home\",\"https:\\\/\\\/www.youtube.com\\\/channel\\\/UCxL0wu1uN0_3_7hGG0306cw\"]},{\"@type\":\"Person\",\"@id\":\"https:\\\/\\\/www.bellunopress.it\\\/#\\\/schema\\\/person\\\/79bb06722b37ece1c03d3e94beb30d73\",\"name\":\"redazione\",\"image\":{\"@type\":\"ImageObject\",\"inLanguage\":\"fr-FR\",\"@id\":\"https:\\\/\\\/secure.gravatar.com\\\/avatar\\\/37d968a2e67a6fd04c169c4bdef102d0bc5d31b2546345219e348575eb80e9a0?s=96&d=mm&r=g\",\"url\":\"https:\\\/\\\/secure.gravatar.com\\\/avatar\\\/37d968a2e67a6fd04c169c4bdef102d0bc5d31b2546345219e348575eb80e9a0?s=96&d=mm&r=g\",\"contentUrl\":\"https:\\\/\\\/secure.gravatar.com\\\/avatar\\\/37d968a2e67a6fd04c169c4bdef102d0bc5d31b2546345219e348575eb80e9a0?s=96&d=mm&r=g\",\"caption\":\"redazione\"},\"sameAs\":[\"http:\\\/\\\/www.bellunopress.it\",\"https:\\\/\\\/x.com\\\/bellunopress\"],\"url\":\"https:\\\/\\\/www.bellunopress.it\\\/fr\\\/author\\\/redazione\\\/\"}]}<\/script>\n<!-- \/ Yoast SEO plugin. -->","yoast_head_json":{"title":"Successo di Simone Dal Poz degli Arcieri del Nevegal in trasferta a Bologna - Bellunopress - Dolomiti","robots":{"index":"index","follow":"follow","max-snippet":"max-snippet:-1","max-image-preview":"max-image-preview:large","max-video-preview":"max-video-preview:-1"},"canonical":"https:\/\/www.bellunopress.it\/fr\/2009\/07\/06\/successo-di-simone-dal-poz-degli-arcieri-del-nevegal-in-trasferta-a-bologna\/","og_locale":"fr_FR","og_type":"article","og_title":"Successo di Simone Dal Poz degli Arcieri del Nevegal in trasferta a Bologna - Bellunopress - Dolomiti","og_description":"Nuova affermazione per i colori bianco\/blu degli Arcieri del Nevegal nel bellissimo campo di tiro di Castenaso (Bologna). In trasferta solitaria, accompagnato solo dal tecnico Gabriele Meneghel, Simone Dal Poz ha sbaragliato ogni concorrenza nella categoria &#8220;Allievi&#8221;.Sulla distanza prevista di 60 metri dopo 72 frecce scoccate ha totalizzato 594 punti che gli sono valsi il [&hellip;]","og_url":"https:\/\/www.bellunopress.it\/fr\/2009\/07\/06\/successo-di-simone-dal-poz-degli-arcieri-del-nevegal-in-trasferta-a-bologna\/","og_site_name":"Bellunopress - Dolomiti","article_publisher":"https:\/\/www.facebook.com\/profile.php?id=100008943462799","article_published_time":"2009-07-06T07:47:40+00:00","og_image":[{"url":"http:\/\/www.bellunopress.it\/wp-content\/uploads\/2012\/07\/logo-bellunopress-250x250-2012.jpg","type":"","width":"","height":""}],"author":"redazione","twitter_card":"summary_large_image","twitter_creator":"@bellunopress","twitter_site":"@bellunopress","twitter_misc":{"\u00c9crit par":"redazione","Dur\u00e9e de lecture estim\u00e9e":"1 minute"},"schema":{"@context":"https:\/\/schema.org","@graph":[{"@type":"Article","@id":"https:\/\/www.bellunopress.it\/2009\/07\/06\/successo-di-simone-dal-poz-degli-arcieri-del-nevegal-in-trasferta-a-bologna\/#article","isPartOf":{"@id":"https:\/\/www.bellunopress.it\/2009\/07\/06\/successo-di-simone-dal-poz-degli-arcieri-del-nevegal-in-trasferta-a-bologna\/"},"author":{"name":"redazione","@id":"https:\/\/www.bellunopress.it\/#\/schema\/person\/79bb06722b37ece1c03d3e94beb30d73"},"headline":"Successo di Simone Dal Poz degli Arcieri del Nevegal in trasferta a Bologna","datePublished":"2009-07-06T07:47:40+00:00","mainEntityOfPage":{"@id":"https:\/\/www.bellunopress.it\/2009\/07\/06\/successo-di-simone-dal-poz-degli-arcieri-del-nevegal-in-trasferta-a-bologna\/"},"wordCount":160,"publisher":{"@id":"https:\/\/www.bellunopress.it\/#organization"},"articleSection":["Pausa Caff\u00e8","Sport, tempo libero"],"inLanguage":"fr-FR"},{"@type":"WebPage","@id":"https:\/\/www.bellunopress.it\/2009\/07\/06\/successo-di-simone-dal-poz-degli-arcieri-del-nevegal-in-trasferta-a-bologna\/","url":"https:\/\/www.bellunopress.it\/2009\/07\/06\/successo-di-simone-dal-poz-degli-arcieri-del-nevegal-in-trasferta-a-bologna\/","name":"Successo di Simone Dal Poz degli Arcieri del Nevegal in trasferta a Bologna - Bellunopress - Dolomiti","isPartOf":{"@id":"https:\/\/www.bellunopress.it\/#website"},"datePublished":"2009-07-06T07:47:40+00:00","breadcrumb":{"@id":"https:\/\/www.bellunopress.it\/2009\/07\/06\/successo-di-simone-dal-poz-degli-arcieri-del-nevegal-in-trasferta-a-bologna\/#breadcrumb"},"inLanguage":"fr-FR","potentialAction":[{"@type":"ReadAction","target":["https:\/\/www.bellunopress.it\/2009\/07\/06\/successo-di-simone-dal-poz-degli-arcieri-del-nevegal-in-trasferta-a-bologna\/"]}]},{"@type":"BreadcrumbList","@id":"https:\/\/www.bellunopress.it\/2009\/07\/06\/successo-di-simone-dal-poz-degli-arcieri-del-nevegal-in-trasferta-a-bologna\/#breadcrumb","itemListElement":[{"@type":"ListItem","position":1,"name":"Home","item":"https:\/\/www.bellunopress.it\/"},{"@type":"ListItem","position":2,"name":"Successo di Simone Dal Poz degli Arcieri del Nevegal in trasferta a Bologna"}]},{"@type":"WebSite","@id":"https:\/\/www.bellunopress.it\/#website","url":"https:\/\/www.bellunopress.it\/","name":"Bellunopress - Dolomiti","description":"e-mail: redazione@bellunopress.it","publisher":{"@id":"https:\/\/www.bellunopress.it\/#organization"},"potentialAction":[{"@type":"SearchAction","target":{"@type":"EntryPoint","urlTemplate":"https:\/\/www.bellunopress.it\/?s={search_term_string}"},"query-input":{"@type":"PropertyValueSpecification","valueRequired":true,"valueName":"search_term_string"}}],"inLanguage":"fr-FR"},{"@type":"Organization","@id":"https:\/\/www.bellunopress.it\/#organization","name":"Bellunopress","url":"https:\/\/www.bellunopress.it\/","logo":{"@type":"ImageObject","inLanguage":"fr-FR","@id":"https:\/\/www.bellunopress.it\/#\/schema\/logo\/image\/","url":"https:\/\/www.bellunopress.it\/wp-content\/uploads\/2011\/05\/cropped-logo-bellunopress-.jpg","contentUrl":"https:\/\/www.bellunopress.it\/wp-content\/uploads\/2011\/05\/cropped-logo-bellunopress-.jpg","width":512,"height":512,"caption":"Bellunopress"},"image":{"@id":"https:\/\/www.bellunopress.it\/#\/schema\/logo\/image\/"},"sameAs":["https:\/\/www.facebook.com\/profile.php?id=100008943462799","https:\/\/x.com\/bellunopress","https:\/\/www.linkedin.com\/hp\/?dnr=JBzUWaJfMUw8vbXJJ2tVW5-I3jZKvC4wsoxE&amp;amp;amp;amp;amp;amp;trk=nav_responsive_tab_home","https:\/\/www.youtube.com\/channel\/UCxL0wu1uN0_3_7hGG0306cw"]},{"@type":"Person","@id":"https:\/\/www.bellunopress.it\/#\/schema\/person\/79bb06722b37ece1c03d3e94beb30d73","name":"r\u00e9daction","image":{"@type":"ImageObject","inLanguage":"fr-FR","@id":"https:\/\/secure.gravatar.com\/avatar\/37d968a2e67a6fd04c169c4bdef102d0bc5d31b2546345219e348575eb80e9a0?s=96&d=mm&r=g","url":"https:\/\/secure.gravatar.com\/avatar\/37d968a2e67a6fd04c169c4bdef102d0bc5d31b2546345219e348575eb80e9a0?s=96&d=mm&r=g","contentUrl":"https:\/\/secure.gravatar.com\/avatar\/37d968a2e67a6fd04c169c4bdef102d0bc5d31b2546345219e348575eb80e9a0?s=96&d=mm&r=g","caption":"redazione"},"sameAs":["http:\/\/www.bellunopress.it","https:\/\/x.com\/bellunopress"],"url":"https:\/\/www.bellunopress.it\/fr\/author\/redazione\/"}]}},"_links":{"self":[{"href":"https:\/\/www.bellunopress.it\/fr\/wp-json\/wp\/v2\/posts\/5666","targetHints":{"allow":["GET"]}}],"collection":[{"href":"https:\/\/www.bellunopress.it\/fr\/wp-json\/wp\/v2\/posts"}],"about":[{"href":"https:\/\/www.bellunopress.it\/fr\/wp-json\/wp\/v2\/types\/post"}],"author":[{"embeddable":true,"href":"https:\/\/www.bellunopress.it\/fr\/wp-json\/wp\/v2\/users\/2"}],"replies":[{"embeddable":true,"href":"https:\/\/www.bellunopress.it\/fr\/wp-json\/wp\/v2\/comments?post=5666"}],"version-history":[{"count":1,"href":"https:\/\/www.bellunopress.it\/fr\/wp-json\/wp\/v2\/posts\/5666\/revisions"}],"predecessor-version":[{"id":5667,"href":"https:\/\/www.bellunopress.it\/fr\/wp-json\/wp\/v2\/posts\/5666\/revisions\/5667"}],"wp:attachment":[{"href":"https:\/\/www.bellunopress.it\/fr\/wp-json\/wp\/v2\/media?parent=5666"}],"wp:term":[{"taxonomy":"category","embeddable":true,"href":"https:\/\/www.bellunopress.it\/fr\/wp-json\/wp\/v2\/categories?post=5666"},{"taxonomy":"post_tag","embeddable":true,"href":"https:\/\/www.bellunopress.it\/fr\/wp-json\/wp\/v2\/tags?post=5666"}],"curies":[{"name":"wp","href":"https:\/\/api.w.org\/{rel}","templated":true}]}}