{"id":5657,"date":"2009-07-05T09:14:58","date_gmt":"2009-07-05T08:14:58","guid":{"rendered":"http:\/\/www.bellunopress.it\/?p=5657"},"modified":"2009-07-05T09:14:58","modified_gmt":"2009-07-05T08:14:58","slug":"mauro-corona-a-cortina-incroda","status":"publish","type":"post","link":"https:\/\/www.bellunopress.it\/fr\/2009\/07\/05\/mauro-corona-a-cortina-incroda\/","title":{"rendered":"Mauro Corona a Cortina inCroda"},"content":{"rendered":"<p>Sar\u00e0 Mauro Corona l\u2019opinionista di \u201cCortina inCroda\u201d. Mauro Corona, alpinista, scrittore, e soprattutto amico degli Scoiattoli, sar\u00e0 l\u2019opinionista di \u201cCortina inCroda\u201d la rassegna dedicata al settantesimo degli Scoiattoli che ha preso il via il 1\u00b0 luglio sotto la conchiglia in piazza Venezia. Corona ha rifiutato gli inviti di tantissime manifestazioni, ma al direttore artistico della rassegna Andrea Gris, e agli Scoiattoli ha dato la completa disponibilit\u00e0. In tutte le serate Mauro Corona sar\u00e0 presente con interventi direttamente dal palco della sala Enel di Pontechiesa o a video, attraverso filmati girati e montati da Alessandro Manaigo. Prima di tutto Corona si dichiara amico degli Scoiattoli, gruppo che conosce da sempre e per il quale prova stima e affetto. Con gli Scoiattoli Corona ricorda di aver festeggiato anche il mezzo secolo dalla nascita del sodalizio e ora sono passati altri venti anni e festegger\u00e0 il Settantesimo. Corona dal palco offrir\u00e0 al pubblico le sue perle di saggezza e dar\u00e0 il giusto pepe alla manifestazione. \u201cHo simpatia per tutti i giovani che fanno fatica\u201d, dichiara Corona \u201ce gli Scoiattoli rientrano in questa categoria. E poi non se la tirano. Sono persone che hanno fatto imprese scritte nel bronzo della roccia, ma si lasciano avvicinare con umilt\u00e0 e simpatia\u201d. La rassegna \u201cCortina inCroda\u201d sta prendendo sempre pi\u00f9 piede e sono in molti gli appassionati che si sono gi\u00e0 prenotati per partecipare al Party Verticale del 1\u00b0 agosto al rifugio Scoiattoli in Cinque Torri dalla famiglia Lorenzi. Al party ci sar\u00e0 la musica del DJ Alessio Bertallot e ci sar\u00e0 anche Mauro Corona che non vuole perdersi una festa che si preannuncia entusiasmante.<br \/>\nSabato 4 luglio e domenica 5 Luglio su Rai Uno a \u201cUno Mattina Estate\u201d verr\u00e0 trasmesso l\u2019ampio servizio realizzato al rifugio Scoiattoli. Con la collaborazione del consorzio \u201cCortina Turismo\u201d la Rai ha voluto dedicare in due puntate uno spazio a \u201cCortina in Corda\u201d e al party del primo agosto. Presso l\u2019Ufficio Informazioni del Consorzio \u201cCortina Turismo\u201d in piazza Roma \u00e8 aperta la prenotazione dei biglietti per partecipare alla festa finale di \u201cCortina inCroda\u201d, il Party Verticale, che si terr\u00e0 il 1\u00b0 agosto al rifugio Scoiattoli in Cinque Torri. Ogni biglietto costa 25 Euro e comprende la salita e la discesa in seggiovia, una giacca firmata Scoiattoli e la cena al rifugio Scoiattoli<br \/>\nDomenica 5 luglio durante la Sagra d\u2019Ampezo nel gazebo degli Scoiattoli in Piazza Venezia sar\u00e0 possibile acquistare il vino etichettato per il settantesimo prodotto dalla Cooperativa \u201cCento pi\u00f9 uno Gris\u201d, le bandiere, le tazze e gli altri simpatici gadget che il sodalizio ampezzano ha realizzato per ricordate i Settanta anni dalla loro fondazione.<br \/>\nIl prossimo appuntamento nel fitto calendario di \u201cCortina inCroda\u201d \u00e8 per marted\u00ec 7 luglio alle 21 al teatro Alexander Girardi. Gli Scoiattoli propongono una serata dedicata al \u201cProtagonista\u201d. \u201cIl protagonista: Cristian Brenna. Voto: 8 abbondante! Ospite in sala lo scoiattolo Luca Zardini Canon e il mondo dell\u2019arrampicata sportiva.<br \/>\nIn tutte le serate al cinema teatro Alexander Girardi di Cortina interverr\u00e0 lo scrittore, alpinista e amico degli Scoiattoli: Mauro Corona. Tutte le serate all\u2019Alexander Girardi sono ad ingresso libero e sar\u00e0 possibile acquistare i gadget degli Scoiattoli.<br \/>\nLe simpatiche magliette rosse del Settantesimo degli Scoiattoli sono in vendita anche presso il negozio K2 Sport di Mario Lacedelli in via Cesare Battisti a Cortina d\u2019Ampezzo.<br \/>\nCortina inCroda:<br \/>\nUn&#8217;idea firmata dal Comune di Cortina d&#8217;Ampezzo, Assessorato alla cultura.<br \/>\nOrganizzazione: Gruppo Scoiattoli Cortina<br \/>\nDirezione artistica e regia: Andrea Gris.<br \/>\nCuratori: Mario Lacedelli, Stefano Dimai, Andrea Gris<br \/>\nProgetto grafico: Letizia Viel<br \/>\nImmagini e fotografie: Giuseppe Ghedina<br \/>\nRiprese e montaggio: Alessandro Manaigo<\/p>","protected":false},"excerpt":{"rendered":"<p>Sar\u00e0 Mauro Corona l\u2019opinionista di \u201cCortina inCroda\u201d. Mauro Corona, alpinista, scrittore, e soprattutto amico degli Scoiattoli, sar\u00e0 l\u2019opinionista di \u201cCortina inCroda\u201d la rassegna dedicata al settantesimo degli Scoiattoli che ha preso il via il 1\u00b0 luglio sotto la conchiglia in piazza Venezia. Corona ha rifiutato gli inviti di tantissime manifestazioni, ma al direttore artistico della [&hellip;]<\/p>\n","protected":false},"author":2,"featured_media":0,"comment_status":"closed","ping_status":"open","sticky":false,"template":"","format":"standard","meta":{"footnotes":""},"categories":[3,25],"tags":[],"class_list":["post-5657","post","type-post","status-publish","format-standard","category-arte-cultura-spettacoli-scienza-archivi","category-pausa-caffe"],"yoast_head":"<!-- This site is optimized with the Yoast SEO plugin v28.4 - https:\/\/yoast.com\/product\/yoast-seo-wordpress\/ -->\n<title>Mauro Corona a Cortina inCroda - Bellunopress - Dolomiti<\/title>\n<meta name=\"robots\" content=\"index, follow, max-snippet:-1, max-image-preview:large, max-video-preview:-1\" \/>\n<link rel=\"canonical\" href=\"https:\/\/www.bellunopress.it\/fr\/2009\/07\/05\/mauro-corona-a-cortina-incroda\/\" \/>\n<meta property=\"og:locale\" content=\"fr_FR\" \/>\n<meta property=\"og:type\" content=\"article\" \/>\n<meta property=\"og:title\" content=\"Mauro Corona a Cortina inCroda - Bellunopress - Dolomiti\" \/>\n<meta property=\"og:description\" content=\"Sar\u00e0 Mauro Corona l\u2019opinionista di \u201cCortina inCroda\u201d. Mauro Corona, alpinista, scrittore, e soprattutto amico degli Scoiattoli, sar\u00e0 l\u2019opinionista di \u201cCortina inCroda\u201d la rassegna dedicata al settantesimo degli Scoiattoli che ha preso il via il 1\u00b0 luglio sotto la conchiglia in piazza Venezia. Corona ha rifiutato gli inviti di tantissime manifestazioni, ma al direttore artistico della [&hellip;]\" \/>\n<meta property=\"og:url\" content=\"https:\/\/www.bellunopress.it\/fr\/2009\/07\/05\/mauro-corona-a-cortina-incroda\/\" \/>\n<meta property=\"og:site_name\" content=\"Bellunopress - Dolomiti\" \/>\n<meta property=\"article:publisher\" content=\"https:\/\/www.facebook.com\/profile.php?id=100008943462799\" \/>\n<meta property=\"article:published_time\" content=\"2009-07-05T08:14:58+00:00\" \/>\n<meta property=\"og:image\" content=\"http:\/\/www.bellunopress.it\/wp-content\/uploads\/2012\/07\/logo-bellunopress-250x250-2012.jpg\" \/>\n<meta name=\"author\" content=\"redazione\" \/>\n<meta name=\"twitter:card\" content=\"summary_large_image\" \/>\n<meta name=\"twitter:creator\" content=\"@bellunopress\" \/>\n<meta name=\"twitter:site\" content=\"@bellunopress\" \/>\n<meta name=\"twitter:label1\" content=\"\u00c9crit par\" \/>\n\t<meta name=\"twitter:data1\" content=\"redazione\" \/>\n\t<meta name=\"twitter:label2\" content=\"Dur\u00e9e de lecture estim\u00e9e\" \/>\n\t<meta name=\"twitter:data2\" content=\"3 minutes\" \/>\n<script type=\"application\/ld+json\" class=\"yoast-schema-graph\">{\"@context\":\"https:\\\/\\\/schema.org\",\"@graph\":[{\"@type\":\"Article\",\"@id\":\"https:\\\/\\\/www.bellunopress.it\\\/2009\\\/07\\\/05\\\/mauro-corona-a-cortina-incroda\\\/#article\",\"isPartOf\":{\"@id\":\"https:\\\/\\\/www.bellunopress.it\\\/2009\\\/07\\\/05\\\/mauro-corona-a-cortina-incroda\\\/\"},\"author\":{\"name\":\"redazione\",\"@id\":\"https:\\\/\\\/www.bellunopress.it\\\/#\\\/schema\\\/person\\\/79bb06722b37ece1c03d3e94beb30d73\"},\"headline\":\"Mauro Corona a Cortina inCroda\",\"datePublished\":\"2009-07-05T08:14:58+00:00\",\"mainEntityOfPage\":{\"@id\":\"https:\\\/\\\/www.bellunopress.it\\\/2009\\\/07\\\/05\\\/mauro-corona-a-cortina-incroda\\\/\"},\"wordCount\":592,\"publisher\":{\"@id\":\"https:\\\/\\\/www.bellunopress.it\\\/#organization\"},\"articleSection\":[\"Arte, Cultura, Spettacoli, Scienza\",\"Pausa Caff\u00e8\"],\"inLanguage\":\"fr-FR\"},{\"@type\":\"WebPage\",\"@id\":\"https:\\\/\\\/www.bellunopress.it\\\/2009\\\/07\\\/05\\\/mauro-corona-a-cortina-incroda\\\/\",\"url\":\"https:\\\/\\\/www.bellunopress.it\\\/2009\\\/07\\\/05\\\/mauro-corona-a-cortina-incroda\\\/\",\"name\":\"Mauro Corona a Cortina inCroda - Bellunopress - Dolomiti\",\"isPartOf\":{\"@id\":\"https:\\\/\\\/www.bellunopress.it\\\/#website\"},\"datePublished\":\"2009-07-05T08:14:58+00:00\",\"breadcrumb\":{\"@id\":\"https:\\\/\\\/www.bellunopress.it\\\/2009\\\/07\\\/05\\\/mauro-corona-a-cortina-incroda\\\/#breadcrumb\"},\"inLanguage\":\"fr-FR\",\"potentialAction\":[{\"@type\":\"ReadAction\",\"target\":[\"https:\\\/\\\/www.bellunopress.it\\\/2009\\\/07\\\/05\\\/mauro-corona-a-cortina-incroda\\\/\"]}]},{\"@type\":\"BreadcrumbList\",\"@id\":\"https:\\\/\\\/www.bellunopress.it\\\/2009\\\/07\\\/05\\\/mauro-corona-a-cortina-incroda\\\/#breadcrumb\",\"itemListElement\":[{\"@type\":\"ListItem\",\"position\":1,\"name\":\"Home\",\"item\":\"https:\\\/\\\/www.bellunopress.it\\\/\"},{\"@type\":\"ListItem\",\"position\":2,\"name\":\"Mauro Corona a Cortina inCroda\"}]},{\"@type\":\"WebSite\",\"@id\":\"https:\\\/\\\/www.bellunopress.it\\\/#website\",\"url\":\"https:\\\/\\\/www.bellunopress.it\\\/\",\"name\":\"Bellunopress - Dolomiti\",\"description\":\"e-mail: redazione@bellunopress.it\",\"publisher\":{\"@id\":\"https:\\\/\\\/www.bellunopress.it\\\/#organization\"},\"potentialAction\":[{\"@type\":\"SearchAction\",\"target\":{\"@type\":\"EntryPoint\",\"urlTemplate\":\"https:\\\/\\\/www.bellunopress.it\\\/?s={search_term_string}\"},\"query-input\":{\"@type\":\"PropertyValueSpecification\",\"valueRequired\":true,\"valueName\":\"search_term_string\"}}],\"inLanguage\":\"fr-FR\"},{\"@type\":\"Organization\",\"@id\":\"https:\\\/\\\/www.bellunopress.it\\\/#organization\",\"name\":\"Bellunopress\",\"url\":\"https:\\\/\\\/www.bellunopress.it\\\/\",\"logo\":{\"@type\":\"ImageObject\",\"inLanguage\":\"fr-FR\",\"@id\":\"https:\\\/\\\/www.bellunopress.it\\\/#\\\/schema\\\/logo\\\/image\\\/\",\"url\":\"https:\\\/\\\/www.bellunopress.it\\\/wp-content\\\/uploads\\\/2011\\\/05\\\/cropped-logo-bellunopress-.jpg\",\"contentUrl\":\"https:\\\/\\\/www.bellunopress.it\\\/wp-content\\\/uploads\\\/2011\\\/05\\\/cropped-logo-bellunopress-.jpg\",\"width\":512,\"height\":512,\"caption\":\"Bellunopress\"},\"image\":{\"@id\":\"https:\\\/\\\/www.bellunopress.it\\\/#\\\/schema\\\/logo\\\/image\\\/\"},\"sameAs\":[\"https:\\\/\\\/www.facebook.com\\\/profile.php?id=100008943462799\",\"https:\\\/\\\/x.com\\\/bellunopress\",\"https:\\\/\\\/www.linkedin.com\\\/hp\\\/?dnr=JBzUWaJfMUw8vbXJJ2tVW5-I3jZKvC4wsoxE&amp;amp;amp;amp;amp;amp;trk=nav_responsive_tab_home\",\"https:\\\/\\\/www.youtube.com\\\/channel\\\/UCxL0wu1uN0_3_7hGG0306cw\"]},{\"@type\":\"Person\",\"@id\":\"https:\\\/\\\/www.bellunopress.it\\\/#\\\/schema\\\/person\\\/79bb06722b37ece1c03d3e94beb30d73\",\"name\":\"redazione\",\"image\":{\"@type\":\"ImageObject\",\"inLanguage\":\"fr-FR\",\"@id\":\"https:\\\/\\\/secure.gravatar.com\\\/avatar\\\/37d968a2e67a6fd04c169c4bdef102d0bc5d31b2546345219e348575eb80e9a0?s=96&d=mm&r=g\",\"url\":\"https:\\\/\\\/secure.gravatar.com\\\/avatar\\\/37d968a2e67a6fd04c169c4bdef102d0bc5d31b2546345219e348575eb80e9a0?s=96&d=mm&r=g\",\"contentUrl\":\"https:\\\/\\\/secure.gravatar.com\\\/avatar\\\/37d968a2e67a6fd04c169c4bdef102d0bc5d31b2546345219e348575eb80e9a0?s=96&d=mm&r=g\",\"caption\":\"redazione\"},\"sameAs\":[\"http:\\\/\\\/www.bellunopress.it\",\"https:\\\/\\\/x.com\\\/bellunopress\"],\"url\":\"https:\\\/\\\/www.bellunopress.it\\\/fr\\\/author\\\/redazione\\\/\"}]}<\/script>\n<!-- \/ Yoast SEO plugin. -->","yoast_head_json":{"title":"Mauro Corona a Cortina inCroda - Bellunopress - Dolomiti","robots":{"index":"index","follow":"follow","max-snippet":"max-snippet:-1","max-image-preview":"max-image-preview:large","max-video-preview":"max-video-preview:-1"},"canonical":"https:\/\/www.bellunopress.it\/fr\/2009\/07\/05\/mauro-corona-a-cortina-incroda\/","og_locale":"fr_FR","og_type":"article","og_title":"Mauro Corona a Cortina inCroda - Bellunopress - Dolomiti","og_description":"Sar\u00e0 Mauro Corona l\u2019opinionista di \u201cCortina inCroda\u201d. Mauro Corona, alpinista, scrittore, e soprattutto amico degli Scoiattoli, sar\u00e0 l\u2019opinionista di \u201cCortina inCroda\u201d la rassegna dedicata al settantesimo degli Scoiattoli che ha preso il via il 1\u00b0 luglio sotto la conchiglia in piazza Venezia. Corona ha rifiutato gli inviti di tantissime manifestazioni, ma al direttore artistico della [&hellip;]","og_url":"https:\/\/www.bellunopress.it\/fr\/2009\/07\/05\/mauro-corona-a-cortina-incroda\/","og_site_name":"Bellunopress - Dolomiti","article_publisher":"https:\/\/www.facebook.com\/profile.php?id=100008943462799","article_published_time":"2009-07-05T08:14:58+00:00","og_image":[{"url":"http:\/\/www.bellunopress.it\/wp-content\/uploads\/2012\/07\/logo-bellunopress-250x250-2012.jpg","type":"","width":"","height":""}],"author":"redazione","twitter_card":"summary_large_image","twitter_creator":"@bellunopress","twitter_site":"@bellunopress","twitter_misc":{"\u00c9crit par":"redazione","Dur\u00e9e de lecture estim\u00e9e":"3 minutes"},"schema":{"@context":"https:\/\/schema.org","@graph":[{"@type":"Article","@id":"https:\/\/www.bellunopress.it\/2009\/07\/05\/mauro-corona-a-cortina-incroda\/#article","isPartOf":{"@id":"https:\/\/www.bellunopress.it\/2009\/07\/05\/mauro-corona-a-cortina-incroda\/"},"author":{"name":"redazione","@id":"https:\/\/www.bellunopress.it\/#\/schema\/person\/79bb06722b37ece1c03d3e94beb30d73"},"headline":"Mauro Corona a Cortina inCroda","datePublished":"2009-07-05T08:14:58+00:00","mainEntityOfPage":{"@id":"https:\/\/www.bellunopress.it\/2009\/07\/05\/mauro-corona-a-cortina-incroda\/"},"wordCount":592,"publisher":{"@id":"https:\/\/www.bellunopress.it\/#organization"},"articleSection":["Arte, Cultura, Spettacoli, Scienza","Pausa Caff\u00e8"],"inLanguage":"fr-FR"},{"@type":"WebPage","@id":"https:\/\/www.bellunopress.it\/2009\/07\/05\/mauro-corona-a-cortina-incroda\/","url":"https:\/\/www.bellunopress.it\/2009\/07\/05\/mauro-corona-a-cortina-incroda\/","name":"Mauro Corona a Cortina inCroda - Bellunopress - Dolomiti","isPartOf":{"@id":"https:\/\/www.bellunopress.it\/#website"},"datePublished":"2009-07-05T08:14:58+00:00","breadcrumb":{"@id":"https:\/\/www.bellunopress.it\/2009\/07\/05\/mauro-corona-a-cortina-incroda\/#breadcrumb"},"inLanguage":"fr-FR","potentialAction":[{"@type":"ReadAction","target":["https:\/\/www.bellunopress.it\/2009\/07\/05\/mauro-corona-a-cortina-incroda\/"]}]},{"@type":"BreadcrumbList","@id":"https:\/\/www.bellunopress.it\/2009\/07\/05\/mauro-corona-a-cortina-incroda\/#breadcrumb","itemListElement":[{"@type":"ListItem","position":1,"name":"Home","item":"https:\/\/www.bellunopress.it\/"},{"@type":"ListItem","position":2,"name":"Mauro Corona a Cortina inCroda"}]},{"@type":"WebSite","@id":"https:\/\/www.bellunopress.it\/#website","url":"https:\/\/www.bellunopress.it\/","name":"Bellunopress - Dolomiti","description":"e-mail: redazione@bellunopress.it","publisher":{"@id":"https:\/\/www.bellunopress.it\/#organization"},"potentialAction":[{"@type":"SearchAction","target":{"@type":"EntryPoint","urlTemplate":"https:\/\/www.bellunopress.it\/?s={search_term_string}"},"query-input":{"@type":"PropertyValueSpecification","valueRequired":true,"valueName":"search_term_string"}}],"inLanguage":"fr-FR"},{"@type":"Organization","@id":"https:\/\/www.bellunopress.it\/#organization","name":"Bellunopress","url":"https:\/\/www.bellunopress.it\/","logo":{"@type":"ImageObject","inLanguage":"fr-FR","@id":"https:\/\/www.bellunopress.it\/#\/schema\/logo\/image\/","url":"https:\/\/www.bellunopress.it\/wp-content\/uploads\/2011\/05\/cropped-logo-bellunopress-.jpg","contentUrl":"https:\/\/www.bellunopress.it\/wp-content\/uploads\/2011\/05\/cropped-logo-bellunopress-.jpg","width":512,"height":512,"caption":"Bellunopress"},"image":{"@id":"https:\/\/www.bellunopress.it\/#\/schema\/logo\/image\/"},"sameAs":["https:\/\/www.facebook.com\/profile.php?id=100008943462799","https:\/\/x.com\/bellunopress","https:\/\/www.linkedin.com\/hp\/?dnr=JBzUWaJfMUw8vbXJJ2tVW5-I3jZKvC4wsoxE&amp;amp;amp;amp;amp;amp;trk=nav_responsive_tab_home","https:\/\/www.youtube.com\/channel\/UCxL0wu1uN0_3_7hGG0306cw"]},{"@type":"Person","@id":"https:\/\/www.bellunopress.it\/#\/schema\/person\/79bb06722b37ece1c03d3e94beb30d73","name":"r\u00e9daction","image":{"@type":"ImageObject","inLanguage":"fr-FR","@id":"https:\/\/secure.gravatar.com\/avatar\/37d968a2e67a6fd04c169c4bdef102d0bc5d31b2546345219e348575eb80e9a0?s=96&d=mm&r=g","url":"https:\/\/secure.gravatar.com\/avatar\/37d968a2e67a6fd04c169c4bdef102d0bc5d31b2546345219e348575eb80e9a0?s=96&d=mm&r=g","contentUrl":"https:\/\/secure.gravatar.com\/avatar\/37d968a2e67a6fd04c169c4bdef102d0bc5d31b2546345219e348575eb80e9a0?s=96&d=mm&r=g","caption":"redazione"},"sameAs":["http:\/\/www.bellunopress.it","https:\/\/x.com\/bellunopress"],"url":"https:\/\/www.bellunopress.it\/fr\/author\/redazione\/"}]}},"_links":{"self":[{"href":"https:\/\/www.bellunopress.it\/fr\/wp-json\/wp\/v2\/posts\/5657","targetHints":{"allow":["GET"]}}],"collection":[{"href":"https:\/\/www.bellunopress.it\/fr\/wp-json\/wp\/v2\/posts"}],"about":[{"href":"https:\/\/www.bellunopress.it\/fr\/wp-json\/wp\/v2\/types\/post"}],"author":[{"embeddable":true,"href":"https:\/\/www.bellunopress.it\/fr\/wp-json\/wp\/v2\/users\/2"}],"replies":[{"embeddable":true,"href":"https:\/\/www.bellunopress.it\/fr\/wp-json\/wp\/v2\/comments?post=5657"}],"version-history":[{"count":1,"href":"https:\/\/www.bellunopress.it\/fr\/wp-json\/wp\/v2\/posts\/5657\/revisions"}],"predecessor-version":[{"id":5658,"href":"https:\/\/www.bellunopress.it\/fr\/wp-json\/wp\/v2\/posts\/5657\/revisions\/5658"}],"wp:attachment":[{"href":"https:\/\/www.bellunopress.it\/fr\/wp-json\/wp\/v2\/media?parent=5657"}],"wp:term":[{"taxonomy":"category","embeddable":true,"href":"https:\/\/www.bellunopress.it\/fr\/wp-json\/wp\/v2\/categories?post=5657"},{"taxonomy":"post_tag","embeddable":true,"href":"https:\/\/www.bellunopress.it\/fr\/wp-json\/wp\/v2\/tags?post=5657"}],"curies":[{"name":"wp","href":"https:\/\/api.w.org\/{rel}","templated":true}]}}