{"id":5653,"date":"2009-07-04T21:41:13","date_gmt":"2009-07-04T20:41:13","guid":{"rendered":"http:\/\/www.bellunopress.it\/?p=5653"},"modified":"2009-07-04T21:41:13","modified_gmt":"2009-07-04T20:41:13","slug":"reolon-cade-si-rialza-e-riparte-con-tanta-voglia-di-guardare-avanti","status":"publish","type":"post","link":"https:\/\/www.bellunopress.it\/fr\/2009\/07\/04\/reolon-cade-si-rialza-e-riparte-con-tanta-voglia-di-guardare-avanti\/","title":{"rendered":"Reolon cade, si rialza, e riparte con tanta voglia di guardare avanti"},"content":{"rendered":"<figure id=\"attachment_5654\" aria-describedby=\"caption-attachment-5654\" style=\"width: 280px\" class=\"wp-caption alignleft\"><a href=\"http:\/\/www.bellunopress.it\/wp-content\/uploads\/2009\/07\/de-bortoli-reolon-pianezze.jpg\"><img loading=\"lazy\" decoding=\"async\" class=\"size-medium wp-image-5654\" title=\"de-bortoli-reolon-pianezze\" src=\"http:\/\/www.bellunopress.it\/wp-content\/uploads\/2009\/07\/de-bortoli-reolon-pianezze.jpg\" alt=\"Maria Teresa De Bortoli, Sergio Reolon, Gloria Pianezze \" width=\"280\" height=\"159\" \/><\/a><figcaption id=\"caption-attachment-5654\" class=\"wp-caption-text\">Maria Teresa De Bortoli, Sergio Reolon, Gloria Pianezze <\/figcaption><\/figure>\n<p>\u00a0<\/p>\n<p>\u00abQuando Bottacin non si presenta a Siviglia per ricevere il prestigioso riconoscimento dell&#8217;Unesco, lui abdica! Consegna la gestione della Provincia alla Regione. Ma com&#8217;\u00e8 possibile che a decidere gli uomini della giunta si vada prima a Venezia e poi a Roma?\u00bb E&#8217; quanto ha detto Sergio Reolon sabato pomeriggio al ristorante Da Piol di Limana, dove si \u00e8 svolto un incontro con tutte le forze della sinistra, riunite per dare il via ad una stagione nuova, un progetto comune su cui lavorare che coinvolga anche chi non si \u00e8 mai occupato attivamente di politica. \u00abSi porta in giunta un capo del comitato referendario \u2013 prosegue Reolon \u2013 \u00e8 inaudito! Cos\u00ec si avvalla l&#8217;idea che questa provincia debba perdere i pezzi. La vicenda delle scuole Gabelli, con Bottacin che ritira la disponibilit\u00e0 della Provincia, \u00e8 un&#8217;altra dimostrazione che questa giunta non intende assumersi delle responsabilit\u00e0. E che dire della delega ai trasporti? Affidarla a un dipendente della societ\u00e0 di trasporto pubblico&#8230; D&#8217;accordo che il conflitto d&#8217;interessi in Italia con il presidente del Consiglio che abbiamo&#8230; \u00bb. Sedute a fianco di Reolon c&#8217;erano anche il sindaco di Alleghe Gloria Pianezze e il sindaco di Pedavena Maria Teresa De Bortoli. All&#8217;amarezza per aver perso le elezioni Reolon aggiunge la preoccupazione che tutto ci\u00f2 che \u00e8 stato costruito insieme dal centrosinistra ora vada perduto. Ed \u00e8\u00a0 appunto questo lo stimolo per riunire tutti quelli che con lui hanno dato vita a un progetto politico per la Provincia di Belluno. L&#8217;occasione diventa anche motivo per analizzare le cause di questa debacle della sinistra. Che Reolon identifica essenzialmente nel clima avverso in cui la coalizione in Provincia di Belluno ha dovuto lottare. Un forte vento contrario, dunque, e la sopraggiunta stanchezza nella gente, causata dalla sfiducia e dalla percezione della crisi economica. Si \u00e8\u00a0 determinato quindi un clima di rinuncia nella gente, soprattutto nel Cadore, che nell&#8217;urna ha preferito affidarsi a chi gi\u00e0 governa Roma e Venezia, sperando che possa fare qualcosa per la Provincia. Non \u00e8 stato detto, ma forse l&#8217;industria dell&#8217;occhiale del Cadore vuole sentir parlare del rilancio del settore, non gi\u00e0 di montagna, turismo, Dolomiti patrimonio dell&#8217;Umanit\u00e0. A livello nazionale, inoltre, mancava una proposta politica della sinistra su cui fare presa, ha sottolineato Reolon. Che tuttavia, tranquillizza la platea che ha riempito il salone sottostante il ristorante, dicendo: \u00abNon mi ha mai sfiorato il pensiero di costituire un altro soggetto politico. Ho lavorato con la mia squadra di assessori per questo territorio e non ho alcuna intenzione di costituire qualcosa di diverso. Perch\u00e9 non si abbatte la prepotenza di questa politica nazionale dove la tecnologia viene usata come manifestazione di onnipotenza, se non si propone un&#8217;ipotesi nuova. Una speranza nel futuro che sia capace di suscitare emozioni e passioni. Che sappia, insomma, far rivivere la democrazia, diventata oramai una scatola vuota\u00bb.<\/p>","protected":false},"excerpt":{"rendered":"<p>\u00a0 \u00abQuando Bottacin non si presenta a Siviglia per ricevere il prestigioso riconoscimento dell&#8217;Unesco, lui abdica! Consegna la gestione della Provincia alla Regione. Ma com&#8217;\u00e8 possibile che a decidere gli uomini della giunta si vada prima a Venezia e poi a Roma?\u00bb E&#8217; quanto ha detto Sergio Reolon sabato pomeriggio al ristorante Da Piol di [&hellip;]<\/p>\n","protected":false},"author":2,"featured_media":0,"comment_status":"closed","ping_status":"open","sticky":false,"template":"","format":"standard","meta":{"footnotes":""},"categories":[5],"tags":[139,151,63],"class_list":["post-5653","post","type-post","status-publish","format-standard","category-cronaca","tag-belluno","tag-cadore","tag-dolomiti"],"yoast_head":"<!-- This site is optimized with the Yoast SEO plugin v28.4 - https:\/\/yoast.com\/product\/yoast-seo-wordpress\/ -->\n<title>Reolon cade, si rialza, e riparte con tanta voglia di guardare avanti - Bellunopress - Dolomiti<\/title>\n<meta name=\"robots\" content=\"index, follow, max-snippet:-1, max-image-preview:large, max-video-preview:-1\" \/>\n<link rel=\"canonical\" href=\"https:\/\/www.bellunopress.it\/fr\/2009\/07\/04\/reolon-cade-si-rialza-e-riparte-con-tanta-voglia-di-guardare-avanti\/\" \/>\n<meta property=\"og:locale\" content=\"fr_FR\" \/>\n<meta property=\"og:type\" content=\"article\" \/>\n<meta property=\"og:title\" content=\"Reolon cade, si rialza, e riparte con tanta voglia di guardare avanti - Bellunopress - Dolomiti\" \/>\n<meta property=\"og:description\" content=\"\u00a0 \u00abQuando Bottacin non si presenta a Siviglia per ricevere il prestigioso riconoscimento dell&#8217;Unesco, lui abdica! Consegna la gestione della Provincia alla Regione. Ma com&#8217;\u00e8 possibile che a decidere gli uomini della giunta si vada prima a Venezia e poi a Roma?\u00bb E&#8217; quanto ha detto Sergio Reolon sabato pomeriggio al ristorante Da Piol di [&hellip;]\" \/>\n<meta property=\"og:url\" content=\"https:\/\/www.bellunopress.it\/fr\/2009\/07\/04\/reolon-cade-si-rialza-e-riparte-con-tanta-voglia-di-guardare-avanti\/\" \/>\n<meta property=\"og:site_name\" content=\"Bellunopress - Dolomiti\" \/>\n<meta property=\"article:publisher\" content=\"https:\/\/www.facebook.com\/profile.php?id=100008943462799\" \/>\n<meta property=\"article:published_time\" content=\"2009-07-04T20:41:13+00:00\" \/>\n<meta property=\"og:image\" content=\"http:\/\/www.bellunopress.it\/wp-content\/uploads\/2009\/07\/de-bortoli-reolon-pianezze.jpg\" \/>\n<meta name=\"author\" content=\"redazione\" \/>\n<meta name=\"twitter:card\" content=\"summary_large_image\" \/>\n<meta name=\"twitter:creator\" content=\"@bellunopress\" \/>\n<meta name=\"twitter:site\" content=\"@bellunopress\" \/>\n<meta name=\"twitter:label1\" content=\"\u00c9crit par\" \/>\n\t<meta name=\"twitter:data1\" content=\"redazione\" \/>\n\t<meta name=\"twitter:label2\" content=\"Dur\u00e9e de lecture estim\u00e9e\" \/>\n\t<meta name=\"twitter:data2\" content=\"2 minutes\" \/>\n<script type=\"application\/ld+json\" class=\"yoast-schema-graph\">{\"@context\":\"https:\\\/\\\/schema.org\",\"@graph\":[{\"@type\":\"Article\",\"@id\":\"https:\\\/\\\/www.bellunopress.it\\\/2009\\\/07\\\/04\\\/reolon-cade-si-rialza-e-riparte-con-tanta-voglia-di-guardare-avanti\\\/#article\",\"isPartOf\":{\"@id\":\"https:\\\/\\\/www.bellunopress.it\\\/2009\\\/07\\\/04\\\/reolon-cade-si-rialza-e-riparte-con-tanta-voglia-di-guardare-avanti\\\/\"},\"author\":{\"name\":\"redazione\",\"@id\":\"https:\\\/\\\/www.bellunopress.it\\\/#\\\/schema\\\/person\\\/79bb06722b37ece1c03d3e94beb30d73\"},\"headline\":\"Reolon cade, si rialza, e riparte con tanta voglia di guardare avanti\",\"datePublished\":\"2009-07-04T20:41:13+00:00\",\"mainEntityOfPage\":{\"@id\":\"https:\\\/\\\/www.bellunopress.it\\\/2009\\\/07\\\/04\\\/reolon-cade-si-rialza-e-riparte-con-tanta-voglia-di-guardare-avanti\\\/\"},\"wordCount\":498,\"publisher\":{\"@id\":\"https:\\\/\\\/www.bellunopress.it\\\/#organization\"},\"image\":{\"@id\":\"https:\\\/\\\/www.bellunopress.it\\\/2009\\\/07\\\/04\\\/reolon-cade-si-rialza-e-riparte-con-tanta-voglia-di-guardare-avanti\\\/#primaryimage\"},\"thumbnailUrl\":\"http:\\\/\\\/www.bellunopress.it\\\/wp-content\\\/uploads\\\/2009\\\/07\\\/de-bortoli-reolon-pianezze.jpg\",\"keywords\":[\"Belluno\",\"Cadore\",\"Dolomiti\"],\"articleSection\":[\"Cronaca\\\/Politica\"],\"inLanguage\":\"fr-FR\"},{\"@type\":\"WebPage\",\"@id\":\"https:\\\/\\\/www.bellunopress.it\\\/2009\\\/07\\\/04\\\/reolon-cade-si-rialza-e-riparte-con-tanta-voglia-di-guardare-avanti\\\/\",\"url\":\"https:\\\/\\\/www.bellunopress.it\\\/2009\\\/07\\\/04\\\/reolon-cade-si-rialza-e-riparte-con-tanta-voglia-di-guardare-avanti\\\/\",\"name\":\"Reolon cade, si rialza, e riparte con tanta voglia di guardare avanti - Bellunopress - Dolomiti\",\"isPartOf\":{\"@id\":\"https:\\\/\\\/www.bellunopress.it\\\/#website\"},\"primaryImageOfPage\":{\"@id\":\"https:\\\/\\\/www.bellunopress.it\\\/2009\\\/07\\\/04\\\/reolon-cade-si-rialza-e-riparte-con-tanta-voglia-di-guardare-avanti\\\/#primaryimage\"},\"image\":{\"@id\":\"https:\\\/\\\/www.bellunopress.it\\\/2009\\\/07\\\/04\\\/reolon-cade-si-rialza-e-riparte-con-tanta-voglia-di-guardare-avanti\\\/#primaryimage\"},\"thumbnailUrl\":\"http:\\\/\\\/www.bellunopress.it\\\/wp-content\\\/uploads\\\/2009\\\/07\\\/de-bortoli-reolon-pianezze.jpg\",\"datePublished\":\"2009-07-04T20:41:13+00:00\",\"breadcrumb\":{\"@id\":\"https:\\\/\\\/www.bellunopress.it\\\/2009\\\/07\\\/04\\\/reolon-cade-si-rialza-e-riparte-con-tanta-voglia-di-guardare-avanti\\\/#breadcrumb\"},\"inLanguage\":\"fr-FR\",\"potentialAction\":[{\"@type\":\"ReadAction\",\"target\":[\"https:\\\/\\\/www.bellunopress.it\\\/2009\\\/07\\\/04\\\/reolon-cade-si-rialza-e-riparte-con-tanta-voglia-di-guardare-avanti\\\/\"]}]},{\"@type\":\"ImageObject\",\"inLanguage\":\"fr-FR\",\"@id\":\"https:\\\/\\\/www.bellunopress.it\\\/2009\\\/07\\\/04\\\/reolon-cade-si-rialza-e-riparte-con-tanta-voglia-di-guardare-avanti\\\/#primaryimage\",\"url\":\"http:\\\/\\\/www.bellunopress.it\\\/wp-content\\\/uploads\\\/2009\\\/07\\\/de-bortoli-reolon-pianezze.jpg\",\"contentUrl\":\"http:\\\/\\\/www.bellunopress.it\\\/wp-content\\\/uploads\\\/2009\\\/07\\\/de-bortoli-reolon-pianezze.jpg\"},{\"@type\":\"BreadcrumbList\",\"@id\":\"https:\\\/\\\/www.bellunopress.it\\\/2009\\\/07\\\/04\\\/reolon-cade-si-rialza-e-riparte-con-tanta-voglia-di-guardare-avanti\\\/#breadcrumb\",\"itemListElement\":[{\"@type\":\"ListItem\",\"position\":1,\"name\":\"Home\",\"item\":\"https:\\\/\\\/www.bellunopress.it\\\/\"},{\"@type\":\"ListItem\",\"position\":2,\"name\":\"Reolon cade, si rialza, e riparte con tanta voglia di guardare avanti\"}]},{\"@type\":\"WebSite\",\"@id\":\"https:\\\/\\\/www.bellunopress.it\\\/#website\",\"url\":\"https:\\\/\\\/www.bellunopress.it\\\/\",\"name\":\"Bellunopress - Dolomiti\",\"description\":\"e-mail: redazione@bellunopress.it\",\"publisher\":{\"@id\":\"https:\\\/\\\/www.bellunopress.it\\\/#organization\"},\"potentialAction\":[{\"@type\":\"SearchAction\",\"target\":{\"@type\":\"EntryPoint\",\"urlTemplate\":\"https:\\\/\\\/www.bellunopress.it\\\/?s={search_term_string}\"},\"query-input\":{\"@type\":\"PropertyValueSpecification\",\"valueRequired\":true,\"valueName\":\"search_term_string\"}}],\"inLanguage\":\"fr-FR\"},{\"@type\":\"Organization\",\"@id\":\"https:\\\/\\\/www.bellunopress.it\\\/#organization\",\"name\":\"Bellunopress\",\"url\":\"https:\\\/\\\/www.bellunopress.it\\\/\",\"logo\":{\"@type\":\"ImageObject\",\"inLanguage\":\"fr-FR\",\"@id\":\"https:\\\/\\\/www.bellunopress.it\\\/#\\\/schema\\\/logo\\\/image\\\/\",\"url\":\"https:\\\/\\\/www.bellunopress.it\\\/wp-content\\\/uploads\\\/2011\\\/05\\\/cropped-logo-bellunopress-.jpg\",\"contentUrl\":\"https:\\\/\\\/www.bellunopress.it\\\/wp-content\\\/uploads\\\/2011\\\/05\\\/cropped-logo-bellunopress-.jpg\",\"width\":512,\"height\":512,\"caption\":\"Bellunopress\"},\"image\":{\"@id\":\"https:\\\/\\\/www.bellunopress.it\\\/#\\\/schema\\\/logo\\\/image\\\/\"},\"sameAs\":[\"https:\\\/\\\/www.facebook.com\\\/profile.php?id=100008943462799\",\"https:\\\/\\\/x.com\\\/bellunopress\",\"https:\\\/\\\/www.linkedin.com\\\/hp\\\/?dnr=JBzUWaJfMUw8vbXJJ2tVW5-I3jZKvC4wsoxE&amp;amp;amp;amp;amp;amp;trk=nav_responsive_tab_home\",\"https:\\\/\\\/www.youtube.com\\\/channel\\\/UCxL0wu1uN0_3_7hGG0306cw\"]},{\"@type\":\"Person\",\"@id\":\"https:\\\/\\\/www.bellunopress.it\\\/#\\\/schema\\\/person\\\/79bb06722b37ece1c03d3e94beb30d73\",\"name\":\"redazione\",\"image\":{\"@type\":\"ImageObject\",\"inLanguage\":\"fr-FR\",\"@id\":\"https:\\\/\\\/secure.gravatar.com\\\/avatar\\\/37d968a2e67a6fd04c169c4bdef102d0bc5d31b2546345219e348575eb80e9a0?s=96&d=mm&r=g\",\"url\":\"https:\\\/\\\/secure.gravatar.com\\\/avatar\\\/37d968a2e67a6fd04c169c4bdef102d0bc5d31b2546345219e348575eb80e9a0?s=96&d=mm&r=g\",\"contentUrl\":\"https:\\\/\\\/secure.gravatar.com\\\/avatar\\\/37d968a2e67a6fd04c169c4bdef102d0bc5d31b2546345219e348575eb80e9a0?s=96&d=mm&r=g\",\"caption\":\"redazione\"},\"sameAs\":[\"http:\\\/\\\/www.bellunopress.it\",\"https:\\\/\\\/x.com\\\/bellunopress\"],\"url\":\"https:\\\/\\\/www.bellunopress.it\\\/fr\\\/author\\\/redazione\\\/\"}]}<\/script>\n<!-- \/ Yoast SEO plugin. -->","yoast_head_json":{"title":"Reolon cade, si rialza, e riparte con tanta voglia di guardare avanti - Bellunopress - Dolomiti","robots":{"index":"index","follow":"follow","max-snippet":"max-snippet:-1","max-image-preview":"max-image-preview:large","max-video-preview":"max-video-preview:-1"},"canonical":"https:\/\/www.bellunopress.it\/fr\/2009\/07\/04\/reolon-cade-si-rialza-e-riparte-con-tanta-voglia-di-guardare-avanti\/","og_locale":"fr_FR","og_type":"article","og_title":"Reolon cade, si rialza, e riparte con tanta voglia di guardare avanti - Bellunopress - Dolomiti","og_description":"\u00a0 \u00abQuando Bottacin non si presenta a Siviglia per ricevere il prestigioso riconoscimento dell&#8217;Unesco, lui abdica! Consegna la gestione della Provincia alla Regione. Ma com&#8217;\u00e8 possibile che a decidere gli uomini della giunta si vada prima a Venezia e poi a Roma?\u00bb E&#8217; quanto ha detto Sergio Reolon sabato pomeriggio al ristorante Da Piol di [&hellip;]","og_url":"https:\/\/www.bellunopress.it\/fr\/2009\/07\/04\/reolon-cade-si-rialza-e-riparte-con-tanta-voglia-di-guardare-avanti\/","og_site_name":"Bellunopress - Dolomiti","article_publisher":"https:\/\/www.facebook.com\/profile.php?id=100008943462799","article_published_time":"2009-07-04T20:41:13+00:00","og_image":[{"url":"http:\/\/www.bellunopress.it\/wp-content\/uploads\/2009\/07\/de-bortoli-reolon-pianezze.jpg","type":"","width":"","height":""}],"author":"redazione","twitter_card":"summary_large_image","twitter_creator":"@bellunopress","twitter_site":"@bellunopress","twitter_misc":{"\u00c9crit par":"redazione","Dur\u00e9e de lecture estim\u00e9e":"2 minutes"},"schema":{"@context":"https:\/\/schema.org","@graph":[{"@type":"Article","@id":"https:\/\/www.bellunopress.it\/2009\/07\/04\/reolon-cade-si-rialza-e-riparte-con-tanta-voglia-di-guardare-avanti\/#article","isPartOf":{"@id":"https:\/\/www.bellunopress.it\/2009\/07\/04\/reolon-cade-si-rialza-e-riparte-con-tanta-voglia-di-guardare-avanti\/"},"author":{"name":"redazione","@id":"https:\/\/www.bellunopress.it\/#\/schema\/person\/79bb06722b37ece1c03d3e94beb30d73"},"headline":"Reolon cade, si rialza, e riparte con tanta voglia di guardare avanti","datePublished":"2009-07-04T20:41:13+00:00","mainEntityOfPage":{"@id":"https:\/\/www.bellunopress.it\/2009\/07\/04\/reolon-cade-si-rialza-e-riparte-con-tanta-voglia-di-guardare-avanti\/"},"wordCount":498,"publisher":{"@id":"https:\/\/www.bellunopress.it\/#organization"},"image":{"@id":"https:\/\/www.bellunopress.it\/2009\/07\/04\/reolon-cade-si-rialza-e-riparte-con-tanta-voglia-di-guardare-avanti\/#primaryimage"},"thumbnailUrl":"http:\/\/www.bellunopress.it\/wp-content\/uploads\/2009\/07\/de-bortoli-reolon-pianezze.jpg","keywords":["Belluno","Cadore","Dolomiti"],"articleSection":["Cronaca\/Politica"],"inLanguage":"fr-FR"},{"@type":"WebPage","@id":"https:\/\/www.bellunopress.it\/2009\/07\/04\/reolon-cade-si-rialza-e-riparte-con-tanta-voglia-di-guardare-avanti\/","url":"https:\/\/www.bellunopress.it\/2009\/07\/04\/reolon-cade-si-rialza-e-riparte-con-tanta-voglia-di-guardare-avanti\/","name":"Reolon cade, si rialza, e riparte con tanta voglia di guardare avanti - Bellunopress - Dolomiti","isPartOf":{"@id":"https:\/\/www.bellunopress.it\/#website"},"primaryImageOfPage":{"@id":"https:\/\/www.bellunopress.it\/2009\/07\/04\/reolon-cade-si-rialza-e-riparte-con-tanta-voglia-di-guardare-avanti\/#primaryimage"},"image":{"@id":"https:\/\/www.bellunopress.it\/2009\/07\/04\/reolon-cade-si-rialza-e-riparte-con-tanta-voglia-di-guardare-avanti\/#primaryimage"},"thumbnailUrl":"http:\/\/www.bellunopress.it\/wp-content\/uploads\/2009\/07\/de-bortoli-reolon-pianezze.jpg","datePublished":"2009-07-04T20:41:13+00:00","breadcrumb":{"@id":"https:\/\/www.bellunopress.it\/2009\/07\/04\/reolon-cade-si-rialza-e-riparte-con-tanta-voglia-di-guardare-avanti\/#breadcrumb"},"inLanguage":"fr-FR","potentialAction":[{"@type":"ReadAction","target":["https:\/\/www.bellunopress.it\/2009\/07\/04\/reolon-cade-si-rialza-e-riparte-con-tanta-voglia-di-guardare-avanti\/"]}]},{"@type":"ImageObject","inLanguage":"fr-FR","@id":"https:\/\/www.bellunopress.it\/2009\/07\/04\/reolon-cade-si-rialza-e-riparte-con-tanta-voglia-di-guardare-avanti\/#primaryimage","url":"http:\/\/www.bellunopress.it\/wp-content\/uploads\/2009\/07\/de-bortoli-reolon-pianezze.jpg","contentUrl":"http:\/\/www.bellunopress.it\/wp-content\/uploads\/2009\/07\/de-bortoli-reolon-pianezze.jpg"},{"@type":"BreadcrumbList","@id":"https:\/\/www.bellunopress.it\/2009\/07\/04\/reolon-cade-si-rialza-e-riparte-con-tanta-voglia-di-guardare-avanti\/#breadcrumb","itemListElement":[{"@type":"ListItem","position":1,"name":"Home","item":"https:\/\/www.bellunopress.it\/"},{"@type":"ListItem","position":2,"name":"Reolon cade, si rialza, e riparte con tanta voglia di guardare avanti"}]},{"@type":"WebSite","@id":"https:\/\/www.bellunopress.it\/#website","url":"https:\/\/www.bellunopress.it\/","name":"Bellunopress - Dolomiti","description":"e-mail: redazione@bellunopress.it","publisher":{"@id":"https:\/\/www.bellunopress.it\/#organization"},"potentialAction":[{"@type":"SearchAction","target":{"@type":"EntryPoint","urlTemplate":"https:\/\/www.bellunopress.it\/?s={search_term_string}"},"query-input":{"@type":"PropertyValueSpecification","valueRequired":true,"valueName":"search_term_string"}}],"inLanguage":"fr-FR"},{"@type":"Organization","@id":"https:\/\/www.bellunopress.it\/#organization","name":"Bellunopress","url":"https:\/\/www.bellunopress.it\/","logo":{"@type":"ImageObject","inLanguage":"fr-FR","@id":"https:\/\/www.bellunopress.it\/#\/schema\/logo\/image\/","url":"https:\/\/www.bellunopress.it\/wp-content\/uploads\/2011\/05\/cropped-logo-bellunopress-.jpg","contentUrl":"https:\/\/www.bellunopress.it\/wp-content\/uploads\/2011\/05\/cropped-logo-bellunopress-.jpg","width":512,"height":512,"caption":"Bellunopress"},"image":{"@id":"https:\/\/www.bellunopress.it\/#\/schema\/logo\/image\/"},"sameAs":["https:\/\/www.facebook.com\/profile.php?id=100008943462799","https:\/\/x.com\/bellunopress","https:\/\/www.linkedin.com\/hp\/?dnr=JBzUWaJfMUw8vbXJJ2tVW5-I3jZKvC4wsoxE&amp;amp;amp;amp;amp;amp;trk=nav_responsive_tab_home","https:\/\/www.youtube.com\/channel\/UCxL0wu1uN0_3_7hGG0306cw"]},{"@type":"Person","@id":"https:\/\/www.bellunopress.it\/#\/schema\/person\/79bb06722b37ece1c03d3e94beb30d73","name":"r\u00e9daction","image":{"@type":"ImageObject","inLanguage":"fr-FR","@id":"https:\/\/secure.gravatar.com\/avatar\/37d968a2e67a6fd04c169c4bdef102d0bc5d31b2546345219e348575eb80e9a0?s=96&d=mm&r=g","url":"https:\/\/secure.gravatar.com\/avatar\/37d968a2e67a6fd04c169c4bdef102d0bc5d31b2546345219e348575eb80e9a0?s=96&d=mm&r=g","contentUrl":"https:\/\/secure.gravatar.com\/avatar\/37d968a2e67a6fd04c169c4bdef102d0bc5d31b2546345219e348575eb80e9a0?s=96&d=mm&r=g","caption":"redazione"},"sameAs":["http:\/\/www.bellunopress.it","https:\/\/x.com\/bellunopress"],"url":"https:\/\/www.bellunopress.it\/fr\/author\/redazione\/"}]}},"_links":{"self":[{"href":"https:\/\/www.bellunopress.it\/fr\/wp-json\/wp\/v2\/posts\/5653","targetHints":{"allow":["GET"]}}],"collection":[{"href":"https:\/\/www.bellunopress.it\/fr\/wp-json\/wp\/v2\/posts"}],"about":[{"href":"https:\/\/www.bellunopress.it\/fr\/wp-json\/wp\/v2\/types\/post"}],"author":[{"embeddable":true,"href":"https:\/\/www.bellunopress.it\/fr\/wp-json\/wp\/v2\/users\/2"}],"replies":[{"embeddable":true,"href":"https:\/\/www.bellunopress.it\/fr\/wp-json\/wp\/v2\/comments?post=5653"}],"version-history":[{"count":1,"href":"https:\/\/www.bellunopress.it\/fr\/wp-json\/wp\/v2\/posts\/5653\/revisions"}],"predecessor-version":[{"id":5655,"href":"https:\/\/www.bellunopress.it\/fr\/wp-json\/wp\/v2\/posts\/5653\/revisions\/5655"}],"wp:attachment":[{"href":"https:\/\/www.bellunopress.it\/fr\/wp-json\/wp\/v2\/media?parent=5653"}],"wp:term":[{"taxonomy":"category","embeddable":true,"href":"https:\/\/www.bellunopress.it\/fr\/wp-json\/wp\/v2\/categories?post=5653"},{"taxonomy":"post_tag","embeddable":true,"href":"https:\/\/www.bellunopress.it\/fr\/wp-json\/wp\/v2\/tags?post=5653"}],"curies":[{"name":"wp","href":"https:\/\/api.w.org\/{rel}","templated":true}]}}