{"id":5647,"date":"2009-07-04T13:19:42","date_gmt":"2009-07-04T12:19:42","guid":{"rendered":"http:\/\/www.bellunopress.it\/?p=5647"},"modified":"2009-07-04T21:43:19","modified_gmt":"2009-07-04T20:43:19","slug":"dietro-front-della-regione-sul-prefabbricato-delle-gabelli-jacopo-massaro-la-scuola-non-e-una-priorita-del-centrodestra","status":"publish","type":"post","link":"https:\/\/www.bellunopress.it\/fr\/2009\/07\/04\/dietro-front-della-regione-sul-prefabbricato-delle-gabelli-jacopo-massaro-la-scuola-non-e-una-priorita-del-centrodestra\/","title":{"rendered":"Dietro-front della Regione sul prefabbricato delle Gabelli. Jacopo Massaro &#8220;La scuola non \u00e8 una priorit\u00e0 del centrodestra&#8221;"},"content":{"rendered":"<figure id=\"attachment_5648\" aria-describedby=\"caption-attachment-5648\" style=\"width: 270px\" class=\"wp-caption alignleft\"><a href=\"http:\/\/www.bellunopress.it\/wp-content\/uploads\/2009\/07\/iacopo-massaro-2-270x180.jpg\"><img loading=\"lazy\" decoding=\"async\" class=\"size-medium wp-image-5648\" title=\"iacopo-massaro-2-270x180\" src=\"http:\/\/www.bellunopress.it\/wp-content\/uploads\/2009\/07\/iacopo-massaro-2-270x180.jpg\" alt=\"Iacopo Massaro capogruppo Pd in consiglio comunale di Belluno\" width=\"270\" height=\"180\" \/><\/a><figcaption id=\"caption-attachment-5648\" class=\"wp-caption-text\">Iacopo Massaro capogruppo Pd in consiglio comunale di Belluno<\/figcaption><\/figure>\n<p>&lt;&lt;Non sono sorpreso dal dietro-front della Regione Veneto&gt;&gt;. Commenta\u00a0 Jacopo Massaro, capogruppo del PD in consiglio comunale di Belluno, la notizia secondo cui la Regione non si accoller\u00e0 pi\u00f9 il costo del prefabbricato dove collocare temporanenamente gli studenti delle Scuole Gabelli, sconfessando di fatto quanto dichiarato dal Sindaco Prade pochi giorni fa. &lt;&lt;D&#8217;altronde &#8211;\u00a0 continua Massaro &#8211; \u00e8 noto che per la Regione Veneto la scuola \u00e8 importante, ma non \u00e8 certo la priorit\u00e0 delle priorit\u00e0, come lo \u00e8 per noi; e ci\u00f2 rappresenta uno degli esempi pi\u00f9 evidenti di distinzione politica tra il centrodestra e il centrosinistra&gt;&gt;. Sulle motivazioni del dietro-front in queste ore aleggia un dubbio: &lt;&lt;mi auguro vivamente &#8211; dice Massaro &#8211; che il cambio di atteggiamento non sia dovuto agli equilibri della nuova giunta provinciale: si sa infatti che Galan non \u00e8 mai stato entusiasta di Bottacin. Ma spero che si tratti di una coincidenza e che le antipatie personali non abbiano ricadute su questo importamente tema, anche perch\u00e9 si sta perdendo inultimente troppo tempo&gt;&gt;. Adesso il PD attende la riunione di Commissione di luned\u00ec per capire se e come si stia muovendo la Giunta Prade. Il PD aveva avanzato alcune proposte e resta disponibile, ma senza fare sconti: &lt;&lt;l&#8217;unica certezza politica &#8211; conclude Massaro &#8211; \u00e8 che il centrodestra governa Comune, Provincia, Regione e Stato: non ha pi\u00f9 scusanti ed ha l&#8217;obbligo di risolvere subito e bene il problema&gt;&gt;.<\/p>","protected":false},"excerpt":{"rendered":"<p>&lt;&lt;Non sono sorpreso dal dietro-front della Regione Veneto&gt;&gt;. Commenta\u00a0 Jacopo Massaro, capogruppo del PD in consiglio comunale di Belluno, la notizia secondo cui la Regione non si accoller\u00e0 pi\u00f9 il costo del prefabbricato dove collocare temporanenamente gli studenti delle Scuole Gabelli, sconfessando di fatto quanto dichiarato dal Sindaco Prade pochi giorni fa. &lt;&lt;D&#8217;altronde &#8211;\u00a0 continua [&hellip;]<\/p>\n","protected":false},"author":2,"featured_media":0,"comment_status":"closed","ping_status":"open","sticky":false,"template":"","format":"standard","meta":{"footnotes":""},"categories":[5,26],"tags":[139],"class_list":["post-5647","post","type-post","status-publish","format-standard","category-cronaca","category-prima-pagina","tag-belluno"],"yoast_head":"<!-- This site is optimized with the Yoast SEO plugin v28.4 - https:\/\/yoast.com\/product\/yoast-seo-wordpress\/ -->\n<title>Dietro-front della Regione sul prefabbricato delle Gabelli. Jacopo Massaro &quot;La scuola non \u00e8 una priorit\u00e0 del centrodestra&quot; - Bellunopress - Dolomiti<\/title>\n<meta name=\"robots\" content=\"index, follow, max-snippet:-1, max-image-preview:large, max-video-preview:-1\" \/>\n<link rel=\"canonical\" href=\"https:\/\/www.bellunopress.it\/fr\/2009\/07\/04\/dietro-front-della-regione-sul-prefabbricato-delle-gabelli-jacopo-massaro-la-scuola-non-e-una-priorita-del-centrodestra\/\" \/>\n<meta property=\"og:locale\" content=\"fr_FR\" \/>\n<meta property=\"og:type\" content=\"article\" \/>\n<meta property=\"og:title\" content=\"Dietro-front della Regione sul prefabbricato delle Gabelli. Jacopo Massaro &quot;La scuola non \u00e8 una priorit\u00e0 del centrodestra&quot; - Bellunopress - Dolomiti\" \/>\n<meta property=\"og:description\" content=\"&lt;&lt;Non sono sorpreso dal dietro-front della Regione Veneto&gt;&gt;. Commenta\u00a0 Jacopo Massaro, capogruppo del PD in consiglio comunale di Belluno, la notizia secondo cui la Regione non si accoller\u00e0 pi\u00f9 il costo del prefabbricato dove collocare temporanenamente gli studenti delle Scuole Gabelli, sconfessando di fatto quanto dichiarato dal Sindaco Prade pochi giorni fa. &lt;&lt;D&#8217;altronde &#8211;\u00a0 continua [&hellip;]\" \/>\n<meta property=\"og:url\" content=\"https:\/\/www.bellunopress.it\/fr\/2009\/07\/04\/dietro-front-della-regione-sul-prefabbricato-delle-gabelli-jacopo-massaro-la-scuola-non-e-una-priorita-del-centrodestra\/\" \/>\n<meta property=\"og:site_name\" content=\"Bellunopress - Dolomiti\" \/>\n<meta property=\"article:publisher\" content=\"https:\/\/www.facebook.com\/profile.php?id=100008943462799\" \/>\n<meta property=\"article:published_time\" content=\"2009-07-04T12:19:42+00:00\" \/>\n<meta property=\"article:modified_time\" content=\"2009-07-04T20:43:19+00:00\" \/>\n<meta property=\"og:image\" content=\"http:\/\/www.bellunopress.it\/wp-content\/uploads\/2009\/07\/iacopo-massaro-2-270x180.jpg\" \/>\n<meta name=\"author\" content=\"redazione\" \/>\n<meta name=\"twitter:card\" content=\"summary_large_image\" \/>\n<meta name=\"twitter:creator\" content=\"@bellunopress\" \/>\n<meta name=\"twitter:site\" content=\"@bellunopress\" \/>\n<meta name=\"twitter:label1\" content=\"\u00c9crit par\" \/>\n\t<meta name=\"twitter:data1\" content=\"redazione\" \/>\n\t<meta name=\"twitter:label2\" content=\"Dur\u00e9e de lecture estim\u00e9e\" \/>\n\t<meta name=\"twitter:data2\" content=\"1 minute\" \/>\n<script type=\"application\/ld+json\" class=\"yoast-schema-graph\">{\"@context\":\"https:\\\/\\\/schema.org\",\"@graph\":[{\"@type\":\"Article\",\"@id\":\"https:\\\/\\\/www.bellunopress.it\\\/2009\\\/07\\\/04\\\/dietro-front-della-regione-sul-prefabbricato-delle-gabelli-jacopo-massaro-la-scuola-non-e-una-priorita-del-centrodestra\\\/#article\",\"isPartOf\":{\"@id\":\"https:\\\/\\\/www.bellunopress.it\\\/2009\\\/07\\\/04\\\/dietro-front-della-regione-sul-prefabbricato-delle-gabelli-jacopo-massaro-la-scuola-non-e-una-priorita-del-centrodestra\\\/\"},\"author\":{\"name\":\"redazione\",\"@id\":\"https:\\\/\\\/www.bellunopress.it\\\/#\\\/schema\\\/person\\\/79bb06722b37ece1c03d3e94beb30d73\"},\"headline\":\"Dietro-front della Regione sul prefabbricato delle Gabelli. Jacopo Massaro &#8220;La scuola non \u00e8 una priorit\u00e0 del centrodestra&#8221;\",\"datePublished\":\"2009-07-04T12:19:42+00:00\",\"dateModified\":\"2009-07-04T20:43:19+00:00\",\"mainEntityOfPage\":{\"@id\":\"https:\\\/\\\/www.bellunopress.it\\\/2009\\\/07\\\/04\\\/dietro-front-della-regione-sul-prefabbricato-delle-gabelli-jacopo-massaro-la-scuola-non-e-una-priorita-del-centrodestra\\\/\"},\"wordCount\":280,\"publisher\":{\"@id\":\"https:\\\/\\\/www.bellunopress.it\\\/#organization\"},\"image\":{\"@id\":\"https:\\\/\\\/www.bellunopress.it\\\/2009\\\/07\\\/04\\\/dietro-front-della-regione-sul-prefabbricato-delle-gabelli-jacopo-massaro-la-scuola-non-e-una-priorita-del-centrodestra\\\/#primaryimage\"},\"thumbnailUrl\":\"http:\\\/\\\/www.bellunopress.it\\\/wp-content\\\/uploads\\\/2009\\\/07\\\/iacopo-massaro-2-270x180.jpg\",\"keywords\":[\"Belluno\"],\"articleSection\":[\"Cronaca\\\/Politica\",\"Prima Pagina\"],\"inLanguage\":\"fr-FR\"},{\"@type\":\"WebPage\",\"@id\":\"https:\\\/\\\/www.bellunopress.it\\\/2009\\\/07\\\/04\\\/dietro-front-della-regione-sul-prefabbricato-delle-gabelli-jacopo-massaro-la-scuola-non-e-una-priorita-del-centrodestra\\\/\",\"url\":\"https:\\\/\\\/www.bellunopress.it\\\/2009\\\/07\\\/04\\\/dietro-front-della-regione-sul-prefabbricato-delle-gabelli-jacopo-massaro-la-scuola-non-e-una-priorita-del-centrodestra\\\/\",\"name\":\"Dietro-front della Regione sul prefabbricato delle Gabelli. Jacopo Massaro \\\"La scuola non \u00e8 una priorit\u00e0 del centrodestra\\\" - Bellunopress - Dolomiti\",\"isPartOf\":{\"@id\":\"https:\\\/\\\/www.bellunopress.it\\\/#website\"},\"primaryImageOfPage\":{\"@id\":\"https:\\\/\\\/www.bellunopress.it\\\/2009\\\/07\\\/04\\\/dietro-front-della-regione-sul-prefabbricato-delle-gabelli-jacopo-massaro-la-scuola-non-e-una-priorita-del-centrodestra\\\/#primaryimage\"},\"image\":{\"@id\":\"https:\\\/\\\/www.bellunopress.it\\\/2009\\\/07\\\/04\\\/dietro-front-della-regione-sul-prefabbricato-delle-gabelli-jacopo-massaro-la-scuola-non-e-una-priorita-del-centrodestra\\\/#primaryimage\"},\"thumbnailUrl\":\"http:\\\/\\\/www.bellunopress.it\\\/wp-content\\\/uploads\\\/2009\\\/07\\\/iacopo-massaro-2-270x180.jpg\",\"datePublished\":\"2009-07-04T12:19:42+00:00\",\"dateModified\":\"2009-07-04T20:43:19+00:00\",\"breadcrumb\":{\"@id\":\"https:\\\/\\\/www.bellunopress.it\\\/2009\\\/07\\\/04\\\/dietro-front-della-regione-sul-prefabbricato-delle-gabelli-jacopo-massaro-la-scuola-non-e-una-priorita-del-centrodestra\\\/#breadcrumb\"},\"inLanguage\":\"fr-FR\",\"potentialAction\":[{\"@type\":\"ReadAction\",\"target\":[\"https:\\\/\\\/www.bellunopress.it\\\/2009\\\/07\\\/04\\\/dietro-front-della-regione-sul-prefabbricato-delle-gabelli-jacopo-massaro-la-scuola-non-e-una-priorita-del-centrodestra\\\/\"]}]},{\"@type\":\"ImageObject\",\"inLanguage\":\"fr-FR\",\"@id\":\"https:\\\/\\\/www.bellunopress.it\\\/2009\\\/07\\\/04\\\/dietro-front-della-regione-sul-prefabbricato-delle-gabelli-jacopo-massaro-la-scuola-non-e-una-priorita-del-centrodestra\\\/#primaryimage\",\"url\":\"http:\\\/\\\/www.bellunopress.it\\\/wp-content\\\/uploads\\\/2009\\\/07\\\/iacopo-massaro-2-270x180.jpg\",\"contentUrl\":\"http:\\\/\\\/www.bellunopress.it\\\/wp-content\\\/uploads\\\/2009\\\/07\\\/iacopo-massaro-2-270x180.jpg\"},{\"@type\":\"BreadcrumbList\",\"@id\":\"https:\\\/\\\/www.bellunopress.it\\\/2009\\\/07\\\/04\\\/dietro-front-della-regione-sul-prefabbricato-delle-gabelli-jacopo-massaro-la-scuola-non-e-una-priorita-del-centrodestra\\\/#breadcrumb\",\"itemListElement\":[{\"@type\":\"ListItem\",\"position\":1,\"name\":\"Home\",\"item\":\"https:\\\/\\\/www.bellunopress.it\\\/\"},{\"@type\":\"ListItem\",\"position\":2,\"name\":\"Dietro-front della Regione sul prefabbricato delle Gabelli. Jacopo Massaro &#8220;La scuola non \u00e8 una priorit\u00e0 del centrodestra&#8221;\"}]},{\"@type\":\"WebSite\",\"@id\":\"https:\\\/\\\/www.bellunopress.it\\\/#website\",\"url\":\"https:\\\/\\\/www.bellunopress.it\\\/\",\"name\":\"Bellunopress - Dolomiti\",\"description\":\"e-mail: redazione@bellunopress.it\",\"publisher\":{\"@id\":\"https:\\\/\\\/www.bellunopress.it\\\/#organization\"},\"potentialAction\":[{\"@type\":\"SearchAction\",\"target\":{\"@type\":\"EntryPoint\",\"urlTemplate\":\"https:\\\/\\\/www.bellunopress.it\\\/?s={search_term_string}\"},\"query-input\":{\"@type\":\"PropertyValueSpecification\",\"valueRequired\":true,\"valueName\":\"search_term_string\"}}],\"inLanguage\":\"fr-FR\"},{\"@type\":\"Organization\",\"@id\":\"https:\\\/\\\/www.bellunopress.it\\\/#organization\",\"name\":\"Bellunopress\",\"url\":\"https:\\\/\\\/www.bellunopress.it\\\/\",\"logo\":{\"@type\":\"ImageObject\",\"inLanguage\":\"fr-FR\",\"@id\":\"https:\\\/\\\/www.bellunopress.it\\\/#\\\/schema\\\/logo\\\/image\\\/\",\"url\":\"https:\\\/\\\/www.bellunopress.it\\\/wp-content\\\/uploads\\\/2011\\\/05\\\/cropped-logo-bellunopress-.jpg\",\"contentUrl\":\"https:\\\/\\\/www.bellunopress.it\\\/wp-content\\\/uploads\\\/2011\\\/05\\\/cropped-logo-bellunopress-.jpg\",\"width\":512,\"height\":512,\"caption\":\"Bellunopress\"},\"image\":{\"@id\":\"https:\\\/\\\/www.bellunopress.it\\\/#\\\/schema\\\/logo\\\/image\\\/\"},\"sameAs\":[\"https:\\\/\\\/www.facebook.com\\\/profile.php?id=100008943462799\",\"https:\\\/\\\/x.com\\\/bellunopress\",\"https:\\\/\\\/www.linkedin.com\\\/hp\\\/?dnr=JBzUWaJfMUw8vbXJJ2tVW5-I3jZKvC4wsoxE&amp;amp;amp;amp;amp;amp;trk=nav_responsive_tab_home\",\"https:\\\/\\\/www.youtube.com\\\/channel\\\/UCxL0wu1uN0_3_7hGG0306cw\"]},{\"@type\":\"Person\",\"@id\":\"https:\\\/\\\/www.bellunopress.it\\\/#\\\/schema\\\/person\\\/79bb06722b37ece1c03d3e94beb30d73\",\"name\":\"redazione\",\"image\":{\"@type\":\"ImageObject\",\"inLanguage\":\"fr-FR\",\"@id\":\"https:\\\/\\\/secure.gravatar.com\\\/avatar\\\/37d968a2e67a6fd04c169c4bdef102d0bc5d31b2546345219e348575eb80e9a0?s=96&d=mm&r=g\",\"url\":\"https:\\\/\\\/secure.gravatar.com\\\/avatar\\\/37d968a2e67a6fd04c169c4bdef102d0bc5d31b2546345219e348575eb80e9a0?s=96&d=mm&r=g\",\"contentUrl\":\"https:\\\/\\\/secure.gravatar.com\\\/avatar\\\/37d968a2e67a6fd04c169c4bdef102d0bc5d31b2546345219e348575eb80e9a0?s=96&d=mm&r=g\",\"caption\":\"redazione\"},\"sameAs\":[\"http:\\\/\\\/www.bellunopress.it\",\"https:\\\/\\\/x.com\\\/bellunopress\"],\"url\":\"https:\\\/\\\/www.bellunopress.it\\\/fr\\\/author\\\/redazione\\\/\"}]}<\/script>\n<!-- \/ Yoast SEO plugin. -->","yoast_head_json":{"title":"Dietro-front della Regione sul prefabbricato delle Gabelli. Jacopo Massaro \"La scuola non \u00e8 una priorit\u00e0 del centrodestra\" - Bellunopress - Dolomiti","robots":{"index":"index","follow":"follow","max-snippet":"max-snippet:-1","max-image-preview":"max-image-preview:large","max-video-preview":"max-video-preview:-1"},"canonical":"https:\/\/www.bellunopress.it\/fr\/2009\/07\/04\/dietro-front-della-regione-sul-prefabbricato-delle-gabelli-jacopo-massaro-la-scuola-non-e-una-priorita-del-centrodestra\/","og_locale":"fr_FR","og_type":"article","og_title":"Dietro-front della Regione sul prefabbricato delle Gabelli. Jacopo Massaro \"La scuola non \u00e8 una priorit\u00e0 del centrodestra\" - Bellunopress - Dolomiti","og_description":"&lt;&lt;Non sono sorpreso dal dietro-front della Regione Veneto&gt;&gt;. Commenta\u00a0 Jacopo Massaro, capogruppo del PD in consiglio comunale di Belluno, la notizia secondo cui la Regione non si accoller\u00e0 pi\u00f9 il costo del prefabbricato dove collocare temporanenamente gli studenti delle Scuole Gabelli, sconfessando di fatto quanto dichiarato dal Sindaco Prade pochi giorni fa. &lt;&lt;D&#8217;altronde &#8211;\u00a0 continua [&hellip;]","og_url":"https:\/\/www.bellunopress.it\/fr\/2009\/07\/04\/dietro-front-della-regione-sul-prefabbricato-delle-gabelli-jacopo-massaro-la-scuola-non-e-una-priorita-del-centrodestra\/","og_site_name":"Bellunopress - Dolomiti","article_publisher":"https:\/\/www.facebook.com\/profile.php?id=100008943462799","article_published_time":"2009-07-04T12:19:42+00:00","article_modified_time":"2009-07-04T20:43:19+00:00","og_image":[{"url":"http:\/\/www.bellunopress.it\/wp-content\/uploads\/2009\/07\/iacopo-massaro-2-270x180.jpg","type":"","width":"","height":""}],"author":"redazione","twitter_card":"summary_large_image","twitter_creator":"@bellunopress","twitter_site":"@bellunopress","twitter_misc":{"\u00c9crit par":"redazione","Dur\u00e9e de lecture estim\u00e9e":"1 minute"},"schema":{"@context":"https:\/\/schema.org","@graph":[{"@type":"Article","@id":"https:\/\/www.bellunopress.it\/2009\/07\/04\/dietro-front-della-regione-sul-prefabbricato-delle-gabelli-jacopo-massaro-la-scuola-non-e-una-priorita-del-centrodestra\/#article","isPartOf":{"@id":"https:\/\/www.bellunopress.it\/2009\/07\/04\/dietro-front-della-regione-sul-prefabbricato-delle-gabelli-jacopo-massaro-la-scuola-non-e-una-priorita-del-centrodestra\/"},"author":{"name":"redazione","@id":"https:\/\/www.bellunopress.it\/#\/schema\/person\/79bb06722b37ece1c03d3e94beb30d73"},"headline":"Dietro-front della Regione sul prefabbricato delle Gabelli. Jacopo Massaro &#8220;La scuola non \u00e8 una priorit\u00e0 del centrodestra&#8221;","datePublished":"2009-07-04T12:19:42+00:00","dateModified":"2009-07-04T20:43:19+00:00","mainEntityOfPage":{"@id":"https:\/\/www.bellunopress.it\/2009\/07\/04\/dietro-front-della-regione-sul-prefabbricato-delle-gabelli-jacopo-massaro-la-scuola-non-e-una-priorita-del-centrodestra\/"},"wordCount":280,"publisher":{"@id":"https:\/\/www.bellunopress.it\/#organization"},"image":{"@id":"https:\/\/www.bellunopress.it\/2009\/07\/04\/dietro-front-della-regione-sul-prefabbricato-delle-gabelli-jacopo-massaro-la-scuola-non-e-una-priorita-del-centrodestra\/#primaryimage"},"thumbnailUrl":"http:\/\/www.bellunopress.it\/wp-content\/uploads\/2009\/07\/iacopo-massaro-2-270x180.jpg","keywords":["Belluno"],"articleSection":["Cronaca\/Politica","Prima Pagina"],"inLanguage":"fr-FR"},{"@type":"WebPage","@id":"https:\/\/www.bellunopress.it\/2009\/07\/04\/dietro-front-della-regione-sul-prefabbricato-delle-gabelli-jacopo-massaro-la-scuola-non-e-una-priorita-del-centrodestra\/","url":"https:\/\/www.bellunopress.it\/2009\/07\/04\/dietro-front-della-regione-sul-prefabbricato-delle-gabelli-jacopo-massaro-la-scuola-non-e-una-priorita-del-centrodestra\/","name":"Dietro-front della Regione sul prefabbricato delle Gabelli. Jacopo Massaro \"La scuola non \u00e8 una priorit\u00e0 del centrodestra\" - Bellunopress - Dolomiti","isPartOf":{"@id":"https:\/\/www.bellunopress.it\/#website"},"primaryImageOfPage":{"@id":"https:\/\/www.bellunopress.it\/2009\/07\/04\/dietro-front-della-regione-sul-prefabbricato-delle-gabelli-jacopo-massaro-la-scuola-non-e-una-priorita-del-centrodestra\/#primaryimage"},"image":{"@id":"https:\/\/www.bellunopress.it\/2009\/07\/04\/dietro-front-della-regione-sul-prefabbricato-delle-gabelli-jacopo-massaro-la-scuola-non-e-una-priorita-del-centrodestra\/#primaryimage"},"thumbnailUrl":"http:\/\/www.bellunopress.it\/wp-content\/uploads\/2009\/07\/iacopo-massaro-2-270x180.jpg","datePublished":"2009-07-04T12:19:42+00:00","dateModified":"2009-07-04T20:43:19+00:00","breadcrumb":{"@id":"https:\/\/www.bellunopress.it\/2009\/07\/04\/dietro-front-della-regione-sul-prefabbricato-delle-gabelli-jacopo-massaro-la-scuola-non-e-una-priorita-del-centrodestra\/#breadcrumb"},"inLanguage":"fr-FR","potentialAction":[{"@type":"ReadAction","target":["https:\/\/www.bellunopress.it\/2009\/07\/04\/dietro-front-della-regione-sul-prefabbricato-delle-gabelli-jacopo-massaro-la-scuola-non-e-una-priorita-del-centrodestra\/"]}]},{"@type":"ImageObject","inLanguage":"fr-FR","@id":"https:\/\/www.bellunopress.it\/2009\/07\/04\/dietro-front-della-regione-sul-prefabbricato-delle-gabelli-jacopo-massaro-la-scuola-non-e-una-priorita-del-centrodestra\/#primaryimage","url":"http:\/\/www.bellunopress.it\/wp-content\/uploads\/2009\/07\/iacopo-massaro-2-270x180.jpg","contentUrl":"http:\/\/www.bellunopress.it\/wp-content\/uploads\/2009\/07\/iacopo-massaro-2-270x180.jpg"},{"@type":"BreadcrumbList","@id":"https:\/\/www.bellunopress.it\/2009\/07\/04\/dietro-front-della-regione-sul-prefabbricato-delle-gabelli-jacopo-massaro-la-scuola-non-e-una-priorita-del-centrodestra\/#breadcrumb","itemListElement":[{"@type":"ListItem","position":1,"name":"Home","item":"https:\/\/www.bellunopress.it\/"},{"@type":"ListItem","position":2,"name":"Dietro-front della Regione sul prefabbricato delle Gabelli. Jacopo Massaro &#8220;La scuola non \u00e8 una priorit\u00e0 del centrodestra&#8221;"}]},{"@type":"WebSite","@id":"https:\/\/www.bellunopress.it\/#website","url":"https:\/\/www.bellunopress.it\/","name":"Bellunopress - Dolomiti","description":"e-mail: redazione@bellunopress.it","publisher":{"@id":"https:\/\/www.bellunopress.it\/#organization"},"potentialAction":[{"@type":"SearchAction","target":{"@type":"EntryPoint","urlTemplate":"https:\/\/www.bellunopress.it\/?s={search_term_string}"},"query-input":{"@type":"PropertyValueSpecification","valueRequired":true,"valueName":"search_term_string"}}],"inLanguage":"fr-FR"},{"@type":"Organization","@id":"https:\/\/www.bellunopress.it\/#organization","name":"Bellunopress","url":"https:\/\/www.bellunopress.it\/","logo":{"@type":"ImageObject","inLanguage":"fr-FR","@id":"https:\/\/www.bellunopress.it\/#\/schema\/logo\/image\/","url":"https:\/\/www.bellunopress.it\/wp-content\/uploads\/2011\/05\/cropped-logo-bellunopress-.jpg","contentUrl":"https:\/\/www.bellunopress.it\/wp-content\/uploads\/2011\/05\/cropped-logo-bellunopress-.jpg","width":512,"height":512,"caption":"Bellunopress"},"image":{"@id":"https:\/\/www.bellunopress.it\/#\/schema\/logo\/image\/"},"sameAs":["https:\/\/www.facebook.com\/profile.php?id=100008943462799","https:\/\/x.com\/bellunopress","https:\/\/www.linkedin.com\/hp\/?dnr=JBzUWaJfMUw8vbXJJ2tVW5-I3jZKvC4wsoxE&amp;amp;amp;amp;amp;amp;trk=nav_responsive_tab_home","https:\/\/www.youtube.com\/channel\/UCxL0wu1uN0_3_7hGG0306cw"]},{"@type":"Person","@id":"https:\/\/www.bellunopress.it\/#\/schema\/person\/79bb06722b37ece1c03d3e94beb30d73","name":"r\u00e9daction","image":{"@type":"ImageObject","inLanguage":"fr-FR","@id":"https:\/\/secure.gravatar.com\/avatar\/37d968a2e67a6fd04c169c4bdef102d0bc5d31b2546345219e348575eb80e9a0?s=96&d=mm&r=g","url":"https:\/\/secure.gravatar.com\/avatar\/37d968a2e67a6fd04c169c4bdef102d0bc5d31b2546345219e348575eb80e9a0?s=96&d=mm&r=g","contentUrl":"https:\/\/secure.gravatar.com\/avatar\/37d968a2e67a6fd04c169c4bdef102d0bc5d31b2546345219e348575eb80e9a0?s=96&d=mm&r=g","caption":"redazione"},"sameAs":["http:\/\/www.bellunopress.it","https:\/\/x.com\/bellunopress"],"url":"https:\/\/www.bellunopress.it\/fr\/author\/redazione\/"}]}},"_links":{"self":[{"href":"https:\/\/www.bellunopress.it\/fr\/wp-json\/wp\/v2\/posts\/5647","targetHints":{"allow":["GET"]}}],"collection":[{"href":"https:\/\/www.bellunopress.it\/fr\/wp-json\/wp\/v2\/posts"}],"about":[{"href":"https:\/\/www.bellunopress.it\/fr\/wp-json\/wp\/v2\/types\/post"}],"author":[{"embeddable":true,"href":"https:\/\/www.bellunopress.it\/fr\/wp-json\/wp\/v2\/users\/2"}],"replies":[{"embeddable":true,"href":"https:\/\/www.bellunopress.it\/fr\/wp-json\/wp\/v2\/comments?post=5647"}],"version-history":[{"count":2,"href":"https:\/\/www.bellunopress.it\/fr\/wp-json\/wp\/v2\/posts\/5647\/revisions"}],"predecessor-version":[{"id":5656,"href":"https:\/\/www.bellunopress.it\/fr\/wp-json\/wp\/v2\/posts\/5647\/revisions\/5656"}],"wp:attachment":[{"href":"https:\/\/www.bellunopress.it\/fr\/wp-json\/wp\/v2\/media?parent=5647"}],"wp:term":[{"taxonomy":"category","embeddable":true,"href":"https:\/\/www.bellunopress.it\/fr\/wp-json\/wp\/v2\/categories?post=5647"},{"taxonomy":"post_tag","embeddable":true,"href":"https:\/\/www.bellunopress.it\/fr\/wp-json\/wp\/v2\/tags?post=5647"}],"curies":[{"name":"wp","href":"https:\/\/api.w.org\/{rel}","templated":true}]}}