{"id":5645,"date":"2009-07-04T12:03:09","date_gmt":"2009-07-04T11:03:09","guid":{"rendered":"http:\/\/www.bellunopress.it\/?p=5645"},"modified":"2009-07-04T12:03:09","modified_gmt":"2009-07-04T11:03:09","slug":"spazio-giovani-le-proposte-da-meta-luglio-fino-allautunno","status":"publish","type":"post","link":"https:\/\/www.bellunopress.it\/fr\/2009\/07\/04\/spazio-giovani-le-proposte-da-meta-luglio-fino-allautunno\/","title":{"rendered":"Spazio Giovani: le proposte da met\u00e0 luglio fino all&#8217;autunno"},"content":{"rendered":"<p>Entra nel vivo l&#8217;estate dello Spazio Giovani di Borgo Pr\u00e0, con una serie di appetitose iniziative che spaziano dallo stage di danza Hip Hop, alla tecnica fotografica del ritratto, fino al corso di teatro. Tutti i corsi prevedono costi differenziati per studenti, da un lato, e per lavoratori e non residenti, dall&#8217;altro. Si tratta di laboratori che, visto il periodo estivo in cui vengono proposti, prevedono una forma interessante di \u201cfull immersion\u201d, concentrandosi in date vicine tra loro, per permettere anche a chi ha programmato dei giorni di vacanza lontano da Belluno di approfittare delle interessanti proposte. Le iscrizioni vanno fatte rivolgendosi allo Spazio Giovani di Borgo Pr\u00e0, nei giorni di marted\u00ec, gioved\u00ec, venerd\u00ec e sabato, dalle 15 alle 19, oppure chiamando, negli stessi giorni e orari, il numero 0437 30905. Agli stessi recapiti ci si potr\u00e0 rivolgere per maggiori informazioni. Ecco l&#8217;elenco dei corsi, con i dettagli per le iscrizioni e i costi:<br \/>\nLaboratorio di Tecniche musicali, che promette di guidare i partecipanti alla conoscenza delle apparecchiature di una sala prove e al suo corretto utilizzo, con una panoramica sui software per il Karaoke. 4 incontri, dal 21 al 24 luglio, dalle 15 alle 18, in collaborazione con Formarte. Presentazione del corso: il 17 luglio, ore 16.00; iscrizioni entro il 16 luglio. Costo per gli studenti: 50 euro; per lavoratori e non residenti del Comune: 100 euro.<br \/>\nWork shop sulla tecnica fotografica del ritratto, le pose, le inquadrature e la fotocomposizione. 3 incontri dal 29 al 31 luglio, dalle 16 alle 19. Presentazione del corso: 28 luglio, ore 16.00. Iscrizioni entro il 25 luglio. Costo per gli studenti: 60 euro; per lavoratori e non residenti del Comune: 60 euro.<br \/>\nBaby animator: corso per aspiranti animatori di feste per bambini (compleanni, anniversari ecc.). 5 incontri dal 3 al 7 agosto, dalle 16 alle 19, in collaborazione con Formarte. Presentazione del corso: 3 agosto, ore 16.00. Iscrizioni entro il 1\u00b0 agosto. Costo per gli studenti: 35 euro; per lavoratori e non residenti del Comune: 70 euro.<br \/>\nHIP HOP: stage di danza Hip Hop, senso del ritmo, coordinazione individuale, coreografia di gruppo. 5 incontri il 20, 21, 25, 27 e 28 agosto, dalle 15 alle 16.30, in collaborazione con Formarte. Presentazione del corso: 18 agosto, ore 16.00. Iscrizioni entro il 18 agosto. Costo per gli\u00a0 studenti: 35 euro; per lavoratori e non residenti del Comune: 70 euro.<br \/>\nAccompagner\u00e0 fino all&#8217;autunno, infine, il corso di Teatro: agire la citt\u00e0 l\u2019ascolto di s\u00e9 stessi e degli altri, lo sviluppo dell\u2019espressivit\u00e0 corporea e vocale, la relazione con l\u2019ambiente. Il corso si terr\u00e0 il 15, 18, 22, 25 e 29 settembre e 2, 6, 9 e 13 ottobre, dalle ore 15 alle ore 17. \u00c8 previsto un incontro di presentazione il giorno 15 settembre alle ore 15.00. Iscrizioni entro il: 10 settembre. Costo per gli studenti: 50 euro; per lavoratori e non residenti del Comune: 100 euro.<\/p>","protected":false},"excerpt":{"rendered":"<p>Entra nel vivo l&#8217;estate dello Spazio Giovani di Borgo Pr\u00e0, con una serie di appetitose iniziative che spaziano dallo stage di danza Hip Hop, alla tecnica fotografica del ritratto, fino al corso di teatro. Tutti i corsi prevedono costi differenziati per studenti, da un lato, e per lavoratori e non residenti, dall&#8217;altro. Si tratta di [&hellip;]<\/p>\n","protected":false},"author":2,"featured_media":0,"comment_status":"closed","ping_status":"open","sticky":false,"template":"","format":"standard","meta":{"footnotes":""},"categories":[3,25,15],"tags":[139],"class_list":["post-5645","post","type-post","status-publish","format-standard","category-arte-cultura-spettacoli-scienza-archivi","category-pausa-caffe","category-scuola","tag-belluno"],"yoast_head":"<!-- This site is optimized with the Yoast SEO plugin v28.4 - https:\/\/yoast.com\/product\/yoast-seo-wordpress\/ -->\n<title>Spazio Giovani: le proposte da met\u00e0 luglio fino all&#039;autunno - Bellunopress - Dolomiti<\/title>\n<meta name=\"robots\" content=\"index, follow, max-snippet:-1, max-image-preview:large, max-video-preview:-1\" \/>\n<link rel=\"canonical\" href=\"https:\/\/www.bellunopress.it\/fr\/2009\/07\/04\/spazio-giovani-le-proposte-da-meta-luglio-fino-allautunno\/\" \/>\n<meta property=\"og:locale\" content=\"fr_FR\" \/>\n<meta property=\"og:type\" content=\"article\" \/>\n<meta property=\"og:title\" content=\"Spazio Giovani: le proposte da met\u00e0 luglio fino all&#039;autunno - Bellunopress - Dolomiti\" \/>\n<meta property=\"og:description\" content=\"Entra nel vivo l&#8217;estate dello Spazio Giovani di Borgo Pr\u00e0, con una serie di appetitose iniziative che spaziano dallo stage di danza Hip Hop, alla tecnica fotografica del ritratto, fino al corso di teatro. Tutti i corsi prevedono costi differenziati per studenti, da un lato, e per lavoratori e non residenti, dall&#8217;altro. Si tratta di [&hellip;]\" \/>\n<meta property=\"og:url\" content=\"https:\/\/www.bellunopress.it\/fr\/2009\/07\/04\/spazio-giovani-le-proposte-da-meta-luglio-fino-allautunno\/\" \/>\n<meta property=\"og:site_name\" content=\"Bellunopress - Dolomiti\" \/>\n<meta property=\"article:publisher\" content=\"https:\/\/www.facebook.com\/profile.php?id=100008943462799\" \/>\n<meta property=\"article:published_time\" content=\"2009-07-04T11:03:09+00:00\" \/>\n<meta property=\"og:image\" content=\"http:\/\/www.bellunopress.it\/wp-content\/uploads\/2012\/07\/logo-bellunopress-250x250-2012.jpg\" \/>\n<meta name=\"author\" content=\"redazione\" \/>\n<meta name=\"twitter:card\" content=\"summary_large_image\" \/>\n<meta name=\"twitter:creator\" content=\"@bellunopress\" \/>\n<meta name=\"twitter:site\" content=\"@bellunopress\" \/>\n<meta name=\"twitter:label1\" content=\"\u00c9crit par\" \/>\n\t<meta name=\"twitter:data1\" content=\"redazione\" \/>\n\t<meta name=\"twitter:label2\" content=\"Dur\u00e9e de lecture estim\u00e9e\" \/>\n\t<meta name=\"twitter:data2\" content=\"2 minutes\" \/>\n<script type=\"application\/ld+json\" class=\"yoast-schema-graph\">{\"@context\":\"https:\\\/\\\/schema.org\",\"@graph\":[{\"@type\":\"Article\",\"@id\":\"https:\\\/\\\/www.bellunopress.it\\\/2009\\\/07\\\/04\\\/spazio-giovani-le-proposte-da-meta-luglio-fino-allautunno\\\/#article\",\"isPartOf\":{\"@id\":\"https:\\\/\\\/www.bellunopress.it\\\/2009\\\/07\\\/04\\\/spazio-giovani-le-proposte-da-meta-luglio-fino-allautunno\\\/\"},\"author\":{\"name\":\"redazione\",\"@id\":\"https:\\\/\\\/www.bellunopress.it\\\/#\\\/schema\\\/person\\\/79bb06722b37ece1c03d3e94beb30d73\"},\"headline\":\"Spazio Giovani: le proposte da met\u00e0 luglio fino all&#8217;autunno\",\"datePublished\":\"2009-07-04T11:03:09+00:00\",\"mainEntityOfPage\":{\"@id\":\"https:\\\/\\\/www.bellunopress.it\\\/2009\\\/07\\\/04\\\/spazio-giovani-le-proposte-da-meta-luglio-fino-allautunno\\\/\"},\"wordCount\":434,\"publisher\":{\"@id\":\"https:\\\/\\\/www.bellunopress.it\\\/#organization\"},\"keywords\":[\"Belluno\"],\"articleSection\":[\"Arte, Cultura, Spettacoli, Scienza\",\"Pausa Caff\u00e8\",\"Scuola\"],\"inLanguage\":\"fr-FR\"},{\"@type\":\"WebPage\",\"@id\":\"https:\\\/\\\/www.bellunopress.it\\\/2009\\\/07\\\/04\\\/spazio-giovani-le-proposte-da-meta-luglio-fino-allautunno\\\/\",\"url\":\"https:\\\/\\\/www.bellunopress.it\\\/2009\\\/07\\\/04\\\/spazio-giovani-le-proposte-da-meta-luglio-fino-allautunno\\\/\",\"name\":\"Spazio Giovani: le proposte da met\u00e0 luglio fino all'autunno - Bellunopress - Dolomiti\",\"isPartOf\":{\"@id\":\"https:\\\/\\\/www.bellunopress.it\\\/#website\"},\"datePublished\":\"2009-07-04T11:03:09+00:00\",\"breadcrumb\":{\"@id\":\"https:\\\/\\\/www.bellunopress.it\\\/2009\\\/07\\\/04\\\/spazio-giovani-le-proposte-da-meta-luglio-fino-allautunno\\\/#breadcrumb\"},\"inLanguage\":\"fr-FR\",\"potentialAction\":[{\"@type\":\"ReadAction\",\"target\":[\"https:\\\/\\\/www.bellunopress.it\\\/2009\\\/07\\\/04\\\/spazio-giovani-le-proposte-da-meta-luglio-fino-allautunno\\\/\"]}]},{\"@type\":\"BreadcrumbList\",\"@id\":\"https:\\\/\\\/www.bellunopress.it\\\/2009\\\/07\\\/04\\\/spazio-giovani-le-proposte-da-meta-luglio-fino-allautunno\\\/#breadcrumb\",\"itemListElement\":[{\"@type\":\"ListItem\",\"position\":1,\"name\":\"Home\",\"item\":\"https:\\\/\\\/www.bellunopress.it\\\/\"},{\"@type\":\"ListItem\",\"position\":2,\"name\":\"Spazio Giovani: le proposte da met\u00e0 luglio fino all&#8217;autunno\"}]},{\"@type\":\"WebSite\",\"@id\":\"https:\\\/\\\/www.bellunopress.it\\\/#website\",\"url\":\"https:\\\/\\\/www.bellunopress.it\\\/\",\"name\":\"Bellunopress - Dolomiti\",\"description\":\"e-mail: redazione@bellunopress.it\",\"publisher\":{\"@id\":\"https:\\\/\\\/www.bellunopress.it\\\/#organization\"},\"potentialAction\":[{\"@type\":\"SearchAction\",\"target\":{\"@type\":\"EntryPoint\",\"urlTemplate\":\"https:\\\/\\\/www.bellunopress.it\\\/?s={search_term_string}\"},\"query-input\":{\"@type\":\"PropertyValueSpecification\",\"valueRequired\":true,\"valueName\":\"search_term_string\"}}],\"inLanguage\":\"fr-FR\"},{\"@type\":\"Organization\",\"@id\":\"https:\\\/\\\/www.bellunopress.it\\\/#organization\",\"name\":\"Bellunopress\",\"url\":\"https:\\\/\\\/www.bellunopress.it\\\/\",\"logo\":{\"@type\":\"ImageObject\",\"inLanguage\":\"fr-FR\",\"@id\":\"https:\\\/\\\/www.bellunopress.it\\\/#\\\/schema\\\/logo\\\/image\\\/\",\"url\":\"https:\\\/\\\/www.bellunopress.it\\\/wp-content\\\/uploads\\\/2011\\\/05\\\/cropped-logo-bellunopress-.jpg\",\"contentUrl\":\"https:\\\/\\\/www.bellunopress.it\\\/wp-content\\\/uploads\\\/2011\\\/05\\\/cropped-logo-bellunopress-.jpg\",\"width\":512,\"height\":512,\"caption\":\"Bellunopress\"},\"image\":{\"@id\":\"https:\\\/\\\/www.bellunopress.it\\\/#\\\/schema\\\/logo\\\/image\\\/\"},\"sameAs\":[\"https:\\\/\\\/www.facebook.com\\\/profile.php?id=100008943462799\",\"https:\\\/\\\/x.com\\\/bellunopress\",\"https:\\\/\\\/www.linkedin.com\\\/hp\\\/?dnr=JBzUWaJfMUw8vbXJJ2tVW5-I3jZKvC4wsoxE&amp;amp;amp;amp;amp;amp;trk=nav_responsive_tab_home\",\"https:\\\/\\\/www.youtube.com\\\/channel\\\/UCxL0wu1uN0_3_7hGG0306cw\"]},{\"@type\":\"Person\",\"@id\":\"https:\\\/\\\/www.bellunopress.it\\\/#\\\/schema\\\/person\\\/79bb06722b37ece1c03d3e94beb30d73\",\"name\":\"redazione\",\"image\":{\"@type\":\"ImageObject\",\"inLanguage\":\"fr-FR\",\"@id\":\"https:\\\/\\\/secure.gravatar.com\\\/avatar\\\/37d968a2e67a6fd04c169c4bdef102d0bc5d31b2546345219e348575eb80e9a0?s=96&d=mm&r=g\",\"url\":\"https:\\\/\\\/secure.gravatar.com\\\/avatar\\\/37d968a2e67a6fd04c169c4bdef102d0bc5d31b2546345219e348575eb80e9a0?s=96&d=mm&r=g\",\"contentUrl\":\"https:\\\/\\\/secure.gravatar.com\\\/avatar\\\/37d968a2e67a6fd04c169c4bdef102d0bc5d31b2546345219e348575eb80e9a0?s=96&d=mm&r=g\",\"caption\":\"redazione\"},\"sameAs\":[\"http:\\\/\\\/www.bellunopress.it\",\"https:\\\/\\\/x.com\\\/bellunopress\"],\"url\":\"https:\\\/\\\/www.bellunopress.it\\\/fr\\\/author\\\/redazione\\\/\"}]}<\/script>\n<!-- \/ Yoast SEO plugin. -->","yoast_head_json":{"title":"Spazio Giovani: le proposte da met\u00e0 luglio fino all'autunno - Bellunopress - Dolomiti","robots":{"index":"index","follow":"follow","max-snippet":"max-snippet:-1","max-image-preview":"max-image-preview:large","max-video-preview":"max-video-preview:-1"},"canonical":"https:\/\/www.bellunopress.it\/fr\/2009\/07\/04\/spazio-giovani-le-proposte-da-meta-luglio-fino-allautunno\/","og_locale":"fr_FR","og_type":"article","og_title":"Spazio Giovani: le proposte da met\u00e0 luglio fino all'autunno - Bellunopress - Dolomiti","og_description":"Entra nel vivo l&#8217;estate dello Spazio Giovani di Borgo Pr\u00e0, con una serie di appetitose iniziative che spaziano dallo stage di danza Hip Hop, alla tecnica fotografica del ritratto, fino al corso di teatro. Tutti i corsi prevedono costi differenziati per studenti, da un lato, e per lavoratori e non residenti, dall&#8217;altro. Si tratta di [&hellip;]","og_url":"https:\/\/www.bellunopress.it\/fr\/2009\/07\/04\/spazio-giovani-le-proposte-da-meta-luglio-fino-allautunno\/","og_site_name":"Bellunopress - Dolomiti","article_publisher":"https:\/\/www.facebook.com\/profile.php?id=100008943462799","article_published_time":"2009-07-04T11:03:09+00:00","og_image":[{"url":"http:\/\/www.bellunopress.it\/wp-content\/uploads\/2012\/07\/logo-bellunopress-250x250-2012.jpg","type":"","width":"","height":""}],"author":"redazione","twitter_card":"summary_large_image","twitter_creator":"@bellunopress","twitter_site":"@bellunopress","twitter_misc":{"\u00c9crit par":"redazione","Dur\u00e9e de lecture estim\u00e9e":"2 minutes"},"schema":{"@context":"https:\/\/schema.org","@graph":[{"@type":"Article","@id":"https:\/\/www.bellunopress.it\/2009\/07\/04\/spazio-giovani-le-proposte-da-meta-luglio-fino-allautunno\/#article","isPartOf":{"@id":"https:\/\/www.bellunopress.it\/2009\/07\/04\/spazio-giovani-le-proposte-da-meta-luglio-fino-allautunno\/"},"author":{"name":"redazione","@id":"https:\/\/www.bellunopress.it\/#\/schema\/person\/79bb06722b37ece1c03d3e94beb30d73"},"headline":"Spazio Giovani: le proposte da met\u00e0 luglio fino all&#8217;autunno","datePublished":"2009-07-04T11:03:09+00:00","mainEntityOfPage":{"@id":"https:\/\/www.bellunopress.it\/2009\/07\/04\/spazio-giovani-le-proposte-da-meta-luglio-fino-allautunno\/"},"wordCount":434,"publisher":{"@id":"https:\/\/www.bellunopress.it\/#organization"},"keywords":["Belluno"],"articleSection":["Arte, Cultura, Spettacoli, Scienza","Pausa Caff\u00e8","Scuola"],"inLanguage":"fr-FR"},{"@type":"WebPage","@id":"https:\/\/www.bellunopress.it\/2009\/07\/04\/spazio-giovani-le-proposte-da-meta-luglio-fino-allautunno\/","url":"https:\/\/www.bellunopress.it\/2009\/07\/04\/spazio-giovani-le-proposte-da-meta-luglio-fino-allautunno\/","name":"Spazio Giovani: le proposte da met\u00e0 luglio fino all'autunno - Bellunopress - Dolomiti","isPartOf":{"@id":"https:\/\/www.bellunopress.it\/#website"},"datePublished":"2009-07-04T11:03:09+00:00","breadcrumb":{"@id":"https:\/\/www.bellunopress.it\/2009\/07\/04\/spazio-giovani-le-proposte-da-meta-luglio-fino-allautunno\/#breadcrumb"},"inLanguage":"fr-FR","potentialAction":[{"@type":"ReadAction","target":["https:\/\/www.bellunopress.it\/2009\/07\/04\/spazio-giovani-le-proposte-da-meta-luglio-fino-allautunno\/"]}]},{"@type":"BreadcrumbList","@id":"https:\/\/www.bellunopress.it\/2009\/07\/04\/spazio-giovani-le-proposte-da-meta-luglio-fino-allautunno\/#breadcrumb","itemListElement":[{"@type":"ListItem","position":1,"name":"Home","item":"https:\/\/www.bellunopress.it\/"},{"@type":"ListItem","position":2,"name":"Spazio Giovani: le proposte da met\u00e0 luglio fino all&#8217;autunno"}]},{"@type":"WebSite","@id":"https:\/\/www.bellunopress.it\/#website","url":"https:\/\/www.bellunopress.it\/","name":"Bellunopress - Dolomiti","description":"e-mail: redazione@bellunopress.it","publisher":{"@id":"https:\/\/www.bellunopress.it\/#organization"},"potentialAction":[{"@type":"SearchAction","target":{"@type":"EntryPoint","urlTemplate":"https:\/\/www.bellunopress.it\/?s={search_term_string}"},"query-input":{"@type":"PropertyValueSpecification","valueRequired":true,"valueName":"search_term_string"}}],"inLanguage":"fr-FR"},{"@type":"Organization","@id":"https:\/\/www.bellunopress.it\/#organization","name":"Bellunopress","url":"https:\/\/www.bellunopress.it\/","logo":{"@type":"ImageObject","inLanguage":"fr-FR","@id":"https:\/\/www.bellunopress.it\/#\/schema\/logo\/image\/","url":"https:\/\/www.bellunopress.it\/wp-content\/uploads\/2011\/05\/cropped-logo-bellunopress-.jpg","contentUrl":"https:\/\/www.bellunopress.it\/wp-content\/uploads\/2011\/05\/cropped-logo-bellunopress-.jpg","width":512,"height":512,"caption":"Bellunopress"},"image":{"@id":"https:\/\/www.bellunopress.it\/#\/schema\/logo\/image\/"},"sameAs":["https:\/\/www.facebook.com\/profile.php?id=100008943462799","https:\/\/x.com\/bellunopress","https:\/\/www.linkedin.com\/hp\/?dnr=JBzUWaJfMUw8vbXJJ2tVW5-I3jZKvC4wsoxE&amp;amp;amp;amp;amp;amp;trk=nav_responsive_tab_home","https:\/\/www.youtube.com\/channel\/UCxL0wu1uN0_3_7hGG0306cw"]},{"@type":"Person","@id":"https:\/\/www.bellunopress.it\/#\/schema\/person\/79bb06722b37ece1c03d3e94beb30d73","name":"r\u00e9daction","image":{"@type":"ImageObject","inLanguage":"fr-FR","@id":"https:\/\/secure.gravatar.com\/avatar\/37d968a2e67a6fd04c169c4bdef102d0bc5d31b2546345219e348575eb80e9a0?s=96&d=mm&r=g","url":"https:\/\/secure.gravatar.com\/avatar\/37d968a2e67a6fd04c169c4bdef102d0bc5d31b2546345219e348575eb80e9a0?s=96&d=mm&r=g","contentUrl":"https:\/\/secure.gravatar.com\/avatar\/37d968a2e67a6fd04c169c4bdef102d0bc5d31b2546345219e348575eb80e9a0?s=96&d=mm&r=g","caption":"redazione"},"sameAs":["http:\/\/www.bellunopress.it","https:\/\/x.com\/bellunopress"],"url":"https:\/\/www.bellunopress.it\/fr\/author\/redazione\/"}]}},"_links":{"self":[{"href":"https:\/\/www.bellunopress.it\/fr\/wp-json\/wp\/v2\/posts\/5645","targetHints":{"allow":["GET"]}}],"collection":[{"href":"https:\/\/www.bellunopress.it\/fr\/wp-json\/wp\/v2\/posts"}],"about":[{"href":"https:\/\/www.bellunopress.it\/fr\/wp-json\/wp\/v2\/types\/post"}],"author":[{"embeddable":true,"href":"https:\/\/www.bellunopress.it\/fr\/wp-json\/wp\/v2\/users\/2"}],"replies":[{"embeddable":true,"href":"https:\/\/www.bellunopress.it\/fr\/wp-json\/wp\/v2\/comments?post=5645"}],"version-history":[{"count":1,"href":"https:\/\/www.bellunopress.it\/fr\/wp-json\/wp\/v2\/posts\/5645\/revisions"}],"predecessor-version":[{"id":5646,"href":"https:\/\/www.bellunopress.it\/fr\/wp-json\/wp\/v2\/posts\/5645\/revisions\/5646"}],"wp:attachment":[{"href":"https:\/\/www.bellunopress.it\/fr\/wp-json\/wp\/v2\/media?parent=5645"}],"wp:term":[{"taxonomy":"category","embeddable":true,"href":"https:\/\/www.bellunopress.it\/fr\/wp-json\/wp\/v2\/categories?post=5645"},{"taxonomy":"post_tag","embeddable":true,"href":"https:\/\/www.bellunopress.it\/fr\/wp-json\/wp\/v2\/tags?post=5645"}],"curies":[{"name":"wp","href":"https:\/\/api.w.org\/{rel}","templated":true}]}}