{"id":5643,"date":"2009-07-04T12:00:22","date_gmt":"2009-07-04T11:00:22","guid":{"rendered":"http:\/\/www.bellunopress.it\/?p=5643"},"modified":"2009-07-04T12:00:22","modified_gmt":"2009-07-04T11:00:22","slug":"visita-guidata-alla-terra-cimbra-in-cansiglio-il-25-luglio","status":"publish","type":"post","link":"https:\/\/www.bellunopress.it\/fr\/2009\/07\/04\/visita-guidata-alla-terra-cimbra-in-cansiglio-il-25-luglio\/","title":{"rendered":"Visita guidata alla terra cimbra, in Cansiglio il 25 luglio"},"content":{"rendered":"<p>La Biblioteca civica di Belluno organizza, per sabato 25 luglio 2009, una visita guidata in Cansiglio per conoscere la terra e la cultura dei Cimbri. Discendenti dai gruppi di coloni di lingua tedesca che partirono attorno al XIV secolo dal Tirolo e dalla Baviera, i Cimbri\u00a0\u00a0 arrivarono sul Cansiglio all\u2019inizio dell&#8217;800 da Roana (VI). Erano detti &#8220;Zimberer&#8221;, cio\u00e8 &#8220;lavoratori del legno&#8221;, da cui il loro nome. Le genti che emigrarono nel bosco da remi della Serenissima erano parte di quattro grandi famiglie, le cui iniziali sono presenti nello stemma dei Cimbri scatoleri del Cansiglio: Bonato, Slaviero, Azzalini e Gandin. Accompagnati dalla guida esperta di Francesco Azzalini, segretario dell\u2019Associazione culturale Cimbri del Cansiglio, i partecipanti potranno possibile visitare uno dei villaggi fondati dai primi coloni, Can\u00e0ie Vecio, dove sar\u00e0 possibile vedere una tipica abitazione cimbra ricostruita, la &#8220;huta&#8221;, e quindi il MUC (Museo dell&#8217;Uomo in Cansiglio), recentemente riallestito, che presenta una panoramica completa della presenza umana in Cansiglio dal paleolitico ad oggi. Il numero massimo di posti \u00e8 di 30, per un costo di 5 euro. La prenotazione, obbligatoria, va fatta presso la sede della Biblioteca Civica, entro il 24 luglio. Per raggiungere il villaggio di Can\u00e0ie ci vogliono circa 10-15 minuti a piedi in mezzo al bosco ed \u00e8 quindi consigliabile vestirsi in modo adeguato. Sar\u00e0 poi possibile pranzare in localit\u00e0 Pian Osteria (di fronte al Museo) presso il ristorante tipico La Huta o alla locanda Al Capriolo. Per informazioni (telefono: 0437 25727 o email: <a href=\"mailto:biblioteca@comune.belluno.it\">biblioteca@comune.belluno.it<\/a>) e prenotazioni rivolgersi presso la Biblioteca Civica del Comune di Belluno a partire dal 7 luglio.<\/p>","protected":false},"excerpt":{"rendered":"<p>La Biblioteca civica di Belluno organizza, per sabato 25 luglio 2009, una visita guidata in Cansiglio per conoscere la terra e la cultura dei Cimbri. Discendenti dai gruppi di coloni di lingua tedesca che partirono attorno al XIV secolo dal Tirolo e dalla Baviera, i Cimbri\u00a0\u00a0 arrivarono sul Cansiglio all\u2019inizio dell&#8217;800 da Roana (VI). Erano [&hellip;]<\/p>\n","protected":false},"author":2,"featured_media":0,"comment_status":"closed","ping_status":"open","sticky":false,"template":"","format":"standard","meta":{"footnotes":""},"categories":[3,38,25],"tags":[139],"class_list":["post-5643","post","type-post","status-publish","format-standard","category-arte-cultura-spettacoli-scienza-archivi","category-natura-ambiente","category-pausa-caffe","tag-belluno"],"yoast_head":"<!-- This site is optimized with the Yoast SEO plugin v28.4 - https:\/\/yoast.com\/product\/yoast-seo-wordpress\/ -->\n<title>Visita guidata alla terra cimbra, in Cansiglio il 25 luglio - Bellunopress - Dolomiti<\/title>\n<meta name=\"robots\" content=\"index, follow, max-snippet:-1, max-image-preview:large, max-video-preview:-1\" \/>\n<link rel=\"canonical\" href=\"https:\/\/www.bellunopress.it\/fr\/2009\/07\/04\/visita-guidata-alla-terra-cimbra-in-cansiglio-il-25-luglio\/\" \/>\n<meta property=\"og:locale\" content=\"fr_FR\" \/>\n<meta property=\"og:type\" content=\"article\" \/>\n<meta property=\"og:title\" content=\"Visita guidata alla terra cimbra, in Cansiglio il 25 luglio - Bellunopress - Dolomiti\" \/>\n<meta property=\"og:description\" content=\"La Biblioteca civica di Belluno organizza, per sabato 25 luglio 2009, una visita guidata in Cansiglio per conoscere la terra e la cultura dei Cimbri. Discendenti dai gruppi di coloni di lingua tedesca che partirono attorno al XIV secolo dal Tirolo e dalla Baviera, i Cimbri\u00a0\u00a0 arrivarono sul Cansiglio all\u2019inizio dell&#8217;800 da Roana (VI). Erano [&hellip;]\" \/>\n<meta property=\"og:url\" content=\"https:\/\/www.bellunopress.it\/fr\/2009\/07\/04\/visita-guidata-alla-terra-cimbra-in-cansiglio-il-25-luglio\/\" \/>\n<meta property=\"og:site_name\" content=\"Bellunopress - Dolomiti\" \/>\n<meta property=\"article:publisher\" content=\"https:\/\/www.facebook.com\/profile.php?id=100008943462799\" \/>\n<meta property=\"article:published_time\" content=\"2009-07-04T11:00:22+00:00\" \/>\n<meta property=\"og:image\" content=\"http:\/\/www.bellunopress.it\/wp-content\/uploads\/2012\/07\/logo-bellunopress-250x250-2012.jpg\" \/>\n<meta name=\"author\" content=\"redazione\" \/>\n<meta name=\"twitter:card\" content=\"summary_large_image\" \/>\n<meta name=\"twitter:creator\" content=\"@bellunopress\" \/>\n<meta name=\"twitter:site\" content=\"@bellunopress\" \/>\n<meta name=\"twitter:label1\" content=\"\u00c9crit par\" \/>\n\t<meta name=\"twitter:data1\" content=\"redazione\" \/>\n\t<meta name=\"twitter:label2\" content=\"Dur\u00e9e de lecture estim\u00e9e\" \/>\n\t<meta name=\"twitter:data2\" content=\"1 minute\" \/>\n<script type=\"application\/ld+json\" class=\"yoast-schema-graph\">{\"@context\":\"https:\\\/\\\/schema.org\",\"@graph\":[{\"@type\":\"Article\",\"@id\":\"https:\\\/\\\/www.bellunopress.it\\\/2009\\\/07\\\/04\\\/visita-guidata-alla-terra-cimbra-in-cansiglio-il-25-luglio\\\/#article\",\"isPartOf\":{\"@id\":\"https:\\\/\\\/www.bellunopress.it\\\/2009\\\/07\\\/04\\\/visita-guidata-alla-terra-cimbra-in-cansiglio-il-25-luglio\\\/\"},\"author\":{\"name\":\"redazione\",\"@id\":\"https:\\\/\\\/www.bellunopress.it\\\/#\\\/schema\\\/person\\\/79bb06722b37ece1c03d3e94beb30d73\"},\"headline\":\"Visita guidata alla terra cimbra, in Cansiglio il 25 luglio\",\"datePublished\":\"2009-07-04T11:00:22+00:00\",\"mainEntityOfPage\":{\"@id\":\"https:\\\/\\\/www.bellunopress.it\\\/2009\\\/07\\\/04\\\/visita-guidata-alla-terra-cimbra-in-cansiglio-il-25-luglio\\\/\"},\"wordCount\":269,\"publisher\":{\"@id\":\"https:\\\/\\\/www.bellunopress.it\\\/#organization\"},\"keywords\":[\"Belluno\"],\"articleSection\":[\"Arte, Cultura, Spettacoli, Scienza\",\"Meteo, natura, ambiente, animali\",\"Pausa Caff\u00e8\"],\"inLanguage\":\"fr-FR\"},{\"@type\":\"WebPage\",\"@id\":\"https:\\\/\\\/www.bellunopress.it\\\/2009\\\/07\\\/04\\\/visita-guidata-alla-terra-cimbra-in-cansiglio-il-25-luglio\\\/\",\"url\":\"https:\\\/\\\/www.bellunopress.it\\\/2009\\\/07\\\/04\\\/visita-guidata-alla-terra-cimbra-in-cansiglio-il-25-luglio\\\/\",\"name\":\"Visita guidata alla terra cimbra, in Cansiglio il 25 luglio - Bellunopress - Dolomiti\",\"isPartOf\":{\"@id\":\"https:\\\/\\\/www.bellunopress.it\\\/#website\"},\"datePublished\":\"2009-07-04T11:00:22+00:00\",\"breadcrumb\":{\"@id\":\"https:\\\/\\\/www.bellunopress.it\\\/2009\\\/07\\\/04\\\/visita-guidata-alla-terra-cimbra-in-cansiglio-il-25-luglio\\\/#breadcrumb\"},\"inLanguage\":\"fr-FR\",\"potentialAction\":[{\"@type\":\"ReadAction\",\"target\":[\"https:\\\/\\\/www.bellunopress.it\\\/2009\\\/07\\\/04\\\/visita-guidata-alla-terra-cimbra-in-cansiglio-il-25-luglio\\\/\"]}]},{\"@type\":\"BreadcrumbList\",\"@id\":\"https:\\\/\\\/www.bellunopress.it\\\/2009\\\/07\\\/04\\\/visita-guidata-alla-terra-cimbra-in-cansiglio-il-25-luglio\\\/#breadcrumb\",\"itemListElement\":[{\"@type\":\"ListItem\",\"position\":1,\"name\":\"Home\",\"item\":\"https:\\\/\\\/www.bellunopress.it\\\/\"},{\"@type\":\"ListItem\",\"position\":2,\"name\":\"Visita guidata alla terra cimbra, in Cansiglio il 25 luglio\"}]},{\"@type\":\"WebSite\",\"@id\":\"https:\\\/\\\/www.bellunopress.it\\\/#website\",\"url\":\"https:\\\/\\\/www.bellunopress.it\\\/\",\"name\":\"Bellunopress - Dolomiti\",\"description\":\"e-mail: redazione@bellunopress.it\",\"publisher\":{\"@id\":\"https:\\\/\\\/www.bellunopress.it\\\/#organization\"},\"potentialAction\":[{\"@type\":\"SearchAction\",\"target\":{\"@type\":\"EntryPoint\",\"urlTemplate\":\"https:\\\/\\\/www.bellunopress.it\\\/?s={search_term_string}\"},\"query-input\":{\"@type\":\"PropertyValueSpecification\",\"valueRequired\":true,\"valueName\":\"search_term_string\"}}],\"inLanguage\":\"fr-FR\"},{\"@type\":\"Organization\",\"@id\":\"https:\\\/\\\/www.bellunopress.it\\\/#organization\",\"name\":\"Bellunopress\",\"url\":\"https:\\\/\\\/www.bellunopress.it\\\/\",\"logo\":{\"@type\":\"ImageObject\",\"inLanguage\":\"fr-FR\",\"@id\":\"https:\\\/\\\/www.bellunopress.it\\\/#\\\/schema\\\/logo\\\/image\\\/\",\"url\":\"https:\\\/\\\/www.bellunopress.it\\\/wp-content\\\/uploads\\\/2011\\\/05\\\/cropped-logo-bellunopress-.jpg\",\"contentUrl\":\"https:\\\/\\\/www.bellunopress.it\\\/wp-content\\\/uploads\\\/2011\\\/05\\\/cropped-logo-bellunopress-.jpg\",\"width\":512,\"height\":512,\"caption\":\"Bellunopress\"},\"image\":{\"@id\":\"https:\\\/\\\/www.bellunopress.it\\\/#\\\/schema\\\/logo\\\/image\\\/\"},\"sameAs\":[\"https:\\\/\\\/www.facebook.com\\\/profile.php?id=100008943462799\",\"https:\\\/\\\/x.com\\\/bellunopress\",\"https:\\\/\\\/www.linkedin.com\\\/hp\\\/?dnr=JBzUWaJfMUw8vbXJJ2tVW5-I3jZKvC4wsoxE&amp;amp;amp;amp;amp;amp;trk=nav_responsive_tab_home\",\"https:\\\/\\\/www.youtube.com\\\/channel\\\/UCxL0wu1uN0_3_7hGG0306cw\"]},{\"@type\":\"Person\",\"@id\":\"https:\\\/\\\/www.bellunopress.it\\\/#\\\/schema\\\/person\\\/79bb06722b37ece1c03d3e94beb30d73\",\"name\":\"redazione\",\"image\":{\"@type\":\"ImageObject\",\"inLanguage\":\"fr-FR\",\"@id\":\"https:\\\/\\\/secure.gravatar.com\\\/avatar\\\/37d968a2e67a6fd04c169c4bdef102d0bc5d31b2546345219e348575eb80e9a0?s=96&d=mm&r=g\",\"url\":\"https:\\\/\\\/secure.gravatar.com\\\/avatar\\\/37d968a2e67a6fd04c169c4bdef102d0bc5d31b2546345219e348575eb80e9a0?s=96&d=mm&r=g\",\"contentUrl\":\"https:\\\/\\\/secure.gravatar.com\\\/avatar\\\/37d968a2e67a6fd04c169c4bdef102d0bc5d31b2546345219e348575eb80e9a0?s=96&d=mm&r=g\",\"caption\":\"redazione\"},\"sameAs\":[\"http:\\\/\\\/www.bellunopress.it\",\"https:\\\/\\\/x.com\\\/bellunopress\"],\"url\":\"https:\\\/\\\/www.bellunopress.it\\\/fr\\\/author\\\/redazione\\\/\"}]}<\/script>\n<!-- \/ Yoast SEO plugin. -->","yoast_head_json":{"title":"Visita guidata alla terra cimbra, in Cansiglio il 25 luglio - Bellunopress - Dolomiti","robots":{"index":"index","follow":"follow","max-snippet":"max-snippet:-1","max-image-preview":"max-image-preview:large","max-video-preview":"max-video-preview:-1"},"canonical":"https:\/\/www.bellunopress.it\/fr\/2009\/07\/04\/visita-guidata-alla-terra-cimbra-in-cansiglio-il-25-luglio\/","og_locale":"fr_FR","og_type":"article","og_title":"Visita guidata alla terra cimbra, in Cansiglio il 25 luglio - Bellunopress - Dolomiti","og_description":"La Biblioteca civica di Belluno organizza, per sabato 25 luglio 2009, una visita guidata in Cansiglio per conoscere la terra e la cultura dei Cimbri. Discendenti dai gruppi di coloni di lingua tedesca che partirono attorno al XIV secolo dal Tirolo e dalla Baviera, i Cimbri\u00a0\u00a0 arrivarono sul Cansiglio all\u2019inizio dell&#8217;800 da Roana (VI). Erano [&hellip;]","og_url":"https:\/\/www.bellunopress.it\/fr\/2009\/07\/04\/visita-guidata-alla-terra-cimbra-in-cansiglio-il-25-luglio\/","og_site_name":"Bellunopress - Dolomiti","article_publisher":"https:\/\/www.facebook.com\/profile.php?id=100008943462799","article_published_time":"2009-07-04T11:00:22+00:00","og_image":[{"url":"http:\/\/www.bellunopress.it\/wp-content\/uploads\/2012\/07\/logo-bellunopress-250x250-2012.jpg","type":"","width":"","height":""}],"author":"redazione","twitter_card":"summary_large_image","twitter_creator":"@bellunopress","twitter_site":"@bellunopress","twitter_misc":{"\u00c9crit par":"redazione","Dur\u00e9e de lecture estim\u00e9e":"1 minute"},"schema":{"@context":"https:\/\/schema.org","@graph":[{"@type":"Article","@id":"https:\/\/www.bellunopress.it\/2009\/07\/04\/visita-guidata-alla-terra-cimbra-in-cansiglio-il-25-luglio\/#article","isPartOf":{"@id":"https:\/\/www.bellunopress.it\/2009\/07\/04\/visita-guidata-alla-terra-cimbra-in-cansiglio-il-25-luglio\/"},"author":{"name":"redazione","@id":"https:\/\/www.bellunopress.it\/#\/schema\/person\/79bb06722b37ece1c03d3e94beb30d73"},"headline":"Visita guidata alla terra cimbra, in Cansiglio il 25 luglio","datePublished":"2009-07-04T11:00:22+00:00","mainEntityOfPage":{"@id":"https:\/\/www.bellunopress.it\/2009\/07\/04\/visita-guidata-alla-terra-cimbra-in-cansiglio-il-25-luglio\/"},"wordCount":269,"publisher":{"@id":"https:\/\/www.bellunopress.it\/#organization"},"keywords":["Belluno"],"articleSection":["Arte, Cultura, Spettacoli, Scienza","Meteo, natura, ambiente, animali","Pausa Caff\u00e8"],"inLanguage":"fr-FR"},{"@type":"WebPage","@id":"https:\/\/www.bellunopress.it\/2009\/07\/04\/visita-guidata-alla-terra-cimbra-in-cansiglio-il-25-luglio\/","url":"https:\/\/www.bellunopress.it\/2009\/07\/04\/visita-guidata-alla-terra-cimbra-in-cansiglio-il-25-luglio\/","name":"Visita guidata alla terra cimbra, in Cansiglio il 25 luglio - Bellunopress - Dolomiti","isPartOf":{"@id":"https:\/\/www.bellunopress.it\/#website"},"datePublished":"2009-07-04T11:00:22+00:00","breadcrumb":{"@id":"https:\/\/www.bellunopress.it\/2009\/07\/04\/visita-guidata-alla-terra-cimbra-in-cansiglio-il-25-luglio\/#breadcrumb"},"inLanguage":"fr-FR","potentialAction":[{"@type":"ReadAction","target":["https:\/\/www.bellunopress.it\/2009\/07\/04\/visita-guidata-alla-terra-cimbra-in-cansiglio-il-25-luglio\/"]}]},{"@type":"BreadcrumbList","@id":"https:\/\/www.bellunopress.it\/2009\/07\/04\/visita-guidata-alla-terra-cimbra-in-cansiglio-il-25-luglio\/#breadcrumb","itemListElement":[{"@type":"ListItem","position":1,"name":"Home","item":"https:\/\/www.bellunopress.it\/"},{"@type":"ListItem","position":2,"name":"Visita guidata alla terra cimbra, in Cansiglio il 25 luglio"}]},{"@type":"WebSite","@id":"https:\/\/www.bellunopress.it\/#website","url":"https:\/\/www.bellunopress.it\/","name":"Bellunopress - Dolomiti","description":"e-mail: redazione@bellunopress.it","publisher":{"@id":"https:\/\/www.bellunopress.it\/#organization"},"potentialAction":[{"@type":"SearchAction","target":{"@type":"EntryPoint","urlTemplate":"https:\/\/www.bellunopress.it\/?s={search_term_string}"},"query-input":{"@type":"PropertyValueSpecification","valueRequired":true,"valueName":"search_term_string"}}],"inLanguage":"fr-FR"},{"@type":"Organization","@id":"https:\/\/www.bellunopress.it\/#organization","name":"Bellunopress","url":"https:\/\/www.bellunopress.it\/","logo":{"@type":"ImageObject","inLanguage":"fr-FR","@id":"https:\/\/www.bellunopress.it\/#\/schema\/logo\/image\/","url":"https:\/\/www.bellunopress.it\/wp-content\/uploads\/2011\/05\/cropped-logo-bellunopress-.jpg","contentUrl":"https:\/\/www.bellunopress.it\/wp-content\/uploads\/2011\/05\/cropped-logo-bellunopress-.jpg","width":512,"height":512,"caption":"Bellunopress"},"image":{"@id":"https:\/\/www.bellunopress.it\/#\/schema\/logo\/image\/"},"sameAs":["https:\/\/www.facebook.com\/profile.php?id=100008943462799","https:\/\/x.com\/bellunopress","https:\/\/www.linkedin.com\/hp\/?dnr=JBzUWaJfMUw8vbXJJ2tVW5-I3jZKvC4wsoxE&amp;amp;amp;amp;amp;amp;trk=nav_responsive_tab_home","https:\/\/www.youtube.com\/channel\/UCxL0wu1uN0_3_7hGG0306cw"]},{"@type":"Person","@id":"https:\/\/www.bellunopress.it\/#\/schema\/person\/79bb06722b37ece1c03d3e94beb30d73","name":"r\u00e9daction","image":{"@type":"ImageObject","inLanguage":"fr-FR","@id":"https:\/\/secure.gravatar.com\/avatar\/37d968a2e67a6fd04c169c4bdef102d0bc5d31b2546345219e348575eb80e9a0?s=96&d=mm&r=g","url":"https:\/\/secure.gravatar.com\/avatar\/37d968a2e67a6fd04c169c4bdef102d0bc5d31b2546345219e348575eb80e9a0?s=96&d=mm&r=g","contentUrl":"https:\/\/secure.gravatar.com\/avatar\/37d968a2e67a6fd04c169c4bdef102d0bc5d31b2546345219e348575eb80e9a0?s=96&d=mm&r=g","caption":"redazione"},"sameAs":["http:\/\/www.bellunopress.it","https:\/\/x.com\/bellunopress"],"url":"https:\/\/www.bellunopress.it\/fr\/author\/redazione\/"}]}},"_links":{"self":[{"href":"https:\/\/www.bellunopress.it\/fr\/wp-json\/wp\/v2\/posts\/5643","targetHints":{"allow":["GET"]}}],"collection":[{"href":"https:\/\/www.bellunopress.it\/fr\/wp-json\/wp\/v2\/posts"}],"about":[{"href":"https:\/\/www.bellunopress.it\/fr\/wp-json\/wp\/v2\/types\/post"}],"author":[{"embeddable":true,"href":"https:\/\/www.bellunopress.it\/fr\/wp-json\/wp\/v2\/users\/2"}],"replies":[{"embeddable":true,"href":"https:\/\/www.bellunopress.it\/fr\/wp-json\/wp\/v2\/comments?post=5643"}],"version-history":[{"count":1,"href":"https:\/\/www.bellunopress.it\/fr\/wp-json\/wp\/v2\/posts\/5643\/revisions"}],"predecessor-version":[{"id":5644,"href":"https:\/\/www.bellunopress.it\/fr\/wp-json\/wp\/v2\/posts\/5643\/revisions\/5644"}],"wp:attachment":[{"href":"https:\/\/www.bellunopress.it\/fr\/wp-json\/wp\/v2\/media?parent=5643"}],"wp:term":[{"taxonomy":"category","embeddable":true,"href":"https:\/\/www.bellunopress.it\/fr\/wp-json\/wp\/v2\/categories?post=5643"},{"taxonomy":"post_tag","embeddable":true,"href":"https:\/\/www.bellunopress.it\/fr\/wp-json\/wp\/v2\/tags?post=5643"}],"curies":[{"name":"wp","href":"https:\/\/api.w.org\/{rel}","templated":true}]}}