{"id":5637,"date":"2009-07-04T07:32:17","date_gmt":"2009-07-04T06:32:17","guid":{"rendered":"http:\/\/www.bellunopress.it\/?p=5637"},"modified":"2009-07-04T07:32:17","modified_gmt":"2009-07-04T06:32:17","slug":"sciare-destate-su-una-slavina-spettacolare-gara-di-slalom-domenica-5-luglio-in-valle-di-san-lucano-bl","status":"publish","type":"post","link":"https:\/\/www.bellunopress.it\/fr\/2009\/07\/04\/sciare-destate-su-una-slavina-spettacolare-gara-di-slalom-domenica-5-luglio-in-valle-di-san-lucano-bl\/","title":{"rendered":"Sciare d&#8217;estate su una slavina: spettacolare gara di slalom domenica 5 luglio in Valle di San Lucano (BL)"},"content":{"rendered":"<p>Sciare nel bel mezzo della stagione estiva! Un evento eccezionale reso possibile dalle abbondanti nevicate della passata stagione invernale e dall\u0092ingegno di un gruppo di amici appassionati dello sci e della neve. La straordinaria gara di sci \u00e8 in programma domenica 5 luglio in Valle di San Lucano, in localit\u00e0 Mezzavalle, in Comune di Taibon Agordino\u00a0 (Belluno), non su un ghiacciaio ma a una quota di poco superiore ai 600 metri di altezza. Organizzatori dell\u0092evento i maestri della Scuola Sci &amp; Snowboard Equipe di Falcade nel Dolomiti Stars. \u0093Un fatto storico &#8211;\u00a0spiega Fulvio Valt\u00a0 responsabile della Scuola Sci &amp; Snowboard Equipe- non capita da decenni di vedere i resti dell\u0092inverno in piena estate. L&#8217;idea ci \u00e8 venuta una sera durante l&#8217;inverno vedendo le abbondanti nevicate mentre io, Renzo Minella di Dolomiti Stars e altri amici ricordavamo i vecchi tempi. E\u0092 da qui che \u00e8 nata l&#8217;idea di un possibile evento estivo. Siamo certi che gli appassionati della neve raccoglieranno numerosi il nostro invito per questa simpatica iniziativa\u0094. Cavalcare con gli sci una lingua bianca in piena estate in tuta sicurezza. Un\u0092idea trasformata in realt\u00e0 con la proficua collaborazione tra lo staff della Scuola Sci Equipe di Falcade, Dolomiti Stars, il Comune e il Gruppo Sportivo di Taibon e Radio Pi\u00f9 media partner dell\u0092evento. \u0093In quel canalone sulle pendici del monte Agner, a pochi metri dalla strada \u0096 prosegue Valt &#8211; si \u00e8 depositata una slavina con una coltre nevosa spessa 7-8 metri. La slavina si raggiunge in un attimo a\u00a0 piedi dalla strada e chi vorr\u00e0 seguire l&#8217;evento e fare il tifo per amici e parenti potr\u00e0 farlo stando comodamente seduto nell\u0092area pic-nic, messa a disposizione dal Comune, dalla quale si gode di un\u0092ottima visuale sulla pista. Sabato mattina con i miei collaboratori disporremo un tracciato di circa 15 porte di gigante e slalom. I concorrenti potranno fare 3 prove tenendo valido il migliore dei 3 tempi\u0094. Il programma di domenica 5 luglio prevede ritrovo in Valle di San Lucano, iscrizioni e ritiro pettorali dalle ore 7.00. La partenza del primo concorrente \u00e8 prevista alle ore 9.00.\u00a0 \u0093Per motivi di sicurezza \u0096 dice Valt &#8211; la partecipazione \u00e8 consigliata ai soli sciatori esperti e raccomandiamo a tutti l&#8217;utilizzo del casco protettivo&#8221;. A tutti i partecipanti verr\u00e0 consegnata una medaglia ricordo dell&#8217;evento e, a seguire, premiazione dei vincitori e grande festa con musica e balli per tutto il pomeriggio.\u00a0<br \/>\nUlteriori informazioni al numero telefonico +39 348.5355474.<\/p>","protected":false},"excerpt":{"rendered":"<p>Sciare nel bel mezzo della stagione estiva! Un evento eccezionale reso possibile dalle abbondanti nevicate della passata stagione invernale e dall\u0092ingegno di un gruppo di amici appassionati dello sci e della neve. La straordinaria gara di sci \u00e8 in programma domenica 5 luglio in Valle di San Lucano, in localit\u00e0 Mezzavalle, in Comune di Taibon [&hellip;]<\/p>\n","protected":false},"author":2,"featured_media":0,"comment_status":"closed","ping_status":"open","sticky":false,"template":"","format":"standard","meta":{"footnotes":""},"categories":[25,4],"tags":[139,63],"class_list":["post-5637","post","type-post","status-publish","format-standard","category-pausa-caffe","category-sport","tag-belluno","tag-dolomiti"],"yoast_head":"<!-- This site is optimized with the Yoast SEO plugin v28.4 - https:\/\/yoast.com\/product\/yoast-seo-wordpress\/ -->\n<title>Sciare d&#039;estate su una slavina: spettacolare gara di slalom domenica 5 luglio in Valle di San Lucano (BL) - Bellunopress - Dolomiti<\/title>\n<meta name=\"robots\" content=\"index, follow, max-snippet:-1, max-image-preview:large, max-video-preview:-1\" \/>\n<link rel=\"canonical\" href=\"https:\/\/www.bellunopress.it\/fr\/2009\/07\/04\/sciare-destate-su-una-slavina-spettacolare-gara-di-slalom-domenica-5-luglio-in-valle-di-san-lucano-bl\/\" \/>\n<meta property=\"og:locale\" content=\"fr_FR\" \/>\n<meta property=\"og:type\" content=\"article\" \/>\n<meta property=\"og:title\" content=\"Sciare d&#039;estate su una slavina: spettacolare gara di slalom domenica 5 luglio in Valle di San Lucano (BL) - Bellunopress - Dolomiti\" \/>\n<meta property=\"og:description\" content=\"Sciare nel bel mezzo della stagione estiva! Un evento eccezionale reso possibile dalle abbondanti nevicate della passata stagione invernale e dall\u0092ingegno di un gruppo di amici appassionati dello sci e della neve. La straordinaria gara di sci \u00e8 in programma domenica 5 luglio in Valle di San Lucano, in localit\u00e0 Mezzavalle, in Comune di Taibon [&hellip;]\" \/>\n<meta property=\"og:url\" content=\"https:\/\/www.bellunopress.it\/fr\/2009\/07\/04\/sciare-destate-su-una-slavina-spettacolare-gara-di-slalom-domenica-5-luglio-in-valle-di-san-lucano-bl\/\" \/>\n<meta property=\"og:site_name\" content=\"Bellunopress - Dolomiti\" \/>\n<meta property=\"article:publisher\" content=\"https:\/\/www.facebook.com\/profile.php?id=100008943462799\" \/>\n<meta property=\"article:published_time\" content=\"2009-07-04T06:32:17+00:00\" \/>\n<meta property=\"og:image\" content=\"http:\/\/www.bellunopress.it\/wp-content\/uploads\/2012\/07\/logo-bellunopress-250x250-2012.jpg\" \/>\n<meta name=\"author\" content=\"redazione\" \/>\n<meta name=\"twitter:card\" content=\"summary_large_image\" \/>\n<meta name=\"twitter:creator\" content=\"@bellunopress\" \/>\n<meta name=\"twitter:site\" content=\"@bellunopress\" \/>\n<meta name=\"twitter:label1\" content=\"\u00c9crit par\" \/>\n\t<meta name=\"twitter:data1\" content=\"redazione\" \/>\n\t<meta name=\"twitter:label2\" content=\"Dur\u00e9e de lecture estim\u00e9e\" \/>\n\t<meta name=\"twitter:data2\" content=\"2 minutes\" \/>\n<script type=\"application\/ld+json\" class=\"yoast-schema-graph\">{\"@context\":\"https:\\\/\\\/schema.org\",\"@graph\":[{\"@type\":\"Article\",\"@id\":\"https:\\\/\\\/www.bellunopress.it\\\/2009\\\/07\\\/04\\\/sciare-destate-su-una-slavina-spettacolare-gara-di-slalom-domenica-5-luglio-in-valle-di-san-lucano-bl\\\/#article\",\"isPartOf\":{\"@id\":\"https:\\\/\\\/www.bellunopress.it\\\/2009\\\/07\\\/04\\\/sciare-destate-su-una-slavina-spettacolare-gara-di-slalom-domenica-5-luglio-in-valle-di-san-lucano-bl\\\/\"},\"author\":{\"name\":\"redazione\",\"@id\":\"https:\\\/\\\/www.bellunopress.it\\\/#\\\/schema\\\/person\\\/79bb06722b37ece1c03d3e94beb30d73\"},\"headline\":\"Sciare d&#8217;estate su una slavina: spettacolare gara di slalom domenica 5 luglio in Valle di San Lucano (BL)\",\"datePublished\":\"2009-07-04T06:32:17+00:00\",\"mainEntityOfPage\":{\"@id\":\"https:\\\/\\\/www.bellunopress.it\\\/2009\\\/07\\\/04\\\/sciare-destate-su-una-slavina-spettacolare-gara-di-slalom-domenica-5-luglio-in-valle-di-san-lucano-bl\\\/\"},\"wordCount\":419,\"publisher\":{\"@id\":\"https:\\\/\\\/www.bellunopress.it\\\/#organization\"},\"keywords\":[\"Belluno\",\"Dolomiti\"],\"articleSection\":[\"Pausa Caff\u00e8\",\"Sport, tempo libero\"],\"inLanguage\":\"fr-FR\"},{\"@type\":\"WebPage\",\"@id\":\"https:\\\/\\\/www.bellunopress.it\\\/2009\\\/07\\\/04\\\/sciare-destate-su-una-slavina-spettacolare-gara-di-slalom-domenica-5-luglio-in-valle-di-san-lucano-bl\\\/\",\"url\":\"https:\\\/\\\/www.bellunopress.it\\\/2009\\\/07\\\/04\\\/sciare-destate-su-una-slavina-spettacolare-gara-di-slalom-domenica-5-luglio-in-valle-di-san-lucano-bl\\\/\",\"name\":\"Sciare d'estate su una slavina: spettacolare gara di slalom domenica 5 luglio in Valle di San Lucano (BL) - Bellunopress - Dolomiti\",\"isPartOf\":{\"@id\":\"https:\\\/\\\/www.bellunopress.it\\\/#website\"},\"datePublished\":\"2009-07-04T06:32:17+00:00\",\"breadcrumb\":{\"@id\":\"https:\\\/\\\/www.bellunopress.it\\\/2009\\\/07\\\/04\\\/sciare-destate-su-una-slavina-spettacolare-gara-di-slalom-domenica-5-luglio-in-valle-di-san-lucano-bl\\\/#breadcrumb\"},\"inLanguage\":\"fr-FR\",\"potentialAction\":[{\"@type\":\"ReadAction\",\"target\":[\"https:\\\/\\\/www.bellunopress.it\\\/2009\\\/07\\\/04\\\/sciare-destate-su-una-slavina-spettacolare-gara-di-slalom-domenica-5-luglio-in-valle-di-san-lucano-bl\\\/\"]}]},{\"@type\":\"BreadcrumbList\",\"@id\":\"https:\\\/\\\/www.bellunopress.it\\\/2009\\\/07\\\/04\\\/sciare-destate-su-una-slavina-spettacolare-gara-di-slalom-domenica-5-luglio-in-valle-di-san-lucano-bl\\\/#breadcrumb\",\"itemListElement\":[{\"@type\":\"ListItem\",\"position\":1,\"name\":\"Home\",\"item\":\"https:\\\/\\\/www.bellunopress.it\\\/\"},{\"@type\":\"ListItem\",\"position\":2,\"name\":\"Sciare d&#8217;estate su una slavina: spettacolare gara di slalom domenica 5 luglio in Valle di San Lucano (BL)\"}]},{\"@type\":\"WebSite\",\"@id\":\"https:\\\/\\\/www.bellunopress.it\\\/#website\",\"url\":\"https:\\\/\\\/www.bellunopress.it\\\/\",\"name\":\"Bellunopress - Dolomiti\",\"description\":\"e-mail: redazione@bellunopress.it\",\"publisher\":{\"@id\":\"https:\\\/\\\/www.bellunopress.it\\\/#organization\"},\"potentialAction\":[{\"@type\":\"SearchAction\",\"target\":{\"@type\":\"EntryPoint\",\"urlTemplate\":\"https:\\\/\\\/www.bellunopress.it\\\/?s={search_term_string}\"},\"query-input\":{\"@type\":\"PropertyValueSpecification\",\"valueRequired\":true,\"valueName\":\"search_term_string\"}}],\"inLanguage\":\"fr-FR\"},{\"@type\":\"Organization\",\"@id\":\"https:\\\/\\\/www.bellunopress.it\\\/#organization\",\"name\":\"Bellunopress\",\"url\":\"https:\\\/\\\/www.bellunopress.it\\\/\",\"logo\":{\"@type\":\"ImageObject\",\"inLanguage\":\"fr-FR\",\"@id\":\"https:\\\/\\\/www.bellunopress.it\\\/#\\\/schema\\\/logo\\\/image\\\/\",\"url\":\"https:\\\/\\\/www.bellunopress.it\\\/wp-content\\\/uploads\\\/2011\\\/05\\\/cropped-logo-bellunopress-.jpg\",\"contentUrl\":\"https:\\\/\\\/www.bellunopress.it\\\/wp-content\\\/uploads\\\/2011\\\/05\\\/cropped-logo-bellunopress-.jpg\",\"width\":512,\"height\":512,\"caption\":\"Bellunopress\"},\"image\":{\"@id\":\"https:\\\/\\\/www.bellunopress.it\\\/#\\\/schema\\\/logo\\\/image\\\/\"},\"sameAs\":[\"https:\\\/\\\/www.facebook.com\\\/profile.php?id=100008943462799\",\"https:\\\/\\\/x.com\\\/bellunopress\",\"https:\\\/\\\/www.linkedin.com\\\/hp\\\/?dnr=JBzUWaJfMUw8vbXJJ2tVW5-I3jZKvC4wsoxE&amp;amp;amp;amp;amp;amp;trk=nav_responsive_tab_home\",\"https:\\\/\\\/www.youtube.com\\\/channel\\\/UCxL0wu1uN0_3_7hGG0306cw\"]},{\"@type\":\"Person\",\"@id\":\"https:\\\/\\\/www.bellunopress.it\\\/#\\\/schema\\\/person\\\/79bb06722b37ece1c03d3e94beb30d73\",\"name\":\"redazione\",\"image\":{\"@type\":\"ImageObject\",\"inLanguage\":\"fr-FR\",\"@id\":\"https:\\\/\\\/secure.gravatar.com\\\/avatar\\\/37d968a2e67a6fd04c169c4bdef102d0bc5d31b2546345219e348575eb80e9a0?s=96&d=mm&r=g\",\"url\":\"https:\\\/\\\/secure.gravatar.com\\\/avatar\\\/37d968a2e67a6fd04c169c4bdef102d0bc5d31b2546345219e348575eb80e9a0?s=96&d=mm&r=g\",\"contentUrl\":\"https:\\\/\\\/secure.gravatar.com\\\/avatar\\\/37d968a2e67a6fd04c169c4bdef102d0bc5d31b2546345219e348575eb80e9a0?s=96&d=mm&r=g\",\"caption\":\"redazione\"},\"sameAs\":[\"http:\\\/\\\/www.bellunopress.it\",\"https:\\\/\\\/x.com\\\/bellunopress\"],\"url\":\"https:\\\/\\\/www.bellunopress.it\\\/fr\\\/author\\\/redazione\\\/\"}]}<\/script>\n<!-- \/ Yoast SEO plugin. -->","yoast_head_json":{"title":"Sciare d'estate su una slavina: spettacolare gara di slalom domenica 5 luglio in Valle di San Lucano (BL) - Bellunopress - Dolomiti","robots":{"index":"index","follow":"follow","max-snippet":"max-snippet:-1","max-image-preview":"max-image-preview:large","max-video-preview":"max-video-preview:-1"},"canonical":"https:\/\/www.bellunopress.it\/fr\/2009\/07\/04\/sciare-destate-su-una-slavina-spettacolare-gara-di-slalom-domenica-5-luglio-in-valle-di-san-lucano-bl\/","og_locale":"fr_FR","og_type":"article","og_title":"Sciare d'estate su una slavina: spettacolare gara di slalom domenica 5 luglio in Valle di San Lucano (BL) - Bellunopress - Dolomiti","og_description":"Sciare nel bel mezzo della stagione estiva! Un evento eccezionale reso possibile dalle abbondanti nevicate della passata stagione invernale e dall\u0092ingegno di un gruppo di amici appassionati dello sci e della neve. La straordinaria gara di sci \u00e8 in programma domenica 5 luglio in Valle di San Lucano, in localit\u00e0 Mezzavalle, in Comune di Taibon [&hellip;]","og_url":"https:\/\/www.bellunopress.it\/fr\/2009\/07\/04\/sciare-destate-su-una-slavina-spettacolare-gara-di-slalom-domenica-5-luglio-in-valle-di-san-lucano-bl\/","og_site_name":"Bellunopress - Dolomiti","article_publisher":"https:\/\/www.facebook.com\/profile.php?id=100008943462799","article_published_time":"2009-07-04T06:32:17+00:00","og_image":[{"url":"http:\/\/www.bellunopress.it\/wp-content\/uploads\/2012\/07\/logo-bellunopress-250x250-2012.jpg","type":"","width":"","height":""}],"author":"redazione","twitter_card":"summary_large_image","twitter_creator":"@bellunopress","twitter_site":"@bellunopress","twitter_misc":{"\u00c9crit par":"redazione","Dur\u00e9e de lecture estim\u00e9e":"2 minutes"},"schema":{"@context":"https:\/\/schema.org","@graph":[{"@type":"Article","@id":"https:\/\/www.bellunopress.it\/2009\/07\/04\/sciare-destate-su-una-slavina-spettacolare-gara-di-slalom-domenica-5-luglio-in-valle-di-san-lucano-bl\/#article","isPartOf":{"@id":"https:\/\/www.bellunopress.it\/2009\/07\/04\/sciare-destate-su-una-slavina-spettacolare-gara-di-slalom-domenica-5-luglio-in-valle-di-san-lucano-bl\/"},"author":{"name":"redazione","@id":"https:\/\/www.bellunopress.it\/#\/schema\/person\/79bb06722b37ece1c03d3e94beb30d73"},"headline":"Sciare d&#8217;estate su una slavina: spettacolare gara di slalom domenica 5 luglio in Valle di San Lucano (BL)","datePublished":"2009-07-04T06:32:17+00:00","mainEntityOfPage":{"@id":"https:\/\/www.bellunopress.it\/2009\/07\/04\/sciare-destate-su-una-slavina-spettacolare-gara-di-slalom-domenica-5-luglio-in-valle-di-san-lucano-bl\/"},"wordCount":419,"publisher":{"@id":"https:\/\/www.bellunopress.it\/#organization"},"keywords":["Belluno","Dolomiti"],"articleSection":["Pausa Caff\u00e8","Sport, tempo libero"],"inLanguage":"fr-FR"},{"@type":"WebPage","@id":"https:\/\/www.bellunopress.it\/2009\/07\/04\/sciare-destate-su-una-slavina-spettacolare-gara-di-slalom-domenica-5-luglio-in-valle-di-san-lucano-bl\/","url":"https:\/\/www.bellunopress.it\/2009\/07\/04\/sciare-destate-su-una-slavina-spettacolare-gara-di-slalom-domenica-5-luglio-in-valle-di-san-lucano-bl\/","name":"Sciare d'estate su una slavina: spettacolare gara di slalom domenica 5 luglio in Valle di San Lucano (BL) - Bellunopress - Dolomiti","isPartOf":{"@id":"https:\/\/www.bellunopress.it\/#website"},"datePublished":"2009-07-04T06:32:17+00:00","breadcrumb":{"@id":"https:\/\/www.bellunopress.it\/2009\/07\/04\/sciare-destate-su-una-slavina-spettacolare-gara-di-slalom-domenica-5-luglio-in-valle-di-san-lucano-bl\/#breadcrumb"},"inLanguage":"fr-FR","potentialAction":[{"@type":"ReadAction","target":["https:\/\/www.bellunopress.it\/2009\/07\/04\/sciare-destate-su-una-slavina-spettacolare-gara-di-slalom-domenica-5-luglio-in-valle-di-san-lucano-bl\/"]}]},{"@type":"BreadcrumbList","@id":"https:\/\/www.bellunopress.it\/2009\/07\/04\/sciare-destate-su-una-slavina-spettacolare-gara-di-slalom-domenica-5-luglio-in-valle-di-san-lucano-bl\/#breadcrumb","itemListElement":[{"@type":"ListItem","position":1,"name":"Home","item":"https:\/\/www.bellunopress.it\/"},{"@type":"ListItem","position":2,"name":"Sciare d&#8217;estate su una slavina: spettacolare gara di slalom domenica 5 luglio in Valle di San Lucano (BL)"}]},{"@type":"WebSite","@id":"https:\/\/www.bellunopress.it\/#website","url":"https:\/\/www.bellunopress.it\/","name":"Bellunopress - Dolomiti","description":"e-mail: redazione@bellunopress.it","publisher":{"@id":"https:\/\/www.bellunopress.it\/#organization"},"potentialAction":[{"@type":"SearchAction","target":{"@type":"EntryPoint","urlTemplate":"https:\/\/www.bellunopress.it\/?s={search_term_string}"},"query-input":{"@type":"PropertyValueSpecification","valueRequired":true,"valueName":"search_term_string"}}],"inLanguage":"fr-FR"},{"@type":"Organization","@id":"https:\/\/www.bellunopress.it\/#organization","name":"Bellunopress","url":"https:\/\/www.bellunopress.it\/","logo":{"@type":"ImageObject","inLanguage":"fr-FR","@id":"https:\/\/www.bellunopress.it\/#\/schema\/logo\/image\/","url":"https:\/\/www.bellunopress.it\/wp-content\/uploads\/2011\/05\/cropped-logo-bellunopress-.jpg","contentUrl":"https:\/\/www.bellunopress.it\/wp-content\/uploads\/2011\/05\/cropped-logo-bellunopress-.jpg","width":512,"height":512,"caption":"Bellunopress"},"image":{"@id":"https:\/\/www.bellunopress.it\/#\/schema\/logo\/image\/"},"sameAs":["https:\/\/www.facebook.com\/profile.php?id=100008943462799","https:\/\/x.com\/bellunopress","https:\/\/www.linkedin.com\/hp\/?dnr=JBzUWaJfMUw8vbXJJ2tVW5-I3jZKvC4wsoxE&amp;amp;amp;amp;amp;amp;trk=nav_responsive_tab_home","https:\/\/www.youtube.com\/channel\/UCxL0wu1uN0_3_7hGG0306cw"]},{"@type":"Person","@id":"https:\/\/www.bellunopress.it\/#\/schema\/person\/79bb06722b37ece1c03d3e94beb30d73","name":"r\u00e9daction","image":{"@type":"ImageObject","inLanguage":"fr-FR","@id":"https:\/\/secure.gravatar.com\/avatar\/37d968a2e67a6fd04c169c4bdef102d0bc5d31b2546345219e348575eb80e9a0?s=96&d=mm&r=g","url":"https:\/\/secure.gravatar.com\/avatar\/37d968a2e67a6fd04c169c4bdef102d0bc5d31b2546345219e348575eb80e9a0?s=96&d=mm&r=g","contentUrl":"https:\/\/secure.gravatar.com\/avatar\/37d968a2e67a6fd04c169c4bdef102d0bc5d31b2546345219e348575eb80e9a0?s=96&d=mm&r=g","caption":"redazione"},"sameAs":["http:\/\/www.bellunopress.it","https:\/\/x.com\/bellunopress"],"url":"https:\/\/www.bellunopress.it\/fr\/author\/redazione\/"}]}},"_links":{"self":[{"href":"https:\/\/www.bellunopress.it\/fr\/wp-json\/wp\/v2\/posts\/5637","targetHints":{"allow":["GET"]}}],"collection":[{"href":"https:\/\/www.bellunopress.it\/fr\/wp-json\/wp\/v2\/posts"}],"about":[{"href":"https:\/\/www.bellunopress.it\/fr\/wp-json\/wp\/v2\/types\/post"}],"author":[{"embeddable":true,"href":"https:\/\/www.bellunopress.it\/fr\/wp-json\/wp\/v2\/users\/2"}],"replies":[{"embeddable":true,"href":"https:\/\/www.bellunopress.it\/fr\/wp-json\/wp\/v2\/comments?post=5637"}],"version-history":[{"count":1,"href":"https:\/\/www.bellunopress.it\/fr\/wp-json\/wp\/v2\/posts\/5637\/revisions"}],"predecessor-version":[{"id":5638,"href":"https:\/\/www.bellunopress.it\/fr\/wp-json\/wp\/v2\/posts\/5637\/revisions\/5638"}],"wp:attachment":[{"href":"https:\/\/www.bellunopress.it\/fr\/wp-json\/wp\/v2\/media?parent=5637"}],"wp:term":[{"taxonomy":"category","embeddable":true,"href":"https:\/\/www.bellunopress.it\/fr\/wp-json\/wp\/v2\/categories?post=5637"},{"taxonomy":"post_tag","embeddable":true,"href":"https:\/\/www.bellunopress.it\/fr\/wp-json\/wp\/v2\/tags?post=5637"}],"curies":[{"name":"wp","href":"https:\/\/api.w.org\/{rel}","templated":true}]}}