{"id":56318,"date":"2014-02-12T22:16:08","date_gmt":"2014-02-12T21:16:08","guid":{"rendered":"http:\/\/www.bellunopress.it\/?p=56318"},"modified":"2014-02-12T22:16:08","modified_gmt":"2014-02-12T21:16:08","slug":"cessata-emergenza-i-vigili-del-fuoco-tornano-allattivita-di-soccorso-ordinaria","status":"publish","type":"post","link":"https:\/\/www.bellunopress.it\/fr\/2014\/02\/12\/cessata-emergenza-i-vigili-del-fuoco-tornano-allattivita-di-soccorso-ordinaria\/","title":{"rendered":"Cessata emergenza. I vigili del fuoco tornano all\u2019attivit\u00e0 di soccorso ordinaria"},"content":{"rendered":"<p><a href=\"http:\/\/www.bellunopress.it\/wp-content\/uploads\/2014\/02\/vigili-del-fuoco-2.jpg\"><img loading=\"lazy\" decoding=\"async\" class=\"alignleft size-full wp-image-55990\" alt=\"vigili del fuoco 2\" src=\"http:\/\/www.bellunopress.it\/wp-content\/uploads\/2014\/02\/vigili-del-fuoco-2.jpg\" width=\"290\" height=\"260\" \/><\/a>I vigili del fuoco tornano all\u2019attivit\u00e0 di soccorso ordinaria dopo il maltempo che ha colpito il Bellunese.<\/p>\n<p>Sono stati chiusi i 3 COM (centro operativo misto) di Agordo, Borca di Cadore e Santo Stefano e il CCS (centro coordinamento soccorso) che sono stati coordinati dai funzionari del Corpo nazionale dei vigili del fuoco e dal comandante Mauro Luongo. La gestione per il post emergenza \u00e8 ora passata alle amministrazioni locali.<\/p>\n<p>Le criticit\u00e0 degli interventi effettuati dai vigili del fuoco sono state determinate dalla mancanza di corrente elettrica, dallo sgombero della neve dalle strade per raggiungere centri abitati rimasti isolati, dall\u2019elevato quantitativo di neve e dalle abbondanti piogge che si sono succedute, con problematiche legate alla staticit\u00e0 degli edifici.<\/p>\n<p>Gli interventi pi\u00f9 rilevanti sono stati la rimozione della neve dai tetti, quali scuole strutture pubbliche, chiese, edifici privati, tutti con problemi di staticit\u00e0. Pericolosit\u00e0 di caduta neve sul passaggio pubblico, taglio di piante per liberare strade e cavi elettrici, sgombero neve in collaborazione con i gestori delle strade. Alcune frazioni di Arabba sono state raggiunte dopo 4 giorni dall\u2019inizio dell\u2019emergenza con il gatto delle nevi. Soccorso a persone bloccate in casa, a causa dall\u2019enorme quantit\u00e0 di neve e bisognose d\u2019aiuto. Servizi di assistenza per il ripristino dei servizi essenziali con l\u2019installazione di generatori e posizionamento di grossi gruppi elettrogeni per conto di Enel smottamenti frane e valanghe.<\/p>\n<p>Il dispositivo di soccorso ha visto impegnati in totale 420 pompieri di cui 300 Bellunesi tra permanenti e volontari, grazie al raddoppio della turnazione con 100 automezzi in particolare autogru, autoscale, mezzi movimento terra, gatto delle nevi, motoslitte e mezzi fuoristrada per il trasporto dei generatori.<\/p>\n<p>Per sopperire alle numerosissime chiamate il comando si \u00e8 avvalso del supporto di personale dei comandi del Veneto, del Friuli Venezia Giulia, Trentino Alto Adige, Emilia Romagna, Lombardia, Toscana, Piemonte e Lazio con personale dei gruppi GOS (gruppo operativo speciale) per il movimento terra e personale specializzato S.A.F. (speleo alpino fluviale) per la rimozione della neve dai tetti e messa in sicurezza degli edifici.<\/p>\n<p>Sono stati eseguiti in totale circa 1500 interventi tra cui: i soccorsi a persona effettuati con il gatto delle nevi a persone isolate e bisognose nelle frazioni di Bramezza (Rocca Pietore) e presso l&#8217;ex rifugio Madres di Cortina D\u2019Ampezzo vicino alle piste del Faloria; soccorso ad animali in particolare effettuato piste di emergenza per raggiungere malghe con animali della Val Visdende e il soccorso anche ad animali selvatici come ai cervi che, a Cortina D\u2019Ampezzo vicino al torrente Boite, hanno cercato di avvicinarsi alla zona abitata in cerca di cibo che causa le abbondanti nevicate per loro scarseggia provvedendo quindi con delle pale gommate a portare loro del foraggio; la messa in sicurezza in emergenza per il parziale cedimento del tetto della palestra del Centro Sportivo del Corpo Forestale dello Stato a Palus San Marco (Auronzo), crollo del Palazzetto del Curling di Cortina D\u2019Ampezzo; numerosi anche gli interventi per slavine sulla viabilit\u00e0 ordinaria.<\/p>","protected":false},"excerpt":{"rendered":"<p>I vigili del fuoco tornano all\u2019attivit\u00e0 di soccorso ordinaria dopo il maltempo che ha colpito il Bellunese. Sono stati chiusi i 3 COM (centro operativo misto) di Agordo, Borca di Cadore e Santo Stefano e il CCS (centro coordinamento soccorso) che sono stati coordinati dai funzionari del Corpo nazionale dei vigili del fuoco e dal [&hellip;]<\/p>\n","protected":false},"author":2,"featured_media":0,"comment_status":"closed","ping_status":"open","sticky":false,"template":"","format":"standard","meta":{"footnotes":""},"categories":[5,26],"tags":[2623],"class_list":["post-56318","post","type-post","status-publish","format-standard","category-cronaca","category-prima-pagina","tag-vigili-del-fuoco"],"yoast_head":"<!-- This site is optimized with the Yoast SEO plugin v28.4 - https:\/\/yoast.com\/product\/yoast-seo-wordpress\/ -->\n<title>Cessata emergenza. I vigili del fuoco tornano all\u2019attivit\u00e0 di soccorso ordinaria - Bellunopress - Dolomiti<\/title>\n<meta name=\"robots\" content=\"index, follow, max-snippet:-1, max-image-preview:large, max-video-preview:-1\" \/>\n<link rel=\"canonical\" href=\"https:\/\/www.bellunopress.it\/fr\/2014\/02\/12\/cessata-emergenza-i-vigili-del-fuoco-tornano-allattivita-di-soccorso-ordinaria\/\" \/>\n<meta property=\"og:locale\" content=\"fr_FR\" \/>\n<meta property=\"og:type\" content=\"article\" \/>\n<meta property=\"og:title\" content=\"Cessata emergenza. I vigili del fuoco tornano all\u2019attivit\u00e0 di soccorso ordinaria - Bellunopress - Dolomiti\" \/>\n<meta property=\"og:description\" content=\"I vigili del fuoco tornano all\u2019attivit\u00e0 di soccorso ordinaria dopo il maltempo che ha colpito il Bellunese. Sono stati chiusi i 3 COM (centro operativo misto) di Agordo, Borca di Cadore e Santo Stefano e il CCS (centro coordinamento soccorso) che sono stati coordinati dai funzionari del Corpo nazionale dei vigili del fuoco e dal [&hellip;]\" \/>\n<meta property=\"og:url\" content=\"https:\/\/www.bellunopress.it\/fr\/2014\/02\/12\/cessata-emergenza-i-vigili-del-fuoco-tornano-allattivita-di-soccorso-ordinaria\/\" \/>\n<meta property=\"og:site_name\" content=\"Bellunopress - Dolomiti\" \/>\n<meta property=\"article:publisher\" content=\"https:\/\/www.facebook.com\/profile.php?id=100008943462799\" \/>\n<meta property=\"article:published_time\" content=\"2014-02-12T21:16:08+00:00\" \/>\n<meta property=\"og:image\" content=\"http:\/\/www.bellunopress.it\/wp-content\/uploads\/2014\/02\/vigili-del-fuoco-2.jpg\" \/>\n<meta name=\"author\" content=\"redazione\" \/>\n<meta name=\"twitter:card\" content=\"summary_large_image\" \/>\n<meta name=\"twitter:creator\" content=\"@bellunopress\" \/>\n<meta name=\"twitter:site\" content=\"@bellunopress\" \/>\n<meta name=\"twitter:label1\" content=\"\u00c9crit par\" \/>\n\t<meta name=\"twitter:data1\" content=\"redazione\" \/>\n\t<meta name=\"twitter:label2\" content=\"Dur\u00e9e de lecture estim\u00e9e\" \/>\n\t<meta name=\"twitter:data2\" content=\"2 minutes\" \/>\n<script type=\"application\/ld+json\" class=\"yoast-schema-graph\">{\"@context\":\"https:\\\/\\\/schema.org\",\"@graph\":[{\"@type\":\"Article\",\"@id\":\"https:\\\/\\\/www.bellunopress.it\\\/2014\\\/02\\\/12\\\/cessata-emergenza-i-vigili-del-fuoco-tornano-allattivita-di-soccorso-ordinaria\\\/#article\",\"isPartOf\":{\"@id\":\"https:\\\/\\\/www.bellunopress.it\\\/2014\\\/02\\\/12\\\/cessata-emergenza-i-vigili-del-fuoco-tornano-allattivita-di-soccorso-ordinaria\\\/\"},\"author\":{\"name\":\"redazione\",\"@id\":\"https:\\\/\\\/www.bellunopress.it\\\/#\\\/schema\\\/person\\\/79bb06722b37ece1c03d3e94beb30d73\"},\"headline\":\"Cessata emergenza. I vigili del fuoco tornano all\u2019attivit\u00e0 di soccorso ordinaria\",\"datePublished\":\"2014-02-12T21:16:08+00:00\",\"mainEntityOfPage\":{\"@id\":\"https:\\\/\\\/www.bellunopress.it\\\/2014\\\/02\\\/12\\\/cessata-emergenza-i-vigili-del-fuoco-tornano-allattivita-di-soccorso-ordinaria\\\/\"},\"wordCount\":506,\"publisher\":{\"@id\":\"https:\\\/\\\/www.bellunopress.it\\\/#organization\"},\"image\":{\"@id\":\"https:\\\/\\\/www.bellunopress.it\\\/2014\\\/02\\\/12\\\/cessata-emergenza-i-vigili-del-fuoco-tornano-allattivita-di-soccorso-ordinaria\\\/#primaryimage\"},\"thumbnailUrl\":\"http:\\\/\\\/www.bellunopress.it\\\/wp-content\\\/uploads\\\/2014\\\/02\\\/vigili-del-fuoco-2.jpg\",\"keywords\":[\"Vigili del fuoco\"],\"articleSection\":[\"Cronaca\\\/Politica\",\"Prima Pagina\"],\"inLanguage\":\"fr-FR\"},{\"@type\":\"WebPage\",\"@id\":\"https:\\\/\\\/www.bellunopress.it\\\/2014\\\/02\\\/12\\\/cessata-emergenza-i-vigili-del-fuoco-tornano-allattivita-di-soccorso-ordinaria\\\/\",\"url\":\"https:\\\/\\\/www.bellunopress.it\\\/2014\\\/02\\\/12\\\/cessata-emergenza-i-vigili-del-fuoco-tornano-allattivita-di-soccorso-ordinaria\\\/\",\"name\":\"Cessata emergenza. I vigili del fuoco tornano all\u2019attivit\u00e0 di soccorso ordinaria - Bellunopress - Dolomiti\",\"isPartOf\":{\"@id\":\"https:\\\/\\\/www.bellunopress.it\\\/#website\"},\"primaryImageOfPage\":{\"@id\":\"https:\\\/\\\/www.bellunopress.it\\\/2014\\\/02\\\/12\\\/cessata-emergenza-i-vigili-del-fuoco-tornano-allattivita-di-soccorso-ordinaria\\\/#primaryimage\"},\"image\":{\"@id\":\"https:\\\/\\\/www.bellunopress.it\\\/2014\\\/02\\\/12\\\/cessata-emergenza-i-vigili-del-fuoco-tornano-allattivita-di-soccorso-ordinaria\\\/#primaryimage\"},\"thumbnailUrl\":\"http:\\\/\\\/www.bellunopress.it\\\/wp-content\\\/uploads\\\/2014\\\/02\\\/vigili-del-fuoco-2.jpg\",\"datePublished\":\"2014-02-12T21:16:08+00:00\",\"breadcrumb\":{\"@id\":\"https:\\\/\\\/www.bellunopress.it\\\/2014\\\/02\\\/12\\\/cessata-emergenza-i-vigili-del-fuoco-tornano-allattivita-di-soccorso-ordinaria\\\/#breadcrumb\"},\"inLanguage\":\"fr-FR\",\"potentialAction\":[{\"@type\":\"ReadAction\",\"target\":[\"https:\\\/\\\/www.bellunopress.it\\\/2014\\\/02\\\/12\\\/cessata-emergenza-i-vigili-del-fuoco-tornano-allattivita-di-soccorso-ordinaria\\\/\"]}]},{\"@type\":\"ImageObject\",\"inLanguage\":\"fr-FR\",\"@id\":\"https:\\\/\\\/www.bellunopress.it\\\/2014\\\/02\\\/12\\\/cessata-emergenza-i-vigili-del-fuoco-tornano-allattivita-di-soccorso-ordinaria\\\/#primaryimage\",\"url\":\"http:\\\/\\\/www.bellunopress.it\\\/wp-content\\\/uploads\\\/2014\\\/02\\\/vigili-del-fuoco-2.jpg\",\"contentUrl\":\"http:\\\/\\\/www.bellunopress.it\\\/wp-content\\\/uploads\\\/2014\\\/02\\\/vigili-del-fuoco-2.jpg\"},{\"@type\":\"BreadcrumbList\",\"@id\":\"https:\\\/\\\/www.bellunopress.it\\\/2014\\\/02\\\/12\\\/cessata-emergenza-i-vigili-del-fuoco-tornano-allattivita-di-soccorso-ordinaria\\\/#breadcrumb\",\"itemListElement\":[{\"@type\":\"ListItem\",\"position\":1,\"name\":\"Home\",\"item\":\"https:\\\/\\\/www.bellunopress.it\\\/\"},{\"@type\":\"ListItem\",\"position\":2,\"name\":\"Cessata emergenza. I vigili del fuoco tornano all\u2019attivit\u00e0 di soccorso ordinaria\"}]},{\"@type\":\"WebSite\",\"@id\":\"https:\\\/\\\/www.bellunopress.it\\\/#website\",\"url\":\"https:\\\/\\\/www.bellunopress.it\\\/\",\"name\":\"Bellunopress - Dolomiti\",\"description\":\"e-mail: redazione@bellunopress.it\",\"publisher\":{\"@id\":\"https:\\\/\\\/www.bellunopress.it\\\/#organization\"},\"potentialAction\":[{\"@type\":\"SearchAction\",\"target\":{\"@type\":\"EntryPoint\",\"urlTemplate\":\"https:\\\/\\\/www.bellunopress.it\\\/?s={search_term_string}\"},\"query-input\":{\"@type\":\"PropertyValueSpecification\",\"valueRequired\":true,\"valueName\":\"search_term_string\"}}],\"inLanguage\":\"fr-FR\"},{\"@type\":\"Organization\",\"@id\":\"https:\\\/\\\/www.bellunopress.it\\\/#organization\",\"name\":\"Bellunopress\",\"url\":\"https:\\\/\\\/www.bellunopress.it\\\/\",\"logo\":{\"@type\":\"ImageObject\",\"inLanguage\":\"fr-FR\",\"@id\":\"https:\\\/\\\/www.bellunopress.it\\\/#\\\/schema\\\/logo\\\/image\\\/\",\"url\":\"https:\\\/\\\/www.bellunopress.it\\\/wp-content\\\/uploads\\\/2011\\\/05\\\/cropped-logo-bellunopress-.jpg\",\"contentUrl\":\"https:\\\/\\\/www.bellunopress.it\\\/wp-content\\\/uploads\\\/2011\\\/05\\\/cropped-logo-bellunopress-.jpg\",\"width\":512,\"height\":512,\"caption\":\"Bellunopress\"},\"image\":{\"@id\":\"https:\\\/\\\/www.bellunopress.it\\\/#\\\/schema\\\/logo\\\/image\\\/\"},\"sameAs\":[\"https:\\\/\\\/www.facebook.com\\\/profile.php?id=100008943462799\",\"https:\\\/\\\/x.com\\\/bellunopress\",\"https:\\\/\\\/www.linkedin.com\\\/hp\\\/?dnr=JBzUWaJfMUw8vbXJJ2tVW5-I3jZKvC4wsoxE&amp;amp;amp;amp;amp;amp;trk=nav_responsive_tab_home\",\"https:\\\/\\\/www.youtube.com\\\/channel\\\/UCxL0wu1uN0_3_7hGG0306cw\"]},{\"@type\":\"Person\",\"@id\":\"https:\\\/\\\/www.bellunopress.it\\\/#\\\/schema\\\/person\\\/79bb06722b37ece1c03d3e94beb30d73\",\"name\":\"redazione\",\"image\":{\"@type\":\"ImageObject\",\"inLanguage\":\"fr-FR\",\"@id\":\"https:\\\/\\\/secure.gravatar.com\\\/avatar\\\/37d968a2e67a6fd04c169c4bdef102d0bc5d31b2546345219e348575eb80e9a0?s=96&d=mm&r=g\",\"url\":\"https:\\\/\\\/secure.gravatar.com\\\/avatar\\\/37d968a2e67a6fd04c169c4bdef102d0bc5d31b2546345219e348575eb80e9a0?s=96&d=mm&r=g\",\"contentUrl\":\"https:\\\/\\\/secure.gravatar.com\\\/avatar\\\/37d968a2e67a6fd04c169c4bdef102d0bc5d31b2546345219e348575eb80e9a0?s=96&d=mm&r=g\",\"caption\":\"redazione\"},\"sameAs\":[\"http:\\\/\\\/www.bellunopress.it\",\"https:\\\/\\\/x.com\\\/bellunopress\"],\"url\":\"https:\\\/\\\/www.bellunopress.it\\\/fr\\\/author\\\/redazione\\\/\"}]}<\/script>\n<!-- \/ Yoast SEO plugin. -->","yoast_head_json":{"title":"Cessata emergenza. I vigili del fuoco tornano all\u2019attivit\u00e0 di soccorso ordinaria - Bellunopress - Dolomiti","robots":{"index":"index","follow":"follow","max-snippet":"max-snippet:-1","max-image-preview":"max-image-preview:large","max-video-preview":"max-video-preview:-1"},"canonical":"https:\/\/www.bellunopress.it\/fr\/2014\/02\/12\/cessata-emergenza-i-vigili-del-fuoco-tornano-allattivita-di-soccorso-ordinaria\/","og_locale":"fr_FR","og_type":"article","og_title":"Cessata emergenza. I vigili del fuoco tornano all\u2019attivit\u00e0 di soccorso ordinaria - Bellunopress - Dolomiti","og_description":"I vigili del fuoco tornano all\u2019attivit\u00e0 di soccorso ordinaria dopo il maltempo che ha colpito il Bellunese. Sono stati chiusi i 3 COM (centro operativo misto) di Agordo, Borca di Cadore e Santo Stefano e il CCS (centro coordinamento soccorso) che sono stati coordinati dai funzionari del Corpo nazionale dei vigili del fuoco e dal [&hellip;]","og_url":"https:\/\/www.bellunopress.it\/fr\/2014\/02\/12\/cessata-emergenza-i-vigili-del-fuoco-tornano-allattivita-di-soccorso-ordinaria\/","og_site_name":"Bellunopress - Dolomiti","article_publisher":"https:\/\/www.facebook.com\/profile.php?id=100008943462799","article_published_time":"2014-02-12T21:16:08+00:00","og_image":[{"url":"http:\/\/www.bellunopress.it\/wp-content\/uploads\/2014\/02\/vigili-del-fuoco-2.jpg","type":"","width":"","height":""}],"author":"redazione","twitter_card":"summary_large_image","twitter_creator":"@bellunopress","twitter_site":"@bellunopress","twitter_misc":{"\u00c9crit par":"redazione","Dur\u00e9e de lecture estim\u00e9e":"2 minutes"},"schema":{"@context":"https:\/\/schema.org","@graph":[{"@type":"Article","@id":"https:\/\/www.bellunopress.it\/2014\/02\/12\/cessata-emergenza-i-vigili-del-fuoco-tornano-allattivita-di-soccorso-ordinaria\/#article","isPartOf":{"@id":"https:\/\/www.bellunopress.it\/2014\/02\/12\/cessata-emergenza-i-vigili-del-fuoco-tornano-allattivita-di-soccorso-ordinaria\/"},"author":{"name":"redazione","@id":"https:\/\/www.bellunopress.it\/#\/schema\/person\/79bb06722b37ece1c03d3e94beb30d73"},"headline":"Cessata emergenza. I vigili del fuoco tornano all\u2019attivit\u00e0 di soccorso ordinaria","datePublished":"2014-02-12T21:16:08+00:00","mainEntityOfPage":{"@id":"https:\/\/www.bellunopress.it\/2014\/02\/12\/cessata-emergenza-i-vigili-del-fuoco-tornano-allattivita-di-soccorso-ordinaria\/"},"wordCount":506,"publisher":{"@id":"https:\/\/www.bellunopress.it\/#organization"},"image":{"@id":"https:\/\/www.bellunopress.it\/2014\/02\/12\/cessata-emergenza-i-vigili-del-fuoco-tornano-allattivita-di-soccorso-ordinaria\/#primaryimage"},"thumbnailUrl":"http:\/\/www.bellunopress.it\/wp-content\/uploads\/2014\/02\/vigili-del-fuoco-2.jpg","keywords":["Vigili del fuoco"],"articleSection":["Cronaca\/Politica","Prima Pagina"],"inLanguage":"fr-FR"},{"@type":"WebPage","@id":"https:\/\/www.bellunopress.it\/2014\/02\/12\/cessata-emergenza-i-vigili-del-fuoco-tornano-allattivita-di-soccorso-ordinaria\/","url":"https:\/\/www.bellunopress.it\/2014\/02\/12\/cessata-emergenza-i-vigili-del-fuoco-tornano-allattivita-di-soccorso-ordinaria\/","name":"Cessata emergenza. I vigili del fuoco tornano all\u2019attivit\u00e0 di soccorso ordinaria - Bellunopress - Dolomiti","isPartOf":{"@id":"https:\/\/www.bellunopress.it\/#website"},"primaryImageOfPage":{"@id":"https:\/\/www.bellunopress.it\/2014\/02\/12\/cessata-emergenza-i-vigili-del-fuoco-tornano-allattivita-di-soccorso-ordinaria\/#primaryimage"},"image":{"@id":"https:\/\/www.bellunopress.it\/2014\/02\/12\/cessata-emergenza-i-vigili-del-fuoco-tornano-allattivita-di-soccorso-ordinaria\/#primaryimage"},"thumbnailUrl":"http:\/\/www.bellunopress.it\/wp-content\/uploads\/2014\/02\/vigili-del-fuoco-2.jpg","datePublished":"2014-02-12T21:16:08+00:00","breadcrumb":{"@id":"https:\/\/www.bellunopress.it\/2014\/02\/12\/cessata-emergenza-i-vigili-del-fuoco-tornano-allattivita-di-soccorso-ordinaria\/#breadcrumb"},"inLanguage":"fr-FR","potentialAction":[{"@type":"ReadAction","target":["https:\/\/www.bellunopress.it\/2014\/02\/12\/cessata-emergenza-i-vigili-del-fuoco-tornano-allattivita-di-soccorso-ordinaria\/"]}]},{"@type":"ImageObject","inLanguage":"fr-FR","@id":"https:\/\/www.bellunopress.it\/2014\/02\/12\/cessata-emergenza-i-vigili-del-fuoco-tornano-allattivita-di-soccorso-ordinaria\/#primaryimage","url":"http:\/\/www.bellunopress.it\/wp-content\/uploads\/2014\/02\/vigili-del-fuoco-2.jpg","contentUrl":"http:\/\/www.bellunopress.it\/wp-content\/uploads\/2014\/02\/vigili-del-fuoco-2.jpg"},{"@type":"BreadcrumbList","@id":"https:\/\/www.bellunopress.it\/2014\/02\/12\/cessata-emergenza-i-vigili-del-fuoco-tornano-allattivita-di-soccorso-ordinaria\/#breadcrumb","itemListElement":[{"@type":"ListItem","position":1,"name":"Home","item":"https:\/\/www.bellunopress.it\/"},{"@type":"ListItem","position":2,"name":"Cessata emergenza. I vigili del fuoco tornano all\u2019attivit\u00e0 di soccorso ordinaria"}]},{"@type":"WebSite","@id":"https:\/\/www.bellunopress.it\/#website","url":"https:\/\/www.bellunopress.it\/","name":"Bellunopress - Dolomiti","description":"e-mail: redazione@bellunopress.it","publisher":{"@id":"https:\/\/www.bellunopress.it\/#organization"},"potentialAction":[{"@type":"SearchAction","target":{"@type":"EntryPoint","urlTemplate":"https:\/\/www.bellunopress.it\/?s={search_term_string}"},"query-input":{"@type":"PropertyValueSpecification","valueRequired":true,"valueName":"search_term_string"}}],"inLanguage":"fr-FR"},{"@type":"Organization","@id":"https:\/\/www.bellunopress.it\/#organization","name":"Bellunopress","url":"https:\/\/www.bellunopress.it\/","logo":{"@type":"ImageObject","inLanguage":"fr-FR","@id":"https:\/\/www.bellunopress.it\/#\/schema\/logo\/image\/","url":"https:\/\/www.bellunopress.it\/wp-content\/uploads\/2011\/05\/cropped-logo-bellunopress-.jpg","contentUrl":"https:\/\/www.bellunopress.it\/wp-content\/uploads\/2011\/05\/cropped-logo-bellunopress-.jpg","width":512,"height":512,"caption":"Bellunopress"},"image":{"@id":"https:\/\/www.bellunopress.it\/#\/schema\/logo\/image\/"},"sameAs":["https:\/\/www.facebook.com\/profile.php?id=100008943462799","https:\/\/x.com\/bellunopress","https:\/\/www.linkedin.com\/hp\/?dnr=JBzUWaJfMUw8vbXJJ2tVW5-I3jZKvC4wsoxE&amp;amp;amp;amp;amp;amp;trk=nav_responsive_tab_home","https:\/\/www.youtube.com\/channel\/UCxL0wu1uN0_3_7hGG0306cw"]},{"@type":"Person","@id":"https:\/\/www.bellunopress.it\/#\/schema\/person\/79bb06722b37ece1c03d3e94beb30d73","name":"r\u00e9daction","image":{"@type":"ImageObject","inLanguage":"fr-FR","@id":"https:\/\/secure.gravatar.com\/avatar\/37d968a2e67a6fd04c169c4bdef102d0bc5d31b2546345219e348575eb80e9a0?s=96&d=mm&r=g","url":"https:\/\/secure.gravatar.com\/avatar\/37d968a2e67a6fd04c169c4bdef102d0bc5d31b2546345219e348575eb80e9a0?s=96&d=mm&r=g","contentUrl":"https:\/\/secure.gravatar.com\/avatar\/37d968a2e67a6fd04c169c4bdef102d0bc5d31b2546345219e348575eb80e9a0?s=96&d=mm&r=g","caption":"redazione"},"sameAs":["http:\/\/www.bellunopress.it","https:\/\/x.com\/bellunopress"],"url":"https:\/\/www.bellunopress.it\/fr\/author\/redazione\/"}]}},"_links":{"self":[{"href":"https:\/\/www.bellunopress.it\/fr\/wp-json\/wp\/v2\/posts\/56318","targetHints":{"allow":["GET"]}}],"collection":[{"href":"https:\/\/www.bellunopress.it\/fr\/wp-json\/wp\/v2\/posts"}],"about":[{"href":"https:\/\/www.bellunopress.it\/fr\/wp-json\/wp\/v2\/types\/post"}],"author":[{"embeddable":true,"href":"https:\/\/www.bellunopress.it\/fr\/wp-json\/wp\/v2\/users\/2"}],"replies":[{"embeddable":true,"href":"https:\/\/www.bellunopress.it\/fr\/wp-json\/wp\/v2\/comments?post=56318"}],"version-history":[{"count":1,"href":"https:\/\/www.bellunopress.it\/fr\/wp-json\/wp\/v2\/posts\/56318\/revisions"}],"predecessor-version":[{"id":56319,"href":"https:\/\/www.bellunopress.it\/fr\/wp-json\/wp\/v2\/posts\/56318\/revisions\/56319"}],"wp:attachment":[{"href":"https:\/\/www.bellunopress.it\/fr\/wp-json\/wp\/v2\/media?parent=56318"}],"wp:term":[{"taxonomy":"category","embeddable":true,"href":"https:\/\/www.bellunopress.it\/fr\/wp-json\/wp\/v2\/categories?post=56318"},{"taxonomy":"post_tag","embeddable":true,"href":"https:\/\/www.bellunopress.it\/fr\/wp-json\/wp\/v2\/tags?post=56318"}],"curies":[{"name":"wp","href":"https:\/\/api.w.org\/{rel}","templated":true}]}}