{"id":5627,"date":"2009-07-03T22:10:09","date_gmt":"2009-07-03T21:10:09","guid":{"rendered":"http:\/\/www.bellunopress.it\/?p=5627"},"modified":"2009-07-03T22:10:09","modified_gmt":"2009-07-03T21:10:09","slug":"dal-1%c2%b0-luglio-al-1%c2%b0-agosto-la-regina-delle-dolomiti-propone-cortina-in-croda","status":"publish","type":"post","link":"https:\/\/www.bellunopress.it\/fr\/2009\/07\/03\/dal-1%c2%b0-luglio-al-1%c2%b0-agosto-la-regina-delle-dolomiti-propone-cortina-in-croda\/","title":{"rendered":"Dal 1\u00b0 Luglio al 1\u00b0 Agosto la Regina delle Dolomiti propone Cortina In Croda"},"content":{"rendered":"<p>Poesia, adrenalina, scrittura, cinema, musica, montagne, sogni, avventura, tecnologia, giornalismo, personaggi, ricordi, futuro. Sono questi gli ingredienti della prima edizione di \u201cCortina In croda\u201d che dal primo luglio al primo agosto celebrer\u00e0 i Settanta anni della nascita degli Scoiattoli, storico sodalizio ampezzano. L\u2019idea \u00e8 dell\u2019Amministrazione comunale di Cortina, firmata dal gruppo degli Scoiattoli, e diretta artisticamente da Andrea Gris. Grande assente ai festeggiamenti del 1\u00b0 luglio in conchiglia \u00e8 stato Lino Lacedelli. Il noto Scoiattolo \u00e8 al Codivilla in convalescenza e non ha potuto presenziare all\u2019inizio della rassegna \u201cCortina inCroda\u201d, ma con il pensiero, con il cuore, con tutta l\u2019anima c\u2019era. Ed era presente nelle menti e nei cuori di tutti gli Scoiattoli. Dal 1\u00b0 luglio al quarto piano del Codivilla sventola la bandiera degli Scoiattoli. Questo il modo con il quale Lino Lacedelli ha voluto essere presente ai festeggiamenti. Stefano Dimai Cash il presidente del sodalizio, Mario Lacedelli nipote di Lino e gi\u00e0 presidente, e Alessandro Menardi il vice presidente sono andati in ospedale a trovare Lino e lo hanno aiutato ad attaccare la bandiera rossa con lo scoiattolo bianco. Bandiera che va ad unirsi alle altre centinaia che da giorni sventolano per tutta Cortina d\u2019Ampezzo. \u00abLino sta bene\u00bb, racconta suo nipote Mario, \u00abcerto era dispiaciuto di non essere potuto venire all\u2019inizio di \u201cCortina inCroda\u201d. Appena potr\u00e0 parteciper\u00e0 anche fisicamente, ma con il cuore era con noi\u00bb Tutti gli Scoiattoli e gli organizzatori di \u201cCortina inCroda\u201d si augurano che lino Lacedelli riesca ad essere presente alla serata del 21 luglio. Al cinema teatro Alexander Girardi la serata sar\u00e0 dedicata al settantesimo del sodalizio. \u201cRosso Scoiattolo\u201d questo il titolo dell\u2019appuntamento che vuole racconter\u00e0 la leggenda degli Scoiattoli. Molti gruppi di rocciatori, e alpinisti provenienti da tutta Italia si stanno organizzando per essere presenti alla serata. In sala ci sar\u00e0 anche l\u2019alpinista, scrittore, e amico degli Scoiattoli Mauro Corona.<br \/>\nUn po\u2019 di storia su Lino Lacedelli:<br \/>\nLino Lacedelli nasce a Cortina il 4 dicembre 1925.<br \/>\nLa prima arrampicata la fa per caso sulle Cinque Torri a quattordici anni: sfugge all\u2019attenzione del padre e con le scarpe chiodate intraprende una scalata assolutamente \u201clibera\u201d superando la guida Simone Lacedelli, legato in compagnia di due turisti inglesi, per poi buscarle sia dall\u2019uno che dall\u2019altro.<br \/>\nInnumerevoli sono le imprese alpinistiche di Lino Lacedelli ma sicuramente una in particolare lo ha reso famoso in tutto il mondo: il 31 luglio 1954 conquista, assieme alla guida valtellinese Achille Compagnoni, scomparsa da pochi mesi, la vetta del K2 nel Karakorum (m. 8611), la seconda cima del mondo.<br \/>\nLino Lacedelli ha anche ricevuto la medaglia d\u2019oro al valore civile. E\u2019 Cavaliere di Gran Croce con una motivazione degna di essere citata: \u00abTempra eccezionale di alpinista, dopo aver profuso, durante la spedizione italiana al Karakorum- K2 nel 1954, le sue forze nella durissima scalata dello sprone Abruzzi del K2, e predisposto l&#8217;attacco finale, si slanciava con mirabile ardimento e sprezzo del pericolo, alla conquista della vetta inviolata. Superati i rischi e sacrifici di ogni sorta, pur avendo esaurito le riserve di ossigeno, traeva ancora dalle altissime qualit\u00e0 del suo forte animo l&#8217;energia sufficiente per giungere a piantare sulla seconda cima del mondo il tricolore d&#8217;Italia. Luminoso esempio delle pi\u00f9 alte virt\u00f9 di nostra gente\u00bb.<br \/>\nDa venerd\u00ec 3 luglio presso l\u2019Ufficio Informazioni del Consorzio \u201cCortina Turismo\u201d in piazza Roma sar\u00e0 aperta la prevendita dei biglietti per partecipare alla festa finale di \u201cCortina inCroda\u201d che si terr\u00e0 il 1\u00b0 agosto al rifugio Scoiattoli in Cinque Torri. Ogni biglietto costa 25 Euro e comprende la salita e la discesa in seggiovia, una giacca firmata Scoiattoli e la cena al rifugio Scoiattoli.<br \/>\nDomenica 5 luglio durante la Sagra d\u2019Ampezo nel gazebo degli Scoiattoli in Piazza Venezia sar\u00e0 possibile acquistare il vino etichettato per il settantesimo prodotto dalla Cooperativa \u201cCento pi\u00f9 uno Gris\u201d, le bandiere, le tazze e gli altri simpatici gadget che il sodalizio ampezzano ha realizzato per ricordate i Settanta anni dalla loro fondazione.<\/p>\n<p>Il prossimo appuntamento nel fitto calendario di \u201cCortina inCroda\u201d \u00e8 per marted\u00ec 7 luglio alle 21 al teatro Alexander Girardi. Gli Scoiattoli propongono una serata dedicata al \u201cProtagonista\u201d. \u201cIl protagonista: Cristian Brenna. Voto: 8 abbondante! Ospite in sala lo scoiattolo Luca Zardini Canon e il mondo dell\u2019arrampicata sportiva.<br \/>\nIn tutte le serate al cinema teatro Alexander Girardi di Cortina interverr\u00e0 lo scrittore, alpinista e amico degli Scoiattoli: Mauro Corona. Tutte le serate all\u2019Alexander Girardi sono ad ingresso libero e sar\u00e0 possibile acquistare gadget degli Scoiattoli.<br \/>\nCortina inCroda:<br \/>\nUn&#8217;idea firmata dal Comune di Cortina d&#8217;Ampezzo, Assessorato alla cultura.<br \/>\nOrganizzazione: Gruppo Scoiattoli Cortina<br \/>\nDirezione artistica e regia: Andrea Gris.<br \/>\nCuratori: Mario Lacedelli, Stefano Dimai, Andrea Gris<br \/>\nProgetto grafico: Letizia Viel<\/p>","protected":false},"excerpt":{"rendered":"<p>Poesia, adrenalina, scrittura, cinema, musica, montagne, sogni, avventura, tecnologia, giornalismo, personaggi, ricordi, futuro. Sono questi gli ingredienti della prima edizione di \u201cCortina In croda\u201d che dal primo luglio al primo agosto celebrer\u00e0 i Settanta anni della nascita degli Scoiattoli, storico sodalizio ampezzano. L\u2019idea \u00e8 dell\u2019Amministrazione comunale di Cortina, firmata dal gruppo degli Scoiattoli, e diretta [&hellip;]<\/p>\n","protected":false},"author":2,"featured_media":0,"comment_status":"closed","ping_status":"open","sticky":false,"template":"","format":"standard","meta":{"footnotes":""},"categories":[3,25],"tags":[63],"class_list":["post-5627","post","type-post","status-publish","format-standard","category-arte-cultura-spettacoli-scienza-archivi","category-pausa-caffe","tag-dolomiti"],"yoast_head":"<!-- This site is optimized with the Yoast SEO plugin v28.4 - https:\/\/yoast.com\/product\/yoast-seo-wordpress\/ -->\n<title>Dal 1\u00b0 Luglio al 1\u00b0 Agosto la Regina delle Dolomiti propone Cortina In Croda - Bellunopress - Dolomiti<\/title>\n<meta name=\"robots\" content=\"index, follow, max-snippet:-1, max-image-preview:large, max-video-preview:-1\" \/>\n<link rel=\"canonical\" href=\"https:\/\/www.bellunopress.it\/fr\/2009\/07\/03\/dal-1\u00b0-luglio-al-1\u00b0-agosto-la-regina-delle-dolomiti-propone-cortina-in-croda\/\" \/>\n<meta property=\"og:locale\" content=\"fr_FR\" \/>\n<meta property=\"og:type\" content=\"article\" \/>\n<meta property=\"og:title\" content=\"Dal 1\u00b0 Luglio al 1\u00b0 Agosto la Regina delle Dolomiti propone Cortina In Croda - Bellunopress - Dolomiti\" \/>\n<meta property=\"og:description\" content=\"Poesia, adrenalina, scrittura, cinema, musica, montagne, sogni, avventura, tecnologia, giornalismo, personaggi, ricordi, futuro. Sono questi gli ingredienti della prima edizione di \u201cCortina In croda\u201d che dal primo luglio al primo agosto celebrer\u00e0 i Settanta anni della nascita degli Scoiattoli, storico sodalizio ampezzano. L\u2019idea \u00e8 dell\u2019Amministrazione comunale di Cortina, firmata dal gruppo degli Scoiattoli, e diretta [&hellip;]\" \/>\n<meta property=\"og:url\" content=\"https:\/\/www.bellunopress.it\/fr\/2009\/07\/03\/dal-1\u00b0-luglio-al-1\u00b0-agosto-la-regina-delle-dolomiti-propone-cortina-in-croda\/\" \/>\n<meta property=\"og:site_name\" content=\"Bellunopress - Dolomiti\" \/>\n<meta property=\"article:publisher\" content=\"https:\/\/www.facebook.com\/profile.php?id=100008943462799\" \/>\n<meta property=\"article:published_time\" content=\"2009-07-03T21:10:09+00:00\" \/>\n<meta property=\"og:image\" content=\"http:\/\/www.bellunopress.it\/wp-content\/uploads\/2012\/07\/logo-bellunopress-250x250-2012.jpg\" \/>\n<meta name=\"author\" content=\"redazione\" \/>\n<meta name=\"twitter:card\" content=\"summary_large_image\" \/>\n<meta name=\"twitter:creator\" content=\"@bellunopress\" \/>\n<meta name=\"twitter:site\" content=\"@bellunopress\" \/>\n<meta name=\"twitter:label1\" content=\"\u00c9crit par\" \/>\n\t<meta name=\"twitter:data1\" content=\"redazione\" \/>\n\t<meta name=\"twitter:label2\" content=\"Dur\u00e9e de lecture estim\u00e9e\" \/>\n\t<meta name=\"twitter:data2\" content=\"4 minutes\" \/>\n<script type=\"application\/ld+json\" class=\"yoast-schema-graph\">{\"@context\":\"https:\\\/\\\/schema.org\",\"@graph\":[{\"@type\":\"Article\",\"@id\":\"https:\\\/\\\/www.bellunopress.it\\\/2009\\\/07\\\/03\\\/dal-1%c2%b0-luglio-al-1%c2%b0-agosto-la-regina-delle-dolomiti-propone-cortina-in-croda\\\/#article\",\"isPartOf\":{\"@id\":\"https:\\\/\\\/www.bellunopress.it\\\/2009\\\/07\\\/03\\\/dal-1%c2%b0-luglio-al-1%c2%b0-agosto-la-regina-delle-dolomiti-propone-cortina-in-croda\\\/\"},\"author\":{\"name\":\"redazione\",\"@id\":\"https:\\\/\\\/www.bellunopress.it\\\/#\\\/schema\\\/person\\\/79bb06722b37ece1c03d3e94beb30d73\"},\"headline\":\"Dal 1\u00b0 Luglio al 1\u00b0 Agosto la Regina delle Dolomiti propone Cortina In Croda\",\"datePublished\":\"2009-07-03T21:10:09+00:00\",\"mainEntityOfPage\":{\"@id\":\"https:\\\/\\\/www.bellunopress.it\\\/2009\\\/07\\\/03\\\/dal-1%c2%b0-luglio-al-1%c2%b0-agosto-la-regina-delle-dolomiti-propone-cortina-in-croda\\\/\"},\"wordCount\":783,\"publisher\":{\"@id\":\"https:\\\/\\\/www.bellunopress.it\\\/#organization\"},\"keywords\":[\"Dolomiti\"],\"articleSection\":[\"Arte, Cultura, Spettacoli, Scienza\",\"Pausa Caff\u00e8\"],\"inLanguage\":\"fr-FR\"},{\"@type\":\"WebPage\",\"@id\":\"https:\\\/\\\/www.bellunopress.it\\\/2009\\\/07\\\/03\\\/dal-1%c2%b0-luglio-al-1%c2%b0-agosto-la-regina-delle-dolomiti-propone-cortina-in-croda\\\/\",\"url\":\"https:\\\/\\\/www.bellunopress.it\\\/2009\\\/07\\\/03\\\/dal-1%c2%b0-luglio-al-1%c2%b0-agosto-la-regina-delle-dolomiti-propone-cortina-in-croda\\\/\",\"name\":\"Dal 1\u00b0 Luglio al 1\u00b0 Agosto la Regina delle Dolomiti propone Cortina In Croda - Bellunopress - Dolomiti\",\"isPartOf\":{\"@id\":\"https:\\\/\\\/www.bellunopress.it\\\/#website\"},\"datePublished\":\"2009-07-03T21:10:09+00:00\",\"breadcrumb\":{\"@id\":\"https:\\\/\\\/www.bellunopress.it\\\/2009\\\/07\\\/03\\\/dal-1%c2%b0-luglio-al-1%c2%b0-agosto-la-regina-delle-dolomiti-propone-cortina-in-croda\\\/#breadcrumb\"},\"inLanguage\":\"fr-FR\",\"potentialAction\":[{\"@type\":\"ReadAction\",\"target\":[\"https:\\\/\\\/www.bellunopress.it\\\/2009\\\/07\\\/03\\\/dal-1%c2%b0-luglio-al-1%c2%b0-agosto-la-regina-delle-dolomiti-propone-cortina-in-croda\\\/\"]}]},{\"@type\":\"BreadcrumbList\",\"@id\":\"https:\\\/\\\/www.bellunopress.it\\\/2009\\\/07\\\/03\\\/dal-1%c2%b0-luglio-al-1%c2%b0-agosto-la-regina-delle-dolomiti-propone-cortina-in-croda\\\/#breadcrumb\",\"itemListElement\":[{\"@type\":\"ListItem\",\"position\":1,\"name\":\"Home\",\"item\":\"https:\\\/\\\/www.bellunopress.it\\\/\"},{\"@type\":\"ListItem\",\"position\":2,\"name\":\"Dal 1\u00b0 Luglio al 1\u00b0 Agosto la Regina delle Dolomiti propone Cortina In Croda\"}]},{\"@type\":\"WebSite\",\"@id\":\"https:\\\/\\\/www.bellunopress.it\\\/#website\",\"url\":\"https:\\\/\\\/www.bellunopress.it\\\/\",\"name\":\"Bellunopress - Dolomiti\",\"description\":\"e-mail: redazione@bellunopress.it\",\"publisher\":{\"@id\":\"https:\\\/\\\/www.bellunopress.it\\\/#organization\"},\"potentialAction\":[{\"@type\":\"SearchAction\",\"target\":{\"@type\":\"EntryPoint\",\"urlTemplate\":\"https:\\\/\\\/www.bellunopress.it\\\/?s={search_term_string}\"},\"query-input\":{\"@type\":\"PropertyValueSpecification\",\"valueRequired\":true,\"valueName\":\"search_term_string\"}}],\"inLanguage\":\"fr-FR\"},{\"@type\":\"Organization\",\"@id\":\"https:\\\/\\\/www.bellunopress.it\\\/#organization\",\"name\":\"Bellunopress\",\"url\":\"https:\\\/\\\/www.bellunopress.it\\\/\",\"logo\":{\"@type\":\"ImageObject\",\"inLanguage\":\"fr-FR\",\"@id\":\"https:\\\/\\\/www.bellunopress.it\\\/#\\\/schema\\\/logo\\\/image\\\/\",\"url\":\"https:\\\/\\\/www.bellunopress.it\\\/wp-content\\\/uploads\\\/2011\\\/05\\\/cropped-logo-bellunopress-.jpg\",\"contentUrl\":\"https:\\\/\\\/www.bellunopress.it\\\/wp-content\\\/uploads\\\/2011\\\/05\\\/cropped-logo-bellunopress-.jpg\",\"width\":512,\"height\":512,\"caption\":\"Bellunopress\"},\"image\":{\"@id\":\"https:\\\/\\\/www.bellunopress.it\\\/#\\\/schema\\\/logo\\\/image\\\/\"},\"sameAs\":[\"https:\\\/\\\/www.facebook.com\\\/profile.php?id=100008943462799\",\"https:\\\/\\\/x.com\\\/bellunopress\",\"https:\\\/\\\/www.linkedin.com\\\/hp\\\/?dnr=JBzUWaJfMUw8vbXJJ2tVW5-I3jZKvC4wsoxE&amp;amp;amp;amp;amp;amp;trk=nav_responsive_tab_home\",\"https:\\\/\\\/www.youtube.com\\\/channel\\\/UCxL0wu1uN0_3_7hGG0306cw\"]},{\"@type\":\"Person\",\"@id\":\"https:\\\/\\\/www.bellunopress.it\\\/#\\\/schema\\\/person\\\/79bb06722b37ece1c03d3e94beb30d73\",\"name\":\"redazione\",\"image\":{\"@type\":\"ImageObject\",\"inLanguage\":\"fr-FR\",\"@id\":\"https:\\\/\\\/secure.gravatar.com\\\/avatar\\\/37d968a2e67a6fd04c169c4bdef102d0bc5d31b2546345219e348575eb80e9a0?s=96&d=mm&r=g\",\"url\":\"https:\\\/\\\/secure.gravatar.com\\\/avatar\\\/37d968a2e67a6fd04c169c4bdef102d0bc5d31b2546345219e348575eb80e9a0?s=96&d=mm&r=g\",\"contentUrl\":\"https:\\\/\\\/secure.gravatar.com\\\/avatar\\\/37d968a2e67a6fd04c169c4bdef102d0bc5d31b2546345219e348575eb80e9a0?s=96&d=mm&r=g\",\"caption\":\"redazione\"},\"sameAs\":[\"http:\\\/\\\/www.bellunopress.it\",\"https:\\\/\\\/x.com\\\/bellunopress\"],\"url\":\"https:\\\/\\\/www.bellunopress.it\\\/fr\\\/author\\\/redazione\\\/\"}]}<\/script>\n<!-- \/ Yoast SEO plugin. -->","yoast_head_json":{"title":"Dal 1\u00b0 Luglio al 1\u00b0 Agosto la Regina delle Dolomiti propone Cortina In Croda - Bellunopress - Dolomiti","robots":{"index":"index","follow":"follow","max-snippet":"max-snippet:-1","max-image-preview":"max-image-preview:large","max-video-preview":"max-video-preview:-1"},"canonical":"https:\/\/www.bellunopress.it\/fr\/2009\/07\/03\/dal-1\u00b0-luglio-al-1\u00b0-agosto-la-regina-delle-dolomiti-propone-cortina-in-croda\/","og_locale":"fr_FR","og_type":"article","og_title":"Dal 1\u00b0 Luglio al 1\u00b0 Agosto la Regina delle Dolomiti propone Cortina In Croda - Bellunopress - Dolomiti","og_description":"Poesia, adrenalina, scrittura, cinema, musica, montagne, sogni, avventura, tecnologia, giornalismo, personaggi, ricordi, futuro. Sono questi gli ingredienti della prima edizione di \u201cCortina In croda\u201d che dal primo luglio al primo agosto celebrer\u00e0 i Settanta anni della nascita degli Scoiattoli, storico sodalizio ampezzano. L\u2019idea \u00e8 dell\u2019Amministrazione comunale di Cortina, firmata dal gruppo degli Scoiattoli, e diretta [&hellip;]","og_url":"https:\/\/www.bellunopress.it\/fr\/2009\/07\/03\/dal-1\u00b0-luglio-al-1\u00b0-agosto-la-regina-delle-dolomiti-propone-cortina-in-croda\/","og_site_name":"Bellunopress - Dolomiti","article_publisher":"https:\/\/www.facebook.com\/profile.php?id=100008943462799","article_published_time":"2009-07-03T21:10:09+00:00","og_image":[{"url":"http:\/\/www.bellunopress.it\/wp-content\/uploads\/2012\/07\/logo-bellunopress-250x250-2012.jpg","type":"","width":"","height":""}],"author":"redazione","twitter_card":"summary_large_image","twitter_creator":"@bellunopress","twitter_site":"@bellunopress","twitter_misc":{"\u00c9crit par":"redazione","Dur\u00e9e de lecture estim\u00e9e":"4 minutes"},"schema":{"@context":"https:\/\/schema.org","@graph":[{"@type":"Article","@id":"https:\/\/www.bellunopress.it\/2009\/07\/03\/dal-1%c2%b0-luglio-al-1%c2%b0-agosto-la-regina-delle-dolomiti-propone-cortina-in-croda\/#article","isPartOf":{"@id":"https:\/\/www.bellunopress.it\/2009\/07\/03\/dal-1%c2%b0-luglio-al-1%c2%b0-agosto-la-regina-delle-dolomiti-propone-cortina-in-croda\/"},"author":{"name":"redazione","@id":"https:\/\/www.bellunopress.it\/#\/schema\/person\/79bb06722b37ece1c03d3e94beb30d73"},"headline":"Dal 1\u00b0 Luglio al 1\u00b0 Agosto la Regina delle Dolomiti propone Cortina In Croda","datePublished":"2009-07-03T21:10:09+00:00","mainEntityOfPage":{"@id":"https:\/\/www.bellunopress.it\/2009\/07\/03\/dal-1%c2%b0-luglio-al-1%c2%b0-agosto-la-regina-delle-dolomiti-propone-cortina-in-croda\/"},"wordCount":783,"publisher":{"@id":"https:\/\/www.bellunopress.it\/#organization"},"keywords":["Dolomiti"],"articleSection":["Arte, Cultura, Spettacoli, Scienza","Pausa Caff\u00e8"],"inLanguage":"fr-FR"},{"@type":"WebPage","@id":"https:\/\/www.bellunopress.it\/2009\/07\/03\/dal-1%c2%b0-luglio-al-1%c2%b0-agosto-la-regina-delle-dolomiti-propone-cortina-in-croda\/","url":"https:\/\/www.bellunopress.it\/2009\/07\/03\/dal-1%c2%b0-luglio-al-1%c2%b0-agosto-la-regina-delle-dolomiti-propone-cortina-in-croda\/","name":"Dal 1\u00b0 Luglio al 1\u00b0 Agosto la Regina delle Dolomiti propone Cortina In Croda - Bellunopress - Dolomiti","isPartOf":{"@id":"https:\/\/www.bellunopress.it\/#website"},"datePublished":"2009-07-03T21:10:09+00:00","breadcrumb":{"@id":"https:\/\/www.bellunopress.it\/2009\/07\/03\/dal-1%c2%b0-luglio-al-1%c2%b0-agosto-la-regina-delle-dolomiti-propone-cortina-in-croda\/#breadcrumb"},"inLanguage":"fr-FR","potentialAction":[{"@type":"ReadAction","target":["https:\/\/www.bellunopress.it\/2009\/07\/03\/dal-1%c2%b0-luglio-al-1%c2%b0-agosto-la-regina-delle-dolomiti-propone-cortina-in-croda\/"]}]},{"@type":"BreadcrumbList","@id":"https:\/\/www.bellunopress.it\/2009\/07\/03\/dal-1%c2%b0-luglio-al-1%c2%b0-agosto-la-regina-delle-dolomiti-propone-cortina-in-croda\/#breadcrumb","itemListElement":[{"@type":"ListItem","position":1,"name":"Home","item":"https:\/\/www.bellunopress.it\/"},{"@type":"ListItem","position":2,"name":"Dal 1\u00b0 Luglio al 1\u00b0 Agosto la Regina delle Dolomiti propone Cortina In Croda"}]},{"@type":"WebSite","@id":"https:\/\/www.bellunopress.it\/#website","url":"https:\/\/www.bellunopress.it\/","name":"Bellunopress - Dolomiti","description":"e-mail: redazione@bellunopress.it","publisher":{"@id":"https:\/\/www.bellunopress.it\/#organization"},"potentialAction":[{"@type":"SearchAction","target":{"@type":"EntryPoint","urlTemplate":"https:\/\/www.bellunopress.it\/?s={search_term_string}"},"query-input":{"@type":"PropertyValueSpecification","valueRequired":true,"valueName":"search_term_string"}}],"inLanguage":"fr-FR"},{"@type":"Organization","@id":"https:\/\/www.bellunopress.it\/#organization","name":"Bellunopress","url":"https:\/\/www.bellunopress.it\/","logo":{"@type":"ImageObject","inLanguage":"fr-FR","@id":"https:\/\/www.bellunopress.it\/#\/schema\/logo\/image\/","url":"https:\/\/www.bellunopress.it\/wp-content\/uploads\/2011\/05\/cropped-logo-bellunopress-.jpg","contentUrl":"https:\/\/www.bellunopress.it\/wp-content\/uploads\/2011\/05\/cropped-logo-bellunopress-.jpg","width":512,"height":512,"caption":"Bellunopress"},"image":{"@id":"https:\/\/www.bellunopress.it\/#\/schema\/logo\/image\/"},"sameAs":["https:\/\/www.facebook.com\/profile.php?id=100008943462799","https:\/\/x.com\/bellunopress","https:\/\/www.linkedin.com\/hp\/?dnr=JBzUWaJfMUw8vbXJJ2tVW5-I3jZKvC4wsoxE&amp;amp;amp;amp;amp;amp;trk=nav_responsive_tab_home","https:\/\/www.youtube.com\/channel\/UCxL0wu1uN0_3_7hGG0306cw"]},{"@type":"Person","@id":"https:\/\/www.bellunopress.it\/#\/schema\/person\/79bb06722b37ece1c03d3e94beb30d73","name":"r\u00e9daction","image":{"@type":"ImageObject","inLanguage":"fr-FR","@id":"https:\/\/secure.gravatar.com\/avatar\/37d968a2e67a6fd04c169c4bdef102d0bc5d31b2546345219e348575eb80e9a0?s=96&d=mm&r=g","url":"https:\/\/secure.gravatar.com\/avatar\/37d968a2e67a6fd04c169c4bdef102d0bc5d31b2546345219e348575eb80e9a0?s=96&d=mm&r=g","contentUrl":"https:\/\/secure.gravatar.com\/avatar\/37d968a2e67a6fd04c169c4bdef102d0bc5d31b2546345219e348575eb80e9a0?s=96&d=mm&r=g","caption":"redazione"},"sameAs":["http:\/\/www.bellunopress.it","https:\/\/x.com\/bellunopress"],"url":"https:\/\/www.bellunopress.it\/fr\/author\/redazione\/"}]}},"_links":{"self":[{"href":"https:\/\/www.bellunopress.it\/fr\/wp-json\/wp\/v2\/posts\/5627","targetHints":{"allow":["GET"]}}],"collection":[{"href":"https:\/\/www.bellunopress.it\/fr\/wp-json\/wp\/v2\/posts"}],"about":[{"href":"https:\/\/www.bellunopress.it\/fr\/wp-json\/wp\/v2\/types\/post"}],"author":[{"embeddable":true,"href":"https:\/\/www.bellunopress.it\/fr\/wp-json\/wp\/v2\/users\/2"}],"replies":[{"embeddable":true,"href":"https:\/\/www.bellunopress.it\/fr\/wp-json\/wp\/v2\/comments?post=5627"}],"version-history":[{"count":1,"href":"https:\/\/www.bellunopress.it\/fr\/wp-json\/wp\/v2\/posts\/5627\/revisions"}],"predecessor-version":[{"id":5628,"href":"https:\/\/www.bellunopress.it\/fr\/wp-json\/wp\/v2\/posts\/5627\/revisions\/5628"}],"wp:attachment":[{"href":"https:\/\/www.bellunopress.it\/fr\/wp-json\/wp\/v2\/media?parent=5627"}],"wp:term":[{"taxonomy":"category","embeddable":true,"href":"https:\/\/www.bellunopress.it\/fr\/wp-json\/wp\/v2\/categories?post=5627"},{"taxonomy":"post_tag","embeddable":true,"href":"https:\/\/www.bellunopress.it\/fr\/wp-json\/wp\/v2\/tags?post=5627"}],"curies":[{"name":"wp","href":"https:\/\/api.w.org\/{rel}","templated":true}]}}