{"id":5623,"date":"2009-07-03T22:03:08","date_gmt":"2009-07-03T21:03:08","guid":{"rendered":"http:\/\/www.bellunopress.it\/?p=5623"},"modified":"2009-07-03T22:03:08","modified_gmt":"2009-07-03T21:03:08","slug":"in-mtb-sul-percorso-del-trenino-delle-dolomiti-la-prima-escursione-martedi-7-luglio-con-red-devils","status":"publish","type":"post","link":"https:\/\/www.bellunopress.it\/fr\/2009\/07\/03\/in-mtb-sul-percorso-del-trenino-delle-dolomiti-la-prima-escursione-martedi-7-luglio-con-red-devils\/","title":{"rendered":"In Mtb sul percorso del trenino delle Dolomiti, la prima escursione marted\u00ec 7 luglio, con Red Devils"},"content":{"rendered":"<p>La stagione del Cortina Bike Resort \u00e8 gi\u00e0 entrata nel vivo, complici le giornate di sole e le temperature miti degli ultimi giorni. Il progetto coordinato da Cortina Turismo, nato nella primavera dello scorso anno, \u00e8 quello che in gergo turistico viene definito un \u201cprodotto turistico\u201d o \u201cclub di prodotto\u201d: gli operatori interessati a un ben determinato target si mettono in rete, si pongono degli obiettivi di qualit\u00e0 e sviluppano tutte le attivit\u00e0 funzionali alla creazione della macchina. L\u2019obiettivo \u00e8 quello di proporre un\u2019offerta capace di essere di richiamo per nuovi turisti. Innanzitutto si \u00e8 creato un circuito di 12 percorsi consigliati e una rete di Bike Hotel: oltre 20 alberghi in grado di offrire tutti i servizi necessari, dalla manutenzione e ricovero per le biciclette ad appositi men\u00f9. I noleggiatori hanno definito un sistema di tariffe unico, si \u00e8 creata una rete di istruttori specializzati pronti ad accompagnare neofiti ed appassionati lungo percorsi di diverse difficolt\u00e0. La scuola Red Devils organizza marted\u00ec 7 luglio la prima uscita della stagione, partenza alle 9.30, con l\u2019istruttore Fabio Bernardi. L\u2019itinerario Cimabanche \u2013 Cortina si snoda integralmente lungo il percorso del Treno delle Dolomiti, il tratto ferroviario che fino a met\u00e0 degli anni \u201960 collegava Cortina con Dobbiaco verso nord e con Calalzo di Cadore verso sud. Conosciuta dagli appassionati come \u201cFerrovia\u201d, rientra ora nel pi\u00f9 ampio progetto denominato \u201cCiclabile delle Dolomiti\u201d. La strada \u00e8 tutta in lieve discesa, su fondo sterrato che si presenta ottimo lungo tutto il percorso, quindi affrontabile anche da principianti e famiglie con bambini piccoli. La pedalata ha inizio al Passo Cimabanche, dove sorge l\u2019omonimo Chalet. La ciclabile si mantiene nel primo tratto parallela alla SS51, fino a trovare un piccolo laghetto, il Lago Negro (km 1,4), all\u2019altezza di ex caserme militari ben visibili sulla destra; si immerge poi nel bosco sino in localit\u00e0 Ospitale, dove si trova un ampio spazio adatto per una sosta (qui sorge un casello ferroviario ora diroccato, km 4,5). Ad Ospitale si consiglia una visita alla Chiesa, consacrata a San Nicol\u00f2: venne eretta nel 1400 in un luogo dove gi\u00e0 dal XI secolo esisteva un ospizio (ora trasformato in Ristorante) dove sostavano i viandanti, i pellegrini e coloro che percorrevano questa importante strada trasportando le merci da Venezia alla Germania e viceversa (per raggiungere la Chiesa, salire per 200m verso la statale). Oltre Ospitale si arriva in breve ad una prima galleria, non illuminata, che precede il grande ponte in metallo sul Torrente Felizon (km 6,1): qui si raccomanda una breve sosta per ammirare l\u2019orrido sottostante. Scavalcata la stretta gola si deve tenere la destra, trovando una seconda galleria, questa volta pi\u00f9 lunga ma sempre ben illuminata, dopo 6,9km. Il tratto che segue corre ai piedi del Pomagagnon, portandoci velocemente al grande spiazzo presso il casello di Fiames (km 9,6: qui c\u2019\u00e8 una fontana per rinfrescarsi). Si continua su sterrato ancora per un chilometro circa, proseguendo poi su asfalto all\u2019ingresso del centro abitato di Cortina. Qui la sede stradale \u00e8 divisa da apposita segnaletica, in una corsia dedicata ai pedoni ed una alle biciclette: si consiglia quindi particolare prudenza, anche per i frequenti incroci con strade aperte al traffico. Questo e altri 11 percorsi consigliati si trovano ben illustrati e segnalati nei nuovi materiali realizzati da Cortina Turismo, tra cui la mappa dei sentieri e il depliant che in modo semplice e veloce racconta il progetto e fornisce tutte le informazioni utili: percorsi, bike hotel, noleggi, istruttori qualificati, trasporti e lo speciale bike pass, il tutto in italiano e in inglese.Anche i grandi eventi legati al mondo delle due ruote, sull\u2019onda dell\u2019entusiasmo e della spinta propulsiva del Cortina Bike Resort, nascono e crescono velocemente. Evento di apertura dell\u2019estate 2009 \u00e8 stato il Red Bull Road Rage dello scorso 20 e 21 giugno, una sfida a tutta adrenalina, un confronto all\u2019ultima curva tra le strade di Cortina d\u2019Ampezzo, un evento che ha unito la passione per il ciclismo su strada con la MTB Downhill. I corridori delle due discipline si sono fronteggiati in un tracciato dalla lunghezza di 5 km con partenza da Localit\u00e0 Rio Gere e arrivo nel centro storico di Cortina.<br \/>\nGrande attesa per la 15\u00b0 edizione della Cortina Dobbiaco MTB di domenica 26 luglio. Un appuntamento ormai tradizionale per gli amanti della bici e della montagna e che quest\u2019anno chiuder\u00e0 in bellezza il primo Cortina Bike Contest. Come sempre il tracciato \u00e8 quello della strada della vecchia ferrovia che da Cortina porta a Dobbiaco: un affascinante percorso tra gli ambienti naturali pi\u00f9 suggestivi delle Dolomiti. Il tracciato &#8211; di media difficolt\u00e0, completamente pedalabile e molto veloce &#8211;\u00a0 si sviluppa su 42 chilometri complessivi di pista, per un dislivello in salita di 600 metri: adattissimo, insomma, sia a bikers che \u201cciclo-amatori\u201d.<br \/>\nLe iscrizioni sono aperte. Info: <a href=\"http:\/\/www.cortinadobbiacomtb.dolomiti.org\">www.cortinadobbiacomtb.dolomiti.org<\/a>.<br \/>\nIl Cortina Bike Contest \u2013 24-26 luglio &#8211; \u00e8 il festival interamente dedicato a bike e ciclismo. Tra le proposte, momenti di sport, svago e divertimento per gli appassionati di ogni et\u00e0. Una festa expo di bici e prodotti, che si svilupper\u00e0 su Corso Italia, il cuore pulsante di Cortina d\u2019Ampezzo, tra sfide per grande e piccini &#8211; come la gara kids 7\/14 anni \u2013 aperitivi e manifestazioni, perfetta cornice alla Cortina-Dobbiaco Mountain Bike. Una manifestazione, quella del Cortina Bike Contest, capace di valorizzare la competizione e al tempo spesso presentare al target dei partecipanti e appassionati di mountain bike il territorio e le caratteristiche del Cortina Bike Resort.<br \/>\nIl Contest del prossimo luglio rappresenta il coronamento ideale di una dedizione che la Regina nutre da sempre verso il mondo della bicicletta. Cortina fu infatti teatro, alla fine degli anni Ottanta, di uno dei primi raduni di Mountain Bike, quando la mtb era ancora uno sport poco praticato e vide la nascita nel 1995 della Cortina-Dobbiaco, una competizione classica, dedicata anche a ciclisti non professionisti e giunta oggi alla sua 14\u00b0 edizione. Il 2000 segn\u00f2 l\u2019anno dell\u2019affermazione definitiva con l\u2019organizzazione di tre importanti eventi, destinati a rimanere nella memoria e nel cuore di tutti gli appassionati: la gara di downhill, tenutasi sulla pista di Bob intitolata a Eugenio Monti, la Coppa del Mondo di Downhill sul monte Cristallo, e per finire la prima Epic Ride Europea, organizzata dall\u2019International Mountain Bicycling Association.<br \/>\nEscursione con istruttore Cimabanche \u2013 Cortina<br \/>\nmarted\u00ec 7 luglio &#8211; ore 09.30<br \/>\nCorso Italia \/ Casa delle Regole<br \/>\nInfo e iscrizioni:<br \/>\nlun. dalle 17.00 alle 19.30: 0436\/2911<br \/>\n347\/2756270<\/p>","protected":false},"excerpt":{"rendered":"<p>La stagione del Cortina Bike Resort \u00e8 gi\u00e0 entrata nel vivo, complici le giornate di sole e le temperature miti degli ultimi giorni. Il progetto coordinato da Cortina Turismo, nato nella primavera dello scorso anno, \u00e8 quello che in gergo turistico viene definito un \u201cprodotto turistico\u201d o \u201cclub di prodotto\u201d: gli operatori interessati a un [&hellip;]<\/p>\n","protected":false},"author":2,"featured_media":0,"comment_status":"closed","ping_status":"open","sticky":false,"template":"","format":"standard","meta":{"footnotes":""},"categories":[25,4],"tags":[151,63],"class_list":["post-5623","post","type-post","status-publish","format-standard","category-pausa-caffe","category-sport","tag-cadore","tag-dolomiti"],"yoast_head":"<!-- This site is optimized with the Yoast SEO plugin v28.4 - https:\/\/yoast.com\/product\/yoast-seo-wordpress\/ -->\n<title>In Mtb sul percorso del trenino delle Dolomiti, la prima escursione marted\u00ec 7 luglio, con Red Devils  - Bellunopress - Dolomiti<\/title>\n<meta name=\"robots\" content=\"index, follow, max-snippet:-1, max-image-preview:large, max-video-preview:-1\" \/>\n<link rel=\"canonical\" href=\"https:\/\/www.bellunopress.it\/fr\/2009\/07\/03\/in-mtb-sul-percorso-del-trenino-delle-dolomiti-la-prima-escursione-martedi-7-luglio-con-red-devils\/\" \/>\n<meta property=\"og:locale\" content=\"fr_FR\" \/>\n<meta property=\"og:type\" content=\"article\" \/>\n<meta property=\"og:title\" content=\"In Mtb sul percorso del trenino delle Dolomiti, la prima escursione marted\u00ec 7 luglio, con Red Devils  - Bellunopress - Dolomiti\" \/>\n<meta property=\"og:description\" content=\"La stagione del Cortina Bike Resort \u00e8 gi\u00e0 entrata nel vivo, complici le giornate di sole e le temperature miti degli ultimi giorni. Il progetto coordinato da Cortina Turismo, nato nella primavera dello scorso anno, \u00e8 quello che in gergo turistico viene definito un \u201cprodotto turistico\u201d o \u201cclub di prodotto\u201d: gli operatori interessati a un [&hellip;]\" \/>\n<meta property=\"og:url\" content=\"https:\/\/www.bellunopress.it\/fr\/2009\/07\/03\/in-mtb-sul-percorso-del-trenino-delle-dolomiti-la-prima-escursione-martedi-7-luglio-con-red-devils\/\" \/>\n<meta property=\"og:site_name\" content=\"Bellunopress - Dolomiti\" \/>\n<meta property=\"article:publisher\" content=\"https:\/\/www.facebook.com\/profile.php?id=100008943462799\" \/>\n<meta property=\"article:published_time\" content=\"2009-07-03T21:03:08+00:00\" \/>\n<meta property=\"og:image\" content=\"http:\/\/www.bellunopress.it\/wp-content\/uploads\/2012\/07\/logo-bellunopress-250x250-2012.jpg\" \/>\n<meta name=\"author\" content=\"redazione\" \/>\n<meta name=\"twitter:card\" content=\"summary_large_image\" \/>\n<meta name=\"twitter:creator\" content=\"@bellunopress\" \/>\n<meta name=\"twitter:site\" content=\"@bellunopress\" \/>\n<meta name=\"twitter:label1\" content=\"\u00c9crit par\" \/>\n\t<meta name=\"twitter:data1\" content=\"redazione\" \/>\n\t<meta name=\"twitter:label2\" content=\"Dur\u00e9e de lecture estim\u00e9e\" \/>\n\t<meta name=\"twitter:data2\" content=\"5 minutes\" \/>\n<script type=\"application\/ld+json\" class=\"yoast-schema-graph\">{\"@context\":\"https:\\\/\\\/schema.org\",\"@graph\":[{\"@type\":\"Article\",\"@id\":\"https:\\\/\\\/www.bellunopress.it\\\/2009\\\/07\\\/03\\\/in-mtb-sul-percorso-del-trenino-delle-dolomiti-la-prima-escursione-martedi-7-luglio-con-red-devils\\\/#article\",\"isPartOf\":{\"@id\":\"https:\\\/\\\/www.bellunopress.it\\\/2009\\\/07\\\/03\\\/in-mtb-sul-percorso-del-trenino-delle-dolomiti-la-prima-escursione-martedi-7-luglio-con-red-devils\\\/\"},\"author\":{\"name\":\"redazione\",\"@id\":\"https:\\\/\\\/www.bellunopress.it\\\/#\\\/schema\\\/person\\\/79bb06722b37ece1c03d3e94beb30d73\"},\"headline\":\"In Mtb sul percorso del trenino delle Dolomiti, la prima escursione marted\u00ec 7 luglio, con Red Devils\",\"datePublished\":\"2009-07-03T21:03:08+00:00\",\"mainEntityOfPage\":{\"@id\":\"https:\\\/\\\/www.bellunopress.it\\\/2009\\\/07\\\/03\\\/in-mtb-sul-percorso-del-trenino-delle-dolomiti-la-prima-escursione-martedi-7-luglio-con-red-devils\\\/\"},\"wordCount\":1059,\"publisher\":{\"@id\":\"https:\\\/\\\/www.bellunopress.it\\\/#organization\"},\"keywords\":[\"Cadore\",\"Dolomiti\"],\"articleSection\":[\"Pausa Caff\u00e8\",\"Sport, tempo libero\"],\"inLanguage\":\"fr-FR\"},{\"@type\":\"WebPage\",\"@id\":\"https:\\\/\\\/www.bellunopress.it\\\/2009\\\/07\\\/03\\\/in-mtb-sul-percorso-del-trenino-delle-dolomiti-la-prima-escursione-martedi-7-luglio-con-red-devils\\\/\",\"url\":\"https:\\\/\\\/www.bellunopress.it\\\/2009\\\/07\\\/03\\\/in-mtb-sul-percorso-del-trenino-delle-dolomiti-la-prima-escursione-martedi-7-luglio-con-red-devils\\\/\",\"name\":\"In Mtb sul percorso del trenino delle Dolomiti, la prima escursione marted\u00ec 7 luglio, con Red Devils - Bellunopress - Dolomiti\",\"isPartOf\":{\"@id\":\"https:\\\/\\\/www.bellunopress.it\\\/#website\"},\"datePublished\":\"2009-07-03T21:03:08+00:00\",\"breadcrumb\":{\"@id\":\"https:\\\/\\\/www.bellunopress.it\\\/2009\\\/07\\\/03\\\/in-mtb-sul-percorso-del-trenino-delle-dolomiti-la-prima-escursione-martedi-7-luglio-con-red-devils\\\/#breadcrumb\"},\"inLanguage\":\"fr-FR\",\"potentialAction\":[{\"@type\":\"ReadAction\",\"target\":[\"https:\\\/\\\/www.bellunopress.it\\\/2009\\\/07\\\/03\\\/in-mtb-sul-percorso-del-trenino-delle-dolomiti-la-prima-escursione-martedi-7-luglio-con-red-devils\\\/\"]}]},{\"@type\":\"BreadcrumbList\",\"@id\":\"https:\\\/\\\/www.bellunopress.it\\\/2009\\\/07\\\/03\\\/in-mtb-sul-percorso-del-trenino-delle-dolomiti-la-prima-escursione-martedi-7-luglio-con-red-devils\\\/#breadcrumb\",\"itemListElement\":[{\"@type\":\"ListItem\",\"position\":1,\"name\":\"Home\",\"item\":\"https:\\\/\\\/www.bellunopress.it\\\/\"},{\"@type\":\"ListItem\",\"position\":2,\"name\":\"In Mtb sul percorso del trenino delle Dolomiti, la prima escursione marted\u00ec 7 luglio, con Red Devils\"}]},{\"@type\":\"WebSite\",\"@id\":\"https:\\\/\\\/www.bellunopress.it\\\/#website\",\"url\":\"https:\\\/\\\/www.bellunopress.it\\\/\",\"name\":\"Bellunopress - Dolomiti\",\"description\":\"e-mail: redazione@bellunopress.it\",\"publisher\":{\"@id\":\"https:\\\/\\\/www.bellunopress.it\\\/#organization\"},\"potentialAction\":[{\"@type\":\"SearchAction\",\"target\":{\"@type\":\"EntryPoint\",\"urlTemplate\":\"https:\\\/\\\/www.bellunopress.it\\\/?s={search_term_string}\"},\"query-input\":{\"@type\":\"PropertyValueSpecification\",\"valueRequired\":true,\"valueName\":\"search_term_string\"}}],\"inLanguage\":\"fr-FR\"},{\"@type\":\"Organization\",\"@id\":\"https:\\\/\\\/www.bellunopress.it\\\/#organization\",\"name\":\"Bellunopress\",\"url\":\"https:\\\/\\\/www.bellunopress.it\\\/\",\"logo\":{\"@type\":\"ImageObject\",\"inLanguage\":\"fr-FR\",\"@id\":\"https:\\\/\\\/www.bellunopress.it\\\/#\\\/schema\\\/logo\\\/image\\\/\",\"url\":\"https:\\\/\\\/www.bellunopress.it\\\/wp-content\\\/uploads\\\/2011\\\/05\\\/cropped-logo-bellunopress-.jpg\",\"contentUrl\":\"https:\\\/\\\/www.bellunopress.it\\\/wp-content\\\/uploads\\\/2011\\\/05\\\/cropped-logo-bellunopress-.jpg\",\"width\":512,\"height\":512,\"caption\":\"Bellunopress\"},\"image\":{\"@id\":\"https:\\\/\\\/www.bellunopress.it\\\/#\\\/schema\\\/logo\\\/image\\\/\"},\"sameAs\":[\"https:\\\/\\\/www.facebook.com\\\/profile.php?id=100008943462799\",\"https:\\\/\\\/x.com\\\/bellunopress\",\"https:\\\/\\\/www.linkedin.com\\\/hp\\\/?dnr=JBzUWaJfMUw8vbXJJ2tVW5-I3jZKvC4wsoxE&amp;amp;amp;amp;amp;amp;trk=nav_responsive_tab_home\",\"https:\\\/\\\/www.youtube.com\\\/channel\\\/UCxL0wu1uN0_3_7hGG0306cw\"]},{\"@type\":\"Person\",\"@id\":\"https:\\\/\\\/www.bellunopress.it\\\/#\\\/schema\\\/person\\\/79bb06722b37ece1c03d3e94beb30d73\",\"name\":\"redazione\",\"image\":{\"@type\":\"ImageObject\",\"inLanguage\":\"fr-FR\",\"@id\":\"https:\\\/\\\/secure.gravatar.com\\\/avatar\\\/37d968a2e67a6fd04c169c4bdef102d0bc5d31b2546345219e348575eb80e9a0?s=96&d=mm&r=g\",\"url\":\"https:\\\/\\\/secure.gravatar.com\\\/avatar\\\/37d968a2e67a6fd04c169c4bdef102d0bc5d31b2546345219e348575eb80e9a0?s=96&d=mm&r=g\",\"contentUrl\":\"https:\\\/\\\/secure.gravatar.com\\\/avatar\\\/37d968a2e67a6fd04c169c4bdef102d0bc5d31b2546345219e348575eb80e9a0?s=96&d=mm&r=g\",\"caption\":\"redazione\"},\"sameAs\":[\"http:\\\/\\\/www.bellunopress.it\",\"https:\\\/\\\/x.com\\\/bellunopress\"],\"url\":\"https:\\\/\\\/www.bellunopress.it\\\/fr\\\/author\\\/redazione\\\/\"}]}<\/script>\n<!-- \/ Yoast SEO plugin. -->","yoast_head_json":{"title":"In Mtb sul percorso del trenino delle Dolomiti, la prima escursione marted\u00ec 7 luglio, con Red Devils  - Bellunopress - Dolomiti","robots":{"index":"index","follow":"follow","max-snippet":"max-snippet:-1","max-image-preview":"max-image-preview:large","max-video-preview":"max-video-preview:-1"},"canonical":"https:\/\/www.bellunopress.it\/fr\/2009\/07\/03\/in-mtb-sul-percorso-del-trenino-delle-dolomiti-la-prima-escursione-martedi-7-luglio-con-red-devils\/","og_locale":"fr_FR","og_type":"article","og_title":"In Mtb sul percorso del trenino delle Dolomiti, la prima escursione marted\u00ec 7 luglio, con Red Devils  - Bellunopress - Dolomiti","og_description":"La stagione del Cortina Bike Resort \u00e8 gi\u00e0 entrata nel vivo, complici le giornate di sole e le temperature miti degli ultimi giorni. Il progetto coordinato da Cortina Turismo, nato nella primavera dello scorso anno, \u00e8 quello che in gergo turistico viene definito un \u201cprodotto turistico\u201d o \u201cclub di prodotto\u201d: gli operatori interessati a un [&hellip;]","og_url":"https:\/\/www.bellunopress.it\/fr\/2009\/07\/03\/in-mtb-sul-percorso-del-trenino-delle-dolomiti-la-prima-escursione-martedi-7-luglio-con-red-devils\/","og_site_name":"Bellunopress - Dolomiti","article_publisher":"https:\/\/www.facebook.com\/profile.php?id=100008943462799","article_published_time":"2009-07-03T21:03:08+00:00","og_image":[{"url":"http:\/\/www.bellunopress.it\/wp-content\/uploads\/2012\/07\/logo-bellunopress-250x250-2012.jpg","type":"","width":"","height":""}],"author":"redazione","twitter_card":"summary_large_image","twitter_creator":"@bellunopress","twitter_site":"@bellunopress","twitter_misc":{"\u00c9crit par":"redazione","Dur\u00e9e de lecture estim\u00e9e":"5 minutes"},"schema":{"@context":"https:\/\/schema.org","@graph":[{"@type":"Article","@id":"https:\/\/www.bellunopress.it\/2009\/07\/03\/in-mtb-sul-percorso-del-trenino-delle-dolomiti-la-prima-escursione-martedi-7-luglio-con-red-devils\/#article","isPartOf":{"@id":"https:\/\/www.bellunopress.it\/2009\/07\/03\/in-mtb-sul-percorso-del-trenino-delle-dolomiti-la-prima-escursione-martedi-7-luglio-con-red-devils\/"},"author":{"name":"redazione","@id":"https:\/\/www.bellunopress.it\/#\/schema\/person\/79bb06722b37ece1c03d3e94beb30d73"},"headline":"In Mtb sul percorso del trenino delle Dolomiti, la prima escursione marted\u00ec 7 luglio, con Red Devils","datePublished":"2009-07-03T21:03:08+00:00","mainEntityOfPage":{"@id":"https:\/\/www.bellunopress.it\/2009\/07\/03\/in-mtb-sul-percorso-del-trenino-delle-dolomiti-la-prima-escursione-martedi-7-luglio-con-red-devils\/"},"wordCount":1059,"publisher":{"@id":"https:\/\/www.bellunopress.it\/#organization"},"keywords":["Cadore","Dolomiti"],"articleSection":["Pausa Caff\u00e8","Sport, tempo libero"],"inLanguage":"fr-FR"},{"@type":"WebPage","@id":"https:\/\/www.bellunopress.it\/2009\/07\/03\/in-mtb-sul-percorso-del-trenino-delle-dolomiti-la-prima-escursione-martedi-7-luglio-con-red-devils\/","url":"https:\/\/www.bellunopress.it\/2009\/07\/03\/in-mtb-sul-percorso-del-trenino-delle-dolomiti-la-prima-escursione-martedi-7-luglio-con-red-devils\/","name":"In Mtb sul percorso del trenino delle Dolomiti, la prima escursione marted\u00ec 7 luglio, con Red Devils - Bellunopress - Dolomiti","isPartOf":{"@id":"https:\/\/www.bellunopress.it\/#website"},"datePublished":"2009-07-03T21:03:08+00:00","breadcrumb":{"@id":"https:\/\/www.bellunopress.it\/2009\/07\/03\/in-mtb-sul-percorso-del-trenino-delle-dolomiti-la-prima-escursione-martedi-7-luglio-con-red-devils\/#breadcrumb"},"inLanguage":"fr-FR","potentialAction":[{"@type":"ReadAction","target":["https:\/\/www.bellunopress.it\/2009\/07\/03\/in-mtb-sul-percorso-del-trenino-delle-dolomiti-la-prima-escursione-martedi-7-luglio-con-red-devils\/"]}]},{"@type":"BreadcrumbList","@id":"https:\/\/www.bellunopress.it\/2009\/07\/03\/in-mtb-sul-percorso-del-trenino-delle-dolomiti-la-prima-escursione-martedi-7-luglio-con-red-devils\/#breadcrumb","itemListElement":[{"@type":"ListItem","position":1,"name":"Home","item":"https:\/\/www.bellunopress.it\/"},{"@type":"ListItem","position":2,"name":"In Mtb sul percorso del trenino delle Dolomiti, la prima escursione marted\u00ec 7 luglio, con Red Devils"}]},{"@type":"WebSite","@id":"https:\/\/www.bellunopress.it\/#website","url":"https:\/\/www.bellunopress.it\/","name":"Bellunopress - Dolomiti","description":"e-mail: redazione@bellunopress.it","publisher":{"@id":"https:\/\/www.bellunopress.it\/#organization"},"potentialAction":[{"@type":"SearchAction","target":{"@type":"EntryPoint","urlTemplate":"https:\/\/www.bellunopress.it\/?s={search_term_string}"},"query-input":{"@type":"PropertyValueSpecification","valueRequired":true,"valueName":"search_term_string"}}],"inLanguage":"fr-FR"},{"@type":"Organization","@id":"https:\/\/www.bellunopress.it\/#organization","name":"Bellunopress","url":"https:\/\/www.bellunopress.it\/","logo":{"@type":"ImageObject","inLanguage":"fr-FR","@id":"https:\/\/www.bellunopress.it\/#\/schema\/logo\/image\/","url":"https:\/\/www.bellunopress.it\/wp-content\/uploads\/2011\/05\/cropped-logo-bellunopress-.jpg","contentUrl":"https:\/\/www.bellunopress.it\/wp-content\/uploads\/2011\/05\/cropped-logo-bellunopress-.jpg","width":512,"height":512,"caption":"Bellunopress"},"image":{"@id":"https:\/\/www.bellunopress.it\/#\/schema\/logo\/image\/"},"sameAs":["https:\/\/www.facebook.com\/profile.php?id=100008943462799","https:\/\/x.com\/bellunopress","https:\/\/www.linkedin.com\/hp\/?dnr=JBzUWaJfMUw8vbXJJ2tVW5-I3jZKvC4wsoxE&amp;amp;amp;amp;amp;amp;trk=nav_responsive_tab_home","https:\/\/www.youtube.com\/channel\/UCxL0wu1uN0_3_7hGG0306cw"]},{"@type":"Person","@id":"https:\/\/www.bellunopress.it\/#\/schema\/person\/79bb06722b37ece1c03d3e94beb30d73","name":"r\u00e9daction","image":{"@type":"ImageObject","inLanguage":"fr-FR","@id":"https:\/\/secure.gravatar.com\/avatar\/37d968a2e67a6fd04c169c4bdef102d0bc5d31b2546345219e348575eb80e9a0?s=96&d=mm&r=g","url":"https:\/\/secure.gravatar.com\/avatar\/37d968a2e67a6fd04c169c4bdef102d0bc5d31b2546345219e348575eb80e9a0?s=96&d=mm&r=g","contentUrl":"https:\/\/secure.gravatar.com\/avatar\/37d968a2e67a6fd04c169c4bdef102d0bc5d31b2546345219e348575eb80e9a0?s=96&d=mm&r=g","caption":"redazione"},"sameAs":["http:\/\/www.bellunopress.it","https:\/\/x.com\/bellunopress"],"url":"https:\/\/www.bellunopress.it\/fr\/author\/redazione\/"}]}},"_links":{"self":[{"href":"https:\/\/www.bellunopress.it\/fr\/wp-json\/wp\/v2\/posts\/5623","targetHints":{"allow":["GET"]}}],"collection":[{"href":"https:\/\/www.bellunopress.it\/fr\/wp-json\/wp\/v2\/posts"}],"about":[{"href":"https:\/\/www.bellunopress.it\/fr\/wp-json\/wp\/v2\/types\/post"}],"author":[{"embeddable":true,"href":"https:\/\/www.bellunopress.it\/fr\/wp-json\/wp\/v2\/users\/2"}],"replies":[{"embeddable":true,"href":"https:\/\/www.bellunopress.it\/fr\/wp-json\/wp\/v2\/comments?post=5623"}],"version-history":[{"count":1,"href":"https:\/\/www.bellunopress.it\/fr\/wp-json\/wp\/v2\/posts\/5623\/revisions"}],"predecessor-version":[{"id":5624,"href":"https:\/\/www.bellunopress.it\/fr\/wp-json\/wp\/v2\/posts\/5623\/revisions\/5624"}],"wp:attachment":[{"href":"https:\/\/www.bellunopress.it\/fr\/wp-json\/wp\/v2\/media?parent=5623"}],"wp:term":[{"taxonomy":"category","embeddable":true,"href":"https:\/\/www.bellunopress.it\/fr\/wp-json\/wp\/v2\/categories?post=5623"},{"taxonomy":"post_tag","embeddable":true,"href":"https:\/\/www.bellunopress.it\/fr\/wp-json\/wp\/v2\/tags?post=5623"}],"curies":[{"name":"wp","href":"https:\/\/api.w.org\/{rel}","templated":true}]}}