{"id":5620,"date":"2009-07-03T21:57:13","date_gmt":"2009-07-03T20:57:13","guid":{"rendered":"http:\/\/www.bellunopress.it\/?p=5620"},"modified":"2009-07-03T21:57:13","modified_gmt":"2009-07-03T20:57:13","slug":"equitazione-riprendono-le-gare-all%e2%80%99internazionale-di-cortina","status":"publish","type":"post","link":"https:\/\/www.bellunopress.it\/fr\/2009\/07\/03\/equitazione-riprendono-le-gare-all%e2%80%99internazionale-di-cortina\/","title":{"rendered":"Equitazione: riprendono le gare all\u2019Internazionale di Cortina."},"content":{"rendered":"<p><a href=\"http:\/\/www.bellunopress.it\/wp-content\/uploads\/2009\/07\/cavallo-jane-richard-jalla-de-graverie.jpg\"><img loading=\"lazy\" decoding=\"async\" class=\"alignright size-medium wp-image-5621\" title=\"cavallo-jane-richard-jalla-de-graverie\" src=\"http:\/\/www.bellunopress.it\/wp-content\/uploads\/2009\/07\/cavallo-jane-richard-jalla-de-graverie.jpg\" alt=\"\" width=\"180\" height=\"269\" \/><\/a>Al via la prima giornata di gare del CSI*** Citt\u00e0 di Cortina, con i primi binomi in campo dalle ore 8:30 di questa mattina (venerd\u00ec 3 luglio). Sono stati i cavalli di 6 anni i primi ad esordire sull\u2019ormai collaudato campo gara dell\u2019impianto sportivo di Fiames, categoria nella quale si \u00e8 distinta la bella amazzone svizzera Jane Richard, in sella a Pomme di F de Guldenboom, che ha conquistato il primo posto con un tempo di 55,74 sec. e 0 penalit\u00e0 si lascia alle spalle la nostra valorosa portacolori l\u2019Aviere Giulia Martinengo Marquet, che insieme alla sua Lilly, una bellissima femmina baio scuro, taglia il traguardo con 0 penalit\u00e0 ed un tempo di 57,58 sec. Terzo classificato l\u2019argentino Mariano Ossa, che su Ollyver conclude il percorso disegnato dal direttore di Campo del concorso, Elio Travagliati, con un tempo di 58,02 sec. e 0 penalit\u00e0. Ed \u00e8 sempre la Richard, questa volta in sella a Jalla de Graverie, che trionfa nella categoria pi\u00f9 impegnativa di questa giornata, la 1,50 a tempo Chante Clair, con un tempo di 55,22 e 0 penalit\u00e0. Italiano il resto del \u201cpodio\u201d che vede il consolidato binomio Juan Carlos Garcia-Hamilton de Peret in seconda posizione con 55,27 sec. e 0 penalit\u00e0, e\u00a0 Giuseppe Rolli su Jericho de la Vie che, tagliando il traguardo con un tempo di 55,37 sec. e 0 penalit\u00e0, conquista un onorevole terzo posto. Anticipato alle ore 8:00 lo start per la seconda giornata di gare, dove si svolger\u00e0 la prima tappa dell\u2019attesissimo Trofeo Dodo Speed Master:\u00a0 una formula di gara vincente quella studiata in collaborazione da Francesco Minoli e Uliano Vezzani, che prevede una prova a due manche, nelle quali ai binomi vengono richieste doti sia di precisione che di velocit\u00e0, rese ancor pi\u00f9 interessanti dall\u2019utilizzo di ostacoli naturali. Vero \u00e8 che nello sport, quello leale, ci si augura sempre che vinca davvero il migliore, ma per una certa forma di patriottismo a Cortina ci si aspetta davvero che sia l\u2019inno di Mameli a coronare una delle gare pi\u00f9 attese ed entusiasmanti del panorama del salto ostacoli del nostro Paese e che magari, ciliegina sulla torta, uno dei nostri ragazzi riesca anche quest\u2019anno a regalare uno spettacolo come quello offerto da Gianni Govoni al caloroso pubblico ampezzano nell\u2019edizione 2008. La manifestazione prosegue sabato e domenica con i grandi campioni.<\/p>","protected":false},"excerpt":{"rendered":"<p>Al via la prima giornata di gare del CSI*** Citt\u00e0 di Cortina, con i primi binomi in campo dalle ore 8:30 di questa mattina (venerd\u00ec 3 luglio). Sono stati i cavalli di 6 anni i primi ad esordire sull\u2019ormai collaudato campo gara dell\u2019impianto sportivo di Fiames, categoria nella quale si \u00e8 distinta la bella amazzone [&hellip;]<\/p>\n","protected":false},"author":2,"featured_media":0,"comment_status":"closed","ping_status":"open","sticky":false,"template":"","format":"standard","meta":{"footnotes":""},"categories":[4],"tags":[139],"class_list":["post-5620","post","type-post","status-publish","format-standard","category-sport","tag-belluno"],"yoast_head":"<!-- This site is optimized with the Yoast SEO plugin v28.4 - https:\/\/yoast.com\/product\/yoast-seo-wordpress\/ -->\n<title>Equitazione: riprendono le gare all\u2019Internazionale di Cortina. - Bellunopress - Dolomiti<\/title>\n<meta name=\"robots\" content=\"index, follow, max-snippet:-1, max-image-preview:large, max-video-preview:-1\" \/>\n<link rel=\"canonical\" href=\"https:\/\/www.bellunopress.it\/fr\/2009\/07\/03\/equitazione-riprendono-le-gare-all\u2019internazionale-di-cortina\/\" \/>\n<meta property=\"og:locale\" content=\"fr_FR\" \/>\n<meta property=\"og:type\" content=\"article\" \/>\n<meta property=\"og:title\" content=\"Equitazione: riprendono le gare all\u2019Internazionale di Cortina. - Bellunopress - Dolomiti\" \/>\n<meta property=\"og:description\" content=\"Al via la prima giornata di gare del CSI*** Citt\u00e0 di Cortina, con i primi binomi in campo dalle ore 8:30 di questa mattina (venerd\u00ec 3 luglio). Sono stati i cavalli di 6 anni i primi ad esordire sull\u2019ormai collaudato campo gara dell\u2019impianto sportivo di Fiames, categoria nella quale si \u00e8 distinta la bella amazzone [&hellip;]\" \/>\n<meta property=\"og:url\" content=\"https:\/\/www.bellunopress.it\/fr\/2009\/07\/03\/equitazione-riprendono-le-gare-all\u2019internazionale-di-cortina\/\" \/>\n<meta property=\"og:site_name\" content=\"Bellunopress - Dolomiti\" \/>\n<meta property=\"article:publisher\" content=\"https:\/\/www.facebook.com\/profile.php?id=100008943462799\" \/>\n<meta property=\"article:published_time\" content=\"2009-07-03T20:57:13+00:00\" \/>\n<meta property=\"og:image\" content=\"http:\/\/www.bellunopress.it\/wp-content\/uploads\/2009\/07\/cavallo-jane-richard-jalla-de-graverie.jpg\" \/>\n<meta name=\"author\" content=\"redazione\" \/>\n<meta name=\"twitter:card\" content=\"summary_large_image\" \/>\n<meta name=\"twitter:creator\" content=\"@bellunopress\" \/>\n<meta name=\"twitter:site\" content=\"@bellunopress\" \/>\n<meta name=\"twitter:label1\" content=\"\u00c9crit par\" \/>\n\t<meta name=\"twitter:data1\" content=\"redazione\" \/>\n\t<meta name=\"twitter:label2\" content=\"Dur\u00e9e de lecture estim\u00e9e\" \/>\n\t<meta name=\"twitter:data2\" content=\"2 minutes\" \/>\n<script type=\"application\/ld+json\" class=\"yoast-schema-graph\">{\"@context\":\"https:\\\/\\\/schema.org\",\"@graph\":[{\"@type\":\"Article\",\"@id\":\"https:\\\/\\\/www.bellunopress.it\\\/2009\\\/07\\\/03\\\/equitazione-riprendono-le-gare-all%e2%80%99internazionale-di-cortina\\\/#article\",\"isPartOf\":{\"@id\":\"https:\\\/\\\/www.bellunopress.it\\\/2009\\\/07\\\/03\\\/equitazione-riprendono-le-gare-all%e2%80%99internazionale-di-cortina\\\/\"},\"author\":{\"name\":\"redazione\",\"@id\":\"https:\\\/\\\/www.bellunopress.it\\\/#\\\/schema\\\/person\\\/79bb06722b37ece1c03d3e94beb30d73\"},\"headline\":\"Equitazione: riprendono le gare all\u2019Internazionale di Cortina.\",\"datePublished\":\"2009-07-03T20:57:13+00:00\",\"mainEntityOfPage\":{\"@id\":\"https:\\\/\\\/www.bellunopress.it\\\/2009\\\/07\\\/03\\\/equitazione-riprendono-le-gare-all%e2%80%99internazionale-di-cortina\\\/\"},\"wordCount\":382,\"publisher\":{\"@id\":\"https:\\\/\\\/www.bellunopress.it\\\/#organization\"},\"image\":{\"@id\":\"https:\\\/\\\/www.bellunopress.it\\\/2009\\\/07\\\/03\\\/equitazione-riprendono-le-gare-all%e2%80%99internazionale-di-cortina\\\/#primaryimage\"},\"thumbnailUrl\":\"http:\\\/\\\/www.bellunopress.it\\\/wp-content\\\/uploads\\\/2009\\\/07\\\/cavallo-jane-richard-jalla-de-graverie.jpg\",\"keywords\":[\"Belluno\"],\"articleSection\":[\"Sport, tempo libero\"],\"inLanguage\":\"fr-FR\"},{\"@type\":\"WebPage\",\"@id\":\"https:\\\/\\\/www.bellunopress.it\\\/2009\\\/07\\\/03\\\/equitazione-riprendono-le-gare-all%e2%80%99internazionale-di-cortina\\\/\",\"url\":\"https:\\\/\\\/www.bellunopress.it\\\/2009\\\/07\\\/03\\\/equitazione-riprendono-le-gare-all%e2%80%99internazionale-di-cortina\\\/\",\"name\":\"Equitazione: riprendono le gare all\u2019Internazionale di Cortina. - Bellunopress - Dolomiti\",\"isPartOf\":{\"@id\":\"https:\\\/\\\/www.bellunopress.it\\\/#website\"},\"primaryImageOfPage\":{\"@id\":\"https:\\\/\\\/www.bellunopress.it\\\/2009\\\/07\\\/03\\\/equitazione-riprendono-le-gare-all%e2%80%99internazionale-di-cortina\\\/#primaryimage\"},\"image\":{\"@id\":\"https:\\\/\\\/www.bellunopress.it\\\/2009\\\/07\\\/03\\\/equitazione-riprendono-le-gare-all%e2%80%99internazionale-di-cortina\\\/#primaryimage\"},\"thumbnailUrl\":\"http:\\\/\\\/www.bellunopress.it\\\/wp-content\\\/uploads\\\/2009\\\/07\\\/cavallo-jane-richard-jalla-de-graverie.jpg\",\"datePublished\":\"2009-07-03T20:57:13+00:00\",\"breadcrumb\":{\"@id\":\"https:\\\/\\\/www.bellunopress.it\\\/2009\\\/07\\\/03\\\/equitazione-riprendono-le-gare-all%e2%80%99internazionale-di-cortina\\\/#breadcrumb\"},\"inLanguage\":\"fr-FR\",\"potentialAction\":[{\"@type\":\"ReadAction\",\"target\":[\"https:\\\/\\\/www.bellunopress.it\\\/2009\\\/07\\\/03\\\/equitazione-riprendono-le-gare-all%e2%80%99internazionale-di-cortina\\\/\"]}]},{\"@type\":\"ImageObject\",\"inLanguage\":\"fr-FR\",\"@id\":\"https:\\\/\\\/www.bellunopress.it\\\/2009\\\/07\\\/03\\\/equitazione-riprendono-le-gare-all%e2%80%99internazionale-di-cortina\\\/#primaryimage\",\"url\":\"http:\\\/\\\/www.bellunopress.it\\\/wp-content\\\/uploads\\\/2009\\\/07\\\/cavallo-jane-richard-jalla-de-graverie.jpg\",\"contentUrl\":\"http:\\\/\\\/www.bellunopress.it\\\/wp-content\\\/uploads\\\/2009\\\/07\\\/cavallo-jane-richard-jalla-de-graverie.jpg\"},{\"@type\":\"BreadcrumbList\",\"@id\":\"https:\\\/\\\/www.bellunopress.it\\\/2009\\\/07\\\/03\\\/equitazione-riprendono-le-gare-all%e2%80%99internazionale-di-cortina\\\/#breadcrumb\",\"itemListElement\":[{\"@type\":\"ListItem\",\"position\":1,\"name\":\"Home\",\"item\":\"https:\\\/\\\/www.bellunopress.it\\\/\"},{\"@type\":\"ListItem\",\"position\":2,\"name\":\"Equitazione: riprendono le gare all\u2019Internazionale di Cortina.\"}]},{\"@type\":\"WebSite\",\"@id\":\"https:\\\/\\\/www.bellunopress.it\\\/#website\",\"url\":\"https:\\\/\\\/www.bellunopress.it\\\/\",\"name\":\"Bellunopress - Dolomiti\",\"description\":\"e-mail: redazione@bellunopress.it\",\"publisher\":{\"@id\":\"https:\\\/\\\/www.bellunopress.it\\\/#organization\"},\"potentialAction\":[{\"@type\":\"SearchAction\",\"target\":{\"@type\":\"EntryPoint\",\"urlTemplate\":\"https:\\\/\\\/www.bellunopress.it\\\/?s={search_term_string}\"},\"query-input\":{\"@type\":\"PropertyValueSpecification\",\"valueRequired\":true,\"valueName\":\"search_term_string\"}}],\"inLanguage\":\"fr-FR\"},{\"@type\":\"Organization\",\"@id\":\"https:\\\/\\\/www.bellunopress.it\\\/#organization\",\"name\":\"Bellunopress\",\"url\":\"https:\\\/\\\/www.bellunopress.it\\\/\",\"logo\":{\"@type\":\"ImageObject\",\"inLanguage\":\"fr-FR\",\"@id\":\"https:\\\/\\\/www.bellunopress.it\\\/#\\\/schema\\\/logo\\\/image\\\/\",\"url\":\"https:\\\/\\\/www.bellunopress.it\\\/wp-content\\\/uploads\\\/2011\\\/05\\\/cropped-logo-bellunopress-.jpg\",\"contentUrl\":\"https:\\\/\\\/www.bellunopress.it\\\/wp-content\\\/uploads\\\/2011\\\/05\\\/cropped-logo-bellunopress-.jpg\",\"width\":512,\"height\":512,\"caption\":\"Bellunopress\"},\"image\":{\"@id\":\"https:\\\/\\\/www.bellunopress.it\\\/#\\\/schema\\\/logo\\\/image\\\/\"},\"sameAs\":[\"https:\\\/\\\/www.facebook.com\\\/profile.php?id=100008943462799\",\"https:\\\/\\\/x.com\\\/bellunopress\",\"https:\\\/\\\/www.linkedin.com\\\/hp\\\/?dnr=JBzUWaJfMUw8vbXJJ2tVW5-I3jZKvC4wsoxE&amp;amp;amp;amp;amp;amp;trk=nav_responsive_tab_home\",\"https:\\\/\\\/www.youtube.com\\\/channel\\\/UCxL0wu1uN0_3_7hGG0306cw\"]},{\"@type\":\"Person\",\"@id\":\"https:\\\/\\\/www.bellunopress.it\\\/#\\\/schema\\\/person\\\/79bb06722b37ece1c03d3e94beb30d73\",\"name\":\"redazione\",\"image\":{\"@type\":\"ImageObject\",\"inLanguage\":\"fr-FR\",\"@id\":\"https:\\\/\\\/secure.gravatar.com\\\/avatar\\\/37d968a2e67a6fd04c169c4bdef102d0bc5d31b2546345219e348575eb80e9a0?s=96&d=mm&r=g\",\"url\":\"https:\\\/\\\/secure.gravatar.com\\\/avatar\\\/37d968a2e67a6fd04c169c4bdef102d0bc5d31b2546345219e348575eb80e9a0?s=96&d=mm&r=g\",\"contentUrl\":\"https:\\\/\\\/secure.gravatar.com\\\/avatar\\\/37d968a2e67a6fd04c169c4bdef102d0bc5d31b2546345219e348575eb80e9a0?s=96&d=mm&r=g\",\"caption\":\"redazione\"},\"sameAs\":[\"http:\\\/\\\/www.bellunopress.it\",\"https:\\\/\\\/x.com\\\/bellunopress\"],\"url\":\"https:\\\/\\\/www.bellunopress.it\\\/fr\\\/author\\\/redazione\\\/\"}]}<\/script>\n<!-- \/ Yoast SEO plugin. -->","yoast_head_json":{"title":"Equitazione: riprendono le gare all\u2019Internazionale di Cortina. - Bellunopress - Dolomiti","robots":{"index":"index","follow":"follow","max-snippet":"max-snippet:-1","max-image-preview":"max-image-preview:large","max-video-preview":"max-video-preview:-1"},"canonical":"https:\/\/www.bellunopress.it\/fr\/2009\/07\/03\/equitazione-riprendono-le-gare-all\u2019internazionale-di-cortina\/","og_locale":"fr_FR","og_type":"article","og_title":"Equitazione: riprendono le gare all\u2019Internazionale di Cortina. - Bellunopress - Dolomiti","og_description":"Al via la prima giornata di gare del CSI*** Citt\u00e0 di Cortina, con i primi binomi in campo dalle ore 8:30 di questa mattina (venerd\u00ec 3 luglio). Sono stati i cavalli di 6 anni i primi ad esordire sull\u2019ormai collaudato campo gara dell\u2019impianto sportivo di Fiames, categoria nella quale si \u00e8 distinta la bella amazzone [&hellip;]","og_url":"https:\/\/www.bellunopress.it\/fr\/2009\/07\/03\/equitazione-riprendono-le-gare-all\u2019internazionale-di-cortina\/","og_site_name":"Bellunopress - Dolomiti","article_publisher":"https:\/\/www.facebook.com\/profile.php?id=100008943462799","article_published_time":"2009-07-03T20:57:13+00:00","og_image":[{"url":"http:\/\/www.bellunopress.it\/wp-content\/uploads\/2009\/07\/cavallo-jane-richard-jalla-de-graverie.jpg","type":"","width":"","height":""}],"author":"redazione","twitter_card":"summary_large_image","twitter_creator":"@bellunopress","twitter_site":"@bellunopress","twitter_misc":{"\u00c9crit par":"redazione","Dur\u00e9e de lecture estim\u00e9e":"2 minutes"},"schema":{"@context":"https:\/\/schema.org","@graph":[{"@type":"Article","@id":"https:\/\/www.bellunopress.it\/2009\/07\/03\/equitazione-riprendono-le-gare-all%e2%80%99internazionale-di-cortina\/#article","isPartOf":{"@id":"https:\/\/www.bellunopress.it\/2009\/07\/03\/equitazione-riprendono-le-gare-all%e2%80%99internazionale-di-cortina\/"},"author":{"name":"redazione","@id":"https:\/\/www.bellunopress.it\/#\/schema\/person\/79bb06722b37ece1c03d3e94beb30d73"},"headline":"Equitazione: riprendono le gare all\u2019Internazionale di Cortina.","datePublished":"2009-07-03T20:57:13+00:00","mainEntityOfPage":{"@id":"https:\/\/www.bellunopress.it\/2009\/07\/03\/equitazione-riprendono-le-gare-all%e2%80%99internazionale-di-cortina\/"},"wordCount":382,"publisher":{"@id":"https:\/\/www.bellunopress.it\/#organization"},"image":{"@id":"https:\/\/www.bellunopress.it\/2009\/07\/03\/equitazione-riprendono-le-gare-all%e2%80%99internazionale-di-cortina\/#primaryimage"},"thumbnailUrl":"http:\/\/www.bellunopress.it\/wp-content\/uploads\/2009\/07\/cavallo-jane-richard-jalla-de-graverie.jpg","keywords":["Belluno"],"articleSection":["Sport, tempo libero"],"inLanguage":"fr-FR"},{"@type":"WebPage","@id":"https:\/\/www.bellunopress.it\/2009\/07\/03\/equitazione-riprendono-le-gare-all%e2%80%99internazionale-di-cortina\/","url":"https:\/\/www.bellunopress.it\/2009\/07\/03\/equitazione-riprendono-le-gare-all%e2%80%99internazionale-di-cortina\/","name":"Equitazione: riprendono le gare all\u2019Internazionale di Cortina. - Bellunopress - Dolomiti","isPartOf":{"@id":"https:\/\/www.bellunopress.it\/#website"},"primaryImageOfPage":{"@id":"https:\/\/www.bellunopress.it\/2009\/07\/03\/equitazione-riprendono-le-gare-all%e2%80%99internazionale-di-cortina\/#primaryimage"},"image":{"@id":"https:\/\/www.bellunopress.it\/2009\/07\/03\/equitazione-riprendono-le-gare-all%e2%80%99internazionale-di-cortina\/#primaryimage"},"thumbnailUrl":"http:\/\/www.bellunopress.it\/wp-content\/uploads\/2009\/07\/cavallo-jane-richard-jalla-de-graverie.jpg","datePublished":"2009-07-03T20:57:13+00:00","breadcrumb":{"@id":"https:\/\/www.bellunopress.it\/2009\/07\/03\/equitazione-riprendono-le-gare-all%e2%80%99internazionale-di-cortina\/#breadcrumb"},"inLanguage":"fr-FR","potentialAction":[{"@type":"ReadAction","target":["https:\/\/www.bellunopress.it\/2009\/07\/03\/equitazione-riprendono-le-gare-all%e2%80%99internazionale-di-cortina\/"]}]},{"@type":"ImageObject","inLanguage":"fr-FR","@id":"https:\/\/www.bellunopress.it\/2009\/07\/03\/equitazione-riprendono-le-gare-all%e2%80%99internazionale-di-cortina\/#primaryimage","url":"http:\/\/www.bellunopress.it\/wp-content\/uploads\/2009\/07\/cavallo-jane-richard-jalla-de-graverie.jpg","contentUrl":"http:\/\/www.bellunopress.it\/wp-content\/uploads\/2009\/07\/cavallo-jane-richard-jalla-de-graverie.jpg"},{"@type":"BreadcrumbList","@id":"https:\/\/www.bellunopress.it\/2009\/07\/03\/equitazione-riprendono-le-gare-all%e2%80%99internazionale-di-cortina\/#breadcrumb","itemListElement":[{"@type":"ListItem","position":1,"name":"Home","item":"https:\/\/www.bellunopress.it\/"},{"@type":"ListItem","position":2,"name":"Equitazione: riprendono le gare all\u2019Internazionale di Cortina."}]},{"@type":"WebSite","@id":"https:\/\/www.bellunopress.it\/#website","url":"https:\/\/www.bellunopress.it\/","name":"Bellunopress - Dolomiti","description":"e-mail: redazione@bellunopress.it","publisher":{"@id":"https:\/\/www.bellunopress.it\/#organization"},"potentialAction":[{"@type":"SearchAction","target":{"@type":"EntryPoint","urlTemplate":"https:\/\/www.bellunopress.it\/?s={search_term_string}"},"query-input":{"@type":"PropertyValueSpecification","valueRequired":true,"valueName":"search_term_string"}}],"inLanguage":"fr-FR"},{"@type":"Organization","@id":"https:\/\/www.bellunopress.it\/#organization","name":"Bellunopress","url":"https:\/\/www.bellunopress.it\/","logo":{"@type":"ImageObject","inLanguage":"fr-FR","@id":"https:\/\/www.bellunopress.it\/#\/schema\/logo\/image\/","url":"https:\/\/www.bellunopress.it\/wp-content\/uploads\/2011\/05\/cropped-logo-bellunopress-.jpg","contentUrl":"https:\/\/www.bellunopress.it\/wp-content\/uploads\/2011\/05\/cropped-logo-bellunopress-.jpg","width":512,"height":512,"caption":"Bellunopress"},"image":{"@id":"https:\/\/www.bellunopress.it\/#\/schema\/logo\/image\/"},"sameAs":["https:\/\/www.facebook.com\/profile.php?id=100008943462799","https:\/\/x.com\/bellunopress","https:\/\/www.linkedin.com\/hp\/?dnr=JBzUWaJfMUw8vbXJJ2tVW5-I3jZKvC4wsoxE&amp;amp;amp;amp;amp;amp;trk=nav_responsive_tab_home","https:\/\/www.youtube.com\/channel\/UCxL0wu1uN0_3_7hGG0306cw"]},{"@type":"Person","@id":"https:\/\/www.bellunopress.it\/#\/schema\/person\/79bb06722b37ece1c03d3e94beb30d73","name":"r\u00e9daction","image":{"@type":"ImageObject","inLanguage":"fr-FR","@id":"https:\/\/secure.gravatar.com\/avatar\/37d968a2e67a6fd04c169c4bdef102d0bc5d31b2546345219e348575eb80e9a0?s=96&d=mm&r=g","url":"https:\/\/secure.gravatar.com\/avatar\/37d968a2e67a6fd04c169c4bdef102d0bc5d31b2546345219e348575eb80e9a0?s=96&d=mm&r=g","contentUrl":"https:\/\/secure.gravatar.com\/avatar\/37d968a2e67a6fd04c169c4bdef102d0bc5d31b2546345219e348575eb80e9a0?s=96&d=mm&r=g","caption":"redazione"},"sameAs":["http:\/\/www.bellunopress.it","https:\/\/x.com\/bellunopress"],"url":"https:\/\/www.bellunopress.it\/fr\/author\/redazione\/"}]}},"_links":{"self":[{"href":"https:\/\/www.bellunopress.it\/fr\/wp-json\/wp\/v2\/posts\/5620","targetHints":{"allow":["GET"]}}],"collection":[{"href":"https:\/\/www.bellunopress.it\/fr\/wp-json\/wp\/v2\/posts"}],"about":[{"href":"https:\/\/www.bellunopress.it\/fr\/wp-json\/wp\/v2\/types\/post"}],"author":[{"embeddable":true,"href":"https:\/\/www.bellunopress.it\/fr\/wp-json\/wp\/v2\/users\/2"}],"replies":[{"embeddable":true,"href":"https:\/\/www.bellunopress.it\/fr\/wp-json\/wp\/v2\/comments?post=5620"}],"version-history":[{"count":1,"href":"https:\/\/www.bellunopress.it\/fr\/wp-json\/wp\/v2\/posts\/5620\/revisions"}],"predecessor-version":[{"id":5622,"href":"https:\/\/www.bellunopress.it\/fr\/wp-json\/wp\/v2\/posts\/5620\/revisions\/5622"}],"wp:attachment":[{"href":"https:\/\/www.bellunopress.it\/fr\/wp-json\/wp\/v2\/media?parent=5620"}],"wp:term":[{"taxonomy":"category","embeddable":true,"href":"https:\/\/www.bellunopress.it\/fr\/wp-json\/wp\/v2\/categories?post=5620"},{"taxonomy":"post_tag","embeddable":true,"href":"https:\/\/www.bellunopress.it\/fr\/wp-json\/wp\/v2\/tags?post=5620"}],"curies":[{"name":"wp","href":"https:\/\/api.w.org\/{rel}","templated":true}]}}