{"id":5611,"date":"2009-07-03T11:14:00","date_gmt":"2009-07-03T10:14:00","guid":{"rendered":"http:\/\/www.bellunopress.it\/?p=5611"},"modified":"2009-07-03T11:14:36","modified_gmt":"2009-07-03T10:14:36","slug":"pompe-chiuse-l8-e-il-luglio-per-lo-sciopero-dei-benzinai","status":"publish","type":"post","link":"https:\/\/www.bellunopress.it\/fr\/2009\/07\/03\/pompe-chiuse-l8-e-il-luglio-per-lo-sciopero-dei-benzinai\/","title":{"rendered":"Pompe chiuse l&#8217;8 e il 9 luglio per lo sciopero dei benzinai"},"content":{"rendered":"<p><a href=\"http:\/\/www.bellunopress.it\/wp-content\/uploads\/2009\/07\/distributore-benzina.jpg\"><img loading=\"lazy\" decoding=\"async\" class=\"alignleft size-medium wp-image-5612\" title=\"distributore-benzina\" src=\"http:\/\/www.bellunopress.it\/wp-content\/uploads\/2009\/07\/distributore-benzina.jpg\" alt=\"\" width=\"50\" height=\"50\" \/><\/a>Pompe di benzina chiuse dalle 19,30 di marted\u00ec 7 luglio alle 7,00 del 10 luglio per la protesta dei gestori nei confronti delle compagnie petrolifere. Molti gli argomenti di contrasto che hanno costretto la categoria ad una soluzione che \u2013 inevitabilmente \u2013 provocher\u00e0 alcuni comprensibili disagi agli utenti. Alla base vi \u00e8 sostanzialmente il rifiuto delle Compagnie di adeguare i margini del gestore agli aumentati costi legati all&#8217;attivit\u00e0 delle pompe e la volont\u00e0 di inserire in modo sempre maggiore clausole vessatorie a carico del gestore stesso.\u201cIn questo modo\u201d dice Carlo Buratto, presidente del Sindacato Provinciale Gestori Impianti Stradali di Carburante aderenti all&#8217;Ascom di Belluno \u201ci gestori degli impianti sono davvero \u201cprecarizzati\u201d nel senso che il loro contratto viene sottoposto\u00a0 a tanti e tali vincoli che la Compagnia, unilateralmente, pu\u00f2 trovarsi nella condizione di chiudere l&#8217;impianto, cambiare gestore, ridurre ulteriormente i margini&#8230; Si finisce con l&#8217;avere tutti i rischi di un imprenditore senza averne i benefici. Anzi \u2013 continua Buratto &#8211;\u00a0 manca proprio quella necessaria stabilit\u00e0 del rapporto che permette di programmare la propria attivit\u00e0 nel tempo\u201d.La questione \u00e8 viva in tutto il territorio nazionale, ma nella nostra Provincia\u00a0 si fa ancor pi\u00f9 pregnante, in quanto la chiusura degli impianti, se decisa a livello unilaterale, determinerebbe intollerabili carenze di servizio a favore dei cittadini.Non mancano peraltro le rivendicazioni nei confronti del Governo, a cominciare dalla necessit\u00e0 di reiterare il bonus fiscale, il cui mancato rinnovo comporta il rischio di fallimento per molti gestori. Riforma della legge di settore, semplificazione e norme per l&#8217;ammodernamento e l&#8217;inserimento della categoria tra i lavori usuranti completano il quadro della situazione.Si comprende pertanto la complessit\u00e0 di una vertenza che necessita di essere portata all&#8217;attenzione\u00a0 di tutti perch\u00e9 il servizio prestato a tutti non sia alla merc\u00e9 di pochi.<\/p>","protected":false},"excerpt":{"rendered":"<p>Pompe di benzina chiuse dalle 19,30 di marted\u00ec 7 luglio alle 7,00 del 10 luglio per la protesta dei gestori nei confronti delle compagnie petrolifere. Molti gli argomenti di contrasto che hanno costretto la categoria ad una soluzione che \u2013 inevitabilmente \u2013 provocher\u00e0 alcuni comprensibili disagi agli utenti. Alla base vi \u00e8 sostanzialmente il rifiuto [&hellip;]<\/p>\n","protected":false},"author":2,"featured_media":0,"comment_status":"closed","ping_status":"open","sticky":false,"template":"","format":"standard","meta":{"footnotes":""},"categories":[36,26],"tags":[139],"class_list":["post-5611","post","type-post","status-publish","format-standard","category-lavoro-economia","category-prima-pagina","tag-belluno"],"yoast_head":"<!-- This site is optimized with the Yoast SEO plugin v28.4 - https:\/\/yoast.com\/product\/yoast-seo-wordpress\/ -->\n<title>Pompe chiuse l&#039;8 e il 9 luglio per lo sciopero dei benzinai - Bellunopress - Dolomiti<\/title>\n<meta name=\"robots\" content=\"index, follow, max-snippet:-1, max-image-preview:large, max-video-preview:-1\" \/>\n<link rel=\"canonical\" href=\"https:\/\/www.bellunopress.it\/fr\/2009\/07\/03\/pompe-chiuse-l8-e-il-luglio-per-lo-sciopero-dei-benzinai\/\" \/>\n<meta property=\"og:locale\" content=\"fr_FR\" \/>\n<meta property=\"og:type\" content=\"article\" \/>\n<meta property=\"og:title\" content=\"Pompe chiuse l&#039;8 e il 9 luglio per lo sciopero dei benzinai - Bellunopress - Dolomiti\" \/>\n<meta property=\"og:description\" content=\"Pompe di benzina chiuse dalle 19,30 di marted\u00ec 7 luglio alle 7,00 del 10 luglio per la protesta dei gestori nei confronti delle compagnie petrolifere. Molti gli argomenti di contrasto che hanno costretto la categoria ad una soluzione che \u2013 inevitabilmente \u2013 provocher\u00e0 alcuni comprensibili disagi agli utenti. Alla base vi \u00e8 sostanzialmente il rifiuto [&hellip;]\" \/>\n<meta property=\"og:url\" content=\"https:\/\/www.bellunopress.it\/fr\/2009\/07\/03\/pompe-chiuse-l8-e-il-luglio-per-lo-sciopero-dei-benzinai\/\" \/>\n<meta property=\"og:site_name\" content=\"Bellunopress - Dolomiti\" \/>\n<meta property=\"article:publisher\" content=\"https:\/\/www.facebook.com\/profile.php?id=100008943462799\" \/>\n<meta property=\"article:published_time\" content=\"2009-07-03T10:14:00+00:00\" \/>\n<meta property=\"article:modified_time\" content=\"2009-07-03T10:14:36+00:00\" \/>\n<meta property=\"og:image\" content=\"http:\/\/www.bellunopress.it\/wp-content\/uploads\/2009\/07\/distributore-benzina.jpg\" \/>\n<meta name=\"author\" content=\"redazione\" \/>\n<meta name=\"twitter:card\" content=\"summary_large_image\" \/>\n<meta name=\"twitter:creator\" content=\"@bellunopress\" \/>\n<meta name=\"twitter:site\" content=\"@bellunopress\" \/>\n<meta name=\"twitter:label1\" content=\"\u00c9crit par\" \/>\n\t<meta name=\"twitter:data1\" content=\"redazione\" \/>\n\t<meta name=\"twitter:label2\" content=\"Dur\u00e9e de lecture estim\u00e9e\" \/>\n\t<meta name=\"twitter:data2\" content=\"1 minute\" \/>\n<script type=\"application\/ld+json\" class=\"yoast-schema-graph\">{\"@context\":\"https:\\\/\\\/schema.org\",\"@graph\":[{\"@type\":\"Article\",\"@id\":\"https:\\\/\\\/www.bellunopress.it\\\/2009\\\/07\\\/03\\\/pompe-chiuse-l8-e-il-luglio-per-lo-sciopero-dei-benzinai\\\/#article\",\"isPartOf\":{\"@id\":\"https:\\\/\\\/www.bellunopress.it\\\/2009\\\/07\\\/03\\\/pompe-chiuse-l8-e-il-luglio-per-lo-sciopero-dei-benzinai\\\/\"},\"author\":{\"name\":\"redazione\",\"@id\":\"https:\\\/\\\/www.bellunopress.it\\\/#\\\/schema\\\/person\\\/79bb06722b37ece1c03d3e94beb30d73\"},\"headline\":\"Pompe chiuse l&#8217;8 e il 9 luglio per lo sciopero dei benzinai\",\"datePublished\":\"2009-07-03T10:14:00+00:00\",\"dateModified\":\"2009-07-03T10:14:36+00:00\",\"mainEntityOfPage\":{\"@id\":\"https:\\\/\\\/www.bellunopress.it\\\/2009\\\/07\\\/03\\\/pompe-chiuse-l8-e-il-luglio-per-lo-sciopero-dei-benzinai\\\/\"},\"wordCount\":305,\"publisher\":{\"@id\":\"https:\\\/\\\/www.bellunopress.it\\\/#organization\"},\"image\":{\"@id\":\"https:\\\/\\\/www.bellunopress.it\\\/2009\\\/07\\\/03\\\/pompe-chiuse-l8-e-il-luglio-per-lo-sciopero-dei-benzinai\\\/#primaryimage\"},\"thumbnailUrl\":\"http:\\\/\\\/www.bellunopress.it\\\/wp-content\\\/uploads\\\/2009\\\/07\\\/distributore-benzina.jpg\",\"keywords\":[\"Belluno\"],\"articleSection\":[\"Lavoro, Economia, Turismo\",\"Prima Pagina\"],\"inLanguage\":\"fr-FR\"},{\"@type\":\"WebPage\",\"@id\":\"https:\\\/\\\/www.bellunopress.it\\\/2009\\\/07\\\/03\\\/pompe-chiuse-l8-e-il-luglio-per-lo-sciopero-dei-benzinai\\\/\",\"url\":\"https:\\\/\\\/www.bellunopress.it\\\/2009\\\/07\\\/03\\\/pompe-chiuse-l8-e-il-luglio-per-lo-sciopero-dei-benzinai\\\/\",\"name\":\"Pompe chiuse l'8 e il 9 luglio per lo sciopero dei benzinai - Bellunopress - Dolomiti\",\"isPartOf\":{\"@id\":\"https:\\\/\\\/www.bellunopress.it\\\/#website\"},\"primaryImageOfPage\":{\"@id\":\"https:\\\/\\\/www.bellunopress.it\\\/2009\\\/07\\\/03\\\/pompe-chiuse-l8-e-il-luglio-per-lo-sciopero-dei-benzinai\\\/#primaryimage\"},\"image\":{\"@id\":\"https:\\\/\\\/www.bellunopress.it\\\/2009\\\/07\\\/03\\\/pompe-chiuse-l8-e-il-luglio-per-lo-sciopero-dei-benzinai\\\/#primaryimage\"},\"thumbnailUrl\":\"http:\\\/\\\/www.bellunopress.it\\\/wp-content\\\/uploads\\\/2009\\\/07\\\/distributore-benzina.jpg\",\"datePublished\":\"2009-07-03T10:14:00+00:00\",\"dateModified\":\"2009-07-03T10:14:36+00:00\",\"breadcrumb\":{\"@id\":\"https:\\\/\\\/www.bellunopress.it\\\/2009\\\/07\\\/03\\\/pompe-chiuse-l8-e-il-luglio-per-lo-sciopero-dei-benzinai\\\/#breadcrumb\"},\"inLanguage\":\"fr-FR\",\"potentialAction\":[{\"@type\":\"ReadAction\",\"target\":[\"https:\\\/\\\/www.bellunopress.it\\\/2009\\\/07\\\/03\\\/pompe-chiuse-l8-e-il-luglio-per-lo-sciopero-dei-benzinai\\\/\"]}]},{\"@type\":\"ImageObject\",\"inLanguage\":\"fr-FR\",\"@id\":\"https:\\\/\\\/www.bellunopress.it\\\/2009\\\/07\\\/03\\\/pompe-chiuse-l8-e-il-luglio-per-lo-sciopero-dei-benzinai\\\/#primaryimage\",\"url\":\"http:\\\/\\\/www.bellunopress.it\\\/wp-content\\\/uploads\\\/2009\\\/07\\\/distributore-benzina.jpg\",\"contentUrl\":\"http:\\\/\\\/www.bellunopress.it\\\/wp-content\\\/uploads\\\/2009\\\/07\\\/distributore-benzina.jpg\"},{\"@type\":\"BreadcrumbList\",\"@id\":\"https:\\\/\\\/www.bellunopress.it\\\/2009\\\/07\\\/03\\\/pompe-chiuse-l8-e-il-luglio-per-lo-sciopero-dei-benzinai\\\/#breadcrumb\",\"itemListElement\":[{\"@type\":\"ListItem\",\"position\":1,\"name\":\"Home\",\"item\":\"https:\\\/\\\/www.bellunopress.it\\\/\"},{\"@type\":\"ListItem\",\"position\":2,\"name\":\"Pompe chiuse l&#8217;8 e il 9 luglio per lo sciopero dei benzinai\"}]},{\"@type\":\"WebSite\",\"@id\":\"https:\\\/\\\/www.bellunopress.it\\\/#website\",\"url\":\"https:\\\/\\\/www.bellunopress.it\\\/\",\"name\":\"Bellunopress - Dolomiti\",\"description\":\"e-mail: redazione@bellunopress.it\",\"publisher\":{\"@id\":\"https:\\\/\\\/www.bellunopress.it\\\/#organization\"},\"potentialAction\":[{\"@type\":\"SearchAction\",\"target\":{\"@type\":\"EntryPoint\",\"urlTemplate\":\"https:\\\/\\\/www.bellunopress.it\\\/?s={search_term_string}\"},\"query-input\":{\"@type\":\"PropertyValueSpecification\",\"valueRequired\":true,\"valueName\":\"search_term_string\"}}],\"inLanguage\":\"fr-FR\"},{\"@type\":\"Organization\",\"@id\":\"https:\\\/\\\/www.bellunopress.it\\\/#organization\",\"name\":\"Bellunopress\",\"url\":\"https:\\\/\\\/www.bellunopress.it\\\/\",\"logo\":{\"@type\":\"ImageObject\",\"inLanguage\":\"fr-FR\",\"@id\":\"https:\\\/\\\/www.bellunopress.it\\\/#\\\/schema\\\/logo\\\/image\\\/\",\"url\":\"https:\\\/\\\/www.bellunopress.it\\\/wp-content\\\/uploads\\\/2011\\\/05\\\/cropped-logo-bellunopress-.jpg\",\"contentUrl\":\"https:\\\/\\\/www.bellunopress.it\\\/wp-content\\\/uploads\\\/2011\\\/05\\\/cropped-logo-bellunopress-.jpg\",\"width\":512,\"height\":512,\"caption\":\"Bellunopress\"},\"image\":{\"@id\":\"https:\\\/\\\/www.bellunopress.it\\\/#\\\/schema\\\/logo\\\/image\\\/\"},\"sameAs\":[\"https:\\\/\\\/www.facebook.com\\\/profile.php?id=100008943462799\",\"https:\\\/\\\/x.com\\\/bellunopress\",\"https:\\\/\\\/www.linkedin.com\\\/hp\\\/?dnr=JBzUWaJfMUw8vbXJJ2tVW5-I3jZKvC4wsoxE&amp;amp;amp;amp;amp;amp;trk=nav_responsive_tab_home\",\"https:\\\/\\\/www.youtube.com\\\/channel\\\/UCxL0wu1uN0_3_7hGG0306cw\"]},{\"@type\":\"Person\",\"@id\":\"https:\\\/\\\/www.bellunopress.it\\\/#\\\/schema\\\/person\\\/79bb06722b37ece1c03d3e94beb30d73\",\"name\":\"redazione\",\"image\":{\"@type\":\"ImageObject\",\"inLanguage\":\"fr-FR\",\"@id\":\"https:\\\/\\\/secure.gravatar.com\\\/avatar\\\/37d968a2e67a6fd04c169c4bdef102d0bc5d31b2546345219e348575eb80e9a0?s=96&d=mm&r=g\",\"url\":\"https:\\\/\\\/secure.gravatar.com\\\/avatar\\\/37d968a2e67a6fd04c169c4bdef102d0bc5d31b2546345219e348575eb80e9a0?s=96&d=mm&r=g\",\"contentUrl\":\"https:\\\/\\\/secure.gravatar.com\\\/avatar\\\/37d968a2e67a6fd04c169c4bdef102d0bc5d31b2546345219e348575eb80e9a0?s=96&d=mm&r=g\",\"caption\":\"redazione\"},\"sameAs\":[\"http:\\\/\\\/www.bellunopress.it\",\"https:\\\/\\\/x.com\\\/bellunopress\"],\"url\":\"https:\\\/\\\/www.bellunopress.it\\\/fr\\\/author\\\/redazione\\\/\"}]}<\/script>\n<!-- \/ Yoast SEO plugin. -->","yoast_head_json":{"title":"Pompe chiuse l'8 e il 9 luglio per lo sciopero dei benzinai - Bellunopress - Dolomiti","robots":{"index":"index","follow":"follow","max-snippet":"max-snippet:-1","max-image-preview":"max-image-preview:large","max-video-preview":"max-video-preview:-1"},"canonical":"https:\/\/www.bellunopress.it\/fr\/2009\/07\/03\/pompe-chiuse-l8-e-il-luglio-per-lo-sciopero-dei-benzinai\/","og_locale":"fr_FR","og_type":"article","og_title":"Pompe chiuse l'8 e il 9 luglio per lo sciopero dei benzinai - Bellunopress - Dolomiti","og_description":"Pompe di benzina chiuse dalle 19,30 di marted\u00ec 7 luglio alle 7,00 del 10 luglio per la protesta dei gestori nei confronti delle compagnie petrolifere. Molti gli argomenti di contrasto che hanno costretto la categoria ad una soluzione che \u2013 inevitabilmente \u2013 provocher\u00e0 alcuni comprensibili disagi agli utenti. Alla base vi \u00e8 sostanzialmente il rifiuto [&hellip;]","og_url":"https:\/\/www.bellunopress.it\/fr\/2009\/07\/03\/pompe-chiuse-l8-e-il-luglio-per-lo-sciopero-dei-benzinai\/","og_site_name":"Bellunopress - Dolomiti","article_publisher":"https:\/\/www.facebook.com\/profile.php?id=100008943462799","article_published_time":"2009-07-03T10:14:00+00:00","article_modified_time":"2009-07-03T10:14:36+00:00","og_image":[{"url":"http:\/\/www.bellunopress.it\/wp-content\/uploads\/2009\/07\/distributore-benzina.jpg","type":"","width":"","height":""}],"author":"redazione","twitter_card":"summary_large_image","twitter_creator":"@bellunopress","twitter_site":"@bellunopress","twitter_misc":{"\u00c9crit par":"redazione","Dur\u00e9e de lecture estim\u00e9e":"1 minute"},"schema":{"@context":"https:\/\/schema.org","@graph":[{"@type":"Article","@id":"https:\/\/www.bellunopress.it\/2009\/07\/03\/pompe-chiuse-l8-e-il-luglio-per-lo-sciopero-dei-benzinai\/#article","isPartOf":{"@id":"https:\/\/www.bellunopress.it\/2009\/07\/03\/pompe-chiuse-l8-e-il-luglio-per-lo-sciopero-dei-benzinai\/"},"author":{"name":"redazione","@id":"https:\/\/www.bellunopress.it\/#\/schema\/person\/79bb06722b37ece1c03d3e94beb30d73"},"headline":"Pompe chiuse l&#8217;8 e il 9 luglio per lo sciopero dei benzinai","datePublished":"2009-07-03T10:14:00+00:00","dateModified":"2009-07-03T10:14:36+00:00","mainEntityOfPage":{"@id":"https:\/\/www.bellunopress.it\/2009\/07\/03\/pompe-chiuse-l8-e-il-luglio-per-lo-sciopero-dei-benzinai\/"},"wordCount":305,"publisher":{"@id":"https:\/\/www.bellunopress.it\/#organization"},"image":{"@id":"https:\/\/www.bellunopress.it\/2009\/07\/03\/pompe-chiuse-l8-e-il-luglio-per-lo-sciopero-dei-benzinai\/#primaryimage"},"thumbnailUrl":"http:\/\/www.bellunopress.it\/wp-content\/uploads\/2009\/07\/distributore-benzina.jpg","keywords":["Belluno"],"articleSection":["Lavoro, Economia, Turismo","Prima Pagina"],"inLanguage":"fr-FR"},{"@type":"WebPage","@id":"https:\/\/www.bellunopress.it\/2009\/07\/03\/pompe-chiuse-l8-e-il-luglio-per-lo-sciopero-dei-benzinai\/","url":"https:\/\/www.bellunopress.it\/2009\/07\/03\/pompe-chiuse-l8-e-il-luglio-per-lo-sciopero-dei-benzinai\/","name":"Pompe chiuse l'8 e il 9 luglio per lo sciopero dei benzinai - Bellunopress - Dolomiti","isPartOf":{"@id":"https:\/\/www.bellunopress.it\/#website"},"primaryImageOfPage":{"@id":"https:\/\/www.bellunopress.it\/2009\/07\/03\/pompe-chiuse-l8-e-il-luglio-per-lo-sciopero-dei-benzinai\/#primaryimage"},"image":{"@id":"https:\/\/www.bellunopress.it\/2009\/07\/03\/pompe-chiuse-l8-e-il-luglio-per-lo-sciopero-dei-benzinai\/#primaryimage"},"thumbnailUrl":"http:\/\/www.bellunopress.it\/wp-content\/uploads\/2009\/07\/distributore-benzina.jpg","datePublished":"2009-07-03T10:14:00+00:00","dateModified":"2009-07-03T10:14:36+00:00","breadcrumb":{"@id":"https:\/\/www.bellunopress.it\/2009\/07\/03\/pompe-chiuse-l8-e-il-luglio-per-lo-sciopero-dei-benzinai\/#breadcrumb"},"inLanguage":"fr-FR","potentialAction":[{"@type":"ReadAction","target":["https:\/\/www.bellunopress.it\/2009\/07\/03\/pompe-chiuse-l8-e-il-luglio-per-lo-sciopero-dei-benzinai\/"]}]},{"@type":"ImageObject","inLanguage":"fr-FR","@id":"https:\/\/www.bellunopress.it\/2009\/07\/03\/pompe-chiuse-l8-e-il-luglio-per-lo-sciopero-dei-benzinai\/#primaryimage","url":"http:\/\/www.bellunopress.it\/wp-content\/uploads\/2009\/07\/distributore-benzina.jpg","contentUrl":"http:\/\/www.bellunopress.it\/wp-content\/uploads\/2009\/07\/distributore-benzina.jpg"},{"@type":"BreadcrumbList","@id":"https:\/\/www.bellunopress.it\/2009\/07\/03\/pompe-chiuse-l8-e-il-luglio-per-lo-sciopero-dei-benzinai\/#breadcrumb","itemListElement":[{"@type":"ListItem","position":1,"name":"Home","item":"https:\/\/www.bellunopress.it\/"},{"@type":"ListItem","position":2,"name":"Pompe chiuse l&#8217;8 e il 9 luglio per lo sciopero dei benzinai"}]},{"@type":"WebSite","@id":"https:\/\/www.bellunopress.it\/#website","url":"https:\/\/www.bellunopress.it\/","name":"Bellunopress - Dolomiti","description":"e-mail: redazione@bellunopress.it","publisher":{"@id":"https:\/\/www.bellunopress.it\/#organization"},"potentialAction":[{"@type":"SearchAction","target":{"@type":"EntryPoint","urlTemplate":"https:\/\/www.bellunopress.it\/?s={search_term_string}"},"query-input":{"@type":"PropertyValueSpecification","valueRequired":true,"valueName":"search_term_string"}}],"inLanguage":"fr-FR"},{"@type":"Organization","@id":"https:\/\/www.bellunopress.it\/#organization","name":"Bellunopress","url":"https:\/\/www.bellunopress.it\/","logo":{"@type":"ImageObject","inLanguage":"fr-FR","@id":"https:\/\/www.bellunopress.it\/#\/schema\/logo\/image\/","url":"https:\/\/www.bellunopress.it\/wp-content\/uploads\/2011\/05\/cropped-logo-bellunopress-.jpg","contentUrl":"https:\/\/www.bellunopress.it\/wp-content\/uploads\/2011\/05\/cropped-logo-bellunopress-.jpg","width":512,"height":512,"caption":"Bellunopress"},"image":{"@id":"https:\/\/www.bellunopress.it\/#\/schema\/logo\/image\/"},"sameAs":["https:\/\/www.facebook.com\/profile.php?id=100008943462799","https:\/\/x.com\/bellunopress","https:\/\/www.linkedin.com\/hp\/?dnr=JBzUWaJfMUw8vbXJJ2tVW5-I3jZKvC4wsoxE&amp;amp;amp;amp;amp;amp;trk=nav_responsive_tab_home","https:\/\/www.youtube.com\/channel\/UCxL0wu1uN0_3_7hGG0306cw"]},{"@type":"Person","@id":"https:\/\/www.bellunopress.it\/#\/schema\/person\/79bb06722b37ece1c03d3e94beb30d73","name":"r\u00e9daction","image":{"@type":"ImageObject","inLanguage":"fr-FR","@id":"https:\/\/secure.gravatar.com\/avatar\/37d968a2e67a6fd04c169c4bdef102d0bc5d31b2546345219e348575eb80e9a0?s=96&d=mm&r=g","url":"https:\/\/secure.gravatar.com\/avatar\/37d968a2e67a6fd04c169c4bdef102d0bc5d31b2546345219e348575eb80e9a0?s=96&d=mm&r=g","contentUrl":"https:\/\/secure.gravatar.com\/avatar\/37d968a2e67a6fd04c169c4bdef102d0bc5d31b2546345219e348575eb80e9a0?s=96&d=mm&r=g","caption":"redazione"},"sameAs":["http:\/\/www.bellunopress.it","https:\/\/x.com\/bellunopress"],"url":"https:\/\/www.bellunopress.it\/fr\/author\/redazione\/"}]}},"_links":{"self":[{"href":"https:\/\/www.bellunopress.it\/fr\/wp-json\/wp\/v2\/posts\/5611","targetHints":{"allow":["GET"]}}],"collection":[{"href":"https:\/\/www.bellunopress.it\/fr\/wp-json\/wp\/v2\/posts"}],"about":[{"href":"https:\/\/www.bellunopress.it\/fr\/wp-json\/wp\/v2\/types\/post"}],"author":[{"embeddable":true,"href":"https:\/\/www.bellunopress.it\/fr\/wp-json\/wp\/v2\/users\/2"}],"replies":[{"embeddable":true,"href":"https:\/\/www.bellunopress.it\/fr\/wp-json\/wp\/v2\/comments?post=5611"}],"version-history":[{"count":2,"href":"https:\/\/www.bellunopress.it\/fr\/wp-json\/wp\/v2\/posts\/5611\/revisions"}],"predecessor-version":[{"id":5614,"href":"https:\/\/www.bellunopress.it\/fr\/wp-json\/wp\/v2\/posts\/5611\/revisions\/5614"}],"wp:attachment":[{"href":"https:\/\/www.bellunopress.it\/fr\/wp-json\/wp\/v2\/media?parent=5611"}],"wp:term":[{"taxonomy":"category","embeddable":true,"href":"https:\/\/www.bellunopress.it\/fr\/wp-json\/wp\/v2\/categories?post=5611"},{"taxonomy":"post_tag","embeddable":true,"href":"https:\/\/www.bellunopress.it\/fr\/wp-json\/wp\/v2\/tags?post=5611"}],"curies":[{"name":"wp","href":"https:\/\/api.w.org\/{rel}","templated":true}]}}