{"id":5605,"date":"2009-07-03T08:20:27","date_gmt":"2009-07-03T07:20:27","guid":{"rendered":"http:\/\/www.bellunopress.it\/?p=5605"},"modified":"2009-07-03T08:20:27","modified_gmt":"2009-07-03T07:20:27","slug":"il-5-luglio-torna-la-fiera-del-nevegal-bancarelle-immerse-nel-verde-per-turisti-e-cittadini","status":"publish","type":"post","link":"https:\/\/www.bellunopress.it\/fr\/2009\/07\/03\/il-5-luglio-torna-la-fiera-del-nevegal-bancarelle-immerse-nel-verde-per-turisti-e-cittadini\/","title":{"rendered":"Il 5 luglio torna la Fiera del Neveg\u00e0l, Bancarelle immerse nel verde per turisti e cittadini"},"content":{"rendered":"<p>Come da programma ormai consolidato da molti anni, le prime domeniche dei mesi estivi sono dedicate all\u2019offerta variegata delle bancarelle sul piazzale del Colle del Neveg\u00e0l. Curata dal Servizio Attivit\u00e0 Economiche del Comune di Belluno, la Fiera del Neveg\u00e0l si propone di valorizzare le risorse offerte dal Colle bellunese, proponendo un\u2019occasione diversa per fruire dell\u2019ambiente naturale e delle sue bellezze. Accanto alle passeggiate di relax o all\u2019insegna del trekking, la manifestazione fieristica con le sue bancarelle disposte lungo il piazzale, con orario dalle 8 alle 20, presenta prodotti agricoli e dell\u2019artigianato locali, alimentari, giocattoli e vestiario, capaci di incontrare gli interessi pi\u00f9 diversi. \u201cSi tratta di un ulteriore tassello nel programma delle manifestazioni di promozione estiva della Citt\u00e0 di Belluno e del suo territorio\u201d &#8211;\u00a0 ha affermato l\u2019Assessore alle Attivit\u00e0 economiche Maria Grazia Passuello \u2013 \u201cche l\u2019Amministrazione comunale ha avviato con impegno anche quest\u2019anno, con l\u2019augurio che le Fiere del Neveg\u00e0l confermino l\u2019apprezzamento di pubblico e di visitatori finora registrato e che siano sempre pi\u00f9 volano della valorizzazione del Colle nella sua valenza turistico- commerciale\u201d. L\u2019appuntamento verr\u00e0 riproposto la prima domenica dei mesi estivi,e quindi il 2 agosto e 6 settembre. I punti di ristoro presenti non mancheranno di soddisfare chi avr\u00e0 l\u2019iniziativa di programmare una domenica fuori casa.<br \/>\nPer la realizzazione della manifestazione, dalle ore 7 alle ore 21, e comunque fino al termine della Fiera, la circolazione e la sosta dei veicoli saranno disciplinate nel modo seguente:<br \/>\n\u00b7\u00a0divieto di circolazione in piazzale Nevag\u00e0l nel tratto compreso tra l\u2019incrocio con via Faverghera e tutta l\u2019area del piazzale prospiciente il complesso \u201cLe Torri\u201d;<br \/>\n\u00b7\u00a0divieto di sosta con rimozione forzata dei veicoli nel medesimo tratto, dalle ore 6.00 alle ore 21.00;<br \/>\n\u00b7\u00a0doppio senso di circolazione in piazzale Neveg\u00e0l, strada sterrata posta al lato nord, per consentire l\u2019accesso e l\u2019uscita dal piazzale Neveg\u00e0l, lato est, area prospiciente il complesso \u201cLe Torri\u201d.<\/p>","protected":false},"excerpt":{"rendered":"<p>Come da programma ormai consolidato da molti anni, le prime domeniche dei mesi estivi sono dedicate all\u2019offerta variegata delle bancarelle sul piazzale del Colle del Neveg\u00e0l. Curata dal Servizio Attivit\u00e0 Economiche del Comune di Belluno, la Fiera del Neveg\u00e0l si propone di valorizzare le risorse offerte dal Colle bellunese, proponendo un\u2019occasione diversa per fruire dell\u2019ambiente [&hellip;]<\/p>\n","protected":false},"author":2,"featured_media":0,"comment_status":"closed","ping_status":"open","sticky":false,"template":"","format":"standard","meta":{"footnotes":""},"categories":[27,3,25],"tags":[139],"class_list":["post-5605","post","type-post","status-publish","format-standard","category-appuntamenti","category-arte-cultura-spettacoli-scienza-archivi","category-pausa-caffe","tag-belluno"],"yoast_head":"<!-- This site is optimized with the Yoast SEO plugin v28.4 - https:\/\/yoast.com\/product\/yoast-seo-wordpress\/ -->\n<title>Il 5 luglio torna la Fiera del Neveg\u00e0l, Bancarelle immerse nel verde per turisti e cittadini - Bellunopress - Dolomiti<\/title>\n<meta name=\"robots\" content=\"index, follow, max-snippet:-1, max-image-preview:large, max-video-preview:-1\" \/>\n<link rel=\"canonical\" href=\"https:\/\/www.bellunopress.it\/fr\/2009\/07\/03\/il-5-luglio-torna-la-fiera-del-nevegal-bancarelle-immerse-nel-verde-per-turisti-e-cittadini\/\" \/>\n<meta property=\"og:locale\" content=\"fr_FR\" \/>\n<meta property=\"og:type\" content=\"article\" \/>\n<meta property=\"og:title\" content=\"Il 5 luglio torna la Fiera del Neveg\u00e0l, Bancarelle immerse nel verde per turisti e cittadini - Bellunopress - Dolomiti\" \/>\n<meta property=\"og:description\" content=\"Come da programma ormai consolidato da molti anni, le prime domeniche dei mesi estivi sono dedicate all\u2019offerta variegata delle bancarelle sul piazzale del Colle del Neveg\u00e0l. Curata dal Servizio Attivit\u00e0 Economiche del Comune di Belluno, la Fiera del Neveg\u00e0l si propone di valorizzare le risorse offerte dal Colle bellunese, proponendo un\u2019occasione diversa per fruire dell\u2019ambiente [&hellip;]\" \/>\n<meta property=\"og:url\" content=\"https:\/\/www.bellunopress.it\/fr\/2009\/07\/03\/il-5-luglio-torna-la-fiera-del-nevegal-bancarelle-immerse-nel-verde-per-turisti-e-cittadini\/\" \/>\n<meta property=\"og:site_name\" content=\"Bellunopress - Dolomiti\" \/>\n<meta property=\"article:publisher\" content=\"https:\/\/www.facebook.com\/profile.php?id=100008943462799\" \/>\n<meta property=\"article:published_time\" content=\"2009-07-03T07:20:27+00:00\" \/>\n<meta property=\"og:image\" content=\"http:\/\/www.bellunopress.it\/wp-content\/uploads\/2012\/07\/logo-bellunopress-250x250-2012.jpg\" \/>\n<meta name=\"author\" content=\"redazione\" \/>\n<meta name=\"twitter:card\" content=\"summary_large_image\" \/>\n<meta name=\"twitter:creator\" content=\"@bellunopress\" \/>\n<meta name=\"twitter:site\" content=\"@bellunopress\" \/>\n<meta name=\"twitter:label1\" content=\"Written by\" \/>\n\t<meta name=\"twitter:data1\" content=\"redazione\" \/>\n\t<meta name=\"twitter:label2\" content=\"Est. reading time\" \/>\n\t<meta name=\"twitter:data2\" content=\"2 minutes\" \/>\n<script type=\"application\/ld+json\" class=\"yoast-schema-graph\">{\"@context\":\"https:\\\/\\\/schema.org\",\"@graph\":[{\"@type\":\"Article\",\"@id\":\"https:\\\/\\\/www.bellunopress.it\\\/2009\\\/07\\\/03\\\/il-5-luglio-torna-la-fiera-del-nevegal-bancarelle-immerse-nel-verde-per-turisti-e-cittadini\\\/#article\",\"isPartOf\":{\"@id\":\"https:\\\/\\\/www.bellunopress.it\\\/2009\\\/07\\\/03\\\/il-5-luglio-torna-la-fiera-del-nevegal-bancarelle-immerse-nel-verde-per-turisti-e-cittadini\\\/\"},\"author\":{\"name\":\"redazione\",\"@id\":\"https:\\\/\\\/www.bellunopress.it\\\/#\\\/schema\\\/person\\\/79bb06722b37ece1c03d3e94beb30d73\"},\"headline\":\"Il 5 luglio torna la Fiera del Neveg\u00e0l, Bancarelle immerse nel verde per turisti e cittadini\",\"datePublished\":\"2009-07-03T07:20:27+00:00\",\"mainEntityOfPage\":{\"@id\":\"https:\\\/\\\/www.bellunopress.it\\\/2009\\\/07\\\/03\\\/il-5-luglio-torna-la-fiera-del-nevegal-bancarelle-immerse-nel-verde-per-turisti-e-cittadini\\\/\"},\"wordCount\":339,\"publisher\":{\"@id\":\"https:\\\/\\\/www.bellunopress.it\\\/#organization\"},\"keywords\":[\"Belluno\"],\"articleSection\":[\"Appuntamenti, Eventi\",\"Arte, Cultura, Spettacoli, Scienza\",\"Pausa Caff\u00e8\"],\"inLanguage\":\"fr-FR\"},{\"@type\":\"WebPage\",\"@id\":\"https:\\\/\\\/www.bellunopress.it\\\/2009\\\/07\\\/03\\\/il-5-luglio-torna-la-fiera-del-nevegal-bancarelle-immerse-nel-verde-per-turisti-e-cittadini\\\/\",\"url\":\"https:\\\/\\\/www.bellunopress.it\\\/2009\\\/07\\\/03\\\/il-5-luglio-torna-la-fiera-del-nevegal-bancarelle-immerse-nel-verde-per-turisti-e-cittadini\\\/\",\"name\":\"Il 5 luglio torna la Fiera del Neveg\u00e0l, Bancarelle immerse nel verde per turisti e cittadini - Bellunopress - Dolomiti\",\"isPartOf\":{\"@id\":\"https:\\\/\\\/www.bellunopress.it\\\/#website\"},\"datePublished\":\"2009-07-03T07:20:27+00:00\",\"breadcrumb\":{\"@id\":\"https:\\\/\\\/www.bellunopress.it\\\/2009\\\/07\\\/03\\\/il-5-luglio-torna-la-fiera-del-nevegal-bancarelle-immerse-nel-verde-per-turisti-e-cittadini\\\/#breadcrumb\"},\"inLanguage\":\"fr-FR\",\"potentialAction\":[{\"@type\":\"ReadAction\",\"target\":[\"https:\\\/\\\/www.bellunopress.it\\\/2009\\\/07\\\/03\\\/il-5-luglio-torna-la-fiera-del-nevegal-bancarelle-immerse-nel-verde-per-turisti-e-cittadini\\\/\"]}]},{\"@type\":\"BreadcrumbList\",\"@id\":\"https:\\\/\\\/www.bellunopress.it\\\/2009\\\/07\\\/03\\\/il-5-luglio-torna-la-fiera-del-nevegal-bancarelle-immerse-nel-verde-per-turisti-e-cittadini\\\/#breadcrumb\",\"itemListElement\":[{\"@type\":\"ListItem\",\"position\":1,\"name\":\"Home\",\"item\":\"https:\\\/\\\/www.bellunopress.it\\\/\"},{\"@type\":\"ListItem\",\"position\":2,\"name\":\"Il 5 luglio torna la Fiera del Neveg\u00e0l, Bancarelle immerse nel verde per turisti e cittadini\"}]},{\"@type\":\"WebSite\",\"@id\":\"https:\\\/\\\/www.bellunopress.it\\\/#website\",\"url\":\"https:\\\/\\\/www.bellunopress.it\\\/\",\"name\":\"Bellunopress - Dolomiti\",\"description\":\"e-mail: redazione@bellunopress.it\",\"publisher\":{\"@id\":\"https:\\\/\\\/www.bellunopress.it\\\/#organization\"},\"potentialAction\":[{\"@type\":\"SearchAction\",\"target\":{\"@type\":\"EntryPoint\",\"urlTemplate\":\"https:\\\/\\\/www.bellunopress.it\\\/?s={search_term_string}\"},\"query-input\":{\"@type\":\"PropertyValueSpecification\",\"valueRequired\":true,\"valueName\":\"search_term_string\"}}],\"inLanguage\":\"fr-FR\"},{\"@type\":\"Organization\",\"@id\":\"https:\\\/\\\/www.bellunopress.it\\\/#organization\",\"name\":\"Bellunopress\",\"url\":\"https:\\\/\\\/www.bellunopress.it\\\/\",\"logo\":{\"@type\":\"ImageObject\",\"inLanguage\":\"fr-FR\",\"@id\":\"https:\\\/\\\/www.bellunopress.it\\\/#\\\/schema\\\/logo\\\/image\\\/\",\"url\":\"https:\\\/\\\/www.bellunopress.it\\\/wp-content\\\/uploads\\\/2011\\\/05\\\/cropped-logo-bellunopress-.jpg\",\"contentUrl\":\"https:\\\/\\\/www.bellunopress.it\\\/wp-content\\\/uploads\\\/2011\\\/05\\\/cropped-logo-bellunopress-.jpg\",\"width\":512,\"height\":512,\"caption\":\"Bellunopress\"},\"image\":{\"@id\":\"https:\\\/\\\/www.bellunopress.it\\\/#\\\/schema\\\/logo\\\/image\\\/\"},\"sameAs\":[\"https:\\\/\\\/www.facebook.com\\\/profile.php?id=100008943462799\",\"https:\\\/\\\/x.com\\\/bellunopress\",\"https:\\\/\\\/www.linkedin.com\\\/hp\\\/?dnr=JBzUWaJfMUw8vbXJJ2tVW5-I3jZKvC4wsoxE&amp;amp;amp;amp;amp;amp;trk=nav_responsive_tab_home\",\"https:\\\/\\\/www.youtube.com\\\/channel\\\/UCxL0wu1uN0_3_7hGG0306cw\"]},{\"@type\":\"Person\",\"@id\":\"https:\\\/\\\/www.bellunopress.it\\\/#\\\/schema\\\/person\\\/79bb06722b37ece1c03d3e94beb30d73\",\"name\":\"redazione\",\"image\":{\"@type\":\"ImageObject\",\"inLanguage\":\"fr-FR\",\"@id\":\"https:\\\/\\\/secure.gravatar.com\\\/avatar\\\/37d968a2e67a6fd04c169c4bdef102d0bc5d31b2546345219e348575eb80e9a0?s=96&d=mm&r=g\",\"url\":\"https:\\\/\\\/secure.gravatar.com\\\/avatar\\\/37d968a2e67a6fd04c169c4bdef102d0bc5d31b2546345219e348575eb80e9a0?s=96&d=mm&r=g\",\"contentUrl\":\"https:\\\/\\\/secure.gravatar.com\\\/avatar\\\/37d968a2e67a6fd04c169c4bdef102d0bc5d31b2546345219e348575eb80e9a0?s=96&d=mm&r=g\",\"caption\":\"redazione\"},\"sameAs\":[\"http:\\\/\\\/www.bellunopress.it\",\"https:\\\/\\\/x.com\\\/bellunopress\"],\"url\":\"https:\\\/\\\/www.bellunopress.it\\\/fr\\\/author\\\/redazione\\\/\"}]}<\/script>\n<!-- \/ Yoast SEO plugin. -->","yoast_head_json":{"title":"Il 5 luglio torna la Fiera del Neveg\u00e0l, Bancarelle immerse nel verde per turisti e cittadini - Bellunopress - Dolomiti","robots":{"index":"index","follow":"follow","max-snippet":"max-snippet:-1","max-image-preview":"max-image-preview:large","max-video-preview":"max-video-preview:-1"},"canonical":"https:\/\/www.bellunopress.it\/fr\/2009\/07\/03\/il-5-luglio-torna-la-fiera-del-nevegal-bancarelle-immerse-nel-verde-per-turisti-e-cittadini\/","og_locale":"fr_FR","og_type":"article","og_title":"Il 5 luglio torna la Fiera del Neveg\u00e0l, Bancarelle immerse nel verde per turisti e cittadini - Bellunopress - Dolomiti","og_description":"Come da programma ormai consolidato da molti anni, le prime domeniche dei mesi estivi sono dedicate all\u2019offerta variegata delle bancarelle sul piazzale del Colle del Neveg\u00e0l. Curata dal Servizio Attivit\u00e0 Economiche del Comune di Belluno, la Fiera del Neveg\u00e0l si propone di valorizzare le risorse offerte dal Colle bellunese, proponendo un\u2019occasione diversa per fruire dell\u2019ambiente [&hellip;]","og_url":"https:\/\/www.bellunopress.it\/fr\/2009\/07\/03\/il-5-luglio-torna-la-fiera-del-nevegal-bancarelle-immerse-nel-verde-per-turisti-e-cittadini\/","og_site_name":"Bellunopress - Dolomiti","article_publisher":"https:\/\/www.facebook.com\/profile.php?id=100008943462799","article_published_time":"2009-07-03T07:20:27+00:00","og_image":[{"url":"http:\/\/www.bellunopress.it\/wp-content\/uploads\/2012\/07\/logo-bellunopress-250x250-2012.jpg","type":"","width":"","height":""}],"author":"redazione","twitter_card":"summary_large_image","twitter_creator":"@bellunopress","twitter_site":"@bellunopress","twitter_misc":{"Written by":"redazione","Est. reading time":"2 minutes"},"schema":{"@context":"https:\/\/schema.org","@graph":[{"@type":"Article","@id":"https:\/\/www.bellunopress.it\/2009\/07\/03\/il-5-luglio-torna-la-fiera-del-nevegal-bancarelle-immerse-nel-verde-per-turisti-e-cittadini\/#article","isPartOf":{"@id":"https:\/\/www.bellunopress.it\/2009\/07\/03\/il-5-luglio-torna-la-fiera-del-nevegal-bancarelle-immerse-nel-verde-per-turisti-e-cittadini\/"},"author":{"name":"redazione","@id":"https:\/\/www.bellunopress.it\/#\/schema\/person\/79bb06722b37ece1c03d3e94beb30d73"},"headline":"Il 5 luglio torna la Fiera del Neveg\u00e0l, Bancarelle immerse nel verde per turisti e cittadini","datePublished":"2009-07-03T07:20:27+00:00","mainEntityOfPage":{"@id":"https:\/\/www.bellunopress.it\/2009\/07\/03\/il-5-luglio-torna-la-fiera-del-nevegal-bancarelle-immerse-nel-verde-per-turisti-e-cittadini\/"},"wordCount":339,"publisher":{"@id":"https:\/\/www.bellunopress.it\/#organization"},"keywords":["Belluno"],"articleSection":["Appuntamenti, Eventi","Arte, Cultura, Spettacoli, Scienza","Pausa Caff\u00e8"],"inLanguage":"fr-FR"},{"@type":"WebPage","@id":"https:\/\/www.bellunopress.it\/2009\/07\/03\/il-5-luglio-torna-la-fiera-del-nevegal-bancarelle-immerse-nel-verde-per-turisti-e-cittadini\/","url":"https:\/\/www.bellunopress.it\/2009\/07\/03\/il-5-luglio-torna-la-fiera-del-nevegal-bancarelle-immerse-nel-verde-per-turisti-e-cittadini\/","name":"Il 5 luglio torna la Fiera del Neveg\u00e0l, Bancarelle immerse nel verde per turisti e cittadini - Bellunopress - Dolomiti","isPartOf":{"@id":"https:\/\/www.bellunopress.it\/#website"},"datePublished":"2009-07-03T07:20:27+00:00","breadcrumb":{"@id":"https:\/\/www.bellunopress.it\/2009\/07\/03\/il-5-luglio-torna-la-fiera-del-nevegal-bancarelle-immerse-nel-verde-per-turisti-e-cittadini\/#breadcrumb"},"inLanguage":"fr-FR","potentialAction":[{"@type":"ReadAction","target":["https:\/\/www.bellunopress.it\/2009\/07\/03\/il-5-luglio-torna-la-fiera-del-nevegal-bancarelle-immerse-nel-verde-per-turisti-e-cittadini\/"]}]},{"@type":"BreadcrumbList","@id":"https:\/\/www.bellunopress.it\/2009\/07\/03\/il-5-luglio-torna-la-fiera-del-nevegal-bancarelle-immerse-nel-verde-per-turisti-e-cittadini\/#breadcrumb","itemListElement":[{"@type":"ListItem","position":1,"name":"Home","item":"https:\/\/www.bellunopress.it\/"},{"@type":"ListItem","position":2,"name":"Il 5 luglio torna la Fiera del Neveg\u00e0l, Bancarelle immerse nel verde per turisti e cittadini"}]},{"@type":"WebSite","@id":"https:\/\/www.bellunopress.it\/#website","url":"https:\/\/www.bellunopress.it\/","name":"Bellunopress - Dolomiti","description":"e-mail: redazione@bellunopress.it","publisher":{"@id":"https:\/\/www.bellunopress.it\/#organization"},"potentialAction":[{"@type":"SearchAction","target":{"@type":"EntryPoint","urlTemplate":"https:\/\/www.bellunopress.it\/?s={search_term_string}"},"query-input":{"@type":"PropertyValueSpecification","valueRequired":true,"valueName":"search_term_string"}}],"inLanguage":"fr-FR"},{"@type":"Organization","@id":"https:\/\/www.bellunopress.it\/#organization","name":"Bellunopress","url":"https:\/\/www.bellunopress.it\/","logo":{"@type":"ImageObject","inLanguage":"fr-FR","@id":"https:\/\/www.bellunopress.it\/#\/schema\/logo\/image\/","url":"https:\/\/www.bellunopress.it\/wp-content\/uploads\/2011\/05\/cropped-logo-bellunopress-.jpg","contentUrl":"https:\/\/www.bellunopress.it\/wp-content\/uploads\/2011\/05\/cropped-logo-bellunopress-.jpg","width":512,"height":512,"caption":"Bellunopress"},"image":{"@id":"https:\/\/www.bellunopress.it\/#\/schema\/logo\/image\/"},"sameAs":["https:\/\/www.facebook.com\/profile.php?id=100008943462799","https:\/\/x.com\/bellunopress","https:\/\/www.linkedin.com\/hp\/?dnr=JBzUWaJfMUw8vbXJJ2tVW5-I3jZKvC4wsoxE&amp;amp;amp;amp;amp;amp;trk=nav_responsive_tab_home","https:\/\/www.youtube.com\/channel\/UCxL0wu1uN0_3_7hGG0306cw"]},{"@type":"Person","@id":"https:\/\/www.bellunopress.it\/#\/schema\/person\/79bb06722b37ece1c03d3e94beb30d73","name":"r\u00e9daction","image":{"@type":"ImageObject","inLanguage":"fr-FR","@id":"https:\/\/secure.gravatar.com\/avatar\/37d968a2e67a6fd04c169c4bdef102d0bc5d31b2546345219e348575eb80e9a0?s=96&d=mm&r=g","url":"https:\/\/secure.gravatar.com\/avatar\/37d968a2e67a6fd04c169c4bdef102d0bc5d31b2546345219e348575eb80e9a0?s=96&d=mm&r=g","contentUrl":"https:\/\/secure.gravatar.com\/avatar\/37d968a2e67a6fd04c169c4bdef102d0bc5d31b2546345219e348575eb80e9a0?s=96&d=mm&r=g","caption":"redazione"},"sameAs":["http:\/\/www.bellunopress.it","https:\/\/x.com\/bellunopress"],"url":"https:\/\/www.bellunopress.it\/fr\/author\/redazione\/"}]}},"_links":{"self":[{"href":"https:\/\/www.bellunopress.it\/fr\/wp-json\/wp\/v2\/posts\/5605","targetHints":{"allow":["GET"]}}],"collection":[{"href":"https:\/\/www.bellunopress.it\/fr\/wp-json\/wp\/v2\/posts"}],"about":[{"href":"https:\/\/www.bellunopress.it\/fr\/wp-json\/wp\/v2\/types\/post"}],"author":[{"embeddable":true,"href":"https:\/\/www.bellunopress.it\/fr\/wp-json\/wp\/v2\/users\/2"}],"replies":[{"embeddable":true,"href":"https:\/\/www.bellunopress.it\/fr\/wp-json\/wp\/v2\/comments?post=5605"}],"version-history":[{"count":1,"href":"https:\/\/www.bellunopress.it\/fr\/wp-json\/wp\/v2\/posts\/5605\/revisions"}],"predecessor-version":[{"id":5606,"href":"https:\/\/www.bellunopress.it\/fr\/wp-json\/wp\/v2\/posts\/5605\/revisions\/5606"}],"wp:attachment":[{"href":"https:\/\/www.bellunopress.it\/fr\/wp-json\/wp\/v2\/media?parent=5605"}],"wp:term":[{"taxonomy":"category","embeddable":true,"href":"https:\/\/www.bellunopress.it\/fr\/wp-json\/wp\/v2\/categories?post=5605"},{"taxonomy":"post_tag","embeddable":true,"href":"https:\/\/www.bellunopress.it\/fr\/wp-json\/wp\/v2\/tags?post=5605"}],"curies":[{"name":"wp","href":"https:\/\/api.w.org\/{rel}","templated":true}]}}