{"id":5600,"date":"2009-07-02T20:34:46","date_gmt":"2009-07-02T19:34:46","guid":{"rendered":"http:\/\/www.bellunopress.it\/?p=5600"},"modified":"2009-07-02T20:34:46","modified_gmt":"2009-07-02T19:34:46","slug":"le-dolomiti-abbracciano-lafrica-ecco-il-programma-per-domenica-5-luglio","status":"publish","type":"post","link":"https:\/\/www.bellunopress.it\/fr\/2009\/07\/02\/le-dolomiti-abbracciano-lafrica-ecco-il-programma-per-domenica-5-luglio\/","title":{"rendered":"Le Dolomiti abbracciano l&#8217;Africa, ecco il programma per domenica 5 luglio"},"content":{"rendered":"<p>La manifestazione umanitaria \u201cLe Dolomiti Abbracciano l\u2019Africa\u201d andr\u00e0 in mondovisione sul programma Italia News di Rai International, il direttore Piero Badaloni ha comunicato la notizia all\u2019ideatrice dell\u2019evento Tatiana Pais Becher, Assessore alla Cultura del Comune di Auronzo di Cadore. Dopo i messaggi di sostegno all\u2019iniziativa del Presidente della Camera Gianfranco Fini, del Presidente del Summit dei Premi Nobel per la Pace Walter Veltroni, del Presidente del Gruppo di lavoro Onu \u2013 Unione Africana Romano Prodi, di padre Alex Zanotelli e i videoclip registrati da artisti del calibro di Moni Ovadia, Liam O\u2019Maonlai degli Hothouse Flowers, Pau dei Negrita, Gualtiero Bertelli e altri che arriveranno nella giornata di domani, \u00e8 giunto al Comune di Auronzo di Cadore anche il messaggio di apprezzamento per l\u2019iniziativa del Presidente della Repubblica Giorgio Napoletano, che verr\u00e0 letto alle Tre Cime di Lavaredo dal Prefetto di Belluno Provvidenza Raimondo. Parteciper\u00e0 alla manifestazione anche il Vescovo di Belluno-Feltre Mons. Giuseppe Andrich.<br \/>\nL\u2019iniziativa sta assumendo in questi giorni sempre pi\u00f9 una valenza internazionale, viste le adesioni che stanno giungendo anche da oltreoceano: la comunit\u00e0 italo americana di New York si riunir\u00e0 per l\u2019occasione in un locale della citt\u00e0 per unirsi alla catena umana e creare un ponte ideale di solidariet\u00e0; in Rwanda 200 bambini si terranno per mano e si collegheranno telefonicamente con l\u2019ONG Insieme Si Pu\u00f2, proprio durante la conferenza stampa prevista alle ore 10 presso il Rifugio Auronzo; il sito internet della Federazione russa di Alpinismo, <a href=\"http:\/\/www.rusk.ru\">www.rusk.ru<\/a>, ha pubblicato oggi la notizia in prima pagina, continuando quel ponte di amicizia tra gli alpinisti russi protagonisti del Women Russian Festival alle Tre Cime di Lavaredo e la comunit\u00e0 auronzana. Ieri \u00e8 giunta anche l\u2019adesione ufficiale degli organizzatori della Marcia Mondiale per la Pace, che si terr\u00e0 in tutto il mondo il 2 ottobre.<br \/>\nIl Comune di Auronzo di Cadore, organizzatore della manifestazione insieme all\u2019ONG Insieme Si Pu\u00f2, ha predisposto l\u2019apertura della strada per le Tre Cime alle ore 6,con accesso gratuito consentito alle auto con almeno 4 persone a bordo fino all\u2019esaurimento dei 750 posti auto. La DolomitiBus, sponsor ufficiale dell\u2019iniziativa, attiver\u00e0 un servizio di navetta gratuito dalle ore 6.00 alle ore 11.30 in salita e in discesa in relazione alla domanda e fino alle ore 16.00. \u00b7 sulla tratta Misurina Rifugio Genzianella \u2013 Tre Cime. Inoltre sui percorsi Pedavena Birreria &#8211; Feltre Ospedale \u2013 Sedico &#8211; Calalzo FS \u2013 Auronzo \u2013 Misurina, Feltre &#8211; Trichiana \u2013 Sagrogna &#8211; Misurina e Belluno \u2013 Misurina saranno attivate tre nuove corse, oltre a quelle gi\u00e0 programmate sul servizio ordinario consultabili nella sezione orari del sito <a href=\"http:\/\/www.dolomitibus.it\">www.dolomitibus.it<\/a><\/p>\n<p>Si consiglia a tutti coloro che vorranno partecipare alla catena umana di raggiungere il Rifugio Auronzo e i punti informativi di Insieme Si Pu\u00f2 ivi presenti entro le ore 10, in modo da poter permettere ai volontari il posizionamento dei partecipanti lungo tutto il percorso.<br \/>\nPROGRAMMA \u201cLE DOLOMITI ABBRACCIANO L\u2019AFRICA\u201d<br \/>\nDOMENICA 5 LUGLIO 2009\u00a0 AURONZO DI CADORE<br \/>\nOre 6 apertura strada per il Rifugio Auronzo<br \/>\nOre 10 conferenza stampa di\u00a0 presentazione iniziativa e saluto autorit\u00e0 e ospiti presso il Rifugio Auronzo<br \/>\nOre 12 catena umana attorno alle Tre Cime di Lavaredo con fumogeni da Cima Grande di Lavaredo<br \/>\nOre 12 registrazione voci dei partecipanti alla catena umana per realizzazione cd da inviare alle radio nazionali e da consegnare agli 8 leader del G8<br \/>\nOre 14 possibile esibizione artistica e discorso degli artisti e personalit\u00e0 presenti \u2013 Rifugio Auronzo<br \/>\nOre 15 chiusura manifestazione<br \/>\nOre 18\u00a0 tavola rotonda \u201cDalle Dolomiti all\u2019Africa\u201d<br \/>\nSala Cinema Kursaal Auronzo di Cadore<br \/>\nIntervengono<br \/>\nPiergiorgio Da Rold \u2013 Direttore ONG Associazione Gruppi \u201cInsieme si pu\u00f2\u2026\u201d<br \/>\nGiuseppina Tripodi \u2013 Fondazione Rita Levi Montalcini<br \/>\nPaolo Pobbiati \u2013 Former President Amnesty International<br \/>\nEnrico Borghi \u2013 Presidente UNCEM<br \/>\nSergio Marelli \u2013 Direttore FOCSIV e Presidente Associazione Ong Italiane<br \/>\nFabio Salviato &#8211; Presidente Banca Etica<br \/>\nFausto De Stefani \u2013 Mountain Wilderness<\/p>","protected":false},"excerpt":{"rendered":"<p>La manifestazione umanitaria \u201cLe Dolomiti Abbracciano l\u2019Africa\u201d andr\u00e0 in mondovisione sul programma Italia News di Rai International, il direttore Piero Badaloni ha comunicato la notizia all\u2019ideatrice dell\u2019evento Tatiana Pais Becher, Assessore alla Cultura del Comune di Auronzo di Cadore. Dopo i messaggi di sostegno all\u2019iniziativa del Presidente della Camera Gianfranco Fini, del Presidente del Summit [&hellip;]<\/p>\n","protected":false},"author":2,"featured_media":0,"comment_status":"closed","ping_status":"open","sticky":false,"template":"","format":"standard","meta":{"footnotes":""},"categories":[27,3,25],"tags":[139,151,63,302],"class_list":["post-5600","post","type-post","status-publish","format-standard","category-appuntamenti","category-arte-cultura-spettacoli-scienza-archivi","category-pausa-caffe","tag-belluno","tag-cadore","tag-dolomiti","tag-feltre"],"yoast_head":"<!-- This site is optimized with the Yoast SEO plugin v28.4 - https:\/\/yoast.com\/product\/yoast-seo-wordpress\/ -->\n<title>Le Dolomiti abbracciano l&#039;Africa, ecco il programma per domenica 5 luglio - Bellunopress - Dolomiti<\/title>\n<meta name=\"robots\" content=\"index, follow, max-snippet:-1, max-image-preview:large, max-video-preview:-1\" \/>\n<link rel=\"canonical\" href=\"https:\/\/www.bellunopress.it\/fr\/2009\/07\/02\/le-dolomiti-abbracciano-lafrica-ecco-il-programma-per-domenica-5-luglio\/\" \/>\n<meta property=\"og:locale\" content=\"fr_FR\" \/>\n<meta property=\"og:type\" content=\"article\" \/>\n<meta property=\"og:title\" content=\"Le Dolomiti abbracciano l&#039;Africa, ecco il programma per domenica 5 luglio - Bellunopress - Dolomiti\" \/>\n<meta property=\"og:description\" content=\"La manifestazione umanitaria \u201cLe Dolomiti Abbracciano l\u2019Africa\u201d andr\u00e0 in mondovisione sul programma Italia News di Rai International, il direttore Piero Badaloni ha comunicato la notizia all\u2019ideatrice dell\u2019evento Tatiana Pais Becher, Assessore alla Cultura del Comune di Auronzo di Cadore. Dopo i messaggi di sostegno all\u2019iniziativa del Presidente della Camera Gianfranco Fini, del Presidente del Summit [&hellip;]\" \/>\n<meta property=\"og:url\" content=\"https:\/\/www.bellunopress.it\/fr\/2009\/07\/02\/le-dolomiti-abbracciano-lafrica-ecco-il-programma-per-domenica-5-luglio\/\" \/>\n<meta property=\"og:site_name\" content=\"Bellunopress - Dolomiti\" \/>\n<meta property=\"article:publisher\" content=\"https:\/\/www.facebook.com\/profile.php?id=100008943462799\" \/>\n<meta property=\"article:published_time\" content=\"2009-07-02T19:34:46+00:00\" \/>\n<meta property=\"og:image\" content=\"http:\/\/www.bellunopress.it\/wp-content\/uploads\/2012\/07\/logo-bellunopress-250x250-2012.jpg\" \/>\n<meta name=\"author\" content=\"redazione\" \/>\n<meta name=\"twitter:card\" content=\"summary_large_image\" \/>\n<meta name=\"twitter:creator\" content=\"@bellunopress\" \/>\n<meta name=\"twitter:site\" content=\"@bellunopress\" \/>\n<meta name=\"twitter:label1\" content=\"Written by\" \/>\n\t<meta name=\"twitter:data1\" content=\"redazione\" \/>\n\t<meta name=\"twitter:label2\" content=\"Est. reading time\" \/>\n\t<meta name=\"twitter:data2\" content=\"3 minutes\" \/>\n<script type=\"application\/ld+json\" class=\"yoast-schema-graph\">{\"@context\":\"https:\\\/\\\/schema.org\",\"@graph\":[{\"@type\":\"Article\",\"@id\":\"https:\\\/\\\/www.bellunopress.it\\\/2009\\\/07\\\/02\\\/le-dolomiti-abbracciano-lafrica-ecco-il-programma-per-domenica-5-luglio\\\/#article\",\"isPartOf\":{\"@id\":\"https:\\\/\\\/www.bellunopress.it\\\/2009\\\/07\\\/02\\\/le-dolomiti-abbracciano-lafrica-ecco-il-programma-per-domenica-5-luglio\\\/\"},\"author\":{\"name\":\"redazione\",\"@id\":\"https:\\\/\\\/www.bellunopress.it\\\/#\\\/schema\\\/person\\\/79bb06722b37ece1c03d3e94beb30d73\"},\"headline\":\"Le Dolomiti abbracciano l&#8217;Africa, ecco il programma per domenica 5 luglio\",\"datePublished\":\"2009-07-02T19:34:46+00:00\",\"mainEntityOfPage\":{\"@id\":\"https:\\\/\\\/www.bellunopress.it\\\/2009\\\/07\\\/02\\\/le-dolomiti-abbracciano-lafrica-ecco-il-programma-per-domenica-5-luglio\\\/\"},\"wordCount\":630,\"publisher\":{\"@id\":\"https:\\\/\\\/www.bellunopress.it\\\/#organization\"},\"keywords\":[\"Belluno\",\"Cadore\",\"Dolomiti\",\"Feltre\"],\"articleSection\":[\"Appuntamenti, Eventi\",\"Arte, Cultura, Spettacoli, Scienza\",\"Pausa Caff\u00e8\"],\"inLanguage\":\"fr-FR\"},{\"@type\":\"WebPage\",\"@id\":\"https:\\\/\\\/www.bellunopress.it\\\/2009\\\/07\\\/02\\\/le-dolomiti-abbracciano-lafrica-ecco-il-programma-per-domenica-5-luglio\\\/\",\"url\":\"https:\\\/\\\/www.bellunopress.it\\\/2009\\\/07\\\/02\\\/le-dolomiti-abbracciano-lafrica-ecco-il-programma-per-domenica-5-luglio\\\/\",\"name\":\"Le Dolomiti abbracciano l'Africa, ecco il programma per domenica 5 luglio - Bellunopress - Dolomiti\",\"isPartOf\":{\"@id\":\"https:\\\/\\\/www.bellunopress.it\\\/#website\"},\"datePublished\":\"2009-07-02T19:34:46+00:00\",\"breadcrumb\":{\"@id\":\"https:\\\/\\\/www.bellunopress.it\\\/2009\\\/07\\\/02\\\/le-dolomiti-abbracciano-lafrica-ecco-il-programma-per-domenica-5-luglio\\\/#breadcrumb\"},\"inLanguage\":\"fr-FR\",\"potentialAction\":[{\"@type\":\"ReadAction\",\"target\":[\"https:\\\/\\\/www.bellunopress.it\\\/2009\\\/07\\\/02\\\/le-dolomiti-abbracciano-lafrica-ecco-il-programma-per-domenica-5-luglio\\\/\"]}]},{\"@type\":\"BreadcrumbList\",\"@id\":\"https:\\\/\\\/www.bellunopress.it\\\/2009\\\/07\\\/02\\\/le-dolomiti-abbracciano-lafrica-ecco-il-programma-per-domenica-5-luglio\\\/#breadcrumb\",\"itemListElement\":[{\"@type\":\"ListItem\",\"position\":1,\"name\":\"Home\",\"item\":\"https:\\\/\\\/www.bellunopress.it\\\/\"},{\"@type\":\"ListItem\",\"position\":2,\"name\":\"Le Dolomiti abbracciano l&#8217;Africa, ecco il programma per domenica 5 luglio\"}]},{\"@type\":\"WebSite\",\"@id\":\"https:\\\/\\\/www.bellunopress.it\\\/#website\",\"url\":\"https:\\\/\\\/www.bellunopress.it\\\/\",\"name\":\"Bellunopress - Dolomiti\",\"description\":\"e-mail: redazione@bellunopress.it\",\"publisher\":{\"@id\":\"https:\\\/\\\/www.bellunopress.it\\\/#organization\"},\"potentialAction\":[{\"@type\":\"SearchAction\",\"target\":{\"@type\":\"EntryPoint\",\"urlTemplate\":\"https:\\\/\\\/www.bellunopress.it\\\/?s={search_term_string}\"},\"query-input\":{\"@type\":\"PropertyValueSpecification\",\"valueRequired\":true,\"valueName\":\"search_term_string\"}}],\"inLanguage\":\"fr-FR\"},{\"@type\":\"Organization\",\"@id\":\"https:\\\/\\\/www.bellunopress.it\\\/#organization\",\"name\":\"Bellunopress\",\"url\":\"https:\\\/\\\/www.bellunopress.it\\\/\",\"logo\":{\"@type\":\"ImageObject\",\"inLanguage\":\"fr-FR\",\"@id\":\"https:\\\/\\\/www.bellunopress.it\\\/#\\\/schema\\\/logo\\\/image\\\/\",\"url\":\"https:\\\/\\\/www.bellunopress.it\\\/wp-content\\\/uploads\\\/2011\\\/05\\\/cropped-logo-bellunopress-.jpg\",\"contentUrl\":\"https:\\\/\\\/www.bellunopress.it\\\/wp-content\\\/uploads\\\/2011\\\/05\\\/cropped-logo-bellunopress-.jpg\",\"width\":512,\"height\":512,\"caption\":\"Bellunopress\"},\"image\":{\"@id\":\"https:\\\/\\\/www.bellunopress.it\\\/#\\\/schema\\\/logo\\\/image\\\/\"},\"sameAs\":[\"https:\\\/\\\/www.facebook.com\\\/profile.php?id=100008943462799\",\"https:\\\/\\\/x.com\\\/bellunopress\",\"https:\\\/\\\/www.linkedin.com\\\/hp\\\/?dnr=JBzUWaJfMUw8vbXJJ2tVW5-I3jZKvC4wsoxE&amp;amp;amp;amp;amp;amp;trk=nav_responsive_tab_home\",\"https:\\\/\\\/www.youtube.com\\\/channel\\\/UCxL0wu1uN0_3_7hGG0306cw\"]},{\"@type\":\"Person\",\"@id\":\"https:\\\/\\\/www.bellunopress.it\\\/#\\\/schema\\\/person\\\/79bb06722b37ece1c03d3e94beb30d73\",\"name\":\"redazione\",\"image\":{\"@type\":\"ImageObject\",\"inLanguage\":\"fr-FR\",\"@id\":\"https:\\\/\\\/secure.gravatar.com\\\/avatar\\\/37d968a2e67a6fd04c169c4bdef102d0bc5d31b2546345219e348575eb80e9a0?s=96&d=mm&r=g\",\"url\":\"https:\\\/\\\/secure.gravatar.com\\\/avatar\\\/37d968a2e67a6fd04c169c4bdef102d0bc5d31b2546345219e348575eb80e9a0?s=96&d=mm&r=g\",\"contentUrl\":\"https:\\\/\\\/secure.gravatar.com\\\/avatar\\\/37d968a2e67a6fd04c169c4bdef102d0bc5d31b2546345219e348575eb80e9a0?s=96&d=mm&r=g\",\"caption\":\"redazione\"},\"sameAs\":[\"http:\\\/\\\/www.bellunopress.it\",\"https:\\\/\\\/x.com\\\/bellunopress\"],\"url\":\"https:\\\/\\\/www.bellunopress.it\\\/fr\\\/author\\\/redazione\\\/\"}]}<\/script>\n<!-- \/ Yoast SEO plugin. -->","yoast_head_json":{"title":"Le Dolomiti abbracciano l'Africa, ecco il programma per domenica 5 luglio - Bellunopress - Dolomiti","robots":{"index":"index","follow":"follow","max-snippet":"max-snippet:-1","max-image-preview":"max-image-preview:large","max-video-preview":"max-video-preview:-1"},"canonical":"https:\/\/www.bellunopress.it\/fr\/2009\/07\/02\/le-dolomiti-abbracciano-lafrica-ecco-il-programma-per-domenica-5-luglio\/","og_locale":"fr_FR","og_type":"article","og_title":"Le Dolomiti abbracciano l'Africa, ecco il programma per domenica 5 luglio - Bellunopress - Dolomiti","og_description":"La manifestazione umanitaria \u201cLe Dolomiti Abbracciano l\u2019Africa\u201d andr\u00e0 in mondovisione sul programma Italia News di Rai International, il direttore Piero Badaloni ha comunicato la notizia all\u2019ideatrice dell\u2019evento Tatiana Pais Becher, Assessore alla Cultura del Comune di Auronzo di Cadore. Dopo i messaggi di sostegno all\u2019iniziativa del Presidente della Camera Gianfranco Fini, del Presidente del Summit [&hellip;]","og_url":"https:\/\/www.bellunopress.it\/fr\/2009\/07\/02\/le-dolomiti-abbracciano-lafrica-ecco-il-programma-per-domenica-5-luglio\/","og_site_name":"Bellunopress - Dolomiti","article_publisher":"https:\/\/www.facebook.com\/profile.php?id=100008943462799","article_published_time":"2009-07-02T19:34:46+00:00","og_image":[{"url":"http:\/\/www.bellunopress.it\/wp-content\/uploads\/2012\/07\/logo-bellunopress-250x250-2012.jpg","type":"","width":"","height":""}],"author":"redazione","twitter_card":"summary_large_image","twitter_creator":"@bellunopress","twitter_site":"@bellunopress","twitter_misc":{"Written by":"redazione","Est. reading time":"3 minutes"},"schema":{"@context":"https:\/\/schema.org","@graph":[{"@type":"Article","@id":"https:\/\/www.bellunopress.it\/2009\/07\/02\/le-dolomiti-abbracciano-lafrica-ecco-il-programma-per-domenica-5-luglio\/#article","isPartOf":{"@id":"https:\/\/www.bellunopress.it\/2009\/07\/02\/le-dolomiti-abbracciano-lafrica-ecco-il-programma-per-domenica-5-luglio\/"},"author":{"name":"redazione","@id":"https:\/\/www.bellunopress.it\/#\/schema\/person\/79bb06722b37ece1c03d3e94beb30d73"},"headline":"Le Dolomiti abbracciano l&#8217;Africa, ecco il programma per domenica 5 luglio","datePublished":"2009-07-02T19:34:46+00:00","mainEntityOfPage":{"@id":"https:\/\/www.bellunopress.it\/2009\/07\/02\/le-dolomiti-abbracciano-lafrica-ecco-il-programma-per-domenica-5-luglio\/"},"wordCount":630,"publisher":{"@id":"https:\/\/www.bellunopress.it\/#organization"},"keywords":["Belluno","Cadore","Dolomiti","Feltre"],"articleSection":["Appuntamenti, Eventi","Arte, Cultura, Spettacoli, Scienza","Pausa Caff\u00e8"],"inLanguage":"fr-FR"},{"@type":"WebPage","@id":"https:\/\/www.bellunopress.it\/2009\/07\/02\/le-dolomiti-abbracciano-lafrica-ecco-il-programma-per-domenica-5-luglio\/","url":"https:\/\/www.bellunopress.it\/2009\/07\/02\/le-dolomiti-abbracciano-lafrica-ecco-il-programma-per-domenica-5-luglio\/","name":"Le Dolomiti abbracciano l'Africa, ecco il programma per domenica 5 luglio - Bellunopress - Dolomiti","isPartOf":{"@id":"https:\/\/www.bellunopress.it\/#website"},"datePublished":"2009-07-02T19:34:46+00:00","breadcrumb":{"@id":"https:\/\/www.bellunopress.it\/2009\/07\/02\/le-dolomiti-abbracciano-lafrica-ecco-il-programma-per-domenica-5-luglio\/#breadcrumb"},"inLanguage":"fr-FR","potentialAction":[{"@type":"ReadAction","target":["https:\/\/www.bellunopress.it\/2009\/07\/02\/le-dolomiti-abbracciano-lafrica-ecco-il-programma-per-domenica-5-luglio\/"]}]},{"@type":"BreadcrumbList","@id":"https:\/\/www.bellunopress.it\/2009\/07\/02\/le-dolomiti-abbracciano-lafrica-ecco-il-programma-per-domenica-5-luglio\/#breadcrumb","itemListElement":[{"@type":"ListItem","position":1,"name":"Home","item":"https:\/\/www.bellunopress.it\/"},{"@type":"ListItem","position":2,"name":"Le Dolomiti abbracciano l&#8217;Africa, ecco il programma per domenica 5 luglio"}]},{"@type":"WebSite","@id":"https:\/\/www.bellunopress.it\/#website","url":"https:\/\/www.bellunopress.it\/","name":"Bellunopress - Dolomiti","description":"e-mail: redazione@bellunopress.it","publisher":{"@id":"https:\/\/www.bellunopress.it\/#organization"},"potentialAction":[{"@type":"SearchAction","target":{"@type":"EntryPoint","urlTemplate":"https:\/\/www.bellunopress.it\/?s={search_term_string}"},"query-input":{"@type":"PropertyValueSpecification","valueRequired":true,"valueName":"search_term_string"}}],"inLanguage":"fr-FR"},{"@type":"Organization","@id":"https:\/\/www.bellunopress.it\/#organization","name":"Bellunopress","url":"https:\/\/www.bellunopress.it\/","logo":{"@type":"ImageObject","inLanguage":"fr-FR","@id":"https:\/\/www.bellunopress.it\/#\/schema\/logo\/image\/","url":"https:\/\/www.bellunopress.it\/wp-content\/uploads\/2011\/05\/cropped-logo-bellunopress-.jpg","contentUrl":"https:\/\/www.bellunopress.it\/wp-content\/uploads\/2011\/05\/cropped-logo-bellunopress-.jpg","width":512,"height":512,"caption":"Bellunopress"},"image":{"@id":"https:\/\/www.bellunopress.it\/#\/schema\/logo\/image\/"},"sameAs":["https:\/\/www.facebook.com\/profile.php?id=100008943462799","https:\/\/x.com\/bellunopress","https:\/\/www.linkedin.com\/hp\/?dnr=JBzUWaJfMUw8vbXJJ2tVW5-I3jZKvC4wsoxE&amp;amp;amp;amp;amp;amp;trk=nav_responsive_tab_home","https:\/\/www.youtube.com\/channel\/UCxL0wu1uN0_3_7hGG0306cw"]},{"@type":"Person","@id":"https:\/\/www.bellunopress.it\/#\/schema\/person\/79bb06722b37ece1c03d3e94beb30d73","name":"r\u00e9daction","image":{"@type":"ImageObject","inLanguage":"fr-FR","@id":"https:\/\/secure.gravatar.com\/avatar\/37d968a2e67a6fd04c169c4bdef102d0bc5d31b2546345219e348575eb80e9a0?s=96&d=mm&r=g","url":"https:\/\/secure.gravatar.com\/avatar\/37d968a2e67a6fd04c169c4bdef102d0bc5d31b2546345219e348575eb80e9a0?s=96&d=mm&r=g","contentUrl":"https:\/\/secure.gravatar.com\/avatar\/37d968a2e67a6fd04c169c4bdef102d0bc5d31b2546345219e348575eb80e9a0?s=96&d=mm&r=g","caption":"redazione"},"sameAs":["http:\/\/www.bellunopress.it","https:\/\/x.com\/bellunopress"],"url":"https:\/\/www.bellunopress.it\/fr\/author\/redazione\/"}]}},"_links":{"self":[{"href":"https:\/\/www.bellunopress.it\/fr\/wp-json\/wp\/v2\/posts\/5600","targetHints":{"allow":["GET"]}}],"collection":[{"href":"https:\/\/www.bellunopress.it\/fr\/wp-json\/wp\/v2\/posts"}],"about":[{"href":"https:\/\/www.bellunopress.it\/fr\/wp-json\/wp\/v2\/types\/post"}],"author":[{"embeddable":true,"href":"https:\/\/www.bellunopress.it\/fr\/wp-json\/wp\/v2\/users\/2"}],"replies":[{"embeddable":true,"href":"https:\/\/www.bellunopress.it\/fr\/wp-json\/wp\/v2\/comments?post=5600"}],"version-history":[{"count":1,"href":"https:\/\/www.bellunopress.it\/fr\/wp-json\/wp\/v2\/posts\/5600\/revisions"}],"predecessor-version":[{"id":5601,"href":"https:\/\/www.bellunopress.it\/fr\/wp-json\/wp\/v2\/posts\/5600\/revisions\/5601"}],"wp:attachment":[{"href":"https:\/\/www.bellunopress.it\/fr\/wp-json\/wp\/v2\/media?parent=5600"}],"wp:term":[{"taxonomy":"category","embeddable":true,"href":"https:\/\/www.bellunopress.it\/fr\/wp-json\/wp\/v2\/categories?post=5600"},{"taxonomy":"post_tag","embeddable":true,"href":"https:\/\/www.bellunopress.it\/fr\/wp-json\/wp\/v2\/tags?post=5600"}],"curies":[{"name":"wp","href":"https:\/\/api.w.org\/{rel}","templated":true}]}}