{"id":5592,"date":"2009-07-02T19:25:42","date_gmt":"2009-07-02T18:25:42","guid":{"rendered":"http:\/\/www.bellunopress.it\/?p=5592"},"modified":"2009-07-02T19:25:42","modified_gmt":"2009-07-02T18:25:42","slug":"piano-casa-soddisfazione-del-presidente-delluapi-tramontin","status":"publish","type":"post","link":"https:\/\/www.bellunopress.it\/fr\/2009\/07\/02\/piano-casa-soddisfazione-del-presidente-delluapi-tramontin\/","title":{"rendered":"Piano casa, soddisfazione del presidente dell&#8217;Uapi Tramontin"},"content":{"rendered":"<p>L\u2019edilizia \u00e8 in crisi: non solo a Belluno e non solo nel Veneto. Negli ultimi dodici mesi, a livello europeo, l\u2019attivit\u00e0 del settore \u00e8, infatti, calata del 3,1% e per quest\u2019anno le previsioni indicano la possibilit\u00e0 di un ulteriore peggioramento della situazione con perdite del volume di affari che in media potranno aggirarsi intorno al 7,5%, mentre le prime timide previsioni di crescita si ipotizzano solo nel 2011. Dati preoccupanti anche in ragione del fatto che il mercato dell\u2019edilizia produce oltre il 10% del Pil dell\u2019UE, cio\u00e8 tre volte la quota del settore automobilistico.<br \/>\n\u201cA Belluno &#8211; dice Paolo Tramontin, Presidente dei costruttori dell\u2019Unione Artigiani e Piccola Industria &#8211; il peso del settore \u00e8 ancora maggiore e le conseguenze della crisi si stanno dimostrando davvero gravi. Servirebbero misure strutturali, come il finanziamento dei lavori per la riqualificazione energetica degli edifici e un\u2019Iva agevolata generalizzata, ma anche un sostegno alle famiglie nell\u2019acquisto delle abitazioni e minori ostacoli all\u2019accesso al credito per le imprese.\u201dDi queste misure, per\u00f2, non c\u2019\u00e8 traccia neppure nell\u2019ultimo decreto anticrisi del governo nazionale. L\u2019unico fatto nuovo \u00e8 rappresentato dall\u2019approvazione del piano casa da parte del Consiglio Regionale: e il giudizio positivo dell\u2019UAPI \u00e8 scontato, ma con qualche puntualizzazione. \u201cE\u2019 sicuramente un provvedimento importante &#8211; dice Tramontin &#8211; perch\u00e9 pu\u00f2 generare investimenti interessanti, che molti non stavano facendo proprio in attesa delle decisioni politiche. Nonostante si sia perso del tempo prezioso e il piano casa arrivi al picco della crisi, ora che il quadro legislativo c\u2019\u00e8 non resta che sperare che i Comuni mettano subito in agenda la questione e che nessuno aspetti la scadenza del 30 ottobre. L\u2019appello che lanciamo \u00e8 di dare la massima priorit\u00e0 ai deliberati di competenza, anche perch\u00e9 in montagna la stagione finisce presto e non possiamo aspettare la primavera del prossimo anno per vedere i primi effetti del provvedimento.\u201d<\/p>","protected":false},"excerpt":{"rendered":"<p>L\u2019edilizia \u00e8 in crisi: non solo a Belluno e non solo nel Veneto. Negli ultimi dodici mesi, a livello europeo, l\u2019attivit\u00e0 del settore \u00e8, infatti, calata del 3,1% e per quest\u2019anno le previsioni indicano la possibilit\u00e0 di un ulteriore peggioramento della situazione con perdite del volume di affari che in media potranno aggirarsi intorno al [&hellip;]<\/p>\n","protected":false},"author":2,"featured_media":0,"comment_status":"closed","ping_status":"open","sticky":false,"template":"","format":"standard","meta":{"footnotes":""},"categories":[36,26],"tags":[139],"class_list":["post-5592","post","type-post","status-publish","format-standard","category-lavoro-economia","category-prima-pagina","tag-belluno"],"yoast_head":"<!-- This site is optimized with the Yoast SEO plugin v28.4 - https:\/\/yoast.com\/product\/yoast-seo-wordpress\/ -->\n<title>Piano casa, soddisfazione del presidente dell&#039;Uapi Tramontin - Bellunopress - Dolomiti<\/title>\n<meta name=\"robots\" content=\"index, follow, max-snippet:-1, max-image-preview:large, max-video-preview:-1\" \/>\n<link rel=\"canonical\" href=\"https:\/\/www.bellunopress.it\/fr\/2009\/07\/02\/piano-casa-soddisfazione-del-presidente-delluapi-tramontin\/\" \/>\n<meta property=\"og:locale\" content=\"fr_FR\" \/>\n<meta property=\"og:type\" content=\"article\" \/>\n<meta property=\"og:title\" content=\"Piano casa, soddisfazione del presidente dell&#039;Uapi Tramontin - Bellunopress - Dolomiti\" \/>\n<meta property=\"og:description\" content=\"L\u2019edilizia \u00e8 in crisi: non solo a Belluno e non solo nel Veneto. Negli ultimi dodici mesi, a livello europeo, l\u2019attivit\u00e0 del settore \u00e8, infatti, calata del 3,1% e per quest\u2019anno le previsioni indicano la possibilit\u00e0 di un ulteriore peggioramento della situazione con perdite del volume di affari che in media potranno aggirarsi intorno al [&hellip;]\" \/>\n<meta property=\"og:url\" content=\"https:\/\/www.bellunopress.it\/fr\/2009\/07\/02\/piano-casa-soddisfazione-del-presidente-delluapi-tramontin\/\" \/>\n<meta property=\"og:site_name\" content=\"Bellunopress - Dolomiti\" \/>\n<meta property=\"article:publisher\" content=\"https:\/\/www.facebook.com\/profile.php?id=100008943462799\" \/>\n<meta property=\"article:published_time\" content=\"2009-07-02T18:25:42+00:00\" \/>\n<meta property=\"og:image\" content=\"http:\/\/www.bellunopress.it\/wp-content\/uploads\/2012\/07\/logo-bellunopress-250x250-2012.jpg\" \/>\n<meta name=\"author\" content=\"redazione\" \/>\n<meta name=\"twitter:card\" content=\"summary_large_image\" \/>\n<meta name=\"twitter:creator\" content=\"@bellunopress\" \/>\n<meta name=\"twitter:site\" content=\"@bellunopress\" \/>\n<meta name=\"twitter:label1\" content=\"Written by\" \/>\n\t<meta name=\"twitter:data1\" content=\"redazione\" \/>\n\t<meta name=\"twitter:label2\" content=\"Est. reading time\" \/>\n\t<meta name=\"twitter:data2\" content=\"2 minutes\" \/>\n<script type=\"application\/ld+json\" class=\"yoast-schema-graph\">{\"@context\":\"https:\\\/\\\/schema.org\",\"@graph\":[{\"@type\":\"Article\",\"@id\":\"https:\\\/\\\/www.bellunopress.it\\\/2009\\\/07\\\/02\\\/piano-casa-soddisfazione-del-presidente-delluapi-tramontin\\\/#article\",\"isPartOf\":{\"@id\":\"https:\\\/\\\/www.bellunopress.it\\\/2009\\\/07\\\/02\\\/piano-casa-soddisfazione-del-presidente-delluapi-tramontin\\\/\"},\"author\":{\"name\":\"redazione\",\"@id\":\"https:\\\/\\\/www.bellunopress.it\\\/#\\\/schema\\\/person\\\/79bb06722b37ece1c03d3e94beb30d73\"},\"headline\":\"Piano casa, soddisfazione del presidente dell&#8217;Uapi Tramontin\",\"datePublished\":\"2009-07-02T18:25:42+00:00\",\"mainEntityOfPage\":{\"@id\":\"https:\\\/\\\/www.bellunopress.it\\\/2009\\\/07\\\/02\\\/piano-casa-soddisfazione-del-presidente-delluapi-tramontin\\\/\"},\"wordCount\":318,\"publisher\":{\"@id\":\"https:\\\/\\\/www.bellunopress.it\\\/#organization\"},\"keywords\":[\"Belluno\"],\"articleSection\":[\"Lavoro, Economia, Turismo\",\"Prima Pagina\"],\"inLanguage\":\"fr-FR\"},{\"@type\":\"WebPage\",\"@id\":\"https:\\\/\\\/www.bellunopress.it\\\/2009\\\/07\\\/02\\\/piano-casa-soddisfazione-del-presidente-delluapi-tramontin\\\/\",\"url\":\"https:\\\/\\\/www.bellunopress.it\\\/2009\\\/07\\\/02\\\/piano-casa-soddisfazione-del-presidente-delluapi-tramontin\\\/\",\"name\":\"Piano casa, soddisfazione del presidente dell'Uapi Tramontin - Bellunopress - Dolomiti\",\"isPartOf\":{\"@id\":\"https:\\\/\\\/www.bellunopress.it\\\/#website\"},\"datePublished\":\"2009-07-02T18:25:42+00:00\",\"breadcrumb\":{\"@id\":\"https:\\\/\\\/www.bellunopress.it\\\/2009\\\/07\\\/02\\\/piano-casa-soddisfazione-del-presidente-delluapi-tramontin\\\/#breadcrumb\"},\"inLanguage\":\"fr-FR\",\"potentialAction\":[{\"@type\":\"ReadAction\",\"target\":[\"https:\\\/\\\/www.bellunopress.it\\\/2009\\\/07\\\/02\\\/piano-casa-soddisfazione-del-presidente-delluapi-tramontin\\\/\"]}]},{\"@type\":\"BreadcrumbList\",\"@id\":\"https:\\\/\\\/www.bellunopress.it\\\/2009\\\/07\\\/02\\\/piano-casa-soddisfazione-del-presidente-delluapi-tramontin\\\/#breadcrumb\",\"itemListElement\":[{\"@type\":\"ListItem\",\"position\":1,\"name\":\"Home\",\"item\":\"https:\\\/\\\/www.bellunopress.it\\\/\"},{\"@type\":\"ListItem\",\"position\":2,\"name\":\"Piano casa, soddisfazione del presidente dell&#8217;Uapi Tramontin\"}]},{\"@type\":\"WebSite\",\"@id\":\"https:\\\/\\\/www.bellunopress.it\\\/#website\",\"url\":\"https:\\\/\\\/www.bellunopress.it\\\/\",\"name\":\"Bellunopress - Dolomiti\",\"description\":\"e-mail: redazione@bellunopress.it\",\"publisher\":{\"@id\":\"https:\\\/\\\/www.bellunopress.it\\\/#organization\"},\"potentialAction\":[{\"@type\":\"SearchAction\",\"target\":{\"@type\":\"EntryPoint\",\"urlTemplate\":\"https:\\\/\\\/www.bellunopress.it\\\/?s={search_term_string}\"},\"query-input\":{\"@type\":\"PropertyValueSpecification\",\"valueRequired\":true,\"valueName\":\"search_term_string\"}}],\"inLanguage\":\"fr-FR\"},{\"@type\":\"Organization\",\"@id\":\"https:\\\/\\\/www.bellunopress.it\\\/#organization\",\"name\":\"Bellunopress\",\"url\":\"https:\\\/\\\/www.bellunopress.it\\\/\",\"logo\":{\"@type\":\"ImageObject\",\"inLanguage\":\"fr-FR\",\"@id\":\"https:\\\/\\\/www.bellunopress.it\\\/#\\\/schema\\\/logo\\\/image\\\/\",\"url\":\"https:\\\/\\\/www.bellunopress.it\\\/wp-content\\\/uploads\\\/2011\\\/05\\\/cropped-logo-bellunopress-.jpg\",\"contentUrl\":\"https:\\\/\\\/www.bellunopress.it\\\/wp-content\\\/uploads\\\/2011\\\/05\\\/cropped-logo-bellunopress-.jpg\",\"width\":512,\"height\":512,\"caption\":\"Bellunopress\"},\"image\":{\"@id\":\"https:\\\/\\\/www.bellunopress.it\\\/#\\\/schema\\\/logo\\\/image\\\/\"},\"sameAs\":[\"https:\\\/\\\/www.facebook.com\\\/profile.php?id=100008943462799\",\"https:\\\/\\\/x.com\\\/bellunopress\",\"https:\\\/\\\/www.linkedin.com\\\/hp\\\/?dnr=JBzUWaJfMUw8vbXJJ2tVW5-I3jZKvC4wsoxE&amp;amp;amp;amp;amp;amp;trk=nav_responsive_tab_home\",\"https:\\\/\\\/www.youtube.com\\\/channel\\\/UCxL0wu1uN0_3_7hGG0306cw\"]},{\"@type\":\"Person\",\"@id\":\"https:\\\/\\\/www.bellunopress.it\\\/#\\\/schema\\\/person\\\/79bb06722b37ece1c03d3e94beb30d73\",\"name\":\"redazione\",\"image\":{\"@type\":\"ImageObject\",\"inLanguage\":\"fr-FR\",\"@id\":\"https:\\\/\\\/secure.gravatar.com\\\/avatar\\\/37d968a2e67a6fd04c169c4bdef102d0bc5d31b2546345219e348575eb80e9a0?s=96&d=mm&r=g\",\"url\":\"https:\\\/\\\/secure.gravatar.com\\\/avatar\\\/37d968a2e67a6fd04c169c4bdef102d0bc5d31b2546345219e348575eb80e9a0?s=96&d=mm&r=g\",\"contentUrl\":\"https:\\\/\\\/secure.gravatar.com\\\/avatar\\\/37d968a2e67a6fd04c169c4bdef102d0bc5d31b2546345219e348575eb80e9a0?s=96&d=mm&r=g\",\"caption\":\"redazione\"},\"sameAs\":[\"http:\\\/\\\/www.bellunopress.it\",\"https:\\\/\\\/x.com\\\/bellunopress\"],\"url\":\"https:\\\/\\\/www.bellunopress.it\\\/fr\\\/author\\\/redazione\\\/\"}]}<\/script>\n<!-- \/ Yoast SEO plugin. -->","yoast_head_json":{"title":"Piano casa, soddisfazione del presidente dell'Uapi Tramontin - Bellunopress - Dolomiti","robots":{"index":"index","follow":"follow","max-snippet":"max-snippet:-1","max-image-preview":"max-image-preview:large","max-video-preview":"max-video-preview:-1"},"canonical":"https:\/\/www.bellunopress.it\/fr\/2009\/07\/02\/piano-casa-soddisfazione-del-presidente-delluapi-tramontin\/","og_locale":"fr_FR","og_type":"article","og_title":"Piano casa, soddisfazione del presidente dell'Uapi Tramontin - Bellunopress - Dolomiti","og_description":"L\u2019edilizia \u00e8 in crisi: non solo a Belluno e non solo nel Veneto. Negli ultimi dodici mesi, a livello europeo, l\u2019attivit\u00e0 del settore \u00e8, infatti, calata del 3,1% e per quest\u2019anno le previsioni indicano la possibilit\u00e0 di un ulteriore peggioramento della situazione con perdite del volume di affari che in media potranno aggirarsi intorno al [&hellip;]","og_url":"https:\/\/www.bellunopress.it\/fr\/2009\/07\/02\/piano-casa-soddisfazione-del-presidente-delluapi-tramontin\/","og_site_name":"Bellunopress - Dolomiti","article_publisher":"https:\/\/www.facebook.com\/profile.php?id=100008943462799","article_published_time":"2009-07-02T18:25:42+00:00","og_image":[{"url":"http:\/\/www.bellunopress.it\/wp-content\/uploads\/2012\/07\/logo-bellunopress-250x250-2012.jpg","type":"","width":"","height":""}],"author":"redazione","twitter_card":"summary_large_image","twitter_creator":"@bellunopress","twitter_site":"@bellunopress","twitter_misc":{"Written by":"redazione","Est. reading time":"2 minutes"},"schema":{"@context":"https:\/\/schema.org","@graph":[{"@type":"Article","@id":"https:\/\/www.bellunopress.it\/2009\/07\/02\/piano-casa-soddisfazione-del-presidente-delluapi-tramontin\/#article","isPartOf":{"@id":"https:\/\/www.bellunopress.it\/2009\/07\/02\/piano-casa-soddisfazione-del-presidente-delluapi-tramontin\/"},"author":{"name":"redazione","@id":"https:\/\/www.bellunopress.it\/#\/schema\/person\/79bb06722b37ece1c03d3e94beb30d73"},"headline":"Piano casa, soddisfazione del presidente dell&#8217;Uapi Tramontin","datePublished":"2009-07-02T18:25:42+00:00","mainEntityOfPage":{"@id":"https:\/\/www.bellunopress.it\/2009\/07\/02\/piano-casa-soddisfazione-del-presidente-delluapi-tramontin\/"},"wordCount":318,"publisher":{"@id":"https:\/\/www.bellunopress.it\/#organization"},"keywords":["Belluno"],"articleSection":["Lavoro, Economia, Turismo","Prima Pagina"],"inLanguage":"fr-FR"},{"@type":"WebPage","@id":"https:\/\/www.bellunopress.it\/2009\/07\/02\/piano-casa-soddisfazione-del-presidente-delluapi-tramontin\/","url":"https:\/\/www.bellunopress.it\/2009\/07\/02\/piano-casa-soddisfazione-del-presidente-delluapi-tramontin\/","name":"Piano casa, soddisfazione del presidente dell'Uapi Tramontin - Bellunopress - Dolomiti","isPartOf":{"@id":"https:\/\/www.bellunopress.it\/#website"},"datePublished":"2009-07-02T18:25:42+00:00","breadcrumb":{"@id":"https:\/\/www.bellunopress.it\/2009\/07\/02\/piano-casa-soddisfazione-del-presidente-delluapi-tramontin\/#breadcrumb"},"inLanguage":"fr-FR","potentialAction":[{"@type":"ReadAction","target":["https:\/\/www.bellunopress.it\/2009\/07\/02\/piano-casa-soddisfazione-del-presidente-delluapi-tramontin\/"]}]},{"@type":"BreadcrumbList","@id":"https:\/\/www.bellunopress.it\/2009\/07\/02\/piano-casa-soddisfazione-del-presidente-delluapi-tramontin\/#breadcrumb","itemListElement":[{"@type":"ListItem","position":1,"name":"Home","item":"https:\/\/www.bellunopress.it\/"},{"@type":"ListItem","position":2,"name":"Piano casa, soddisfazione del presidente dell&#8217;Uapi Tramontin"}]},{"@type":"WebSite","@id":"https:\/\/www.bellunopress.it\/#website","url":"https:\/\/www.bellunopress.it\/","name":"Bellunopress - Dolomiti","description":"e-mail: redazione@bellunopress.it","publisher":{"@id":"https:\/\/www.bellunopress.it\/#organization"},"potentialAction":[{"@type":"SearchAction","target":{"@type":"EntryPoint","urlTemplate":"https:\/\/www.bellunopress.it\/?s={search_term_string}"},"query-input":{"@type":"PropertyValueSpecification","valueRequired":true,"valueName":"search_term_string"}}],"inLanguage":"fr-FR"},{"@type":"Organization","@id":"https:\/\/www.bellunopress.it\/#organization","name":"Bellunopress","url":"https:\/\/www.bellunopress.it\/","logo":{"@type":"ImageObject","inLanguage":"fr-FR","@id":"https:\/\/www.bellunopress.it\/#\/schema\/logo\/image\/","url":"https:\/\/www.bellunopress.it\/wp-content\/uploads\/2011\/05\/cropped-logo-bellunopress-.jpg","contentUrl":"https:\/\/www.bellunopress.it\/wp-content\/uploads\/2011\/05\/cropped-logo-bellunopress-.jpg","width":512,"height":512,"caption":"Bellunopress"},"image":{"@id":"https:\/\/www.bellunopress.it\/#\/schema\/logo\/image\/"},"sameAs":["https:\/\/www.facebook.com\/profile.php?id=100008943462799","https:\/\/x.com\/bellunopress","https:\/\/www.linkedin.com\/hp\/?dnr=JBzUWaJfMUw8vbXJJ2tVW5-I3jZKvC4wsoxE&amp;amp;amp;amp;amp;amp;trk=nav_responsive_tab_home","https:\/\/www.youtube.com\/channel\/UCxL0wu1uN0_3_7hGG0306cw"]},{"@type":"Person","@id":"https:\/\/www.bellunopress.it\/#\/schema\/person\/79bb06722b37ece1c03d3e94beb30d73","name":"r\u00e9daction","image":{"@type":"ImageObject","inLanguage":"fr-FR","@id":"https:\/\/secure.gravatar.com\/avatar\/37d968a2e67a6fd04c169c4bdef102d0bc5d31b2546345219e348575eb80e9a0?s=96&d=mm&r=g","url":"https:\/\/secure.gravatar.com\/avatar\/37d968a2e67a6fd04c169c4bdef102d0bc5d31b2546345219e348575eb80e9a0?s=96&d=mm&r=g","contentUrl":"https:\/\/secure.gravatar.com\/avatar\/37d968a2e67a6fd04c169c4bdef102d0bc5d31b2546345219e348575eb80e9a0?s=96&d=mm&r=g","caption":"redazione"},"sameAs":["http:\/\/www.bellunopress.it","https:\/\/x.com\/bellunopress"],"url":"https:\/\/www.bellunopress.it\/fr\/author\/redazione\/"}]}},"_links":{"self":[{"href":"https:\/\/www.bellunopress.it\/fr\/wp-json\/wp\/v2\/posts\/5592","targetHints":{"allow":["GET"]}}],"collection":[{"href":"https:\/\/www.bellunopress.it\/fr\/wp-json\/wp\/v2\/posts"}],"about":[{"href":"https:\/\/www.bellunopress.it\/fr\/wp-json\/wp\/v2\/types\/post"}],"author":[{"embeddable":true,"href":"https:\/\/www.bellunopress.it\/fr\/wp-json\/wp\/v2\/users\/2"}],"replies":[{"embeddable":true,"href":"https:\/\/www.bellunopress.it\/fr\/wp-json\/wp\/v2\/comments?post=5592"}],"version-history":[{"count":1,"href":"https:\/\/www.bellunopress.it\/fr\/wp-json\/wp\/v2\/posts\/5592\/revisions"}],"predecessor-version":[{"id":5594,"href":"https:\/\/www.bellunopress.it\/fr\/wp-json\/wp\/v2\/posts\/5592\/revisions\/5594"}],"wp:attachment":[{"href":"https:\/\/www.bellunopress.it\/fr\/wp-json\/wp\/v2\/media?parent=5592"}],"wp:term":[{"taxonomy":"category","embeddable":true,"href":"https:\/\/www.bellunopress.it\/fr\/wp-json\/wp\/v2\/categories?post=5592"},{"taxonomy":"post_tag","embeddable":true,"href":"https:\/\/www.bellunopress.it\/fr\/wp-json\/wp\/v2\/tags?post=5592"}],"curies":[{"name":"wp","href":"https:\/\/api.w.org\/{rel}","templated":true}]}}