{"id":5588,"date":"2009-07-02T17:18:33","date_gmt":"2009-07-02T16:18:33","guid":{"rendered":"http:\/\/www.bellunopress.it\/?p=5588"},"modified":"2009-07-03T06:57:27","modified_gmt":"2009-07-03T05:57:27","slug":"presentati-oggi-in-provincia-il-vicepresidente-e-gli-assessori","status":"publish","type":"post","link":"https:\/\/www.bellunopress.it\/fr\/2009\/07\/02\/presentati-oggi-in-provincia-il-vicepresidente-e-gli-assessori\/","title":{"rendered":"Presentati in Provincia il vicepresidente e gli assessori"},"content":{"rendered":"<figure id=\"attachment_5590\" aria-describedby=\"caption-attachment-5590\" style=\"width: 190px\" class=\"wp-caption alignleft\"><a href=\"http:\/\/www.bellunopress.it\/wp-content\/uploads\/2009\/07\/daniela-templari.jpg\"><img loading=\"lazy\" decoding=\"async\" class=\"size-medium wp-image-5590\" title=\"daniela-templari\" src=\"http:\/\/www.bellunopress.it\/wp-content\/uploads\/2009\/07\/daniela-templari.jpg\" alt=\"Daniela Templari, assessore alla cultura della Provincia\" width=\"190\" height=\"236\" \/><\/a><figcaption id=\"caption-attachment-5590\" class=\"wp-caption-text\">Daniela Templari, assessore alla cultura della Provincia<\/figcaption><\/figure>\n<p>\u00a0A mezzogiorno di oggi (gioved\u00ec 2 luglio) si \u00e8 tenuta a Palazzo Piloni la presentazione ufficiale della giunta che governer\u00e0 la Provincia per il prossimo quinquennio. Cui \u00e8 seguita la prima riunione informale. Il presidente Gianpaolo Bottacin ha presentato la sua squadra sottolineando che sar\u00e0 un&#8217;amministrazione fondata sul dialogo. Filosofia ribadita poi dal vicepresidente Giovanni Piccoli, che ha parlato di \u201ccollaborazione con i vari attori del territorio e concertazione ai vari livelli\u201d. Ma ecco come sono state ripartite le deleghe dei nuovi assessorati. Il presidente Bottacin ha tenuto per s\u00e9 la difesa del suolo, le politiche giovanili, la polizia provinciale, la protezione civile e project financing. Al vicepresidente Giovanni Piccoli (presidente del Consorzio Bim Piave e riconfermato sindaco di Sedico) sono state attribuite le politiche energetiche, rapporti con il territorio, bilancio, patrimonio e innovazione. Lorenza De Kunovich (consigliere comunale Pdl) avr\u00e0 l&#8217;assessorato all&#8217;edilizia scolastica e sport. Daniela Templari (insegnante) assessore alla cultura, minoranze linguistiche e pari opportunit\u00e0. Stefano De Gan assessore al personale, programmazione, politiche del lavoro, formazione, istruzione e societ\u00e0 partecipate. L&#8217;assessore Silver De Zolt (ex sindaco di Santo Stefano di Cadore) avr\u00e0 le deleghe alla gestione faunistica, caccia e pesca, e trasporti. Ivano Faoro (rieletto sindaco di Quero) assessore all&#8217;ambiente, viabilit\u00e0 e flussi migratori. Matteo Toscani (sindaco di Valle di Cadore) assessore all&#8217;agricoltura, attivit\u00e0 produttive, turismo, parchi e riserve, Unesco, cooperazione, fondi e progetti comunitari. Infine Bruno Zanolla (presidente del Bim infrastrutture, che era assente perch\u00e9 impegnato) assessore all&#8217;urbanistica, progettazione strategica, risorse idriche, politiche del sociale. L&#8217;incontro si \u00e8 chiuso con un paio di precisazioni del presidente Bottacin che ha evidenziato l&#8217;esigenza di coordinare le preziose risorse della Protezione civile di cui dispone la Provincia. Ha anticipato, inoltre, che verranno definite a breve le compatibilit\u00e0 e i requisiti per il rinnovo delle cariche in scadenza delle societ\u00e0 partecipate.<\/p>","protected":false},"excerpt":{"rendered":"<p>\u00a0A mezzogiorno di oggi (gioved\u00ec 2 luglio) si \u00e8 tenuta a Palazzo Piloni la presentazione ufficiale della giunta che governer\u00e0 la Provincia per il prossimo quinquennio. Cui \u00e8 seguita la prima riunione informale. Il presidente Gianpaolo Bottacin ha presentato la sua squadra sottolineando che sar\u00e0 un&#8217;amministrazione fondata sul dialogo. Filosofia ribadita poi dal vicepresidente Giovanni [&hellip;]<\/p>\n","protected":false},"author":2,"featured_media":0,"comment_status":"closed","ping_status":"open","sticky":false,"template":"","format":"standard","meta":{"footnotes":""},"categories":[5],"tags":[139,151],"class_list":["post-5588","post","type-post","status-publish","format-standard","category-cronaca","tag-belluno","tag-cadore"],"yoast_head":"<!-- This site is optimized with the Yoast SEO plugin v28.4 - https:\/\/yoast.com\/product\/yoast-seo-wordpress\/ -->\n<title>Presentati in Provincia il vicepresidente e gli assessori  - Bellunopress - Dolomiti<\/title>\n<meta name=\"robots\" content=\"index, follow, max-snippet:-1, max-image-preview:large, max-video-preview:-1\" \/>\n<link rel=\"canonical\" href=\"https:\/\/www.bellunopress.it\/fr\/2009\/07\/02\/presentati-oggi-in-provincia-il-vicepresidente-e-gli-assessori\/\" \/>\n<meta property=\"og:locale\" content=\"fr_FR\" \/>\n<meta property=\"og:type\" content=\"article\" \/>\n<meta property=\"og:title\" content=\"Presentati in Provincia il vicepresidente e gli assessori  - Bellunopress - Dolomiti\" \/>\n<meta property=\"og:description\" content=\"\u00a0A mezzogiorno di oggi (gioved\u00ec 2 luglio) si \u00e8 tenuta a Palazzo Piloni la presentazione ufficiale della giunta che governer\u00e0 la Provincia per il prossimo quinquennio. Cui \u00e8 seguita la prima riunione informale. Il presidente Gianpaolo Bottacin ha presentato la sua squadra sottolineando che sar\u00e0 un&#8217;amministrazione fondata sul dialogo. Filosofia ribadita poi dal vicepresidente Giovanni [&hellip;]\" \/>\n<meta property=\"og:url\" content=\"https:\/\/www.bellunopress.it\/fr\/2009\/07\/02\/presentati-oggi-in-provincia-il-vicepresidente-e-gli-assessori\/\" \/>\n<meta property=\"og:site_name\" content=\"Bellunopress - Dolomiti\" \/>\n<meta property=\"article:publisher\" content=\"https:\/\/www.facebook.com\/profile.php?id=100008943462799\" \/>\n<meta property=\"article:published_time\" content=\"2009-07-02T16:18:33+00:00\" \/>\n<meta property=\"article:modified_time\" content=\"2009-07-03T05:57:27+00:00\" \/>\n<meta property=\"og:image\" content=\"http:\/\/www.bellunopress.it\/wp-content\/uploads\/2009\/07\/daniela-templari.jpg\" \/>\n<meta name=\"author\" content=\"redazione\" \/>\n<meta name=\"twitter:card\" content=\"summary_large_image\" \/>\n<meta name=\"twitter:creator\" content=\"@bellunopress\" \/>\n<meta name=\"twitter:site\" content=\"@bellunopress\" \/>\n<meta name=\"twitter:label1\" content=\"\u00c9crit par\" \/>\n\t<meta name=\"twitter:data1\" content=\"redazione\" \/>\n\t<meta name=\"twitter:label2\" content=\"Dur\u00e9e de lecture estim\u00e9e\" \/>\n\t<meta name=\"twitter:data2\" content=\"2 minutes\" \/>\n<script type=\"application\/ld+json\" class=\"yoast-schema-graph\">{\"@context\":\"https:\\\/\\\/schema.org\",\"@graph\":[{\"@type\":\"Article\",\"@id\":\"https:\\\/\\\/www.bellunopress.it\\\/2009\\\/07\\\/02\\\/presentati-oggi-in-provincia-il-vicepresidente-e-gli-assessori\\\/#article\",\"isPartOf\":{\"@id\":\"https:\\\/\\\/www.bellunopress.it\\\/2009\\\/07\\\/02\\\/presentati-oggi-in-provincia-il-vicepresidente-e-gli-assessori\\\/\"},\"author\":{\"name\":\"redazione\",\"@id\":\"https:\\\/\\\/www.bellunopress.it\\\/#\\\/schema\\\/person\\\/79bb06722b37ece1c03d3e94beb30d73\"},\"headline\":\"Presentati in Provincia il vicepresidente e gli assessori\",\"datePublished\":\"2009-07-02T16:18:33+00:00\",\"dateModified\":\"2009-07-03T05:57:27+00:00\",\"mainEntityOfPage\":{\"@id\":\"https:\\\/\\\/www.bellunopress.it\\\/2009\\\/07\\\/02\\\/presentati-oggi-in-provincia-il-vicepresidente-e-gli-assessori\\\/\"},\"wordCount\":328,\"publisher\":{\"@id\":\"https:\\\/\\\/www.bellunopress.it\\\/#organization\"},\"image\":{\"@id\":\"https:\\\/\\\/www.bellunopress.it\\\/2009\\\/07\\\/02\\\/presentati-oggi-in-provincia-il-vicepresidente-e-gli-assessori\\\/#primaryimage\"},\"thumbnailUrl\":\"http:\\\/\\\/www.bellunopress.it\\\/wp-content\\\/uploads\\\/2009\\\/07\\\/daniela-templari.jpg\",\"keywords\":[\"Belluno\",\"Cadore\"],\"articleSection\":[\"Cronaca\\\/Politica\"],\"inLanguage\":\"fr-FR\"},{\"@type\":\"WebPage\",\"@id\":\"https:\\\/\\\/www.bellunopress.it\\\/2009\\\/07\\\/02\\\/presentati-oggi-in-provincia-il-vicepresidente-e-gli-assessori\\\/\",\"url\":\"https:\\\/\\\/www.bellunopress.it\\\/2009\\\/07\\\/02\\\/presentati-oggi-in-provincia-il-vicepresidente-e-gli-assessori\\\/\",\"name\":\"Presentati in Provincia il vicepresidente e gli assessori - Bellunopress - Dolomiti\",\"isPartOf\":{\"@id\":\"https:\\\/\\\/www.bellunopress.it\\\/#website\"},\"primaryImageOfPage\":{\"@id\":\"https:\\\/\\\/www.bellunopress.it\\\/2009\\\/07\\\/02\\\/presentati-oggi-in-provincia-il-vicepresidente-e-gli-assessori\\\/#primaryimage\"},\"image\":{\"@id\":\"https:\\\/\\\/www.bellunopress.it\\\/2009\\\/07\\\/02\\\/presentati-oggi-in-provincia-il-vicepresidente-e-gli-assessori\\\/#primaryimage\"},\"thumbnailUrl\":\"http:\\\/\\\/www.bellunopress.it\\\/wp-content\\\/uploads\\\/2009\\\/07\\\/daniela-templari.jpg\",\"datePublished\":\"2009-07-02T16:18:33+00:00\",\"dateModified\":\"2009-07-03T05:57:27+00:00\",\"breadcrumb\":{\"@id\":\"https:\\\/\\\/www.bellunopress.it\\\/2009\\\/07\\\/02\\\/presentati-oggi-in-provincia-il-vicepresidente-e-gli-assessori\\\/#breadcrumb\"},\"inLanguage\":\"fr-FR\",\"potentialAction\":[{\"@type\":\"ReadAction\",\"target\":[\"https:\\\/\\\/www.bellunopress.it\\\/2009\\\/07\\\/02\\\/presentati-oggi-in-provincia-il-vicepresidente-e-gli-assessori\\\/\"]}]},{\"@type\":\"ImageObject\",\"inLanguage\":\"fr-FR\",\"@id\":\"https:\\\/\\\/www.bellunopress.it\\\/2009\\\/07\\\/02\\\/presentati-oggi-in-provincia-il-vicepresidente-e-gli-assessori\\\/#primaryimage\",\"url\":\"http:\\\/\\\/www.bellunopress.it\\\/wp-content\\\/uploads\\\/2009\\\/07\\\/daniela-templari.jpg\",\"contentUrl\":\"http:\\\/\\\/www.bellunopress.it\\\/wp-content\\\/uploads\\\/2009\\\/07\\\/daniela-templari.jpg\"},{\"@type\":\"BreadcrumbList\",\"@id\":\"https:\\\/\\\/www.bellunopress.it\\\/2009\\\/07\\\/02\\\/presentati-oggi-in-provincia-il-vicepresidente-e-gli-assessori\\\/#breadcrumb\",\"itemListElement\":[{\"@type\":\"ListItem\",\"position\":1,\"name\":\"Home\",\"item\":\"https:\\\/\\\/www.bellunopress.it\\\/\"},{\"@type\":\"ListItem\",\"position\":2,\"name\":\"Presentati in Provincia il vicepresidente e gli assessori\"}]},{\"@type\":\"WebSite\",\"@id\":\"https:\\\/\\\/www.bellunopress.it\\\/#website\",\"url\":\"https:\\\/\\\/www.bellunopress.it\\\/\",\"name\":\"Bellunopress - Dolomiti\",\"description\":\"e-mail: redazione@bellunopress.it\",\"publisher\":{\"@id\":\"https:\\\/\\\/www.bellunopress.it\\\/#organization\"},\"potentialAction\":[{\"@type\":\"SearchAction\",\"target\":{\"@type\":\"EntryPoint\",\"urlTemplate\":\"https:\\\/\\\/www.bellunopress.it\\\/?s={search_term_string}\"},\"query-input\":{\"@type\":\"PropertyValueSpecification\",\"valueRequired\":true,\"valueName\":\"search_term_string\"}}],\"inLanguage\":\"fr-FR\"},{\"@type\":\"Organization\",\"@id\":\"https:\\\/\\\/www.bellunopress.it\\\/#organization\",\"name\":\"Bellunopress\",\"url\":\"https:\\\/\\\/www.bellunopress.it\\\/\",\"logo\":{\"@type\":\"ImageObject\",\"inLanguage\":\"fr-FR\",\"@id\":\"https:\\\/\\\/www.bellunopress.it\\\/#\\\/schema\\\/logo\\\/image\\\/\",\"url\":\"https:\\\/\\\/www.bellunopress.it\\\/wp-content\\\/uploads\\\/2011\\\/05\\\/cropped-logo-bellunopress-.jpg\",\"contentUrl\":\"https:\\\/\\\/www.bellunopress.it\\\/wp-content\\\/uploads\\\/2011\\\/05\\\/cropped-logo-bellunopress-.jpg\",\"width\":512,\"height\":512,\"caption\":\"Bellunopress\"},\"image\":{\"@id\":\"https:\\\/\\\/www.bellunopress.it\\\/#\\\/schema\\\/logo\\\/image\\\/\"},\"sameAs\":[\"https:\\\/\\\/www.facebook.com\\\/profile.php?id=100008943462799\",\"https:\\\/\\\/x.com\\\/bellunopress\",\"https:\\\/\\\/www.linkedin.com\\\/hp\\\/?dnr=JBzUWaJfMUw8vbXJJ2tVW5-I3jZKvC4wsoxE&amp;amp;amp;amp;amp;amp;trk=nav_responsive_tab_home\",\"https:\\\/\\\/www.youtube.com\\\/channel\\\/UCxL0wu1uN0_3_7hGG0306cw\"]},{\"@type\":\"Person\",\"@id\":\"https:\\\/\\\/www.bellunopress.it\\\/#\\\/schema\\\/person\\\/79bb06722b37ece1c03d3e94beb30d73\",\"name\":\"redazione\",\"image\":{\"@type\":\"ImageObject\",\"inLanguage\":\"fr-FR\",\"@id\":\"https:\\\/\\\/secure.gravatar.com\\\/avatar\\\/37d968a2e67a6fd04c169c4bdef102d0bc5d31b2546345219e348575eb80e9a0?s=96&d=mm&r=g\",\"url\":\"https:\\\/\\\/secure.gravatar.com\\\/avatar\\\/37d968a2e67a6fd04c169c4bdef102d0bc5d31b2546345219e348575eb80e9a0?s=96&d=mm&r=g\",\"contentUrl\":\"https:\\\/\\\/secure.gravatar.com\\\/avatar\\\/37d968a2e67a6fd04c169c4bdef102d0bc5d31b2546345219e348575eb80e9a0?s=96&d=mm&r=g\",\"caption\":\"redazione\"},\"sameAs\":[\"http:\\\/\\\/www.bellunopress.it\",\"https:\\\/\\\/x.com\\\/bellunopress\"],\"url\":\"https:\\\/\\\/www.bellunopress.it\\\/fr\\\/author\\\/redazione\\\/\"}]}<\/script>\n<!-- \/ Yoast SEO plugin. -->","yoast_head_json":{"title":"Presentati in Provincia il vicepresidente e gli assessori  - Bellunopress - Dolomiti","robots":{"index":"index","follow":"follow","max-snippet":"max-snippet:-1","max-image-preview":"max-image-preview:large","max-video-preview":"max-video-preview:-1"},"canonical":"https:\/\/www.bellunopress.it\/fr\/2009\/07\/02\/presentati-oggi-in-provincia-il-vicepresidente-e-gli-assessori\/","og_locale":"fr_FR","og_type":"article","og_title":"Presentati in Provincia il vicepresidente e gli assessori  - Bellunopress - Dolomiti","og_description":"\u00a0A mezzogiorno di oggi (gioved\u00ec 2 luglio) si \u00e8 tenuta a Palazzo Piloni la presentazione ufficiale della giunta che governer\u00e0 la Provincia per il prossimo quinquennio. Cui \u00e8 seguita la prima riunione informale. Il presidente Gianpaolo Bottacin ha presentato la sua squadra sottolineando che sar\u00e0 un&#8217;amministrazione fondata sul dialogo. Filosofia ribadita poi dal vicepresidente Giovanni [&hellip;]","og_url":"https:\/\/www.bellunopress.it\/fr\/2009\/07\/02\/presentati-oggi-in-provincia-il-vicepresidente-e-gli-assessori\/","og_site_name":"Bellunopress - Dolomiti","article_publisher":"https:\/\/www.facebook.com\/profile.php?id=100008943462799","article_published_time":"2009-07-02T16:18:33+00:00","article_modified_time":"2009-07-03T05:57:27+00:00","og_image":[{"url":"http:\/\/www.bellunopress.it\/wp-content\/uploads\/2009\/07\/daniela-templari.jpg","type":"","width":"","height":""}],"author":"redazione","twitter_card":"summary_large_image","twitter_creator":"@bellunopress","twitter_site":"@bellunopress","twitter_misc":{"\u00c9crit par":"redazione","Dur\u00e9e de lecture estim\u00e9e":"2 minutes"},"schema":{"@context":"https:\/\/schema.org","@graph":[{"@type":"Article","@id":"https:\/\/www.bellunopress.it\/2009\/07\/02\/presentati-oggi-in-provincia-il-vicepresidente-e-gli-assessori\/#article","isPartOf":{"@id":"https:\/\/www.bellunopress.it\/2009\/07\/02\/presentati-oggi-in-provincia-il-vicepresidente-e-gli-assessori\/"},"author":{"name":"redazione","@id":"https:\/\/www.bellunopress.it\/#\/schema\/person\/79bb06722b37ece1c03d3e94beb30d73"},"headline":"Presentati in Provincia il vicepresidente e gli assessori","datePublished":"2009-07-02T16:18:33+00:00","dateModified":"2009-07-03T05:57:27+00:00","mainEntityOfPage":{"@id":"https:\/\/www.bellunopress.it\/2009\/07\/02\/presentati-oggi-in-provincia-il-vicepresidente-e-gli-assessori\/"},"wordCount":328,"publisher":{"@id":"https:\/\/www.bellunopress.it\/#organization"},"image":{"@id":"https:\/\/www.bellunopress.it\/2009\/07\/02\/presentati-oggi-in-provincia-il-vicepresidente-e-gli-assessori\/#primaryimage"},"thumbnailUrl":"http:\/\/www.bellunopress.it\/wp-content\/uploads\/2009\/07\/daniela-templari.jpg","keywords":["Belluno","Cadore"],"articleSection":["Cronaca\/Politica"],"inLanguage":"fr-FR"},{"@type":"WebPage","@id":"https:\/\/www.bellunopress.it\/2009\/07\/02\/presentati-oggi-in-provincia-il-vicepresidente-e-gli-assessori\/","url":"https:\/\/www.bellunopress.it\/2009\/07\/02\/presentati-oggi-in-provincia-il-vicepresidente-e-gli-assessori\/","name":"Presentati in Provincia il vicepresidente e gli assessori - Bellunopress - Dolomiti","isPartOf":{"@id":"https:\/\/www.bellunopress.it\/#website"},"primaryImageOfPage":{"@id":"https:\/\/www.bellunopress.it\/2009\/07\/02\/presentati-oggi-in-provincia-il-vicepresidente-e-gli-assessori\/#primaryimage"},"image":{"@id":"https:\/\/www.bellunopress.it\/2009\/07\/02\/presentati-oggi-in-provincia-il-vicepresidente-e-gli-assessori\/#primaryimage"},"thumbnailUrl":"http:\/\/www.bellunopress.it\/wp-content\/uploads\/2009\/07\/daniela-templari.jpg","datePublished":"2009-07-02T16:18:33+00:00","dateModified":"2009-07-03T05:57:27+00:00","breadcrumb":{"@id":"https:\/\/www.bellunopress.it\/2009\/07\/02\/presentati-oggi-in-provincia-il-vicepresidente-e-gli-assessori\/#breadcrumb"},"inLanguage":"fr-FR","potentialAction":[{"@type":"ReadAction","target":["https:\/\/www.bellunopress.it\/2009\/07\/02\/presentati-oggi-in-provincia-il-vicepresidente-e-gli-assessori\/"]}]},{"@type":"ImageObject","inLanguage":"fr-FR","@id":"https:\/\/www.bellunopress.it\/2009\/07\/02\/presentati-oggi-in-provincia-il-vicepresidente-e-gli-assessori\/#primaryimage","url":"http:\/\/www.bellunopress.it\/wp-content\/uploads\/2009\/07\/daniela-templari.jpg","contentUrl":"http:\/\/www.bellunopress.it\/wp-content\/uploads\/2009\/07\/daniela-templari.jpg"},{"@type":"BreadcrumbList","@id":"https:\/\/www.bellunopress.it\/2009\/07\/02\/presentati-oggi-in-provincia-il-vicepresidente-e-gli-assessori\/#breadcrumb","itemListElement":[{"@type":"ListItem","position":1,"name":"Home","item":"https:\/\/www.bellunopress.it\/"},{"@type":"ListItem","position":2,"name":"Presentati in Provincia il vicepresidente e gli assessori"}]},{"@type":"WebSite","@id":"https:\/\/www.bellunopress.it\/#website","url":"https:\/\/www.bellunopress.it\/","name":"Bellunopress - Dolomiti","description":"e-mail: redazione@bellunopress.it","publisher":{"@id":"https:\/\/www.bellunopress.it\/#organization"},"potentialAction":[{"@type":"SearchAction","target":{"@type":"EntryPoint","urlTemplate":"https:\/\/www.bellunopress.it\/?s={search_term_string}"},"query-input":{"@type":"PropertyValueSpecification","valueRequired":true,"valueName":"search_term_string"}}],"inLanguage":"fr-FR"},{"@type":"Organization","@id":"https:\/\/www.bellunopress.it\/#organization","name":"Bellunopress","url":"https:\/\/www.bellunopress.it\/","logo":{"@type":"ImageObject","inLanguage":"fr-FR","@id":"https:\/\/www.bellunopress.it\/#\/schema\/logo\/image\/","url":"https:\/\/www.bellunopress.it\/wp-content\/uploads\/2011\/05\/cropped-logo-bellunopress-.jpg","contentUrl":"https:\/\/www.bellunopress.it\/wp-content\/uploads\/2011\/05\/cropped-logo-bellunopress-.jpg","width":512,"height":512,"caption":"Bellunopress"},"image":{"@id":"https:\/\/www.bellunopress.it\/#\/schema\/logo\/image\/"},"sameAs":["https:\/\/www.facebook.com\/profile.php?id=100008943462799","https:\/\/x.com\/bellunopress","https:\/\/www.linkedin.com\/hp\/?dnr=JBzUWaJfMUw8vbXJJ2tVW5-I3jZKvC4wsoxE&amp;amp;amp;amp;amp;amp;trk=nav_responsive_tab_home","https:\/\/www.youtube.com\/channel\/UCxL0wu1uN0_3_7hGG0306cw"]},{"@type":"Person","@id":"https:\/\/www.bellunopress.it\/#\/schema\/person\/79bb06722b37ece1c03d3e94beb30d73","name":"r\u00e9daction","image":{"@type":"ImageObject","inLanguage":"fr-FR","@id":"https:\/\/secure.gravatar.com\/avatar\/37d968a2e67a6fd04c169c4bdef102d0bc5d31b2546345219e348575eb80e9a0?s=96&d=mm&r=g","url":"https:\/\/secure.gravatar.com\/avatar\/37d968a2e67a6fd04c169c4bdef102d0bc5d31b2546345219e348575eb80e9a0?s=96&d=mm&r=g","contentUrl":"https:\/\/secure.gravatar.com\/avatar\/37d968a2e67a6fd04c169c4bdef102d0bc5d31b2546345219e348575eb80e9a0?s=96&d=mm&r=g","caption":"redazione"},"sameAs":["http:\/\/www.bellunopress.it","https:\/\/x.com\/bellunopress"],"url":"https:\/\/www.bellunopress.it\/fr\/author\/redazione\/"}]}},"_links":{"self":[{"href":"https:\/\/www.bellunopress.it\/fr\/wp-json\/wp\/v2\/posts\/5588","targetHints":{"allow":["GET"]}}],"collection":[{"href":"https:\/\/www.bellunopress.it\/fr\/wp-json\/wp\/v2\/posts"}],"about":[{"href":"https:\/\/www.bellunopress.it\/fr\/wp-json\/wp\/v2\/types\/post"}],"author":[{"embeddable":true,"href":"https:\/\/www.bellunopress.it\/fr\/wp-json\/wp\/v2\/users\/2"}],"replies":[{"embeddable":true,"href":"https:\/\/www.bellunopress.it\/fr\/wp-json\/wp\/v2\/comments?post=5588"}],"version-history":[{"count":2,"href":"https:\/\/www.bellunopress.it\/fr\/wp-json\/wp\/v2\/posts\/5588\/revisions"}],"predecessor-version":[{"id":5602,"href":"https:\/\/www.bellunopress.it\/fr\/wp-json\/wp\/v2\/posts\/5588\/revisions\/5602"}],"wp:attachment":[{"href":"https:\/\/www.bellunopress.it\/fr\/wp-json\/wp\/v2\/media?parent=5588"}],"wp:term":[{"taxonomy":"category","embeddable":true,"href":"https:\/\/www.bellunopress.it\/fr\/wp-json\/wp\/v2\/categories?post=5588"},{"taxonomy":"post_tag","embeddable":true,"href":"https:\/\/www.bellunopress.it\/fr\/wp-json\/wp\/v2\/tags?post=5588"}],"curies":[{"name":"wp","href":"https:\/\/api.w.org\/{rel}","templated":true}]}}