{"id":5575,"date":"2009-07-01T21:13:28","date_gmt":"2009-07-01T20:13:28","guid":{"rendered":"http:\/\/www.bellunopress.it\/?p=5575"},"modified":"2009-07-01T21:13:28","modified_gmt":"2009-07-01T20:13:28","slug":"prosegue-a-soccher-la-manifestazione-%e2%80%9cpaesi-aperti%e2%80%9d-dal-3-al-5-luglio-2009","status":"publish","type":"post","link":"https:\/\/www.bellunopress.it\/fr\/2009\/07\/01\/prosegue-a-soccher-la-manifestazione-%e2%80%9cpaesi-aperti%e2%80%9d-dal-3-al-5-luglio-2009\/","title":{"rendered":"Prosegue a Soccher la manifestazione \u201cPaesi Aperti\u201d  dal 3 al 5 luglio 2009"},"content":{"rendered":"<p>\u00a0E\u2019ormai entrata nel vivo la manifestazione \u201cPaesi Aperti\u201d che coinvolge nel fine settimana le diverse frazioni del comune pontalpino. Nel prossimo fine settimana sar\u00e0 protagonista la frazione di Soccher, con una serie di iniziative che sono state denominate \u201cAndar per acque\u201d. Il programma della manifestazione prevede venerd\u00ec 3 luglio, nella zona del campo sportivo di Soccher, alle ore 20,30 una serata con videoproiezione sui mulini, segherie e cariere dell\u2019Oltrerai, curata da Franca Cosmai, archivista e ricercatrice storica. Inoltre, si terr\u00e0 la sfilata di biancheria d\u2019epoca, dal titolo \u201cIntimissimi d\u2019altri tempi\u201d e, a seguire, \u201cFrutta tra le frasche\u201d. Sabato 4 luglio, in piazza Esempon, a partire dalle 19,30, bruschette e panini e alle 20,.30 lo spettacolo teatrale dal titolo \u201cChe bel \u2018ndar a la roi\u201d, piccola commedia dialettale in tre atti di Viviana Pierobon, a cura del gruppo Paesi Aperti. Per tutta la serata ci sar\u00e0 il carretto biologico con prodotti tipici, mentre in caso di maltempo lo spettacolo si terr\u00e0 al Piccolo teatro \u201cGiuseppe Pierobon\u201d di Paiane. Domenica 5 luglio, a chiusura del fine settimana, ci sar\u00e0 la passeggiata tra i \u201ctroi e roi\u201d, con partenza alle ore 9 da piazza Esempon, la visita guidata a \u201cLa Fontaneta\u201d e a \u201cLe Pompe\u201d, con storia, funzioni e utilizzo. Alle 11 ci sar\u00e0 una dimostrazione di bucato e \u201clissia col zendro\u201d, a cura della donne di Soccher, che si svolger\u00e0 a \u201cLa roi dei Tramontin\u201d. La giornata si concluder\u00e0 con il pranzo in compagnia in piazza Esempon. \u201cPaesi Aperti\u201d, giunta ormai alla quinta edizione, \u00e8 una manifestazione organizzata dal Comune di Ponte nelle Alpi con la preziosa collaborazione dei Comitati frazionali e della Pro Loco.<br \/>\nIl programma completo di Paesi Aperti \u00e8 consultabile sul sito <a href=\"http:\/\/www.comune.pontenellealpi.bl.it\">www.comune.pontenellealpi.bl.it<\/a>.<\/p>\n<p style=\"margin-bottom: 0cm;\" align=\"left\">\u00a0<\/p>","protected":false},"excerpt":{"rendered":"<p>\u00a0E\u2019ormai entrata nel vivo la manifestazione \u201cPaesi Aperti\u201d che coinvolge nel fine settimana le diverse frazioni del comune pontalpino. Nel prossimo fine settimana sar\u00e0 protagonista la frazione di Soccher, con una serie di iniziative che sono state denominate \u201cAndar per acque\u201d. Il programma della manifestazione prevede venerd\u00ec 3 luglio, nella zona del campo sportivo di [&hellip;]<\/p>\n","protected":false},"author":2,"featured_media":0,"comment_status":"closed","ping_status":"open","sticky":false,"template":"","format":"standard","meta":{"footnotes":""},"categories":[3,25],"tags":[],"class_list":["post-5575","post","type-post","status-publish","format-standard","category-arte-cultura-spettacoli-scienza-archivi","category-pausa-caffe"],"yoast_head":"<!-- This site is optimized with the Yoast SEO plugin v28.4 - https:\/\/yoast.com\/product\/yoast-seo-wordpress\/ -->\n<title>Prosegue a Soccher la manifestazione \u201cPaesi Aperti\u201d dal 3 al 5 luglio 2009 - Bellunopress - Dolomiti<\/title>\n<meta name=\"robots\" content=\"index, follow, max-snippet:-1, max-image-preview:large, max-video-preview:-1\" \/>\n<link rel=\"canonical\" href=\"https:\/\/www.bellunopress.it\/fr\/2009\/07\/01\/prosegue-a-soccher-la-manifestazione-\u201cpaesi-aperti\u201d-dal-3-al-5-luglio-2009\/\" \/>\n<meta property=\"og:locale\" content=\"fr_FR\" \/>\n<meta property=\"og:type\" content=\"article\" \/>\n<meta property=\"og:title\" content=\"Prosegue a Soccher la manifestazione \u201cPaesi Aperti\u201d dal 3 al 5 luglio 2009 - Bellunopress - Dolomiti\" \/>\n<meta property=\"og:description\" content=\"\u00a0E\u2019ormai entrata nel vivo la manifestazione \u201cPaesi Aperti\u201d che coinvolge nel fine settimana le diverse frazioni del comune pontalpino. Nel prossimo fine settimana sar\u00e0 protagonista la frazione di Soccher, con una serie di iniziative che sono state denominate \u201cAndar per acque\u201d. Il programma della manifestazione prevede venerd\u00ec 3 luglio, nella zona del campo sportivo di [&hellip;]\" \/>\n<meta property=\"og:url\" content=\"https:\/\/www.bellunopress.it\/fr\/2009\/07\/01\/prosegue-a-soccher-la-manifestazione-\u201cpaesi-aperti\u201d-dal-3-al-5-luglio-2009\/\" \/>\n<meta property=\"og:site_name\" content=\"Bellunopress - Dolomiti\" \/>\n<meta property=\"article:publisher\" content=\"https:\/\/www.facebook.com\/profile.php?id=100008943462799\" \/>\n<meta property=\"article:published_time\" content=\"2009-07-01T20:13:28+00:00\" \/>\n<meta property=\"og:image\" content=\"http:\/\/www.bellunopress.it\/wp-content\/uploads\/2012\/07\/logo-bellunopress-250x250-2012.jpg\" \/>\n<meta name=\"author\" content=\"redazione\" \/>\n<meta name=\"twitter:card\" content=\"summary_large_image\" \/>\n<meta name=\"twitter:creator\" content=\"@bellunopress\" \/>\n<meta name=\"twitter:site\" content=\"@bellunopress\" \/>\n<meta name=\"twitter:label1\" content=\"\u00c9crit par\" \/>\n\t<meta name=\"twitter:data1\" content=\"redazione\" \/>\n\t<meta name=\"twitter:label2\" content=\"Dur\u00e9e de lecture estim\u00e9e\" \/>\n\t<meta name=\"twitter:data2\" content=\"1 minute\" \/>\n<script type=\"application\/ld+json\" class=\"yoast-schema-graph\">{\"@context\":\"https:\\\/\\\/schema.org\",\"@graph\":[{\"@type\":\"Article\",\"@id\":\"https:\\\/\\\/www.bellunopress.it\\\/2009\\\/07\\\/01\\\/prosegue-a-soccher-la-manifestazione-%e2%80%9cpaesi-aperti%e2%80%9d-dal-3-al-5-luglio-2009\\\/#article\",\"isPartOf\":{\"@id\":\"https:\\\/\\\/www.bellunopress.it\\\/2009\\\/07\\\/01\\\/prosegue-a-soccher-la-manifestazione-%e2%80%9cpaesi-aperti%e2%80%9d-dal-3-al-5-luglio-2009\\\/\"},\"author\":{\"name\":\"redazione\",\"@id\":\"https:\\\/\\\/www.bellunopress.it\\\/#\\\/schema\\\/person\\\/79bb06722b37ece1c03d3e94beb30d73\"},\"headline\":\"Prosegue a Soccher la manifestazione \u201cPaesi Aperti\u201d dal 3 al 5 luglio 2009\",\"datePublished\":\"2009-07-01T20:13:28+00:00\",\"mainEntityOfPage\":{\"@id\":\"https:\\\/\\\/www.bellunopress.it\\\/2009\\\/07\\\/01\\\/prosegue-a-soccher-la-manifestazione-%e2%80%9cpaesi-aperti%e2%80%9d-dal-3-al-5-luglio-2009\\\/\"},\"wordCount\":292,\"publisher\":{\"@id\":\"https:\\\/\\\/www.bellunopress.it\\\/#organization\"},\"articleSection\":[\"Arte, Cultura, Spettacoli, Scienza\",\"Pausa Caff\u00e8\"],\"inLanguage\":\"fr-FR\"},{\"@type\":\"WebPage\",\"@id\":\"https:\\\/\\\/www.bellunopress.it\\\/2009\\\/07\\\/01\\\/prosegue-a-soccher-la-manifestazione-%e2%80%9cpaesi-aperti%e2%80%9d-dal-3-al-5-luglio-2009\\\/\",\"url\":\"https:\\\/\\\/www.bellunopress.it\\\/2009\\\/07\\\/01\\\/prosegue-a-soccher-la-manifestazione-%e2%80%9cpaesi-aperti%e2%80%9d-dal-3-al-5-luglio-2009\\\/\",\"name\":\"Prosegue a Soccher la manifestazione \u201cPaesi Aperti\u201d dal 3 al 5 luglio 2009 - Bellunopress - Dolomiti\",\"isPartOf\":{\"@id\":\"https:\\\/\\\/www.bellunopress.it\\\/#website\"},\"datePublished\":\"2009-07-01T20:13:28+00:00\",\"breadcrumb\":{\"@id\":\"https:\\\/\\\/www.bellunopress.it\\\/2009\\\/07\\\/01\\\/prosegue-a-soccher-la-manifestazione-%e2%80%9cpaesi-aperti%e2%80%9d-dal-3-al-5-luglio-2009\\\/#breadcrumb\"},\"inLanguage\":\"fr-FR\",\"potentialAction\":[{\"@type\":\"ReadAction\",\"target\":[\"https:\\\/\\\/www.bellunopress.it\\\/2009\\\/07\\\/01\\\/prosegue-a-soccher-la-manifestazione-%e2%80%9cpaesi-aperti%e2%80%9d-dal-3-al-5-luglio-2009\\\/\"]}]},{\"@type\":\"BreadcrumbList\",\"@id\":\"https:\\\/\\\/www.bellunopress.it\\\/2009\\\/07\\\/01\\\/prosegue-a-soccher-la-manifestazione-%e2%80%9cpaesi-aperti%e2%80%9d-dal-3-al-5-luglio-2009\\\/#breadcrumb\",\"itemListElement\":[{\"@type\":\"ListItem\",\"position\":1,\"name\":\"Home\",\"item\":\"https:\\\/\\\/www.bellunopress.it\\\/\"},{\"@type\":\"ListItem\",\"position\":2,\"name\":\"Prosegue a Soccher la manifestazione \u201cPaesi Aperti\u201d dal 3 al 5 luglio 2009\"}]},{\"@type\":\"WebSite\",\"@id\":\"https:\\\/\\\/www.bellunopress.it\\\/#website\",\"url\":\"https:\\\/\\\/www.bellunopress.it\\\/\",\"name\":\"Bellunopress - Dolomiti\",\"description\":\"e-mail: redazione@bellunopress.it\",\"publisher\":{\"@id\":\"https:\\\/\\\/www.bellunopress.it\\\/#organization\"},\"potentialAction\":[{\"@type\":\"SearchAction\",\"target\":{\"@type\":\"EntryPoint\",\"urlTemplate\":\"https:\\\/\\\/www.bellunopress.it\\\/?s={search_term_string}\"},\"query-input\":{\"@type\":\"PropertyValueSpecification\",\"valueRequired\":true,\"valueName\":\"search_term_string\"}}],\"inLanguage\":\"fr-FR\"},{\"@type\":\"Organization\",\"@id\":\"https:\\\/\\\/www.bellunopress.it\\\/#organization\",\"name\":\"Bellunopress\",\"url\":\"https:\\\/\\\/www.bellunopress.it\\\/\",\"logo\":{\"@type\":\"ImageObject\",\"inLanguage\":\"fr-FR\",\"@id\":\"https:\\\/\\\/www.bellunopress.it\\\/#\\\/schema\\\/logo\\\/image\\\/\",\"url\":\"https:\\\/\\\/www.bellunopress.it\\\/wp-content\\\/uploads\\\/2011\\\/05\\\/cropped-logo-bellunopress-.jpg\",\"contentUrl\":\"https:\\\/\\\/www.bellunopress.it\\\/wp-content\\\/uploads\\\/2011\\\/05\\\/cropped-logo-bellunopress-.jpg\",\"width\":512,\"height\":512,\"caption\":\"Bellunopress\"},\"image\":{\"@id\":\"https:\\\/\\\/www.bellunopress.it\\\/#\\\/schema\\\/logo\\\/image\\\/\"},\"sameAs\":[\"https:\\\/\\\/www.facebook.com\\\/profile.php?id=100008943462799\",\"https:\\\/\\\/x.com\\\/bellunopress\",\"https:\\\/\\\/www.linkedin.com\\\/hp\\\/?dnr=JBzUWaJfMUw8vbXJJ2tVW5-I3jZKvC4wsoxE&amp;amp;amp;amp;amp;amp;trk=nav_responsive_tab_home\",\"https:\\\/\\\/www.youtube.com\\\/channel\\\/UCxL0wu1uN0_3_7hGG0306cw\"]},{\"@type\":\"Person\",\"@id\":\"https:\\\/\\\/www.bellunopress.it\\\/#\\\/schema\\\/person\\\/79bb06722b37ece1c03d3e94beb30d73\",\"name\":\"redazione\",\"image\":{\"@type\":\"ImageObject\",\"inLanguage\":\"fr-FR\",\"@id\":\"https:\\\/\\\/secure.gravatar.com\\\/avatar\\\/37d968a2e67a6fd04c169c4bdef102d0bc5d31b2546345219e348575eb80e9a0?s=96&d=mm&r=g\",\"url\":\"https:\\\/\\\/secure.gravatar.com\\\/avatar\\\/37d968a2e67a6fd04c169c4bdef102d0bc5d31b2546345219e348575eb80e9a0?s=96&d=mm&r=g\",\"contentUrl\":\"https:\\\/\\\/secure.gravatar.com\\\/avatar\\\/37d968a2e67a6fd04c169c4bdef102d0bc5d31b2546345219e348575eb80e9a0?s=96&d=mm&r=g\",\"caption\":\"redazione\"},\"sameAs\":[\"http:\\\/\\\/www.bellunopress.it\",\"https:\\\/\\\/x.com\\\/bellunopress\"],\"url\":\"https:\\\/\\\/www.bellunopress.it\\\/fr\\\/author\\\/redazione\\\/\"}]}<\/script>\n<!-- \/ Yoast SEO plugin. -->","yoast_head_json":{"title":"Prosegue a Soccher la manifestazione \u201cPaesi Aperti\u201d dal 3 al 5 luglio 2009 - Bellunopress - Dolomiti","robots":{"index":"index","follow":"follow","max-snippet":"max-snippet:-1","max-image-preview":"max-image-preview:large","max-video-preview":"max-video-preview:-1"},"canonical":"https:\/\/www.bellunopress.it\/fr\/2009\/07\/01\/prosegue-a-soccher-la-manifestazione-\u201cpaesi-aperti\u201d-dal-3-al-5-luglio-2009\/","og_locale":"fr_FR","og_type":"article","og_title":"Prosegue a Soccher la manifestazione \u201cPaesi Aperti\u201d dal 3 al 5 luglio 2009 - Bellunopress - Dolomiti","og_description":"\u00a0E\u2019ormai entrata nel vivo la manifestazione \u201cPaesi Aperti\u201d che coinvolge nel fine settimana le diverse frazioni del comune pontalpino. Nel prossimo fine settimana sar\u00e0 protagonista la frazione di Soccher, con una serie di iniziative che sono state denominate \u201cAndar per acque\u201d. Il programma della manifestazione prevede venerd\u00ec 3 luglio, nella zona del campo sportivo di [&hellip;]","og_url":"https:\/\/www.bellunopress.it\/fr\/2009\/07\/01\/prosegue-a-soccher-la-manifestazione-\u201cpaesi-aperti\u201d-dal-3-al-5-luglio-2009\/","og_site_name":"Bellunopress - Dolomiti","article_publisher":"https:\/\/www.facebook.com\/profile.php?id=100008943462799","article_published_time":"2009-07-01T20:13:28+00:00","og_image":[{"url":"http:\/\/www.bellunopress.it\/wp-content\/uploads\/2012\/07\/logo-bellunopress-250x250-2012.jpg","type":"","width":"","height":""}],"author":"redazione","twitter_card":"summary_large_image","twitter_creator":"@bellunopress","twitter_site":"@bellunopress","twitter_misc":{"\u00c9crit par":"redazione","Dur\u00e9e de lecture estim\u00e9e":"1 minute"},"schema":{"@context":"https:\/\/schema.org","@graph":[{"@type":"Article","@id":"https:\/\/www.bellunopress.it\/2009\/07\/01\/prosegue-a-soccher-la-manifestazione-%e2%80%9cpaesi-aperti%e2%80%9d-dal-3-al-5-luglio-2009\/#article","isPartOf":{"@id":"https:\/\/www.bellunopress.it\/2009\/07\/01\/prosegue-a-soccher-la-manifestazione-%e2%80%9cpaesi-aperti%e2%80%9d-dal-3-al-5-luglio-2009\/"},"author":{"name":"redazione","@id":"https:\/\/www.bellunopress.it\/#\/schema\/person\/79bb06722b37ece1c03d3e94beb30d73"},"headline":"Prosegue a Soccher la manifestazione \u201cPaesi Aperti\u201d dal 3 al 5 luglio 2009","datePublished":"2009-07-01T20:13:28+00:00","mainEntityOfPage":{"@id":"https:\/\/www.bellunopress.it\/2009\/07\/01\/prosegue-a-soccher-la-manifestazione-%e2%80%9cpaesi-aperti%e2%80%9d-dal-3-al-5-luglio-2009\/"},"wordCount":292,"publisher":{"@id":"https:\/\/www.bellunopress.it\/#organization"},"articleSection":["Arte, Cultura, Spettacoli, Scienza","Pausa Caff\u00e8"],"inLanguage":"fr-FR"},{"@type":"WebPage","@id":"https:\/\/www.bellunopress.it\/2009\/07\/01\/prosegue-a-soccher-la-manifestazione-%e2%80%9cpaesi-aperti%e2%80%9d-dal-3-al-5-luglio-2009\/","url":"https:\/\/www.bellunopress.it\/2009\/07\/01\/prosegue-a-soccher-la-manifestazione-%e2%80%9cpaesi-aperti%e2%80%9d-dal-3-al-5-luglio-2009\/","name":"Prosegue a Soccher la manifestazione \u201cPaesi Aperti\u201d dal 3 al 5 luglio 2009 - Bellunopress - Dolomiti","isPartOf":{"@id":"https:\/\/www.bellunopress.it\/#website"},"datePublished":"2009-07-01T20:13:28+00:00","breadcrumb":{"@id":"https:\/\/www.bellunopress.it\/2009\/07\/01\/prosegue-a-soccher-la-manifestazione-%e2%80%9cpaesi-aperti%e2%80%9d-dal-3-al-5-luglio-2009\/#breadcrumb"},"inLanguage":"fr-FR","potentialAction":[{"@type":"ReadAction","target":["https:\/\/www.bellunopress.it\/2009\/07\/01\/prosegue-a-soccher-la-manifestazione-%e2%80%9cpaesi-aperti%e2%80%9d-dal-3-al-5-luglio-2009\/"]}]},{"@type":"BreadcrumbList","@id":"https:\/\/www.bellunopress.it\/2009\/07\/01\/prosegue-a-soccher-la-manifestazione-%e2%80%9cpaesi-aperti%e2%80%9d-dal-3-al-5-luglio-2009\/#breadcrumb","itemListElement":[{"@type":"ListItem","position":1,"name":"Home","item":"https:\/\/www.bellunopress.it\/"},{"@type":"ListItem","position":2,"name":"Prosegue a Soccher la manifestazione \u201cPaesi Aperti\u201d dal 3 al 5 luglio 2009"}]},{"@type":"WebSite","@id":"https:\/\/www.bellunopress.it\/#website","url":"https:\/\/www.bellunopress.it\/","name":"Bellunopress - Dolomiti","description":"e-mail: redazione@bellunopress.it","publisher":{"@id":"https:\/\/www.bellunopress.it\/#organization"},"potentialAction":[{"@type":"SearchAction","target":{"@type":"EntryPoint","urlTemplate":"https:\/\/www.bellunopress.it\/?s={search_term_string}"},"query-input":{"@type":"PropertyValueSpecification","valueRequired":true,"valueName":"search_term_string"}}],"inLanguage":"fr-FR"},{"@type":"Organization","@id":"https:\/\/www.bellunopress.it\/#organization","name":"Bellunopress","url":"https:\/\/www.bellunopress.it\/","logo":{"@type":"ImageObject","inLanguage":"fr-FR","@id":"https:\/\/www.bellunopress.it\/#\/schema\/logo\/image\/","url":"https:\/\/www.bellunopress.it\/wp-content\/uploads\/2011\/05\/cropped-logo-bellunopress-.jpg","contentUrl":"https:\/\/www.bellunopress.it\/wp-content\/uploads\/2011\/05\/cropped-logo-bellunopress-.jpg","width":512,"height":512,"caption":"Bellunopress"},"image":{"@id":"https:\/\/www.bellunopress.it\/#\/schema\/logo\/image\/"},"sameAs":["https:\/\/www.facebook.com\/profile.php?id=100008943462799","https:\/\/x.com\/bellunopress","https:\/\/www.linkedin.com\/hp\/?dnr=JBzUWaJfMUw8vbXJJ2tVW5-I3jZKvC4wsoxE&amp;amp;amp;amp;amp;amp;trk=nav_responsive_tab_home","https:\/\/www.youtube.com\/channel\/UCxL0wu1uN0_3_7hGG0306cw"]},{"@type":"Person","@id":"https:\/\/www.bellunopress.it\/#\/schema\/person\/79bb06722b37ece1c03d3e94beb30d73","name":"r\u00e9daction","image":{"@type":"ImageObject","inLanguage":"fr-FR","@id":"https:\/\/secure.gravatar.com\/avatar\/37d968a2e67a6fd04c169c4bdef102d0bc5d31b2546345219e348575eb80e9a0?s=96&d=mm&r=g","url":"https:\/\/secure.gravatar.com\/avatar\/37d968a2e67a6fd04c169c4bdef102d0bc5d31b2546345219e348575eb80e9a0?s=96&d=mm&r=g","contentUrl":"https:\/\/secure.gravatar.com\/avatar\/37d968a2e67a6fd04c169c4bdef102d0bc5d31b2546345219e348575eb80e9a0?s=96&d=mm&r=g","caption":"redazione"},"sameAs":["http:\/\/www.bellunopress.it","https:\/\/x.com\/bellunopress"],"url":"https:\/\/www.bellunopress.it\/fr\/author\/redazione\/"}]}},"_links":{"self":[{"href":"https:\/\/www.bellunopress.it\/fr\/wp-json\/wp\/v2\/posts\/5575","targetHints":{"allow":["GET"]}}],"collection":[{"href":"https:\/\/www.bellunopress.it\/fr\/wp-json\/wp\/v2\/posts"}],"about":[{"href":"https:\/\/www.bellunopress.it\/fr\/wp-json\/wp\/v2\/types\/post"}],"author":[{"embeddable":true,"href":"https:\/\/www.bellunopress.it\/fr\/wp-json\/wp\/v2\/users\/2"}],"replies":[{"embeddable":true,"href":"https:\/\/www.bellunopress.it\/fr\/wp-json\/wp\/v2\/comments?post=5575"}],"version-history":[{"count":1,"href":"https:\/\/www.bellunopress.it\/fr\/wp-json\/wp\/v2\/posts\/5575\/revisions"}],"predecessor-version":[{"id":5576,"href":"https:\/\/www.bellunopress.it\/fr\/wp-json\/wp\/v2\/posts\/5575\/revisions\/5576"}],"wp:attachment":[{"href":"https:\/\/www.bellunopress.it\/fr\/wp-json\/wp\/v2\/media?parent=5575"}],"wp:term":[{"taxonomy":"category","embeddable":true,"href":"https:\/\/www.bellunopress.it\/fr\/wp-json\/wp\/v2\/categories?post=5575"},{"taxonomy":"post_tag","embeddable":true,"href":"https:\/\/www.bellunopress.it\/fr\/wp-json\/wp\/v2\/tags?post=5575"}],"curies":[{"name":"wp","href":"https:\/\/api.w.org\/{rel}","templated":true}]}}