{"id":5571,"date":"2009-07-01T21:03:36","date_gmt":"2009-07-01T20:03:36","guid":{"rendered":"http:\/\/www.bellunopress.it\/?p=5571"},"modified":"2009-07-01T21:03:36","modified_gmt":"2009-07-01T20:03:36","slug":"un-convegno-organizzato-dal-cisfer-per-sabato-4-luglio-sul-nevegal","status":"publish","type":"post","link":"https:\/\/www.bellunopress.it\/fr\/2009\/07\/01\/un-convegno-organizzato-dal-cisfer-per-sabato-4-luglio-sul-nevegal\/","title":{"rendered":"Un convegno organizzato dal Cisfer per sabato 4 luglio sul Nevegal"},"content":{"rendered":"<p>Come aiutare i bambini a costruire se stessi e diventare persone? E\u2019 il titolo del convegno provinciale rivolto a educatrici dei nidi e delle scuole dell\u2019infanzia, ma anche ai genitori, organizzato dal Cisfer, associazione culturale che dal 1982 si occupa dello studio e della ricerca nel settore della formazione e aggiornamento degli psicomotricisti, interessando gli operatori del settore riabilitativo, psico-sociale e pedagogico. Il convegno si svolger\u00e0 sabato 4 luglio a partire dalle 8.30 alle 18.30 al Centro Le Torri del Nevegal, in comune di Belluno. \u201cNella societ\u00e0 odierna e in seno alla famiglia in particolare \u2013 spiega il dottor Gioacchino Manfr\u00e9, psicologo, formatore in psicomotricit\u00e0, socio onorario dell\u2019Anupi, Associazione Nazionale Unitaria Psicomotricisti Italiani, nel presentare il convegno &#8211; assistiamo a profondi mutamenti dettati da molteplici fattori, al centro dei quali si trova inevitabilmente il bambino fin dal suo essere beb\u00e9. Affidato ad altre cure che non sono quelle materne, come affronta il beb\u00e9 questo universo esperienziale nel corso del suo processo di sviluppo che lo porter\u00e0 a diventare bambino?\u201d.\u00a0 Gli attori di questo processo in cui il bambino \u00e8 al centro sono indubbiamente i genitori, ma le educatrici dei nidi e le insegnanti delle scuole dell\u2019infanzia costituiscono l\u2019altro polo su cui far convergere l\u2019attenzione. Ecco perch\u00e8, afferma\u00a0 il dottor Manfr\u00e8, c\u2019\u00e8 bisogno di grande professionalizzazione per rispondere alle esigenze che il bambino ci pone. Il convegno del Nevegal \u00e8 quindi particolarmente rivolto a tutto il personale dei nidi e scuole dell\u2019infanzia intende, sviluppando alcune tematiche fondamentali che coinvolgono secondo le due prospettive: del bambino e dell\u2019adulto. Relatori saranno Giuseppe Benincasa,\u00a0 medico, neuropsichiatra infantile, psicoanalista, formatore didatta della Societ\u00e0 Psicoanalitica Italiana, Gioacchino Manfr\u00e9, psicologo e formatore in psicomotricit\u00e0, Giulio Santiani, psicologo, terapista della neuro e psicomotricit\u00e0 dell\u2019et\u00e0 evolutiva, formatore in psicomotricit\u00e0. Maggiori informazioni sul convegno e sulle modalit\u00e0 di partecipazione possono essere reperite sul sito del Cisfer, <a href=\"http:\/\/www.cisfer.it\">www.cisfer.it<\/a><br \/>\nIL PROGRAMMA DEL CORSO<br \/>\n8.30 \/ 9.00 operazioni di segreteria<br \/>\n9.00\/ 9.30 Apertura del Convegno e indirizzo di saluto alle Autorit\u00e0<br \/>\n9.30 \/ 13.00 relazioni della mattina, dibattito<br \/>\nL\u2019apporto delle moderne teorie sullo studio della crescita e sviluppo psichico del beb\u00e9 e del<br \/>\nbambino piccolo (0 \u2013 3 anni)<br \/>\nLa motricit\u00e0 spontanea del bambino:<br \/>\n&#8211; Bambino soggetto attivo<br \/>\n&#8211; Funzione di accompagnamento e sostegno dell\u2019adulto<br \/>\n&#8211; L\u2019instaurarsi della relazione: l\u2019ascolto del bambino e dei suoi bisogni.<br \/>\n&#8211; Il tessuto della relazione: corpo, movimento, azione e interazione e lo sviluppo della vita psichica.<br \/>\nIl passaggio dalla diade alla triade:<br \/>\n&#8211; La costruzione del posto del padre<br \/>\n13.00 \/ 14.30 pausa pranzo<br \/>\n14.30 \/ 18.30 relazioni del pomeriggio, dibattito e proiezioni video<br \/>\nLe modalit\u00e0 dell\u2019adulto<br \/>\n* Come fare, con che cosa (materiali, spazio e tempo)<br \/>\n* Significato educativo e per lo sviluppo del lavorare nel qui ed ora dell\u2019espressivit\u00e0 corporea<br \/>\ninterattiva.<br \/>\n* Lo sguardo attento e partecipe dell\u2019educatore.<br \/>\n* Il ruolo del corpo e della motricit\u00e0 al centro della progettazione educativa.<br \/>\n18.30 chiusura del Convegno e ritiro attestati di presenza<\/p>","protected":false},"excerpt":{"rendered":"<p>Come aiutare i bambini a costruire se stessi e diventare persone? E\u2019 il titolo del convegno provinciale rivolto a educatrici dei nidi e delle scuole dell\u2019infanzia, ma anche ai genitori, organizzato dal Cisfer, associazione culturale che dal 1982 si occupa dello studio e della ricerca nel settore della formazione e aggiornamento degli psicomotricisti, interessando gli [&hellip;]<\/p>\n","protected":false},"author":2,"featured_media":0,"comment_status":"closed","ping_status":"open","sticky":false,"template":"","format":"standard","meta":{"footnotes":""},"categories":[27],"tags":[139],"class_list":["post-5571","post","type-post","status-publish","format-standard","category-appuntamenti","tag-belluno"],"yoast_head":"<!-- This site is optimized with the Yoast SEO plugin v28.4 - https:\/\/yoast.com\/product\/yoast-seo-wordpress\/ -->\n<title>Un convegno organizzato dal Cisfer per sabato 4 luglio sul Nevegal  - Bellunopress - Dolomiti<\/title>\n<meta name=\"robots\" content=\"index, follow, max-snippet:-1, max-image-preview:large, max-video-preview:-1\" \/>\n<link rel=\"canonical\" href=\"https:\/\/www.bellunopress.it\/fr\/2009\/07\/01\/un-convegno-organizzato-dal-cisfer-per-sabato-4-luglio-sul-nevegal\/\" \/>\n<meta property=\"og:locale\" content=\"fr_FR\" \/>\n<meta property=\"og:type\" content=\"article\" \/>\n<meta property=\"og:title\" content=\"Un convegno organizzato dal Cisfer per sabato 4 luglio sul Nevegal  - Bellunopress - Dolomiti\" \/>\n<meta property=\"og:description\" content=\"Come aiutare i bambini a costruire se stessi e diventare persone? E\u2019 il titolo del convegno provinciale rivolto a educatrici dei nidi e delle scuole dell\u2019infanzia, ma anche ai genitori, organizzato dal Cisfer, associazione culturale che dal 1982 si occupa dello studio e della ricerca nel settore della formazione e aggiornamento degli psicomotricisti, interessando gli [&hellip;]\" \/>\n<meta property=\"og:url\" content=\"https:\/\/www.bellunopress.it\/fr\/2009\/07\/01\/un-convegno-organizzato-dal-cisfer-per-sabato-4-luglio-sul-nevegal\/\" \/>\n<meta property=\"og:site_name\" content=\"Bellunopress - Dolomiti\" \/>\n<meta property=\"article:publisher\" content=\"https:\/\/www.facebook.com\/profile.php?id=100008943462799\" \/>\n<meta property=\"article:published_time\" content=\"2009-07-01T20:03:36+00:00\" \/>\n<meta property=\"og:image\" content=\"http:\/\/www.bellunopress.it\/wp-content\/uploads\/2012\/07\/logo-bellunopress-250x250-2012.jpg\" \/>\n<meta name=\"author\" content=\"redazione\" \/>\n<meta name=\"twitter:card\" content=\"summary_large_image\" \/>\n<meta name=\"twitter:creator\" content=\"@bellunopress\" \/>\n<meta name=\"twitter:site\" content=\"@bellunopress\" \/>\n<meta name=\"twitter:label1\" content=\"Written by\" \/>\n\t<meta name=\"twitter:data1\" content=\"redazione\" \/>\n\t<meta name=\"twitter:label2\" content=\"Est. reading time\" \/>\n\t<meta name=\"twitter:data2\" content=\"2 minutes\" \/>\n<script type=\"application\/ld+json\" class=\"yoast-schema-graph\">{\"@context\":\"https:\\\/\\\/schema.org\",\"@graph\":[{\"@type\":\"Article\",\"@id\":\"https:\\\/\\\/www.bellunopress.it\\\/2009\\\/07\\\/01\\\/un-convegno-organizzato-dal-cisfer-per-sabato-4-luglio-sul-nevegal\\\/#article\",\"isPartOf\":{\"@id\":\"https:\\\/\\\/www.bellunopress.it\\\/2009\\\/07\\\/01\\\/un-convegno-organizzato-dal-cisfer-per-sabato-4-luglio-sul-nevegal\\\/\"},\"author\":{\"name\":\"redazione\",\"@id\":\"https:\\\/\\\/www.bellunopress.it\\\/#\\\/schema\\\/person\\\/79bb06722b37ece1c03d3e94beb30d73\"},\"headline\":\"Un convegno organizzato dal Cisfer per sabato 4 luglio sul Nevegal\",\"datePublished\":\"2009-07-01T20:03:36+00:00\",\"mainEntityOfPage\":{\"@id\":\"https:\\\/\\\/www.bellunopress.it\\\/2009\\\/07\\\/01\\\/un-convegno-organizzato-dal-cisfer-per-sabato-4-luglio-sul-nevegal\\\/\"},\"wordCount\":483,\"publisher\":{\"@id\":\"https:\\\/\\\/www.bellunopress.it\\\/#organization\"},\"keywords\":[\"Belluno\"],\"articleSection\":[\"Appuntamenti, Eventi\"],\"inLanguage\":\"fr-FR\"},{\"@type\":\"WebPage\",\"@id\":\"https:\\\/\\\/www.bellunopress.it\\\/2009\\\/07\\\/01\\\/un-convegno-organizzato-dal-cisfer-per-sabato-4-luglio-sul-nevegal\\\/\",\"url\":\"https:\\\/\\\/www.bellunopress.it\\\/2009\\\/07\\\/01\\\/un-convegno-organizzato-dal-cisfer-per-sabato-4-luglio-sul-nevegal\\\/\",\"name\":\"Un convegno organizzato dal Cisfer per sabato 4 luglio sul Nevegal - Bellunopress - Dolomiti\",\"isPartOf\":{\"@id\":\"https:\\\/\\\/www.bellunopress.it\\\/#website\"},\"datePublished\":\"2009-07-01T20:03:36+00:00\",\"breadcrumb\":{\"@id\":\"https:\\\/\\\/www.bellunopress.it\\\/2009\\\/07\\\/01\\\/un-convegno-organizzato-dal-cisfer-per-sabato-4-luglio-sul-nevegal\\\/#breadcrumb\"},\"inLanguage\":\"fr-FR\",\"potentialAction\":[{\"@type\":\"ReadAction\",\"target\":[\"https:\\\/\\\/www.bellunopress.it\\\/2009\\\/07\\\/01\\\/un-convegno-organizzato-dal-cisfer-per-sabato-4-luglio-sul-nevegal\\\/\"]}]},{\"@type\":\"BreadcrumbList\",\"@id\":\"https:\\\/\\\/www.bellunopress.it\\\/2009\\\/07\\\/01\\\/un-convegno-organizzato-dal-cisfer-per-sabato-4-luglio-sul-nevegal\\\/#breadcrumb\",\"itemListElement\":[{\"@type\":\"ListItem\",\"position\":1,\"name\":\"Home\",\"item\":\"https:\\\/\\\/www.bellunopress.it\\\/\"},{\"@type\":\"ListItem\",\"position\":2,\"name\":\"Un convegno organizzato dal Cisfer per sabato 4 luglio sul Nevegal\"}]},{\"@type\":\"WebSite\",\"@id\":\"https:\\\/\\\/www.bellunopress.it\\\/#website\",\"url\":\"https:\\\/\\\/www.bellunopress.it\\\/\",\"name\":\"Bellunopress - Dolomiti\",\"description\":\"e-mail: redazione@bellunopress.it\",\"publisher\":{\"@id\":\"https:\\\/\\\/www.bellunopress.it\\\/#organization\"},\"potentialAction\":[{\"@type\":\"SearchAction\",\"target\":{\"@type\":\"EntryPoint\",\"urlTemplate\":\"https:\\\/\\\/www.bellunopress.it\\\/?s={search_term_string}\"},\"query-input\":{\"@type\":\"PropertyValueSpecification\",\"valueRequired\":true,\"valueName\":\"search_term_string\"}}],\"inLanguage\":\"fr-FR\"},{\"@type\":\"Organization\",\"@id\":\"https:\\\/\\\/www.bellunopress.it\\\/#organization\",\"name\":\"Bellunopress\",\"url\":\"https:\\\/\\\/www.bellunopress.it\\\/\",\"logo\":{\"@type\":\"ImageObject\",\"inLanguage\":\"fr-FR\",\"@id\":\"https:\\\/\\\/www.bellunopress.it\\\/#\\\/schema\\\/logo\\\/image\\\/\",\"url\":\"https:\\\/\\\/www.bellunopress.it\\\/wp-content\\\/uploads\\\/2011\\\/05\\\/cropped-logo-bellunopress-.jpg\",\"contentUrl\":\"https:\\\/\\\/www.bellunopress.it\\\/wp-content\\\/uploads\\\/2011\\\/05\\\/cropped-logo-bellunopress-.jpg\",\"width\":512,\"height\":512,\"caption\":\"Bellunopress\"},\"image\":{\"@id\":\"https:\\\/\\\/www.bellunopress.it\\\/#\\\/schema\\\/logo\\\/image\\\/\"},\"sameAs\":[\"https:\\\/\\\/www.facebook.com\\\/profile.php?id=100008943462799\",\"https:\\\/\\\/x.com\\\/bellunopress\",\"https:\\\/\\\/www.linkedin.com\\\/hp\\\/?dnr=JBzUWaJfMUw8vbXJJ2tVW5-I3jZKvC4wsoxE&amp;amp;amp;amp;amp;amp;trk=nav_responsive_tab_home\",\"https:\\\/\\\/www.youtube.com\\\/channel\\\/UCxL0wu1uN0_3_7hGG0306cw\"]},{\"@type\":\"Person\",\"@id\":\"https:\\\/\\\/www.bellunopress.it\\\/#\\\/schema\\\/person\\\/79bb06722b37ece1c03d3e94beb30d73\",\"name\":\"redazione\",\"image\":{\"@type\":\"ImageObject\",\"inLanguage\":\"fr-FR\",\"@id\":\"https:\\\/\\\/secure.gravatar.com\\\/avatar\\\/37d968a2e67a6fd04c169c4bdef102d0bc5d31b2546345219e348575eb80e9a0?s=96&d=mm&r=g\",\"url\":\"https:\\\/\\\/secure.gravatar.com\\\/avatar\\\/37d968a2e67a6fd04c169c4bdef102d0bc5d31b2546345219e348575eb80e9a0?s=96&d=mm&r=g\",\"contentUrl\":\"https:\\\/\\\/secure.gravatar.com\\\/avatar\\\/37d968a2e67a6fd04c169c4bdef102d0bc5d31b2546345219e348575eb80e9a0?s=96&d=mm&r=g\",\"caption\":\"redazione\"},\"sameAs\":[\"http:\\\/\\\/www.bellunopress.it\",\"https:\\\/\\\/x.com\\\/bellunopress\"],\"url\":\"https:\\\/\\\/www.bellunopress.it\\\/fr\\\/author\\\/redazione\\\/\"}]}<\/script>\n<!-- \/ Yoast SEO plugin. -->","yoast_head_json":{"title":"Un convegno organizzato dal Cisfer per sabato 4 luglio sul Nevegal  - Bellunopress - Dolomiti","robots":{"index":"index","follow":"follow","max-snippet":"max-snippet:-1","max-image-preview":"max-image-preview:large","max-video-preview":"max-video-preview:-1"},"canonical":"https:\/\/www.bellunopress.it\/fr\/2009\/07\/01\/un-convegno-organizzato-dal-cisfer-per-sabato-4-luglio-sul-nevegal\/","og_locale":"fr_FR","og_type":"article","og_title":"Un convegno organizzato dal Cisfer per sabato 4 luglio sul Nevegal  - Bellunopress - Dolomiti","og_description":"Come aiutare i bambini a costruire se stessi e diventare persone? E\u2019 il titolo del convegno provinciale rivolto a educatrici dei nidi e delle scuole dell\u2019infanzia, ma anche ai genitori, organizzato dal Cisfer, associazione culturale che dal 1982 si occupa dello studio e della ricerca nel settore della formazione e aggiornamento degli psicomotricisti, interessando gli [&hellip;]","og_url":"https:\/\/www.bellunopress.it\/fr\/2009\/07\/01\/un-convegno-organizzato-dal-cisfer-per-sabato-4-luglio-sul-nevegal\/","og_site_name":"Bellunopress - Dolomiti","article_publisher":"https:\/\/www.facebook.com\/profile.php?id=100008943462799","article_published_time":"2009-07-01T20:03:36+00:00","og_image":[{"url":"http:\/\/www.bellunopress.it\/wp-content\/uploads\/2012\/07\/logo-bellunopress-250x250-2012.jpg","type":"","width":"","height":""}],"author":"redazione","twitter_card":"summary_large_image","twitter_creator":"@bellunopress","twitter_site":"@bellunopress","twitter_misc":{"Written by":"redazione","Est. reading time":"2 minutes"},"schema":{"@context":"https:\/\/schema.org","@graph":[{"@type":"Article","@id":"https:\/\/www.bellunopress.it\/2009\/07\/01\/un-convegno-organizzato-dal-cisfer-per-sabato-4-luglio-sul-nevegal\/#article","isPartOf":{"@id":"https:\/\/www.bellunopress.it\/2009\/07\/01\/un-convegno-organizzato-dal-cisfer-per-sabato-4-luglio-sul-nevegal\/"},"author":{"name":"redazione","@id":"https:\/\/www.bellunopress.it\/#\/schema\/person\/79bb06722b37ece1c03d3e94beb30d73"},"headline":"Un convegno organizzato dal Cisfer per sabato 4 luglio sul Nevegal","datePublished":"2009-07-01T20:03:36+00:00","mainEntityOfPage":{"@id":"https:\/\/www.bellunopress.it\/2009\/07\/01\/un-convegno-organizzato-dal-cisfer-per-sabato-4-luglio-sul-nevegal\/"},"wordCount":483,"publisher":{"@id":"https:\/\/www.bellunopress.it\/#organization"},"keywords":["Belluno"],"articleSection":["Appuntamenti, Eventi"],"inLanguage":"fr-FR"},{"@type":"WebPage","@id":"https:\/\/www.bellunopress.it\/2009\/07\/01\/un-convegno-organizzato-dal-cisfer-per-sabato-4-luglio-sul-nevegal\/","url":"https:\/\/www.bellunopress.it\/2009\/07\/01\/un-convegno-organizzato-dal-cisfer-per-sabato-4-luglio-sul-nevegal\/","name":"Un convegno organizzato dal Cisfer per sabato 4 luglio sul Nevegal - Bellunopress - Dolomiti","isPartOf":{"@id":"https:\/\/www.bellunopress.it\/#website"},"datePublished":"2009-07-01T20:03:36+00:00","breadcrumb":{"@id":"https:\/\/www.bellunopress.it\/2009\/07\/01\/un-convegno-organizzato-dal-cisfer-per-sabato-4-luglio-sul-nevegal\/#breadcrumb"},"inLanguage":"fr-FR","potentialAction":[{"@type":"ReadAction","target":["https:\/\/www.bellunopress.it\/2009\/07\/01\/un-convegno-organizzato-dal-cisfer-per-sabato-4-luglio-sul-nevegal\/"]}]},{"@type":"BreadcrumbList","@id":"https:\/\/www.bellunopress.it\/2009\/07\/01\/un-convegno-organizzato-dal-cisfer-per-sabato-4-luglio-sul-nevegal\/#breadcrumb","itemListElement":[{"@type":"ListItem","position":1,"name":"Home","item":"https:\/\/www.bellunopress.it\/"},{"@type":"ListItem","position":2,"name":"Un convegno organizzato dal Cisfer per sabato 4 luglio sul Nevegal"}]},{"@type":"WebSite","@id":"https:\/\/www.bellunopress.it\/#website","url":"https:\/\/www.bellunopress.it\/","name":"Bellunopress - Dolomiti","description":"e-mail: redazione@bellunopress.it","publisher":{"@id":"https:\/\/www.bellunopress.it\/#organization"},"potentialAction":[{"@type":"SearchAction","target":{"@type":"EntryPoint","urlTemplate":"https:\/\/www.bellunopress.it\/?s={search_term_string}"},"query-input":{"@type":"PropertyValueSpecification","valueRequired":true,"valueName":"search_term_string"}}],"inLanguage":"fr-FR"},{"@type":"Organization","@id":"https:\/\/www.bellunopress.it\/#organization","name":"Bellunopress","url":"https:\/\/www.bellunopress.it\/","logo":{"@type":"ImageObject","inLanguage":"fr-FR","@id":"https:\/\/www.bellunopress.it\/#\/schema\/logo\/image\/","url":"https:\/\/www.bellunopress.it\/wp-content\/uploads\/2011\/05\/cropped-logo-bellunopress-.jpg","contentUrl":"https:\/\/www.bellunopress.it\/wp-content\/uploads\/2011\/05\/cropped-logo-bellunopress-.jpg","width":512,"height":512,"caption":"Bellunopress"},"image":{"@id":"https:\/\/www.bellunopress.it\/#\/schema\/logo\/image\/"},"sameAs":["https:\/\/www.facebook.com\/profile.php?id=100008943462799","https:\/\/x.com\/bellunopress","https:\/\/www.linkedin.com\/hp\/?dnr=JBzUWaJfMUw8vbXJJ2tVW5-I3jZKvC4wsoxE&amp;amp;amp;amp;amp;amp;trk=nav_responsive_tab_home","https:\/\/www.youtube.com\/channel\/UCxL0wu1uN0_3_7hGG0306cw"]},{"@type":"Person","@id":"https:\/\/www.bellunopress.it\/#\/schema\/person\/79bb06722b37ece1c03d3e94beb30d73","name":"r\u00e9daction","image":{"@type":"ImageObject","inLanguage":"fr-FR","@id":"https:\/\/secure.gravatar.com\/avatar\/37d968a2e67a6fd04c169c4bdef102d0bc5d31b2546345219e348575eb80e9a0?s=96&d=mm&r=g","url":"https:\/\/secure.gravatar.com\/avatar\/37d968a2e67a6fd04c169c4bdef102d0bc5d31b2546345219e348575eb80e9a0?s=96&d=mm&r=g","contentUrl":"https:\/\/secure.gravatar.com\/avatar\/37d968a2e67a6fd04c169c4bdef102d0bc5d31b2546345219e348575eb80e9a0?s=96&d=mm&r=g","caption":"redazione"},"sameAs":["http:\/\/www.bellunopress.it","https:\/\/x.com\/bellunopress"],"url":"https:\/\/www.bellunopress.it\/fr\/author\/redazione\/"}]}},"_links":{"self":[{"href":"https:\/\/www.bellunopress.it\/fr\/wp-json\/wp\/v2\/posts\/5571","targetHints":{"allow":["GET"]}}],"collection":[{"href":"https:\/\/www.bellunopress.it\/fr\/wp-json\/wp\/v2\/posts"}],"about":[{"href":"https:\/\/www.bellunopress.it\/fr\/wp-json\/wp\/v2\/types\/post"}],"author":[{"embeddable":true,"href":"https:\/\/www.bellunopress.it\/fr\/wp-json\/wp\/v2\/users\/2"}],"replies":[{"embeddable":true,"href":"https:\/\/www.bellunopress.it\/fr\/wp-json\/wp\/v2\/comments?post=5571"}],"version-history":[{"count":1,"href":"https:\/\/www.bellunopress.it\/fr\/wp-json\/wp\/v2\/posts\/5571\/revisions"}],"predecessor-version":[{"id":5572,"href":"https:\/\/www.bellunopress.it\/fr\/wp-json\/wp\/v2\/posts\/5571\/revisions\/5572"}],"wp:attachment":[{"href":"https:\/\/www.bellunopress.it\/fr\/wp-json\/wp\/v2\/media?parent=5571"}],"wp:term":[{"taxonomy":"category","embeddable":true,"href":"https:\/\/www.bellunopress.it\/fr\/wp-json\/wp\/v2\/categories?post=5571"},{"taxonomy":"post_tag","embeddable":true,"href":"https:\/\/www.bellunopress.it\/fr\/wp-json\/wp\/v2\/tags?post=5571"}],"curies":[{"name":"wp","href":"https:\/\/api.w.org\/{rel}","templated":true}]}}