{"id":5569,"date":"2009-07-01T21:01:14","date_gmt":"2009-07-01T20:01:14","guid":{"rendered":"http:\/\/www.bellunopress.it\/?p=5569"},"modified":"2009-07-01T21:01:14","modified_gmt":"2009-07-01T20:01:14","slug":"pieno-sostegno-del-sindaco-vaccari-al-palio","status":"publish","type":"post","link":"https:\/\/www.bellunopress.it\/fr\/2009\/07\/01\/pieno-sostegno-del-sindaco-vaccari-al-palio\/","title":{"rendered":"Pieno sostegno del sindaco Vaccari al Palio"},"content":{"rendered":"<p>Il sindaco di Feltre, senatore\u00a0Gianvittore Vaccari ha confermato, nella riunione che si \u00e8 tenuta luned\u00ec sera, il pieno appoggio dell\u2019Amministrazione comunale alla manifestazione agostana. Nell\u2019incontro, a cui erano presenti il Sindaco, una rappresentanza della Giunta comunale ed anche il Consigliere delegato dal Sindaco in materia Cristian Tatto, i vertici dell\u2019Associazione hanno esposto le difficolt\u00e0 economiche incontrate nell\u2019organizzazione del Palio 2009. \u201cGli sponsor sono drasticamente diminuiti\u201d, ha dichiarato Sergio Maccagnan, \u201ce per questo chiediamo un maggiore impegno del Comune per sostenere il Palio, anche se la nostra ricerca per trovare supporto presso le aziende private non si ferma\u201d.<br \/>\nIl sindaco ha risposto alle preoccupazioni del presidente dell\u2019Associazione ribadendo l\u2019importanza della manifestazione per la citt\u00e0 ed esprimendo l&#8217;impegno personale e dell&#8217;Amministrazione. \u201cIl Palio\u201d, ha affermato Gianvittore Vaccari, \u201c\u00e8 un\u2019occasione importante per comunicare a livello nazionale gli elementi fondanti di un\u2019identit\u00e0 che appartiene a tutti i feltrini; valori che hanno fatto grande la nostra storia e che fanno oggi di Feltre una vera perla di storia e cultura. \u00c8 quindi compito dell\u2019Amministrazione sostenere quanto pi\u00f9 possibile questo evento, dando all\u2019Associazione tutto l\u2019appoggio possibile.\u201d<\/p>","protected":false},"excerpt":{"rendered":"<p>Il sindaco di Feltre, senatore\u00a0Gianvittore Vaccari ha confermato, nella riunione che si \u00e8 tenuta luned\u00ec sera, il pieno appoggio dell\u2019Amministrazione comunale alla manifestazione agostana. Nell\u2019incontro, a cui erano presenti il Sindaco, una rappresentanza della Giunta comunale ed anche il Consigliere delegato dal Sindaco in materia Cristian Tatto, i vertici dell\u2019Associazione hanno esposto le difficolt\u00e0 economiche [&hellip;]<\/p>\n","protected":false},"author":2,"featured_media":0,"comment_status":"closed","ping_status":"open","sticky":false,"template":"","format":"standard","meta":{"footnotes":""},"categories":[5],"tags":[302],"class_list":["post-5569","post","type-post","status-publish","format-standard","category-cronaca","tag-feltre"],"yoast_head":"<!-- This site is optimized with the Yoast SEO plugin v28.4 - https:\/\/yoast.com\/product\/yoast-seo-wordpress\/ -->\n<title>Pieno sostegno del sindaco Vaccari al Palio - Bellunopress - Dolomiti<\/title>\n<meta name=\"robots\" content=\"index, follow, max-snippet:-1, max-image-preview:large, max-video-preview:-1\" \/>\n<link rel=\"canonical\" href=\"https:\/\/www.bellunopress.it\/fr\/2009\/07\/01\/pieno-sostegno-del-sindaco-vaccari-al-palio\/\" \/>\n<meta property=\"og:locale\" content=\"fr_FR\" \/>\n<meta property=\"og:type\" content=\"article\" \/>\n<meta property=\"og:title\" content=\"Pieno sostegno del sindaco Vaccari al Palio - Bellunopress - Dolomiti\" \/>\n<meta property=\"og:description\" content=\"Il sindaco di Feltre, senatore\u00a0Gianvittore Vaccari ha confermato, nella riunione che si \u00e8 tenuta luned\u00ec sera, il pieno appoggio dell\u2019Amministrazione comunale alla manifestazione agostana. Nell\u2019incontro, a cui erano presenti il Sindaco, una rappresentanza della Giunta comunale ed anche il Consigliere delegato dal Sindaco in materia Cristian Tatto, i vertici dell\u2019Associazione hanno esposto le difficolt\u00e0 economiche [&hellip;]\" \/>\n<meta property=\"og:url\" content=\"https:\/\/www.bellunopress.it\/fr\/2009\/07\/01\/pieno-sostegno-del-sindaco-vaccari-al-palio\/\" \/>\n<meta property=\"og:site_name\" content=\"Bellunopress - Dolomiti\" \/>\n<meta property=\"article:publisher\" content=\"https:\/\/www.facebook.com\/profile.php?id=100008943462799\" \/>\n<meta property=\"article:published_time\" content=\"2009-07-01T20:01:14+00:00\" \/>\n<meta property=\"og:image\" content=\"http:\/\/www.bellunopress.it\/wp-content\/uploads\/2012\/07\/logo-bellunopress-250x250-2012.jpg\" \/>\n<meta name=\"author\" content=\"redazione\" \/>\n<meta name=\"twitter:card\" content=\"summary_large_image\" \/>\n<meta name=\"twitter:creator\" content=\"@bellunopress\" \/>\n<meta name=\"twitter:site\" content=\"@bellunopress\" \/>\n<meta name=\"twitter:label1\" content=\"\u00c9crit par\" \/>\n\t<meta name=\"twitter:data1\" content=\"redazione\" \/>\n\t<meta name=\"twitter:label2\" content=\"Dur\u00e9e de lecture estim\u00e9e\" \/>\n\t<meta name=\"twitter:data2\" content=\"1 minute\" \/>\n<script type=\"application\/ld+json\" class=\"yoast-schema-graph\">{\"@context\":\"https:\\\/\\\/schema.org\",\"@graph\":[{\"@type\":\"Article\",\"@id\":\"https:\\\/\\\/www.bellunopress.it\\\/2009\\\/07\\\/01\\\/pieno-sostegno-del-sindaco-vaccari-al-palio\\\/#article\",\"isPartOf\":{\"@id\":\"https:\\\/\\\/www.bellunopress.it\\\/2009\\\/07\\\/01\\\/pieno-sostegno-del-sindaco-vaccari-al-palio\\\/\"},\"author\":{\"name\":\"redazione\",\"@id\":\"https:\\\/\\\/www.bellunopress.it\\\/#\\\/schema\\\/person\\\/79bb06722b37ece1c03d3e94beb30d73\"},\"headline\":\"Pieno sostegno del sindaco Vaccari al Palio\",\"datePublished\":\"2009-07-01T20:01:14+00:00\",\"mainEntityOfPage\":{\"@id\":\"https:\\\/\\\/www.bellunopress.it\\\/2009\\\/07\\\/01\\\/pieno-sostegno-del-sindaco-vaccari-al-palio\\\/\"},\"wordCount\":197,\"publisher\":{\"@id\":\"https:\\\/\\\/www.bellunopress.it\\\/#organization\"},\"keywords\":[\"Feltre\"],\"articleSection\":[\"Cronaca\\\/Politica\"],\"inLanguage\":\"fr-FR\"},{\"@type\":\"WebPage\",\"@id\":\"https:\\\/\\\/www.bellunopress.it\\\/2009\\\/07\\\/01\\\/pieno-sostegno-del-sindaco-vaccari-al-palio\\\/\",\"url\":\"https:\\\/\\\/www.bellunopress.it\\\/2009\\\/07\\\/01\\\/pieno-sostegno-del-sindaco-vaccari-al-palio\\\/\",\"name\":\"Pieno sostegno del sindaco Vaccari al Palio - Bellunopress - Dolomiti\",\"isPartOf\":{\"@id\":\"https:\\\/\\\/www.bellunopress.it\\\/#website\"},\"datePublished\":\"2009-07-01T20:01:14+00:00\",\"breadcrumb\":{\"@id\":\"https:\\\/\\\/www.bellunopress.it\\\/2009\\\/07\\\/01\\\/pieno-sostegno-del-sindaco-vaccari-al-palio\\\/#breadcrumb\"},\"inLanguage\":\"fr-FR\",\"potentialAction\":[{\"@type\":\"ReadAction\",\"target\":[\"https:\\\/\\\/www.bellunopress.it\\\/2009\\\/07\\\/01\\\/pieno-sostegno-del-sindaco-vaccari-al-palio\\\/\"]}]},{\"@type\":\"BreadcrumbList\",\"@id\":\"https:\\\/\\\/www.bellunopress.it\\\/2009\\\/07\\\/01\\\/pieno-sostegno-del-sindaco-vaccari-al-palio\\\/#breadcrumb\",\"itemListElement\":[{\"@type\":\"ListItem\",\"position\":1,\"name\":\"Home\",\"item\":\"https:\\\/\\\/www.bellunopress.it\\\/\"},{\"@type\":\"ListItem\",\"position\":2,\"name\":\"Pieno sostegno del sindaco Vaccari al Palio\"}]},{\"@type\":\"WebSite\",\"@id\":\"https:\\\/\\\/www.bellunopress.it\\\/#website\",\"url\":\"https:\\\/\\\/www.bellunopress.it\\\/\",\"name\":\"Bellunopress - Dolomiti\",\"description\":\"e-mail: redazione@bellunopress.it\",\"publisher\":{\"@id\":\"https:\\\/\\\/www.bellunopress.it\\\/#organization\"},\"potentialAction\":[{\"@type\":\"SearchAction\",\"target\":{\"@type\":\"EntryPoint\",\"urlTemplate\":\"https:\\\/\\\/www.bellunopress.it\\\/?s={search_term_string}\"},\"query-input\":{\"@type\":\"PropertyValueSpecification\",\"valueRequired\":true,\"valueName\":\"search_term_string\"}}],\"inLanguage\":\"fr-FR\"},{\"@type\":\"Organization\",\"@id\":\"https:\\\/\\\/www.bellunopress.it\\\/#organization\",\"name\":\"Bellunopress\",\"url\":\"https:\\\/\\\/www.bellunopress.it\\\/\",\"logo\":{\"@type\":\"ImageObject\",\"inLanguage\":\"fr-FR\",\"@id\":\"https:\\\/\\\/www.bellunopress.it\\\/#\\\/schema\\\/logo\\\/image\\\/\",\"url\":\"https:\\\/\\\/www.bellunopress.it\\\/wp-content\\\/uploads\\\/2011\\\/05\\\/cropped-logo-bellunopress-.jpg\",\"contentUrl\":\"https:\\\/\\\/www.bellunopress.it\\\/wp-content\\\/uploads\\\/2011\\\/05\\\/cropped-logo-bellunopress-.jpg\",\"width\":512,\"height\":512,\"caption\":\"Bellunopress\"},\"image\":{\"@id\":\"https:\\\/\\\/www.bellunopress.it\\\/#\\\/schema\\\/logo\\\/image\\\/\"},\"sameAs\":[\"https:\\\/\\\/www.facebook.com\\\/profile.php?id=100008943462799\",\"https:\\\/\\\/x.com\\\/bellunopress\",\"https:\\\/\\\/www.linkedin.com\\\/hp\\\/?dnr=JBzUWaJfMUw8vbXJJ2tVW5-I3jZKvC4wsoxE&amp;amp;amp;amp;amp;amp;trk=nav_responsive_tab_home\",\"https:\\\/\\\/www.youtube.com\\\/channel\\\/UCxL0wu1uN0_3_7hGG0306cw\"]},{\"@type\":\"Person\",\"@id\":\"https:\\\/\\\/www.bellunopress.it\\\/#\\\/schema\\\/person\\\/79bb06722b37ece1c03d3e94beb30d73\",\"name\":\"redazione\",\"image\":{\"@type\":\"ImageObject\",\"inLanguage\":\"fr-FR\",\"@id\":\"https:\\\/\\\/secure.gravatar.com\\\/avatar\\\/37d968a2e67a6fd04c169c4bdef102d0bc5d31b2546345219e348575eb80e9a0?s=96&d=mm&r=g\",\"url\":\"https:\\\/\\\/secure.gravatar.com\\\/avatar\\\/37d968a2e67a6fd04c169c4bdef102d0bc5d31b2546345219e348575eb80e9a0?s=96&d=mm&r=g\",\"contentUrl\":\"https:\\\/\\\/secure.gravatar.com\\\/avatar\\\/37d968a2e67a6fd04c169c4bdef102d0bc5d31b2546345219e348575eb80e9a0?s=96&d=mm&r=g\",\"caption\":\"redazione\"},\"sameAs\":[\"http:\\\/\\\/www.bellunopress.it\",\"https:\\\/\\\/x.com\\\/bellunopress\"],\"url\":\"https:\\\/\\\/www.bellunopress.it\\\/fr\\\/author\\\/redazione\\\/\"}]}<\/script>\n<!-- \/ Yoast SEO plugin. -->","yoast_head_json":{"title":"Pieno sostegno del sindaco Vaccari al Palio - Bellunopress - Dolomiti","robots":{"index":"index","follow":"follow","max-snippet":"max-snippet:-1","max-image-preview":"max-image-preview:large","max-video-preview":"max-video-preview:-1"},"canonical":"https:\/\/www.bellunopress.it\/fr\/2009\/07\/01\/pieno-sostegno-del-sindaco-vaccari-al-palio\/","og_locale":"fr_FR","og_type":"article","og_title":"Pieno sostegno del sindaco Vaccari al Palio - Bellunopress - Dolomiti","og_description":"Il sindaco di Feltre, senatore\u00a0Gianvittore Vaccari ha confermato, nella riunione che si \u00e8 tenuta luned\u00ec sera, il pieno appoggio dell\u2019Amministrazione comunale alla manifestazione agostana. Nell\u2019incontro, a cui erano presenti il Sindaco, una rappresentanza della Giunta comunale ed anche il Consigliere delegato dal Sindaco in materia Cristian Tatto, i vertici dell\u2019Associazione hanno esposto le difficolt\u00e0 economiche [&hellip;]","og_url":"https:\/\/www.bellunopress.it\/fr\/2009\/07\/01\/pieno-sostegno-del-sindaco-vaccari-al-palio\/","og_site_name":"Bellunopress - Dolomiti","article_publisher":"https:\/\/www.facebook.com\/profile.php?id=100008943462799","article_published_time":"2009-07-01T20:01:14+00:00","og_image":[{"url":"http:\/\/www.bellunopress.it\/wp-content\/uploads\/2012\/07\/logo-bellunopress-250x250-2012.jpg","type":"","width":"","height":""}],"author":"redazione","twitter_card":"summary_large_image","twitter_creator":"@bellunopress","twitter_site":"@bellunopress","twitter_misc":{"\u00c9crit par":"redazione","Dur\u00e9e de lecture estim\u00e9e":"1 minute"},"schema":{"@context":"https:\/\/schema.org","@graph":[{"@type":"Article","@id":"https:\/\/www.bellunopress.it\/2009\/07\/01\/pieno-sostegno-del-sindaco-vaccari-al-palio\/#article","isPartOf":{"@id":"https:\/\/www.bellunopress.it\/2009\/07\/01\/pieno-sostegno-del-sindaco-vaccari-al-palio\/"},"author":{"name":"redazione","@id":"https:\/\/www.bellunopress.it\/#\/schema\/person\/79bb06722b37ece1c03d3e94beb30d73"},"headline":"Pieno sostegno del sindaco Vaccari al Palio","datePublished":"2009-07-01T20:01:14+00:00","mainEntityOfPage":{"@id":"https:\/\/www.bellunopress.it\/2009\/07\/01\/pieno-sostegno-del-sindaco-vaccari-al-palio\/"},"wordCount":197,"publisher":{"@id":"https:\/\/www.bellunopress.it\/#organization"},"keywords":["Feltre"],"articleSection":["Cronaca\/Politica"],"inLanguage":"fr-FR"},{"@type":"WebPage","@id":"https:\/\/www.bellunopress.it\/2009\/07\/01\/pieno-sostegno-del-sindaco-vaccari-al-palio\/","url":"https:\/\/www.bellunopress.it\/2009\/07\/01\/pieno-sostegno-del-sindaco-vaccari-al-palio\/","name":"Pieno sostegno del sindaco Vaccari al Palio - Bellunopress - Dolomiti","isPartOf":{"@id":"https:\/\/www.bellunopress.it\/#website"},"datePublished":"2009-07-01T20:01:14+00:00","breadcrumb":{"@id":"https:\/\/www.bellunopress.it\/2009\/07\/01\/pieno-sostegno-del-sindaco-vaccari-al-palio\/#breadcrumb"},"inLanguage":"fr-FR","potentialAction":[{"@type":"ReadAction","target":["https:\/\/www.bellunopress.it\/2009\/07\/01\/pieno-sostegno-del-sindaco-vaccari-al-palio\/"]}]},{"@type":"BreadcrumbList","@id":"https:\/\/www.bellunopress.it\/2009\/07\/01\/pieno-sostegno-del-sindaco-vaccari-al-palio\/#breadcrumb","itemListElement":[{"@type":"ListItem","position":1,"name":"Home","item":"https:\/\/www.bellunopress.it\/"},{"@type":"ListItem","position":2,"name":"Pieno sostegno del sindaco Vaccari al Palio"}]},{"@type":"WebSite","@id":"https:\/\/www.bellunopress.it\/#website","url":"https:\/\/www.bellunopress.it\/","name":"Bellunopress - Dolomiti","description":"e-mail: redazione@bellunopress.it","publisher":{"@id":"https:\/\/www.bellunopress.it\/#organization"},"potentialAction":[{"@type":"SearchAction","target":{"@type":"EntryPoint","urlTemplate":"https:\/\/www.bellunopress.it\/?s={search_term_string}"},"query-input":{"@type":"PropertyValueSpecification","valueRequired":true,"valueName":"search_term_string"}}],"inLanguage":"fr-FR"},{"@type":"Organization","@id":"https:\/\/www.bellunopress.it\/#organization","name":"Bellunopress","url":"https:\/\/www.bellunopress.it\/","logo":{"@type":"ImageObject","inLanguage":"fr-FR","@id":"https:\/\/www.bellunopress.it\/#\/schema\/logo\/image\/","url":"https:\/\/www.bellunopress.it\/wp-content\/uploads\/2011\/05\/cropped-logo-bellunopress-.jpg","contentUrl":"https:\/\/www.bellunopress.it\/wp-content\/uploads\/2011\/05\/cropped-logo-bellunopress-.jpg","width":512,"height":512,"caption":"Bellunopress"},"image":{"@id":"https:\/\/www.bellunopress.it\/#\/schema\/logo\/image\/"},"sameAs":["https:\/\/www.facebook.com\/profile.php?id=100008943462799","https:\/\/x.com\/bellunopress","https:\/\/www.linkedin.com\/hp\/?dnr=JBzUWaJfMUw8vbXJJ2tVW5-I3jZKvC4wsoxE&amp;amp;amp;amp;amp;amp;trk=nav_responsive_tab_home","https:\/\/www.youtube.com\/channel\/UCxL0wu1uN0_3_7hGG0306cw"]},{"@type":"Person","@id":"https:\/\/www.bellunopress.it\/#\/schema\/person\/79bb06722b37ece1c03d3e94beb30d73","name":"r\u00e9daction","image":{"@type":"ImageObject","inLanguage":"fr-FR","@id":"https:\/\/secure.gravatar.com\/avatar\/37d968a2e67a6fd04c169c4bdef102d0bc5d31b2546345219e348575eb80e9a0?s=96&d=mm&r=g","url":"https:\/\/secure.gravatar.com\/avatar\/37d968a2e67a6fd04c169c4bdef102d0bc5d31b2546345219e348575eb80e9a0?s=96&d=mm&r=g","contentUrl":"https:\/\/secure.gravatar.com\/avatar\/37d968a2e67a6fd04c169c4bdef102d0bc5d31b2546345219e348575eb80e9a0?s=96&d=mm&r=g","caption":"redazione"},"sameAs":["http:\/\/www.bellunopress.it","https:\/\/x.com\/bellunopress"],"url":"https:\/\/www.bellunopress.it\/fr\/author\/redazione\/"}]}},"_links":{"self":[{"href":"https:\/\/www.bellunopress.it\/fr\/wp-json\/wp\/v2\/posts\/5569","targetHints":{"allow":["GET"]}}],"collection":[{"href":"https:\/\/www.bellunopress.it\/fr\/wp-json\/wp\/v2\/posts"}],"about":[{"href":"https:\/\/www.bellunopress.it\/fr\/wp-json\/wp\/v2\/types\/post"}],"author":[{"embeddable":true,"href":"https:\/\/www.bellunopress.it\/fr\/wp-json\/wp\/v2\/users\/2"}],"replies":[{"embeddable":true,"href":"https:\/\/www.bellunopress.it\/fr\/wp-json\/wp\/v2\/comments?post=5569"}],"version-history":[{"count":1,"href":"https:\/\/www.bellunopress.it\/fr\/wp-json\/wp\/v2\/posts\/5569\/revisions"}],"predecessor-version":[{"id":5570,"href":"https:\/\/www.bellunopress.it\/fr\/wp-json\/wp\/v2\/posts\/5569\/revisions\/5570"}],"wp:attachment":[{"href":"https:\/\/www.bellunopress.it\/fr\/wp-json\/wp\/v2\/media?parent=5569"}],"wp:term":[{"taxonomy":"category","embeddable":true,"href":"https:\/\/www.bellunopress.it\/fr\/wp-json\/wp\/v2\/categories?post=5569"},{"taxonomy":"post_tag","embeddable":true,"href":"https:\/\/www.bellunopress.it\/fr\/wp-json\/wp\/v2\/tags?post=5569"}],"curies":[{"name":"wp","href":"https:\/\/api.w.org\/{rel}","templated":true}]}}