{"id":5554,"date":"2009-07-01T16:05:34","date_gmt":"2009-07-01T15:05:34","guid":{"rendered":"http:\/\/www.bellunopress.it\/?p=5554"},"modified":"2009-07-01T16:07:34","modified_gmt":"2009-07-01T15:07:34","slug":"auronzo-paese-delle-tre-cime-patrimonio-dellumanita-il-commento-del-presidente-del-consorzio-altrecime-lorenzo-caldart","status":"publish","type":"post","link":"https:\/\/www.bellunopress.it\/fr\/2009\/07\/01\/auronzo-paese-delle-tre-cime-patrimonio-dellumanita-il-commento-del-presidente-del-consorzio-altrecime-lorenzo-caldart\/","title":{"rendered":"Auronzo: Paese delle Tre cime patrimonio dell&#8217;umanit\u00e0. Il commento del presidente del consorzio Altrecime Lorenzo Caldart"},"content":{"rendered":"<p><a href=\"http:\/\/www.bellunopress.it\/wp-content\/uploads\/2009\/07\/lorenzo-caldart-presidente-di-altrecime.jpg\"><img loading=\"lazy\" decoding=\"async\" class=\"alignleft size-medium wp-image-5556\" title=\"lorenzo-caldart-presidente-di-altrecime\" src=\"http:\/\/www.bellunopress.it\/wp-content\/uploads\/2009\/07\/lorenzo-caldart-presidente-di-altrecime.jpg\" alt=\"\" width=\"190\" height=\"235\" \/><\/a>&#8220;Dolomiti patrimonio dell\u2019umanit\u00e0? Un\u2019occasione di crescita e sviluppo da non lasciarsi sfuggire \u2013 questo il commento di Lorenzo Caldart, Presidente di Altrecime, il Consorzio di promozione turistica di Auronzo e Misurina, che ha accolto con entusiasmo la notizia del recente riconoscimento \u2013 Al di fuori delle polemiche che gi\u00e0 incalzano in questi giorni, sono convinto che il fatto di essere entrati a far parte dell\u2019Unesco rappresenti un\u2019opportunit\u00e0 incredibile anche per Auronzo, a patto che si agisca in maniera sinergica per pianificare in modo equo e positivo lo sviluppo economico delle aree dolomitiche, nel pieno rispetto delle risorse naturali, sociali e culturali. Per fare questo serve innanzitutto una presa di responsabilit\u00e0 da parte di tutti noi cittadini, non solo operatori economici o politici, in modo che i benefici ricadano soprattutto sulle comunit\u00e0 locali. Servono quindi idee e iniziative che partano da questi luoghi, affinch\u00e9 anche il turista che programma la propria vacanza abbia a disposizione proposte di qualit\u00e0, con strutture ricettive e ricreative gestite dalla gente locale e non da tour operator e societ\u00e0 che vengono da fuori. Ritengo che per raggiungere questo traguardo sia gi\u00e0 stato percorso un lungo cammino, ma non \u00e8 ancora sufficiente per essere veramente competitivi, soprattutto se il confronto \u00e8 con realt\u00e0 vicine che per molteplici motivi \u2013 maggiori disponibilit\u00e0 economiche, strutture turistiche pi\u00f9 sviluppate, una maggiore capacit\u00e0 comunicativa \u2013 possono risultare pi\u00f9 appetibili all\u2019occhio del viaggiatore.\u00a0 Le potenzialit\u00e0 sono ancora molte. Facciamo in modo che \u201cessere patrimonio dell\u2019umanit\u00e0\u201d sia lo stimolo per svilupparle appieno. Certo, ci saranno anche delle difficolt\u00e0 da superare. La preservazione ambientale che l\u2019Unesco sollecita immagino che sar\u00e0 all\u2019inizio un limite, ma ritengo che una regolamentazione in questo senso porter\u00e0 ad una maggiore consapevolezza verso la bellezza e l\u2019importanza di queste montagne per le generazioni future e migliorer\u00e0 la qualit\u00e0 della vita in generale, con alla fine una ricaduta positiva anche sul turismo\u201d. Il comprensorio di Auronzo e Misurina \u00e8 quindi pronto a vivere attivamente questa nuova avventura e lo vuole fare agendo in una logica di sistema con le comunit\u00e0 vicine, mantenendo l\u2019identit\u00e0 di questi luoghi e valorizzandone le diversit\u00e0 che li rendono unici agli occhi del mondo.\u00a0 \u201cSiamo consapevoli che dovremmo intervenire in breve tempo \u2013 continua Caldart &#8211; per gestire una domanda turistica in trasformazione, prevedendo e indirizzando le dinamiche che si potranno generare e gli effetti che si avranno sulla popolazione locale e l\u2019ambiente. Una sfida che vogliamo cogliere nel migliore dei modi per superare le difficolt\u00e0 che altri siti Unesco hanno riscontrato, semplicemente perch\u00e8 non hanno saputo rinnovarsi e credere in un progetto di ampio respiro\u201d.<\/p>","protected":false},"excerpt":{"rendered":"<p>&#8220;Dolomiti patrimonio dell\u2019umanit\u00e0? Un\u2019occasione di crescita e sviluppo da non lasciarsi sfuggire \u2013 questo il commento di Lorenzo Caldart, Presidente di Altrecime, il Consorzio di promozione turistica di Auronzo e Misurina, che ha accolto con entusiasmo la notizia del recente riconoscimento \u2013 Al di fuori delle polemiche che gi\u00e0 incalzano in questi giorni, sono convinto [&hellip;]<\/p>\n","protected":false},"author":2,"featured_media":0,"comment_status":"closed","ping_status":"open","sticky":false,"template":"","format":"standard","meta":{"footnotes":""},"categories":[5,26],"tags":[139,63],"class_list":["post-5554","post","type-post","status-publish","format-standard","category-cronaca","category-prima-pagina","tag-belluno","tag-dolomiti"],"yoast_head":"<!-- This site is optimized with the Yoast SEO plugin v28.4 - https:\/\/yoast.com\/product\/yoast-seo-wordpress\/ -->\n<title>Auronzo: Paese delle Tre cime patrimonio dell&#039;umanit\u00e0. Il commento del presidente del consorzio Altrecime Lorenzo Caldart - Bellunopress - Dolomiti<\/title>\n<meta name=\"robots\" content=\"index, follow, max-snippet:-1, max-image-preview:large, max-video-preview:-1\" \/>\n<link rel=\"canonical\" href=\"https:\/\/www.bellunopress.it\/fr\/2009\/07\/01\/auronzo-paese-delle-tre-cime-patrimonio-dellumanita-il-commento-del-presidente-del-consorzio-altrecime-lorenzo-caldart\/\" \/>\n<meta property=\"og:locale\" content=\"fr_FR\" \/>\n<meta property=\"og:type\" content=\"article\" \/>\n<meta property=\"og:title\" content=\"Auronzo: Paese delle Tre cime patrimonio dell&#039;umanit\u00e0. Il commento del presidente del consorzio Altrecime Lorenzo Caldart - Bellunopress - Dolomiti\" \/>\n<meta property=\"og:description\" content=\"&#8220;Dolomiti patrimonio dell\u2019umanit\u00e0? Un\u2019occasione di crescita e sviluppo da non lasciarsi sfuggire \u2013 questo il commento di Lorenzo Caldart, Presidente di Altrecime, il Consorzio di promozione turistica di Auronzo e Misurina, che ha accolto con entusiasmo la notizia del recente riconoscimento \u2013 Al di fuori delle polemiche che gi\u00e0 incalzano in questi giorni, sono convinto [&hellip;]\" \/>\n<meta property=\"og:url\" content=\"https:\/\/www.bellunopress.it\/fr\/2009\/07\/01\/auronzo-paese-delle-tre-cime-patrimonio-dellumanita-il-commento-del-presidente-del-consorzio-altrecime-lorenzo-caldart\/\" \/>\n<meta property=\"og:site_name\" content=\"Bellunopress - Dolomiti\" \/>\n<meta property=\"article:publisher\" content=\"https:\/\/www.facebook.com\/profile.php?id=100008943462799\" \/>\n<meta property=\"article:published_time\" content=\"2009-07-01T15:05:34+00:00\" \/>\n<meta property=\"article:modified_time\" content=\"2009-07-01T15:07:34+00:00\" \/>\n<meta property=\"og:image\" content=\"http:\/\/www.bellunopress.it\/wp-content\/uploads\/2009\/07\/lorenzo-caldart-presidente-di-altrecime.jpg\" \/>\n<meta name=\"author\" content=\"redazione\" \/>\n<meta name=\"twitter:card\" content=\"summary_large_image\" \/>\n<meta name=\"twitter:creator\" content=\"@bellunopress\" \/>\n<meta name=\"twitter:site\" content=\"@bellunopress\" \/>\n<meta name=\"twitter:label1\" content=\"\u00c9crit par\" \/>\n\t<meta name=\"twitter:data1\" content=\"redazione\" \/>\n\t<meta name=\"twitter:label2\" content=\"Dur\u00e9e de lecture estim\u00e9e\" \/>\n\t<meta name=\"twitter:data2\" content=\"2 minutes\" \/>\n<script type=\"application\/ld+json\" class=\"yoast-schema-graph\">{\"@context\":\"https:\\\/\\\/schema.org\",\"@graph\":[{\"@type\":\"Article\",\"@id\":\"https:\\\/\\\/www.bellunopress.it\\\/2009\\\/07\\\/01\\\/auronzo-paese-delle-tre-cime-patrimonio-dellumanita-il-commento-del-presidente-del-consorzio-altrecime-lorenzo-caldart\\\/#article\",\"isPartOf\":{\"@id\":\"https:\\\/\\\/www.bellunopress.it\\\/2009\\\/07\\\/01\\\/auronzo-paese-delle-tre-cime-patrimonio-dellumanita-il-commento-del-presidente-del-consorzio-altrecime-lorenzo-caldart\\\/\"},\"author\":{\"name\":\"redazione\",\"@id\":\"https:\\\/\\\/www.bellunopress.it\\\/#\\\/schema\\\/person\\\/79bb06722b37ece1c03d3e94beb30d73\"},\"headline\":\"Auronzo: Paese delle Tre cime patrimonio dell&#8217;umanit\u00e0. Il commento del presidente del consorzio Altrecime Lorenzo Caldart\",\"datePublished\":\"2009-07-01T15:05:34+00:00\",\"dateModified\":\"2009-07-01T15:07:34+00:00\",\"mainEntityOfPage\":{\"@id\":\"https:\\\/\\\/www.bellunopress.it\\\/2009\\\/07\\\/01\\\/auronzo-paese-delle-tre-cime-patrimonio-dellumanita-il-commento-del-presidente-del-consorzio-altrecime-lorenzo-caldart\\\/\"},\"wordCount\":449,\"publisher\":{\"@id\":\"https:\\\/\\\/www.bellunopress.it\\\/#organization\"},\"image\":{\"@id\":\"https:\\\/\\\/www.bellunopress.it\\\/2009\\\/07\\\/01\\\/auronzo-paese-delle-tre-cime-patrimonio-dellumanita-il-commento-del-presidente-del-consorzio-altrecime-lorenzo-caldart\\\/#primaryimage\"},\"thumbnailUrl\":\"http:\\\/\\\/www.bellunopress.it\\\/wp-content\\\/uploads\\\/2009\\\/07\\\/lorenzo-caldart-presidente-di-altrecime.jpg\",\"keywords\":[\"Belluno\",\"Dolomiti\"],\"articleSection\":[\"Cronaca\\\/Politica\",\"Prima Pagina\"],\"inLanguage\":\"fr-FR\"},{\"@type\":\"WebPage\",\"@id\":\"https:\\\/\\\/www.bellunopress.it\\\/2009\\\/07\\\/01\\\/auronzo-paese-delle-tre-cime-patrimonio-dellumanita-il-commento-del-presidente-del-consorzio-altrecime-lorenzo-caldart\\\/\",\"url\":\"https:\\\/\\\/www.bellunopress.it\\\/2009\\\/07\\\/01\\\/auronzo-paese-delle-tre-cime-patrimonio-dellumanita-il-commento-del-presidente-del-consorzio-altrecime-lorenzo-caldart\\\/\",\"name\":\"Auronzo: Paese delle Tre cime patrimonio dell'umanit\u00e0. Il commento del presidente del consorzio Altrecime Lorenzo Caldart - Bellunopress - Dolomiti\",\"isPartOf\":{\"@id\":\"https:\\\/\\\/www.bellunopress.it\\\/#website\"},\"primaryImageOfPage\":{\"@id\":\"https:\\\/\\\/www.bellunopress.it\\\/2009\\\/07\\\/01\\\/auronzo-paese-delle-tre-cime-patrimonio-dellumanita-il-commento-del-presidente-del-consorzio-altrecime-lorenzo-caldart\\\/#primaryimage\"},\"image\":{\"@id\":\"https:\\\/\\\/www.bellunopress.it\\\/2009\\\/07\\\/01\\\/auronzo-paese-delle-tre-cime-patrimonio-dellumanita-il-commento-del-presidente-del-consorzio-altrecime-lorenzo-caldart\\\/#primaryimage\"},\"thumbnailUrl\":\"http:\\\/\\\/www.bellunopress.it\\\/wp-content\\\/uploads\\\/2009\\\/07\\\/lorenzo-caldart-presidente-di-altrecime.jpg\",\"datePublished\":\"2009-07-01T15:05:34+00:00\",\"dateModified\":\"2009-07-01T15:07:34+00:00\",\"breadcrumb\":{\"@id\":\"https:\\\/\\\/www.bellunopress.it\\\/2009\\\/07\\\/01\\\/auronzo-paese-delle-tre-cime-patrimonio-dellumanita-il-commento-del-presidente-del-consorzio-altrecime-lorenzo-caldart\\\/#breadcrumb\"},\"inLanguage\":\"fr-FR\",\"potentialAction\":[{\"@type\":\"ReadAction\",\"target\":[\"https:\\\/\\\/www.bellunopress.it\\\/2009\\\/07\\\/01\\\/auronzo-paese-delle-tre-cime-patrimonio-dellumanita-il-commento-del-presidente-del-consorzio-altrecime-lorenzo-caldart\\\/\"]}]},{\"@type\":\"ImageObject\",\"inLanguage\":\"fr-FR\",\"@id\":\"https:\\\/\\\/www.bellunopress.it\\\/2009\\\/07\\\/01\\\/auronzo-paese-delle-tre-cime-patrimonio-dellumanita-il-commento-del-presidente-del-consorzio-altrecime-lorenzo-caldart\\\/#primaryimage\",\"url\":\"http:\\\/\\\/www.bellunopress.it\\\/wp-content\\\/uploads\\\/2009\\\/07\\\/lorenzo-caldart-presidente-di-altrecime.jpg\",\"contentUrl\":\"http:\\\/\\\/www.bellunopress.it\\\/wp-content\\\/uploads\\\/2009\\\/07\\\/lorenzo-caldart-presidente-di-altrecime.jpg\"},{\"@type\":\"BreadcrumbList\",\"@id\":\"https:\\\/\\\/www.bellunopress.it\\\/2009\\\/07\\\/01\\\/auronzo-paese-delle-tre-cime-patrimonio-dellumanita-il-commento-del-presidente-del-consorzio-altrecime-lorenzo-caldart\\\/#breadcrumb\",\"itemListElement\":[{\"@type\":\"ListItem\",\"position\":1,\"name\":\"Home\",\"item\":\"https:\\\/\\\/www.bellunopress.it\\\/\"},{\"@type\":\"ListItem\",\"position\":2,\"name\":\"Auronzo: Paese delle Tre cime patrimonio dell&#8217;umanit\u00e0. Il commento del presidente del consorzio Altrecime Lorenzo Caldart\"}]},{\"@type\":\"WebSite\",\"@id\":\"https:\\\/\\\/www.bellunopress.it\\\/#website\",\"url\":\"https:\\\/\\\/www.bellunopress.it\\\/\",\"name\":\"Bellunopress - Dolomiti\",\"description\":\"e-mail: redazione@bellunopress.it\",\"publisher\":{\"@id\":\"https:\\\/\\\/www.bellunopress.it\\\/#organization\"},\"potentialAction\":[{\"@type\":\"SearchAction\",\"target\":{\"@type\":\"EntryPoint\",\"urlTemplate\":\"https:\\\/\\\/www.bellunopress.it\\\/?s={search_term_string}\"},\"query-input\":{\"@type\":\"PropertyValueSpecification\",\"valueRequired\":true,\"valueName\":\"search_term_string\"}}],\"inLanguage\":\"fr-FR\"},{\"@type\":\"Organization\",\"@id\":\"https:\\\/\\\/www.bellunopress.it\\\/#organization\",\"name\":\"Bellunopress\",\"url\":\"https:\\\/\\\/www.bellunopress.it\\\/\",\"logo\":{\"@type\":\"ImageObject\",\"inLanguage\":\"fr-FR\",\"@id\":\"https:\\\/\\\/www.bellunopress.it\\\/#\\\/schema\\\/logo\\\/image\\\/\",\"url\":\"https:\\\/\\\/www.bellunopress.it\\\/wp-content\\\/uploads\\\/2011\\\/05\\\/cropped-logo-bellunopress-.jpg\",\"contentUrl\":\"https:\\\/\\\/www.bellunopress.it\\\/wp-content\\\/uploads\\\/2011\\\/05\\\/cropped-logo-bellunopress-.jpg\",\"width\":512,\"height\":512,\"caption\":\"Bellunopress\"},\"image\":{\"@id\":\"https:\\\/\\\/www.bellunopress.it\\\/#\\\/schema\\\/logo\\\/image\\\/\"},\"sameAs\":[\"https:\\\/\\\/www.facebook.com\\\/profile.php?id=100008943462799\",\"https:\\\/\\\/x.com\\\/bellunopress\",\"https:\\\/\\\/www.linkedin.com\\\/hp\\\/?dnr=JBzUWaJfMUw8vbXJJ2tVW5-I3jZKvC4wsoxE&amp;amp;amp;amp;amp;amp;trk=nav_responsive_tab_home\",\"https:\\\/\\\/www.youtube.com\\\/channel\\\/UCxL0wu1uN0_3_7hGG0306cw\"]},{\"@type\":\"Person\",\"@id\":\"https:\\\/\\\/www.bellunopress.it\\\/#\\\/schema\\\/person\\\/79bb06722b37ece1c03d3e94beb30d73\",\"name\":\"redazione\",\"image\":{\"@type\":\"ImageObject\",\"inLanguage\":\"fr-FR\",\"@id\":\"https:\\\/\\\/secure.gravatar.com\\\/avatar\\\/37d968a2e67a6fd04c169c4bdef102d0bc5d31b2546345219e348575eb80e9a0?s=96&d=mm&r=g\",\"url\":\"https:\\\/\\\/secure.gravatar.com\\\/avatar\\\/37d968a2e67a6fd04c169c4bdef102d0bc5d31b2546345219e348575eb80e9a0?s=96&d=mm&r=g\",\"contentUrl\":\"https:\\\/\\\/secure.gravatar.com\\\/avatar\\\/37d968a2e67a6fd04c169c4bdef102d0bc5d31b2546345219e348575eb80e9a0?s=96&d=mm&r=g\",\"caption\":\"redazione\"},\"sameAs\":[\"http:\\\/\\\/www.bellunopress.it\",\"https:\\\/\\\/x.com\\\/bellunopress\"],\"url\":\"https:\\\/\\\/www.bellunopress.it\\\/fr\\\/author\\\/redazione\\\/\"}]}<\/script>\n<!-- \/ Yoast SEO plugin. -->","yoast_head_json":{"title":"Auronzo: Paese delle Tre cime patrimonio dell'umanit\u00e0. Il commento del presidente del consorzio Altrecime Lorenzo Caldart - Bellunopress - Dolomiti","robots":{"index":"index","follow":"follow","max-snippet":"max-snippet:-1","max-image-preview":"max-image-preview:large","max-video-preview":"max-video-preview:-1"},"canonical":"https:\/\/www.bellunopress.it\/fr\/2009\/07\/01\/auronzo-paese-delle-tre-cime-patrimonio-dellumanita-il-commento-del-presidente-del-consorzio-altrecime-lorenzo-caldart\/","og_locale":"fr_FR","og_type":"article","og_title":"Auronzo: Paese delle Tre cime patrimonio dell'umanit\u00e0. Il commento del presidente del consorzio Altrecime Lorenzo Caldart - Bellunopress - Dolomiti","og_description":"&#8220;Dolomiti patrimonio dell\u2019umanit\u00e0? Un\u2019occasione di crescita e sviluppo da non lasciarsi sfuggire \u2013 questo il commento di Lorenzo Caldart, Presidente di Altrecime, il Consorzio di promozione turistica di Auronzo e Misurina, che ha accolto con entusiasmo la notizia del recente riconoscimento \u2013 Al di fuori delle polemiche che gi\u00e0 incalzano in questi giorni, sono convinto [&hellip;]","og_url":"https:\/\/www.bellunopress.it\/fr\/2009\/07\/01\/auronzo-paese-delle-tre-cime-patrimonio-dellumanita-il-commento-del-presidente-del-consorzio-altrecime-lorenzo-caldart\/","og_site_name":"Bellunopress - Dolomiti","article_publisher":"https:\/\/www.facebook.com\/profile.php?id=100008943462799","article_published_time":"2009-07-01T15:05:34+00:00","article_modified_time":"2009-07-01T15:07:34+00:00","og_image":[{"url":"http:\/\/www.bellunopress.it\/wp-content\/uploads\/2009\/07\/lorenzo-caldart-presidente-di-altrecime.jpg","type":"","width":"","height":""}],"author":"redazione","twitter_card":"summary_large_image","twitter_creator":"@bellunopress","twitter_site":"@bellunopress","twitter_misc":{"\u00c9crit par":"redazione","Dur\u00e9e de lecture estim\u00e9e":"2 minutes"},"schema":{"@context":"https:\/\/schema.org","@graph":[{"@type":"Article","@id":"https:\/\/www.bellunopress.it\/2009\/07\/01\/auronzo-paese-delle-tre-cime-patrimonio-dellumanita-il-commento-del-presidente-del-consorzio-altrecime-lorenzo-caldart\/#article","isPartOf":{"@id":"https:\/\/www.bellunopress.it\/2009\/07\/01\/auronzo-paese-delle-tre-cime-patrimonio-dellumanita-il-commento-del-presidente-del-consorzio-altrecime-lorenzo-caldart\/"},"author":{"name":"redazione","@id":"https:\/\/www.bellunopress.it\/#\/schema\/person\/79bb06722b37ece1c03d3e94beb30d73"},"headline":"Auronzo: Paese delle Tre cime patrimonio dell&#8217;umanit\u00e0. Il commento del presidente del consorzio Altrecime Lorenzo Caldart","datePublished":"2009-07-01T15:05:34+00:00","dateModified":"2009-07-01T15:07:34+00:00","mainEntityOfPage":{"@id":"https:\/\/www.bellunopress.it\/2009\/07\/01\/auronzo-paese-delle-tre-cime-patrimonio-dellumanita-il-commento-del-presidente-del-consorzio-altrecime-lorenzo-caldart\/"},"wordCount":449,"publisher":{"@id":"https:\/\/www.bellunopress.it\/#organization"},"image":{"@id":"https:\/\/www.bellunopress.it\/2009\/07\/01\/auronzo-paese-delle-tre-cime-patrimonio-dellumanita-il-commento-del-presidente-del-consorzio-altrecime-lorenzo-caldart\/#primaryimage"},"thumbnailUrl":"http:\/\/www.bellunopress.it\/wp-content\/uploads\/2009\/07\/lorenzo-caldart-presidente-di-altrecime.jpg","keywords":["Belluno","Dolomiti"],"articleSection":["Cronaca\/Politica","Prima Pagina"],"inLanguage":"fr-FR"},{"@type":"WebPage","@id":"https:\/\/www.bellunopress.it\/2009\/07\/01\/auronzo-paese-delle-tre-cime-patrimonio-dellumanita-il-commento-del-presidente-del-consorzio-altrecime-lorenzo-caldart\/","url":"https:\/\/www.bellunopress.it\/2009\/07\/01\/auronzo-paese-delle-tre-cime-patrimonio-dellumanita-il-commento-del-presidente-del-consorzio-altrecime-lorenzo-caldart\/","name":"Auronzo: Paese delle Tre cime patrimonio dell'umanit\u00e0. Il commento del presidente del consorzio Altrecime Lorenzo Caldart - Bellunopress - Dolomiti","isPartOf":{"@id":"https:\/\/www.bellunopress.it\/#website"},"primaryImageOfPage":{"@id":"https:\/\/www.bellunopress.it\/2009\/07\/01\/auronzo-paese-delle-tre-cime-patrimonio-dellumanita-il-commento-del-presidente-del-consorzio-altrecime-lorenzo-caldart\/#primaryimage"},"image":{"@id":"https:\/\/www.bellunopress.it\/2009\/07\/01\/auronzo-paese-delle-tre-cime-patrimonio-dellumanita-il-commento-del-presidente-del-consorzio-altrecime-lorenzo-caldart\/#primaryimage"},"thumbnailUrl":"http:\/\/www.bellunopress.it\/wp-content\/uploads\/2009\/07\/lorenzo-caldart-presidente-di-altrecime.jpg","datePublished":"2009-07-01T15:05:34+00:00","dateModified":"2009-07-01T15:07:34+00:00","breadcrumb":{"@id":"https:\/\/www.bellunopress.it\/2009\/07\/01\/auronzo-paese-delle-tre-cime-patrimonio-dellumanita-il-commento-del-presidente-del-consorzio-altrecime-lorenzo-caldart\/#breadcrumb"},"inLanguage":"fr-FR","potentialAction":[{"@type":"ReadAction","target":["https:\/\/www.bellunopress.it\/2009\/07\/01\/auronzo-paese-delle-tre-cime-patrimonio-dellumanita-il-commento-del-presidente-del-consorzio-altrecime-lorenzo-caldart\/"]}]},{"@type":"ImageObject","inLanguage":"fr-FR","@id":"https:\/\/www.bellunopress.it\/2009\/07\/01\/auronzo-paese-delle-tre-cime-patrimonio-dellumanita-il-commento-del-presidente-del-consorzio-altrecime-lorenzo-caldart\/#primaryimage","url":"http:\/\/www.bellunopress.it\/wp-content\/uploads\/2009\/07\/lorenzo-caldart-presidente-di-altrecime.jpg","contentUrl":"http:\/\/www.bellunopress.it\/wp-content\/uploads\/2009\/07\/lorenzo-caldart-presidente-di-altrecime.jpg"},{"@type":"BreadcrumbList","@id":"https:\/\/www.bellunopress.it\/2009\/07\/01\/auronzo-paese-delle-tre-cime-patrimonio-dellumanita-il-commento-del-presidente-del-consorzio-altrecime-lorenzo-caldart\/#breadcrumb","itemListElement":[{"@type":"ListItem","position":1,"name":"Home","item":"https:\/\/www.bellunopress.it\/"},{"@type":"ListItem","position":2,"name":"Auronzo: Paese delle Tre cime patrimonio dell&#8217;umanit\u00e0. Il commento del presidente del consorzio Altrecime Lorenzo Caldart"}]},{"@type":"WebSite","@id":"https:\/\/www.bellunopress.it\/#website","url":"https:\/\/www.bellunopress.it\/","name":"Bellunopress - Dolomiti","description":"e-mail: redazione@bellunopress.it","publisher":{"@id":"https:\/\/www.bellunopress.it\/#organization"},"potentialAction":[{"@type":"SearchAction","target":{"@type":"EntryPoint","urlTemplate":"https:\/\/www.bellunopress.it\/?s={search_term_string}"},"query-input":{"@type":"PropertyValueSpecification","valueRequired":true,"valueName":"search_term_string"}}],"inLanguage":"fr-FR"},{"@type":"Organization","@id":"https:\/\/www.bellunopress.it\/#organization","name":"Bellunopress","url":"https:\/\/www.bellunopress.it\/","logo":{"@type":"ImageObject","inLanguage":"fr-FR","@id":"https:\/\/www.bellunopress.it\/#\/schema\/logo\/image\/","url":"https:\/\/www.bellunopress.it\/wp-content\/uploads\/2011\/05\/cropped-logo-bellunopress-.jpg","contentUrl":"https:\/\/www.bellunopress.it\/wp-content\/uploads\/2011\/05\/cropped-logo-bellunopress-.jpg","width":512,"height":512,"caption":"Bellunopress"},"image":{"@id":"https:\/\/www.bellunopress.it\/#\/schema\/logo\/image\/"},"sameAs":["https:\/\/www.facebook.com\/profile.php?id=100008943462799","https:\/\/x.com\/bellunopress","https:\/\/www.linkedin.com\/hp\/?dnr=JBzUWaJfMUw8vbXJJ2tVW5-I3jZKvC4wsoxE&amp;amp;amp;amp;amp;amp;trk=nav_responsive_tab_home","https:\/\/www.youtube.com\/channel\/UCxL0wu1uN0_3_7hGG0306cw"]},{"@type":"Person","@id":"https:\/\/www.bellunopress.it\/#\/schema\/person\/79bb06722b37ece1c03d3e94beb30d73","name":"r\u00e9daction","image":{"@type":"ImageObject","inLanguage":"fr-FR","@id":"https:\/\/secure.gravatar.com\/avatar\/37d968a2e67a6fd04c169c4bdef102d0bc5d31b2546345219e348575eb80e9a0?s=96&d=mm&r=g","url":"https:\/\/secure.gravatar.com\/avatar\/37d968a2e67a6fd04c169c4bdef102d0bc5d31b2546345219e348575eb80e9a0?s=96&d=mm&r=g","contentUrl":"https:\/\/secure.gravatar.com\/avatar\/37d968a2e67a6fd04c169c4bdef102d0bc5d31b2546345219e348575eb80e9a0?s=96&d=mm&r=g","caption":"redazione"},"sameAs":["http:\/\/www.bellunopress.it","https:\/\/x.com\/bellunopress"],"url":"https:\/\/www.bellunopress.it\/fr\/author\/redazione\/"}]}},"_links":{"self":[{"href":"https:\/\/www.bellunopress.it\/fr\/wp-json\/wp\/v2\/posts\/5554","targetHints":{"allow":["GET"]}}],"collection":[{"href":"https:\/\/www.bellunopress.it\/fr\/wp-json\/wp\/v2\/posts"}],"about":[{"href":"https:\/\/www.bellunopress.it\/fr\/wp-json\/wp\/v2\/types\/post"}],"author":[{"embeddable":true,"href":"https:\/\/www.bellunopress.it\/fr\/wp-json\/wp\/v2\/users\/2"}],"replies":[{"embeddable":true,"href":"https:\/\/www.bellunopress.it\/fr\/wp-json\/wp\/v2\/comments?post=5554"}],"version-history":[{"count":2,"href":"https:\/\/www.bellunopress.it\/fr\/wp-json\/wp\/v2\/posts\/5554\/revisions"}],"predecessor-version":[{"id":5558,"href":"https:\/\/www.bellunopress.it\/fr\/wp-json\/wp\/v2\/posts\/5554\/revisions\/5558"}],"wp:attachment":[{"href":"https:\/\/www.bellunopress.it\/fr\/wp-json\/wp\/v2\/media?parent=5554"}],"wp:term":[{"taxonomy":"category","embeddable":true,"href":"https:\/\/www.bellunopress.it\/fr\/wp-json\/wp\/v2\/categories?post=5554"},{"taxonomy":"post_tag","embeddable":true,"href":"https:\/\/www.bellunopress.it\/fr\/wp-json\/wp\/v2\/tags?post=5554"}],"curies":[{"name":"wp","href":"https:\/\/api.w.org\/{rel}","templated":true}]}}