{"id":5548,"date":"2009-07-01T11:48:42","date_gmt":"2009-07-01T10:48:42","guid":{"rendered":"http:\/\/www.bellunopress.it\/?p=5548"},"modified":"2009-07-01T11:48:42","modified_gmt":"2009-07-01T10:48:42","slug":"luisa-morozzi-dellufficio-beni-culturali-del-quirinale-domani-a-belluno","status":"publish","type":"post","link":"https:\/\/www.bellunopress.it\/fr\/2009\/07\/01\/luisa-morozzi-dellufficio-beni-culturali-del-quirinale-domani-a-belluno\/","title":{"rendered":"Luisa Morozzi, dell&#8217;Ufficio Beni Culturali del Quirinale, domani a Belluno"},"content":{"rendered":"<p>Domani 2 luglio, ospite del Prefetto, Provvidenza Raimondo, sar\u00e0 in Citt\u00e0 Luisa Morozzi, prestigiosa componente dell&#8217;Ufficio della Conservazione del Patrimonio Artistico del Quirinale. Prima in visita alla Citt\u00e0 e dopo alla Mostra di Andrea Brustolon, alle ore 18.00, presso l&#8217;Auditorium, Luisa Morozzi terr\u00e0 una conferenza dal titolo \u201cAndrea Brustolon al Quirinale. Arredi e dipinti veneti nelle Collezioni della Presidenza della Repubblica\u201d. \u201cRingrazio \u2013 ha detto il Sindaco, Antonio Prade &#8211; il Prefetto, Provvidenza Raimondo, per questa visita alla Citt\u00e0. Gi\u00e0 si era data da fare per il nostro incontro al Quirinale, segno di grande sensibilit\u00e0 per la Citt\u00e0 di Belluno. Posso dire che l&#8217;Alto Patronato concesso dal Presidente Giorgio Napolitano alla mostra del Brustolon non \u00e8 stata una formalit\u00e0 o un semplice timbro, ma una felice corrispondenza e una occasione di scambi e di conoscenza. Come \u00e8 giusto che sia una bella Mostra\u201d.<\/p>","protected":false},"excerpt":{"rendered":"<p>Domani 2 luglio, ospite del Prefetto, Provvidenza Raimondo, sar\u00e0 in Citt\u00e0 Luisa Morozzi, prestigiosa componente dell&#8217;Ufficio della Conservazione del Patrimonio Artistico del Quirinale. Prima in visita alla Citt\u00e0 e dopo alla Mostra di Andrea Brustolon, alle ore 18.00, presso l&#8217;Auditorium, Luisa Morozzi terr\u00e0 una conferenza dal titolo \u201cAndrea Brustolon al Quirinale. Arredi e dipinti veneti [&hellip;]<\/p>\n","protected":false},"author":2,"featured_media":0,"comment_status":"closed","ping_status":"open","sticky":false,"template":"","format":"standard","meta":{"footnotes":""},"categories":[3,26],"tags":[139],"class_list":["post-5548","post","type-post","status-publish","format-standard","category-arte-cultura-spettacoli-scienza-archivi","category-prima-pagina","tag-belluno"],"yoast_head":"<!-- This site is optimized with the Yoast SEO plugin v28.4 - https:\/\/yoast.com\/product\/yoast-seo-wordpress\/ -->\n<title>Luisa Morozzi, dell&#039;Ufficio Beni Culturali del Quirinale, domani a Belluno - Bellunopress - Dolomiti<\/title>\n<meta name=\"robots\" content=\"index, follow, max-snippet:-1, max-image-preview:large, max-video-preview:-1\" \/>\n<link rel=\"canonical\" href=\"https:\/\/www.bellunopress.it\/fr\/2009\/07\/01\/luisa-morozzi-dellufficio-beni-culturali-del-quirinale-domani-a-belluno\/\" \/>\n<meta property=\"og:locale\" content=\"fr_FR\" \/>\n<meta property=\"og:type\" content=\"article\" \/>\n<meta property=\"og:title\" content=\"Luisa Morozzi, dell&#039;Ufficio Beni Culturali del Quirinale, domani a Belluno - Bellunopress - Dolomiti\" \/>\n<meta property=\"og:description\" content=\"Domani 2 luglio, ospite del Prefetto, Provvidenza Raimondo, sar\u00e0 in Citt\u00e0 Luisa Morozzi, prestigiosa componente dell&#8217;Ufficio della Conservazione del Patrimonio Artistico del Quirinale. Prima in visita alla Citt\u00e0 e dopo alla Mostra di Andrea Brustolon, alle ore 18.00, presso l&#8217;Auditorium, Luisa Morozzi terr\u00e0 una conferenza dal titolo \u201cAndrea Brustolon al Quirinale. Arredi e dipinti veneti [&hellip;]\" \/>\n<meta property=\"og:url\" content=\"https:\/\/www.bellunopress.it\/fr\/2009\/07\/01\/luisa-morozzi-dellufficio-beni-culturali-del-quirinale-domani-a-belluno\/\" \/>\n<meta property=\"og:site_name\" content=\"Bellunopress - Dolomiti\" \/>\n<meta property=\"article:publisher\" content=\"https:\/\/www.facebook.com\/profile.php?id=100008943462799\" \/>\n<meta property=\"article:published_time\" content=\"2009-07-01T10:48:42+00:00\" \/>\n<meta property=\"og:image\" content=\"http:\/\/www.bellunopress.it\/wp-content\/uploads\/2012\/07\/logo-bellunopress-250x250-2012.jpg\" \/>\n<meta name=\"author\" content=\"redazione\" \/>\n<meta name=\"twitter:card\" content=\"summary_large_image\" \/>\n<meta name=\"twitter:creator\" content=\"@bellunopress\" \/>\n<meta name=\"twitter:site\" content=\"@bellunopress\" \/>\n<meta name=\"twitter:label1\" content=\"Written by\" \/>\n\t<meta name=\"twitter:data1\" content=\"redazione\" \/>\n\t<meta name=\"twitter:label2\" content=\"Est. reading time\" \/>\n\t<meta name=\"twitter:data2\" content=\"1 minute\" \/>\n<script type=\"application\/ld+json\" class=\"yoast-schema-graph\">{\"@context\":\"https:\\\/\\\/schema.org\",\"@graph\":[{\"@type\":\"Article\",\"@id\":\"https:\\\/\\\/www.bellunopress.it\\\/2009\\\/07\\\/01\\\/luisa-morozzi-dellufficio-beni-culturali-del-quirinale-domani-a-belluno\\\/#article\",\"isPartOf\":{\"@id\":\"https:\\\/\\\/www.bellunopress.it\\\/2009\\\/07\\\/01\\\/luisa-morozzi-dellufficio-beni-culturali-del-quirinale-domani-a-belluno\\\/\"},\"author\":{\"name\":\"redazione\",\"@id\":\"https:\\\/\\\/www.bellunopress.it\\\/#\\\/schema\\\/person\\\/79bb06722b37ece1c03d3e94beb30d73\"},\"headline\":\"Luisa Morozzi, dell&#8217;Ufficio Beni Culturali del Quirinale, domani a Belluno\",\"datePublished\":\"2009-07-01T10:48:42+00:00\",\"mainEntityOfPage\":{\"@id\":\"https:\\\/\\\/www.bellunopress.it\\\/2009\\\/07\\\/01\\\/luisa-morozzi-dellufficio-beni-culturali-del-quirinale-domani-a-belluno\\\/\"},\"wordCount\":152,\"publisher\":{\"@id\":\"https:\\\/\\\/www.bellunopress.it\\\/#organization\"},\"keywords\":[\"Belluno\"],\"articleSection\":[\"Arte, Cultura, Spettacoli, Scienza\",\"Prima Pagina\"],\"inLanguage\":\"fr-FR\"},{\"@type\":\"WebPage\",\"@id\":\"https:\\\/\\\/www.bellunopress.it\\\/2009\\\/07\\\/01\\\/luisa-morozzi-dellufficio-beni-culturali-del-quirinale-domani-a-belluno\\\/\",\"url\":\"https:\\\/\\\/www.bellunopress.it\\\/2009\\\/07\\\/01\\\/luisa-morozzi-dellufficio-beni-culturali-del-quirinale-domani-a-belluno\\\/\",\"name\":\"Luisa Morozzi, dell'Ufficio Beni Culturali del Quirinale, domani a Belluno - Bellunopress - Dolomiti\",\"isPartOf\":{\"@id\":\"https:\\\/\\\/www.bellunopress.it\\\/#website\"},\"datePublished\":\"2009-07-01T10:48:42+00:00\",\"breadcrumb\":{\"@id\":\"https:\\\/\\\/www.bellunopress.it\\\/2009\\\/07\\\/01\\\/luisa-morozzi-dellufficio-beni-culturali-del-quirinale-domani-a-belluno\\\/#breadcrumb\"},\"inLanguage\":\"fr-FR\",\"potentialAction\":[{\"@type\":\"ReadAction\",\"target\":[\"https:\\\/\\\/www.bellunopress.it\\\/2009\\\/07\\\/01\\\/luisa-morozzi-dellufficio-beni-culturali-del-quirinale-domani-a-belluno\\\/\"]}]},{\"@type\":\"BreadcrumbList\",\"@id\":\"https:\\\/\\\/www.bellunopress.it\\\/2009\\\/07\\\/01\\\/luisa-morozzi-dellufficio-beni-culturali-del-quirinale-domani-a-belluno\\\/#breadcrumb\",\"itemListElement\":[{\"@type\":\"ListItem\",\"position\":1,\"name\":\"Home\",\"item\":\"https:\\\/\\\/www.bellunopress.it\\\/\"},{\"@type\":\"ListItem\",\"position\":2,\"name\":\"Luisa Morozzi, dell&#8217;Ufficio Beni Culturali del Quirinale, domani a Belluno\"}]},{\"@type\":\"WebSite\",\"@id\":\"https:\\\/\\\/www.bellunopress.it\\\/#website\",\"url\":\"https:\\\/\\\/www.bellunopress.it\\\/\",\"name\":\"Bellunopress - Dolomiti\",\"description\":\"e-mail: redazione@bellunopress.it\",\"publisher\":{\"@id\":\"https:\\\/\\\/www.bellunopress.it\\\/#organization\"},\"potentialAction\":[{\"@type\":\"SearchAction\",\"target\":{\"@type\":\"EntryPoint\",\"urlTemplate\":\"https:\\\/\\\/www.bellunopress.it\\\/?s={search_term_string}\"},\"query-input\":{\"@type\":\"PropertyValueSpecification\",\"valueRequired\":true,\"valueName\":\"search_term_string\"}}],\"inLanguage\":\"fr-FR\"},{\"@type\":\"Organization\",\"@id\":\"https:\\\/\\\/www.bellunopress.it\\\/#organization\",\"name\":\"Bellunopress\",\"url\":\"https:\\\/\\\/www.bellunopress.it\\\/\",\"logo\":{\"@type\":\"ImageObject\",\"inLanguage\":\"fr-FR\",\"@id\":\"https:\\\/\\\/www.bellunopress.it\\\/#\\\/schema\\\/logo\\\/image\\\/\",\"url\":\"https:\\\/\\\/www.bellunopress.it\\\/wp-content\\\/uploads\\\/2011\\\/05\\\/cropped-logo-bellunopress-.jpg\",\"contentUrl\":\"https:\\\/\\\/www.bellunopress.it\\\/wp-content\\\/uploads\\\/2011\\\/05\\\/cropped-logo-bellunopress-.jpg\",\"width\":512,\"height\":512,\"caption\":\"Bellunopress\"},\"image\":{\"@id\":\"https:\\\/\\\/www.bellunopress.it\\\/#\\\/schema\\\/logo\\\/image\\\/\"},\"sameAs\":[\"https:\\\/\\\/www.facebook.com\\\/profile.php?id=100008943462799\",\"https:\\\/\\\/x.com\\\/bellunopress\",\"https:\\\/\\\/www.linkedin.com\\\/hp\\\/?dnr=JBzUWaJfMUw8vbXJJ2tVW5-I3jZKvC4wsoxE&amp;amp;amp;amp;amp;amp;trk=nav_responsive_tab_home\",\"https:\\\/\\\/www.youtube.com\\\/channel\\\/UCxL0wu1uN0_3_7hGG0306cw\"]},{\"@type\":\"Person\",\"@id\":\"https:\\\/\\\/www.bellunopress.it\\\/#\\\/schema\\\/person\\\/79bb06722b37ece1c03d3e94beb30d73\",\"name\":\"redazione\",\"image\":{\"@type\":\"ImageObject\",\"inLanguage\":\"fr-FR\",\"@id\":\"https:\\\/\\\/secure.gravatar.com\\\/avatar\\\/37d968a2e67a6fd04c169c4bdef102d0bc5d31b2546345219e348575eb80e9a0?s=96&d=mm&r=g\",\"url\":\"https:\\\/\\\/secure.gravatar.com\\\/avatar\\\/37d968a2e67a6fd04c169c4bdef102d0bc5d31b2546345219e348575eb80e9a0?s=96&d=mm&r=g\",\"contentUrl\":\"https:\\\/\\\/secure.gravatar.com\\\/avatar\\\/37d968a2e67a6fd04c169c4bdef102d0bc5d31b2546345219e348575eb80e9a0?s=96&d=mm&r=g\",\"caption\":\"redazione\"},\"sameAs\":[\"http:\\\/\\\/www.bellunopress.it\",\"https:\\\/\\\/x.com\\\/bellunopress\"],\"url\":\"https:\\\/\\\/www.bellunopress.it\\\/fr\\\/author\\\/redazione\\\/\"}]}<\/script>\n<!-- \/ Yoast SEO plugin. -->","yoast_head_json":{"title":"Luisa Morozzi, dell'Ufficio Beni Culturali del Quirinale, domani a Belluno - Bellunopress - Dolomiti","robots":{"index":"index","follow":"follow","max-snippet":"max-snippet:-1","max-image-preview":"max-image-preview:large","max-video-preview":"max-video-preview:-1"},"canonical":"https:\/\/www.bellunopress.it\/fr\/2009\/07\/01\/luisa-morozzi-dellufficio-beni-culturali-del-quirinale-domani-a-belluno\/","og_locale":"fr_FR","og_type":"article","og_title":"Luisa Morozzi, dell'Ufficio Beni Culturali del Quirinale, domani a Belluno - Bellunopress - Dolomiti","og_description":"Domani 2 luglio, ospite del Prefetto, Provvidenza Raimondo, sar\u00e0 in Citt\u00e0 Luisa Morozzi, prestigiosa componente dell&#8217;Ufficio della Conservazione del Patrimonio Artistico del Quirinale. Prima in visita alla Citt\u00e0 e dopo alla Mostra di Andrea Brustolon, alle ore 18.00, presso l&#8217;Auditorium, Luisa Morozzi terr\u00e0 una conferenza dal titolo \u201cAndrea Brustolon al Quirinale. Arredi e dipinti veneti [&hellip;]","og_url":"https:\/\/www.bellunopress.it\/fr\/2009\/07\/01\/luisa-morozzi-dellufficio-beni-culturali-del-quirinale-domani-a-belluno\/","og_site_name":"Bellunopress - Dolomiti","article_publisher":"https:\/\/www.facebook.com\/profile.php?id=100008943462799","article_published_time":"2009-07-01T10:48:42+00:00","og_image":[{"url":"http:\/\/www.bellunopress.it\/wp-content\/uploads\/2012\/07\/logo-bellunopress-250x250-2012.jpg","type":"","width":"","height":""}],"author":"redazione","twitter_card":"summary_large_image","twitter_creator":"@bellunopress","twitter_site":"@bellunopress","twitter_misc":{"Written by":"redazione","Est. reading time":"1 minute"},"schema":{"@context":"https:\/\/schema.org","@graph":[{"@type":"Article","@id":"https:\/\/www.bellunopress.it\/2009\/07\/01\/luisa-morozzi-dellufficio-beni-culturali-del-quirinale-domani-a-belluno\/#article","isPartOf":{"@id":"https:\/\/www.bellunopress.it\/2009\/07\/01\/luisa-morozzi-dellufficio-beni-culturali-del-quirinale-domani-a-belluno\/"},"author":{"name":"redazione","@id":"https:\/\/www.bellunopress.it\/#\/schema\/person\/79bb06722b37ece1c03d3e94beb30d73"},"headline":"Luisa Morozzi, dell&#8217;Ufficio Beni Culturali del Quirinale, domani a Belluno","datePublished":"2009-07-01T10:48:42+00:00","mainEntityOfPage":{"@id":"https:\/\/www.bellunopress.it\/2009\/07\/01\/luisa-morozzi-dellufficio-beni-culturali-del-quirinale-domani-a-belluno\/"},"wordCount":152,"publisher":{"@id":"https:\/\/www.bellunopress.it\/#organization"},"keywords":["Belluno"],"articleSection":["Arte, Cultura, Spettacoli, Scienza","Prima Pagina"],"inLanguage":"fr-FR"},{"@type":"WebPage","@id":"https:\/\/www.bellunopress.it\/2009\/07\/01\/luisa-morozzi-dellufficio-beni-culturali-del-quirinale-domani-a-belluno\/","url":"https:\/\/www.bellunopress.it\/2009\/07\/01\/luisa-morozzi-dellufficio-beni-culturali-del-quirinale-domani-a-belluno\/","name":"Luisa Morozzi, dell'Ufficio Beni Culturali del Quirinale, domani a Belluno - Bellunopress - Dolomiti","isPartOf":{"@id":"https:\/\/www.bellunopress.it\/#website"},"datePublished":"2009-07-01T10:48:42+00:00","breadcrumb":{"@id":"https:\/\/www.bellunopress.it\/2009\/07\/01\/luisa-morozzi-dellufficio-beni-culturali-del-quirinale-domani-a-belluno\/#breadcrumb"},"inLanguage":"fr-FR","potentialAction":[{"@type":"ReadAction","target":["https:\/\/www.bellunopress.it\/2009\/07\/01\/luisa-morozzi-dellufficio-beni-culturali-del-quirinale-domani-a-belluno\/"]}]},{"@type":"BreadcrumbList","@id":"https:\/\/www.bellunopress.it\/2009\/07\/01\/luisa-morozzi-dellufficio-beni-culturali-del-quirinale-domani-a-belluno\/#breadcrumb","itemListElement":[{"@type":"ListItem","position":1,"name":"Home","item":"https:\/\/www.bellunopress.it\/"},{"@type":"ListItem","position":2,"name":"Luisa Morozzi, dell&#8217;Ufficio Beni Culturali del Quirinale, domani a Belluno"}]},{"@type":"WebSite","@id":"https:\/\/www.bellunopress.it\/#website","url":"https:\/\/www.bellunopress.it\/","name":"Bellunopress - Dolomiti","description":"e-mail: redazione@bellunopress.it","publisher":{"@id":"https:\/\/www.bellunopress.it\/#organization"},"potentialAction":[{"@type":"SearchAction","target":{"@type":"EntryPoint","urlTemplate":"https:\/\/www.bellunopress.it\/?s={search_term_string}"},"query-input":{"@type":"PropertyValueSpecification","valueRequired":true,"valueName":"search_term_string"}}],"inLanguage":"fr-FR"},{"@type":"Organization","@id":"https:\/\/www.bellunopress.it\/#organization","name":"Bellunopress","url":"https:\/\/www.bellunopress.it\/","logo":{"@type":"ImageObject","inLanguage":"fr-FR","@id":"https:\/\/www.bellunopress.it\/#\/schema\/logo\/image\/","url":"https:\/\/www.bellunopress.it\/wp-content\/uploads\/2011\/05\/cropped-logo-bellunopress-.jpg","contentUrl":"https:\/\/www.bellunopress.it\/wp-content\/uploads\/2011\/05\/cropped-logo-bellunopress-.jpg","width":512,"height":512,"caption":"Bellunopress"},"image":{"@id":"https:\/\/www.bellunopress.it\/#\/schema\/logo\/image\/"},"sameAs":["https:\/\/www.facebook.com\/profile.php?id=100008943462799","https:\/\/x.com\/bellunopress","https:\/\/www.linkedin.com\/hp\/?dnr=JBzUWaJfMUw8vbXJJ2tVW5-I3jZKvC4wsoxE&amp;amp;amp;amp;amp;amp;trk=nav_responsive_tab_home","https:\/\/www.youtube.com\/channel\/UCxL0wu1uN0_3_7hGG0306cw"]},{"@type":"Person","@id":"https:\/\/www.bellunopress.it\/#\/schema\/person\/79bb06722b37ece1c03d3e94beb30d73","name":"r\u00e9daction","image":{"@type":"ImageObject","inLanguage":"fr-FR","@id":"https:\/\/secure.gravatar.com\/avatar\/37d968a2e67a6fd04c169c4bdef102d0bc5d31b2546345219e348575eb80e9a0?s=96&d=mm&r=g","url":"https:\/\/secure.gravatar.com\/avatar\/37d968a2e67a6fd04c169c4bdef102d0bc5d31b2546345219e348575eb80e9a0?s=96&d=mm&r=g","contentUrl":"https:\/\/secure.gravatar.com\/avatar\/37d968a2e67a6fd04c169c4bdef102d0bc5d31b2546345219e348575eb80e9a0?s=96&d=mm&r=g","caption":"redazione"},"sameAs":["http:\/\/www.bellunopress.it","https:\/\/x.com\/bellunopress"],"url":"https:\/\/www.bellunopress.it\/fr\/author\/redazione\/"}]}},"_links":{"self":[{"href":"https:\/\/www.bellunopress.it\/fr\/wp-json\/wp\/v2\/posts\/5548","targetHints":{"allow":["GET"]}}],"collection":[{"href":"https:\/\/www.bellunopress.it\/fr\/wp-json\/wp\/v2\/posts"}],"about":[{"href":"https:\/\/www.bellunopress.it\/fr\/wp-json\/wp\/v2\/types\/post"}],"author":[{"embeddable":true,"href":"https:\/\/www.bellunopress.it\/fr\/wp-json\/wp\/v2\/users\/2"}],"replies":[{"embeddable":true,"href":"https:\/\/www.bellunopress.it\/fr\/wp-json\/wp\/v2\/comments?post=5548"}],"version-history":[{"count":1,"href":"https:\/\/www.bellunopress.it\/fr\/wp-json\/wp\/v2\/posts\/5548\/revisions"}],"predecessor-version":[{"id":5549,"href":"https:\/\/www.bellunopress.it\/fr\/wp-json\/wp\/v2\/posts\/5548\/revisions\/5549"}],"wp:attachment":[{"href":"https:\/\/www.bellunopress.it\/fr\/wp-json\/wp\/v2\/media?parent=5548"}],"wp:term":[{"taxonomy":"category","embeddable":true,"href":"https:\/\/www.bellunopress.it\/fr\/wp-json\/wp\/v2\/categories?post=5548"},{"taxonomy":"post_tag","embeddable":true,"href":"https:\/\/www.bellunopress.it\/fr\/wp-json\/wp\/v2\/tags?post=5548"}],"curies":[{"name":"wp","href":"https:\/\/api.w.org\/{rel}","templated":true}]}}