{"id":5544,"date":"2009-07-01T07:06:30","date_gmt":"2009-07-01T06:06:30","guid":{"rendered":"http:\/\/www.bellunopress.it\/?p=5544"},"modified":"2009-07-01T07:08:20","modified_gmt":"2009-07-01T06:08:20","slug":"lestate-culturale-in-citta-con-bretelle-lasche","status":"publish","type":"post","link":"https:\/\/www.bellunopress.it\/fr\/2009\/07\/01\/lestate-culturale-in-citta-con-bretelle-lasche\/","title":{"rendered":"L&#8217;estate culturale in citt\u00e0 con le Bretelle Lasche"},"content":{"rendered":"<p>Marted\u00ec 7 luglio ha inizio il ciclo di appuntamento con le Bretelle Lasche dal titolo &#8220;LeggereLesere, incontri senza sipario nei cortili della citt\u00e0&#8221;. Alle ore 21, nel cortile del Palazzo Miari Fulcis in n via Cipro (in caso di maltempo gli spettacoli avranno luogo presso l\u2019Auditorium Comunale eccetto l\u2019ultima data presso il Teatro Giovanni XXIII) andr\u00e0 in scena &#8220;I sillabari&#8221; di Goffredo Parise, con voci recitanti Michele Firpo, Elia Luciani, Antonella Michielin. \u00abNella vita gli uomini fanno dei programmi perch\u00e9 sanno che, una volta scomparso l\u2019autore, essi possono essere continuati da altri. In poesia \u00e8 impossibile, non ci sono eredi. Cos\u00ec \u00e8 toccato a me con questo libro: dodici anni fa giurai a me stesso, preso dalla mano della poesia, di scrivere tanti racconti sui sentimenti umani, cos\u00ec labili, partendo dalla A e arrivando alla Z. Sono poesie in prosa. Ma alla lettera S, nonostante i programmi, la poesia mi ha abbandonato. E a questa lettera ho dovuto fermarmi. La poesia va e viene, vive e muore quando vuole lei, non quando vogliamo noi e non ha discendenti. Mi dispiace ma \u00e8 cos\u00ec. Un poco come la vita, soprattutto come l\u2019amore.\u00bb (Goffredo Parise).<br \/>\nSeguir\u00e0 marted\u00ec 14 luglio 2009 nel giardinetto di via Sottocastello lo spettacolo &#8220;Panchine, come uscire dal mondo senza uscirne&#8221; dal testo di Beppe Sebaste e voce recitante di Loris Tormen. La letteratura \u00e8 piena di panchine, perch\u00e9 parla della vita della gente e la gente, sopra ogni cosa, aspetta e aspettando gira a zonzo e si siede dove capita. E poi parla di panchine perch\u00e9 quelli che scrivono, oltre ad aspettare e guardare anche pi\u00f9 degli altri, hanno spesso una vita di frontiera, senza appartenenza. Le panchine, simboli della soglia, sono sottili frontiere tra dentro e fuori, oggi in via d\u2019estinzione, come se la loro gratuit\u00e0 nel nuovo orizzonte del welfare fosse assolutamente da bandire. La panchina, dove si lascia libera la mente di vagare, divagare, passeggiare, \u00e8 un luogo di sosta, un\u2019utopia realizzata. E\u2019 vacanza a portata di mano. Sulle panchine si contempla lo spettacolo del mondo, si guarda senza essere visti e ci si d\u00e0 il tempo di perdere tempo, come leggere un romanzo.<br \/>\nSi prosegue marted\u00ec 21 luglio 2009 nel Chiostro dell&#8217;Istituto Catullo in via Loreto con &#8220;Doppio misto&#8221;\u00a0 autobiografia di coppia non autorizzata di Claudio Bisio e Sandra Bonzi con voci recitanti Francesca Bogo e Michele Firpo. Lui dissemina calzini e panni sporchi per casa. Lei li raccoglie e si chiede: \u201cChe male ho fatto per meritarmi tutto questo?\u201d. Lui non ha idea di come sia fatto un supermercato. Lei ci passa la vita. Lui ricorda a memoria tutte le formazioni del Milan dalle origini a oggi. Lei la data del loro primo bacio. Lui le dice: \u201cTi trovo bella cos\u00ec\u201d. Lei gli risponde: \u201cCos\u00ec come, eh?\u201d. Lui, dopo anni di matrimonio, ancora non la capisce. Lei, dopo anni di matrimonio, ancora non lo capisce. Eggi\u00e0. L\u2019amore. La coppia. La famiglia. Una storia che attinge generosamente alla realt\u00e0 di tutti i giorni, ma non rinuncia all\u2019universalit\u00e0 dell\u2019invenzione; una leggera e divertente metafora della coppia moderna e della frenesia che ci attanaglia quotidianamente.<br \/>\nSi conclude marted\u00ec 28 luglio 2009 nel cortile di Villa Doglioni-Dalmas sede di Assindustria Dolomiti Belluno, con &#8220;Bricola e Regina&#8221; quattro ciacole in panchina di e con Giorgio Bertan e Eleonora Fuser. Nati dalla creativit\u00e0 di due straordinari attori che furono tra i fondatori del \u201cTag Teatro\u201d, Bricola e Regina sono due maschere veneziane \u201cmoderne\u201d. In libera uscita dall\u2019Ospizio di S. Lorenzo, dialogano ai margini della societ\u00e0 su tutto e su tutti, tra temi universali e di vita quotidiana, alternando la cronaca agli aneddoti, i ricordi giovanili ai problemi della terza et\u00e0. La loro storia di coppia, il passato di ricordi, i rimpianti, le delusioni, le paure, il cinismo, (se stava m\u00e8io co se stava p\u00e8so) si alternano tra litigi, scherzi e tenerezze sulla panchina del loro saporito mondo. Momenti di intimit\u00e0 comico-grotteschi, conditi da un linguaggio popolare ormai quasi perduto, muovono i due personaggi-maschere in un gestuale moderno, facendoli idealmente proseguire lungo l\u2019antica via della Commedia dell\u2019Arte.<br \/>\nL&#8217;iniziativa \u00e8 dell&#8217;Associazione Culturale Bretelle Lasche Tel. 0437.27159 Via Mameli 18 &#8211; Belluno &#8211; Tel. 329 3676945. Con il patrocinio dell&#8217;assessorato alla Cultura del Comune di Belluno e l&#8217;ospitalit\u00e0 di Roberto e Mariagrazia Bond, il conte Damiano Miari Fulcis, Assindustria Dolomiti Belluno, Istituto Professionale Catullo. Tecnici audio e luci: Luca Celi, Corrado Polentes, Pierangelo Teti, Marco Valentino, Claudio Viel.<\/p>","protected":false},"excerpt":{"rendered":"<p>Marted\u00ec 7 luglio ha inizio il ciclo di appuntamento con le Bretelle Lasche dal titolo &#8220;LeggereLesere, incontri senza sipario nei cortili della citt\u00e0&#8221;. Alle ore 21, nel cortile del Palazzo Miari Fulcis in n via Cipro (in caso di maltempo gli spettacoli avranno luogo presso l\u2019Auditorium Comunale eccetto l\u2019ultima data presso il Teatro Giovanni XXIII) [&hellip;]<\/p>\n","protected":false},"author":2,"featured_media":0,"comment_status":"closed","ping_status":"open","sticky":false,"template":"","format":"standard","meta":{"footnotes":""},"categories":[3,25],"tags":[139,63],"class_list":["post-5544","post","type-post","status-publish","format-standard","category-arte-cultura-spettacoli-scienza-archivi","category-pausa-caffe","tag-belluno","tag-dolomiti"],"yoast_head":"<!-- This site is optimized with the Yoast SEO plugin v28.4 - https:\/\/yoast.com\/product\/yoast-seo-wordpress\/ -->\n<title>L&#039;estate culturale in citt\u00e0 con le Bretelle Lasche - Bellunopress - Dolomiti<\/title>\n<meta name=\"robots\" content=\"index, follow, max-snippet:-1, max-image-preview:large, max-video-preview:-1\" \/>\n<link rel=\"canonical\" href=\"https:\/\/www.bellunopress.it\/fr\/2009\/07\/01\/lestate-culturale-in-citta-con-bretelle-lasche\/\" \/>\n<meta property=\"og:locale\" content=\"fr_FR\" \/>\n<meta property=\"og:type\" content=\"article\" \/>\n<meta property=\"og:title\" content=\"L&#039;estate culturale in citt\u00e0 con le Bretelle Lasche - Bellunopress - Dolomiti\" \/>\n<meta property=\"og:description\" content=\"Marted\u00ec 7 luglio ha inizio il ciclo di appuntamento con le Bretelle Lasche dal titolo &#8220;LeggereLesere, incontri senza sipario nei cortili della citt\u00e0&#8221;. Alle ore 21, nel cortile del Palazzo Miari Fulcis in n via Cipro (in caso di maltempo gli spettacoli avranno luogo presso l\u2019Auditorium Comunale eccetto l\u2019ultima data presso il Teatro Giovanni XXIII) [&hellip;]\" \/>\n<meta property=\"og:url\" content=\"https:\/\/www.bellunopress.it\/fr\/2009\/07\/01\/lestate-culturale-in-citta-con-bretelle-lasche\/\" \/>\n<meta property=\"og:site_name\" content=\"Bellunopress - Dolomiti\" \/>\n<meta property=\"article:publisher\" content=\"https:\/\/www.facebook.com\/profile.php?id=100008943462799\" \/>\n<meta property=\"article:published_time\" content=\"2009-07-01T06:06:30+00:00\" \/>\n<meta property=\"article:modified_time\" content=\"2009-07-01T06:08:20+00:00\" \/>\n<meta property=\"og:image\" content=\"http:\/\/www.bellunopress.it\/wp-content\/uploads\/2012\/07\/logo-bellunopress-250x250-2012.jpg\" \/>\n<meta name=\"author\" content=\"redazione\" \/>\n<meta name=\"twitter:card\" content=\"summary_large_image\" \/>\n<meta name=\"twitter:creator\" content=\"@bellunopress\" \/>\n<meta name=\"twitter:site\" content=\"@bellunopress\" \/>\n<meta name=\"twitter:label1\" content=\"Written by\" \/>\n\t<meta name=\"twitter:data1\" content=\"redazione\" \/>\n\t<meta name=\"twitter:label2\" content=\"Est. reading time\" \/>\n\t<meta name=\"twitter:data2\" content=\"4 minutes\" \/>\n<script type=\"application\/ld+json\" class=\"yoast-schema-graph\">{\"@context\":\"https:\\\/\\\/schema.org\",\"@graph\":[{\"@type\":\"Article\",\"@id\":\"https:\\\/\\\/www.bellunopress.it\\\/2009\\\/07\\\/01\\\/lestate-culturale-in-citta-con-bretelle-lasche\\\/#article\",\"isPartOf\":{\"@id\":\"https:\\\/\\\/www.bellunopress.it\\\/2009\\\/07\\\/01\\\/lestate-culturale-in-citta-con-bretelle-lasche\\\/\"},\"author\":{\"name\":\"redazione\",\"@id\":\"https:\\\/\\\/www.bellunopress.it\\\/#\\\/schema\\\/person\\\/79bb06722b37ece1c03d3e94beb30d73\"},\"headline\":\"L&#8217;estate culturale in citt\u00e0 con le Bretelle Lasche\",\"datePublished\":\"2009-07-01T06:06:30+00:00\",\"dateModified\":\"2009-07-01T06:08:20+00:00\",\"mainEntityOfPage\":{\"@id\":\"https:\\\/\\\/www.bellunopress.it\\\/2009\\\/07\\\/01\\\/lestate-culturale-in-citta-con-bretelle-lasche\\\/\"},\"wordCount\":746,\"publisher\":{\"@id\":\"https:\\\/\\\/www.bellunopress.it\\\/#organization\"},\"keywords\":[\"Belluno\",\"Dolomiti\"],\"articleSection\":[\"Arte, Cultura, Spettacoli, Scienza\",\"Pausa Caff\u00e8\"],\"inLanguage\":\"fr-FR\"},{\"@type\":\"WebPage\",\"@id\":\"https:\\\/\\\/www.bellunopress.it\\\/2009\\\/07\\\/01\\\/lestate-culturale-in-citta-con-bretelle-lasche\\\/\",\"url\":\"https:\\\/\\\/www.bellunopress.it\\\/2009\\\/07\\\/01\\\/lestate-culturale-in-citta-con-bretelle-lasche\\\/\",\"name\":\"L'estate culturale in citt\u00e0 con le Bretelle Lasche - Bellunopress - Dolomiti\",\"isPartOf\":{\"@id\":\"https:\\\/\\\/www.bellunopress.it\\\/#website\"},\"datePublished\":\"2009-07-01T06:06:30+00:00\",\"dateModified\":\"2009-07-01T06:08:20+00:00\",\"breadcrumb\":{\"@id\":\"https:\\\/\\\/www.bellunopress.it\\\/2009\\\/07\\\/01\\\/lestate-culturale-in-citta-con-bretelle-lasche\\\/#breadcrumb\"},\"inLanguage\":\"fr-FR\",\"potentialAction\":[{\"@type\":\"ReadAction\",\"target\":[\"https:\\\/\\\/www.bellunopress.it\\\/2009\\\/07\\\/01\\\/lestate-culturale-in-citta-con-bretelle-lasche\\\/\"]}]},{\"@type\":\"BreadcrumbList\",\"@id\":\"https:\\\/\\\/www.bellunopress.it\\\/2009\\\/07\\\/01\\\/lestate-culturale-in-citta-con-bretelle-lasche\\\/#breadcrumb\",\"itemListElement\":[{\"@type\":\"ListItem\",\"position\":1,\"name\":\"Home\",\"item\":\"https:\\\/\\\/www.bellunopress.it\\\/\"},{\"@type\":\"ListItem\",\"position\":2,\"name\":\"L&#8217;estate culturale in citt\u00e0 con le Bretelle Lasche\"}]},{\"@type\":\"WebSite\",\"@id\":\"https:\\\/\\\/www.bellunopress.it\\\/#website\",\"url\":\"https:\\\/\\\/www.bellunopress.it\\\/\",\"name\":\"Bellunopress - Dolomiti\",\"description\":\"e-mail: redazione@bellunopress.it\",\"publisher\":{\"@id\":\"https:\\\/\\\/www.bellunopress.it\\\/#organization\"},\"potentialAction\":[{\"@type\":\"SearchAction\",\"target\":{\"@type\":\"EntryPoint\",\"urlTemplate\":\"https:\\\/\\\/www.bellunopress.it\\\/?s={search_term_string}\"},\"query-input\":{\"@type\":\"PropertyValueSpecification\",\"valueRequired\":true,\"valueName\":\"search_term_string\"}}],\"inLanguage\":\"fr-FR\"},{\"@type\":\"Organization\",\"@id\":\"https:\\\/\\\/www.bellunopress.it\\\/#organization\",\"name\":\"Bellunopress\",\"url\":\"https:\\\/\\\/www.bellunopress.it\\\/\",\"logo\":{\"@type\":\"ImageObject\",\"inLanguage\":\"fr-FR\",\"@id\":\"https:\\\/\\\/www.bellunopress.it\\\/#\\\/schema\\\/logo\\\/image\\\/\",\"url\":\"https:\\\/\\\/www.bellunopress.it\\\/wp-content\\\/uploads\\\/2011\\\/05\\\/cropped-logo-bellunopress-.jpg\",\"contentUrl\":\"https:\\\/\\\/www.bellunopress.it\\\/wp-content\\\/uploads\\\/2011\\\/05\\\/cropped-logo-bellunopress-.jpg\",\"width\":512,\"height\":512,\"caption\":\"Bellunopress\"},\"image\":{\"@id\":\"https:\\\/\\\/www.bellunopress.it\\\/#\\\/schema\\\/logo\\\/image\\\/\"},\"sameAs\":[\"https:\\\/\\\/www.facebook.com\\\/profile.php?id=100008943462799\",\"https:\\\/\\\/x.com\\\/bellunopress\",\"https:\\\/\\\/www.linkedin.com\\\/hp\\\/?dnr=JBzUWaJfMUw8vbXJJ2tVW5-I3jZKvC4wsoxE&amp;amp;amp;amp;amp;amp;trk=nav_responsive_tab_home\",\"https:\\\/\\\/www.youtube.com\\\/channel\\\/UCxL0wu1uN0_3_7hGG0306cw\"]},{\"@type\":\"Person\",\"@id\":\"https:\\\/\\\/www.bellunopress.it\\\/#\\\/schema\\\/person\\\/79bb06722b37ece1c03d3e94beb30d73\",\"name\":\"redazione\",\"image\":{\"@type\":\"ImageObject\",\"inLanguage\":\"fr-FR\",\"@id\":\"https:\\\/\\\/secure.gravatar.com\\\/avatar\\\/37d968a2e67a6fd04c169c4bdef102d0bc5d31b2546345219e348575eb80e9a0?s=96&d=mm&r=g\",\"url\":\"https:\\\/\\\/secure.gravatar.com\\\/avatar\\\/37d968a2e67a6fd04c169c4bdef102d0bc5d31b2546345219e348575eb80e9a0?s=96&d=mm&r=g\",\"contentUrl\":\"https:\\\/\\\/secure.gravatar.com\\\/avatar\\\/37d968a2e67a6fd04c169c4bdef102d0bc5d31b2546345219e348575eb80e9a0?s=96&d=mm&r=g\",\"caption\":\"redazione\"},\"sameAs\":[\"http:\\\/\\\/www.bellunopress.it\",\"https:\\\/\\\/x.com\\\/bellunopress\"],\"url\":\"https:\\\/\\\/www.bellunopress.it\\\/fr\\\/author\\\/redazione\\\/\"}]}<\/script>\n<!-- \/ Yoast SEO plugin. -->","yoast_head_json":{"title":"L'estate culturale in citt\u00e0 con le Bretelle Lasche - Bellunopress - Dolomiti","robots":{"index":"index","follow":"follow","max-snippet":"max-snippet:-1","max-image-preview":"max-image-preview:large","max-video-preview":"max-video-preview:-1"},"canonical":"https:\/\/www.bellunopress.it\/fr\/2009\/07\/01\/lestate-culturale-in-citta-con-bretelle-lasche\/","og_locale":"fr_FR","og_type":"article","og_title":"L'estate culturale in citt\u00e0 con le Bretelle Lasche - Bellunopress - Dolomiti","og_description":"Marted\u00ec 7 luglio ha inizio il ciclo di appuntamento con le Bretelle Lasche dal titolo &#8220;LeggereLesere, incontri senza sipario nei cortili della citt\u00e0&#8221;. Alle ore 21, nel cortile del Palazzo Miari Fulcis in n via Cipro (in caso di maltempo gli spettacoli avranno luogo presso l\u2019Auditorium Comunale eccetto l\u2019ultima data presso il Teatro Giovanni XXIII) [&hellip;]","og_url":"https:\/\/www.bellunopress.it\/fr\/2009\/07\/01\/lestate-culturale-in-citta-con-bretelle-lasche\/","og_site_name":"Bellunopress - Dolomiti","article_publisher":"https:\/\/www.facebook.com\/profile.php?id=100008943462799","article_published_time":"2009-07-01T06:06:30+00:00","article_modified_time":"2009-07-01T06:08:20+00:00","og_image":[{"url":"http:\/\/www.bellunopress.it\/wp-content\/uploads\/2012\/07\/logo-bellunopress-250x250-2012.jpg","type":"","width":"","height":""}],"author":"redazione","twitter_card":"summary_large_image","twitter_creator":"@bellunopress","twitter_site":"@bellunopress","twitter_misc":{"Written by":"redazione","Est. reading time":"4 minutes"},"schema":{"@context":"https:\/\/schema.org","@graph":[{"@type":"Article","@id":"https:\/\/www.bellunopress.it\/2009\/07\/01\/lestate-culturale-in-citta-con-bretelle-lasche\/#article","isPartOf":{"@id":"https:\/\/www.bellunopress.it\/2009\/07\/01\/lestate-culturale-in-citta-con-bretelle-lasche\/"},"author":{"name":"redazione","@id":"https:\/\/www.bellunopress.it\/#\/schema\/person\/79bb06722b37ece1c03d3e94beb30d73"},"headline":"L&#8217;estate culturale in citt\u00e0 con le Bretelle Lasche","datePublished":"2009-07-01T06:06:30+00:00","dateModified":"2009-07-01T06:08:20+00:00","mainEntityOfPage":{"@id":"https:\/\/www.bellunopress.it\/2009\/07\/01\/lestate-culturale-in-citta-con-bretelle-lasche\/"},"wordCount":746,"publisher":{"@id":"https:\/\/www.bellunopress.it\/#organization"},"keywords":["Belluno","Dolomiti"],"articleSection":["Arte, Cultura, Spettacoli, Scienza","Pausa Caff\u00e8"],"inLanguage":"fr-FR"},{"@type":"WebPage","@id":"https:\/\/www.bellunopress.it\/2009\/07\/01\/lestate-culturale-in-citta-con-bretelle-lasche\/","url":"https:\/\/www.bellunopress.it\/2009\/07\/01\/lestate-culturale-in-citta-con-bretelle-lasche\/","name":"L'estate culturale in citt\u00e0 con le Bretelle Lasche - Bellunopress - Dolomiti","isPartOf":{"@id":"https:\/\/www.bellunopress.it\/#website"},"datePublished":"2009-07-01T06:06:30+00:00","dateModified":"2009-07-01T06:08:20+00:00","breadcrumb":{"@id":"https:\/\/www.bellunopress.it\/2009\/07\/01\/lestate-culturale-in-citta-con-bretelle-lasche\/#breadcrumb"},"inLanguage":"fr-FR","potentialAction":[{"@type":"ReadAction","target":["https:\/\/www.bellunopress.it\/2009\/07\/01\/lestate-culturale-in-citta-con-bretelle-lasche\/"]}]},{"@type":"BreadcrumbList","@id":"https:\/\/www.bellunopress.it\/2009\/07\/01\/lestate-culturale-in-citta-con-bretelle-lasche\/#breadcrumb","itemListElement":[{"@type":"ListItem","position":1,"name":"Home","item":"https:\/\/www.bellunopress.it\/"},{"@type":"ListItem","position":2,"name":"L&#8217;estate culturale in citt\u00e0 con le Bretelle Lasche"}]},{"@type":"WebSite","@id":"https:\/\/www.bellunopress.it\/#website","url":"https:\/\/www.bellunopress.it\/","name":"Bellunopress - Dolomiti","description":"e-mail: redazione@bellunopress.it","publisher":{"@id":"https:\/\/www.bellunopress.it\/#organization"},"potentialAction":[{"@type":"SearchAction","target":{"@type":"EntryPoint","urlTemplate":"https:\/\/www.bellunopress.it\/?s={search_term_string}"},"query-input":{"@type":"PropertyValueSpecification","valueRequired":true,"valueName":"search_term_string"}}],"inLanguage":"fr-FR"},{"@type":"Organization","@id":"https:\/\/www.bellunopress.it\/#organization","name":"Bellunopress","url":"https:\/\/www.bellunopress.it\/","logo":{"@type":"ImageObject","inLanguage":"fr-FR","@id":"https:\/\/www.bellunopress.it\/#\/schema\/logo\/image\/","url":"https:\/\/www.bellunopress.it\/wp-content\/uploads\/2011\/05\/cropped-logo-bellunopress-.jpg","contentUrl":"https:\/\/www.bellunopress.it\/wp-content\/uploads\/2011\/05\/cropped-logo-bellunopress-.jpg","width":512,"height":512,"caption":"Bellunopress"},"image":{"@id":"https:\/\/www.bellunopress.it\/#\/schema\/logo\/image\/"},"sameAs":["https:\/\/www.facebook.com\/profile.php?id=100008943462799","https:\/\/x.com\/bellunopress","https:\/\/www.linkedin.com\/hp\/?dnr=JBzUWaJfMUw8vbXJJ2tVW5-I3jZKvC4wsoxE&amp;amp;amp;amp;amp;amp;trk=nav_responsive_tab_home","https:\/\/www.youtube.com\/channel\/UCxL0wu1uN0_3_7hGG0306cw"]},{"@type":"Person","@id":"https:\/\/www.bellunopress.it\/#\/schema\/person\/79bb06722b37ece1c03d3e94beb30d73","name":"r\u00e9daction","image":{"@type":"ImageObject","inLanguage":"fr-FR","@id":"https:\/\/secure.gravatar.com\/avatar\/37d968a2e67a6fd04c169c4bdef102d0bc5d31b2546345219e348575eb80e9a0?s=96&d=mm&r=g","url":"https:\/\/secure.gravatar.com\/avatar\/37d968a2e67a6fd04c169c4bdef102d0bc5d31b2546345219e348575eb80e9a0?s=96&d=mm&r=g","contentUrl":"https:\/\/secure.gravatar.com\/avatar\/37d968a2e67a6fd04c169c4bdef102d0bc5d31b2546345219e348575eb80e9a0?s=96&d=mm&r=g","caption":"redazione"},"sameAs":["http:\/\/www.bellunopress.it","https:\/\/x.com\/bellunopress"],"url":"https:\/\/www.bellunopress.it\/fr\/author\/redazione\/"}]}},"_links":{"self":[{"href":"https:\/\/www.bellunopress.it\/fr\/wp-json\/wp\/v2\/posts\/5544","targetHints":{"allow":["GET"]}}],"collection":[{"href":"https:\/\/www.bellunopress.it\/fr\/wp-json\/wp\/v2\/posts"}],"about":[{"href":"https:\/\/www.bellunopress.it\/fr\/wp-json\/wp\/v2\/types\/post"}],"author":[{"embeddable":true,"href":"https:\/\/www.bellunopress.it\/fr\/wp-json\/wp\/v2\/users\/2"}],"replies":[{"embeddable":true,"href":"https:\/\/www.bellunopress.it\/fr\/wp-json\/wp\/v2\/comments?post=5544"}],"version-history":[{"count":2,"href":"https:\/\/www.bellunopress.it\/fr\/wp-json\/wp\/v2\/posts\/5544\/revisions"}],"predecessor-version":[{"id":5546,"href":"https:\/\/www.bellunopress.it\/fr\/wp-json\/wp\/v2\/posts\/5544\/revisions\/5546"}],"wp:attachment":[{"href":"https:\/\/www.bellunopress.it\/fr\/wp-json\/wp\/v2\/media?parent=5544"}],"wp:term":[{"taxonomy":"category","embeddable":true,"href":"https:\/\/www.bellunopress.it\/fr\/wp-json\/wp\/v2\/categories?post=5544"},{"taxonomy":"post_tag","embeddable":true,"href":"https:\/\/www.bellunopress.it\/fr\/wp-json\/wp\/v2\/tags?post=5544"}],"curies":[{"name":"wp","href":"https:\/\/api.w.org\/{rel}","templated":true}]}}