{"id":5539,"date":"2009-06-30T21:25:52","date_gmt":"2009-06-30T20:25:52","guid":{"rendered":"http:\/\/www.bellunopress.it\/?p=5539"},"modified":"2009-06-30T21:25:52","modified_gmt":"2009-06-30T20:25:52","slug":"a-valmorel-apre-unosteria-magica","status":"publish","type":"post","link":"https:\/\/www.bellunopress.it\/fr\/2009\/06\/30\/a-valmorel-apre-unosteria-magica\/","title":{"rendered":"A Valmorel apre un&#8217;osteria magica"},"content":{"rendered":"<p>Domenica 5 luglio non prendete impegni. Stefano Trevisson, rinomato chef gi\u00e0 gestore del ristorante \u201cAll&#8217;angelo\u201d di Santa Giustina e del ristorante \u201cSlalom\u201d in piazzale Nevegal invita tutti all&#8217;inaugurazione della sua nuova avventura cultural \u2013 culinaria. E&#8217; in piazza a Valmorel, si chiama \u201cOsteria dei miracoli\u201d, e ogni riferimento a Dino Buzzati e alle sue opere non \u00e8 casuale. E&#8217; il personale omaggio di Stefano a chi ha amato profondamente i suoi stessi luoghi e ne ha saputo cantare la bellezza. E come Dino Buzzati ha saputo omaggiare Valmorel e la Valbelluna con le parole, cos\u00ec nell&#8217;\u201dOsteria dei miracoli\u201d sar\u00e0 l&#8217;alta cucina a rendere il giusto tributo a queste terre, attraverso un ricco menu a base di piatti tipici creati con prodotti rigorosamente locali, forniti dai produttori agricoli della zona.<br \/>\nCibo per il palato, quindi, ma anche cibo per la mente. L&#8217;\u201dOsteria dei miracoli\u201d offre ai suoi ospiti anche un angolo lettura, nel quale potersi nutrire di buone letture. Dopo l&#8217;anteprima di domenica 21 giugno, con il concerto dei Toasters, mitica band ska americana, che ha radunato a Valmorel centinaia di persone pronte a scatenarsi nel ballo, domenica prossima toccher\u00e0 ai Califfo De luxe inaugurare ufficialmente l\u201dOsteria dei miracoli\u201d. La band ska originaria di Venezia, attiva dal 2001 e gi\u00e0 entrata a pieno titolo nel ristretto novero delle band \u201calternative\u201d pi\u00f9 apprezzate a livello europeo aprir\u00e0 le danze alle 17, ma gi\u00e0 dalla mattina Stefano sar\u00e0 al suo posto, pronto ad accogliere i primi ospiti. A mezzogiorno con il pranzo, a base di piatti tipici della tradizione, dal pastin al formai alla piastra, ai taglieri di prodotti locali. Alle 16 poi scatter\u00e0 l&#8217;happy hour, per scaldare l&#8217;ambiente in vista del concerto dei Califfo de Luxe. Poi, verso sera, sar\u00e0 possibile recuperare le energie sempre accompagnati dai piatti della tradizione preparati con maestria da Stefano. Ma i concerti proposti dall&#8217;\u201dOsteria dei miracoli\u201d non si fermano qui: \u00e8 in preparazione un fitto calendario di appuntamenti musicali, che allieteranno e porteranno una ventata di novit\u00e0 nell&#8217;estate di Valmorel. Domenica 5 luglio apre l&#8217;\u201dosteria dei miracoli\u201d, il nuovo punto di riferimento per la buona cucina bellunese. Per qualsiasi tipo di informazione \u00e8 possibile contattare Stefano Trevisson allo 0437 908258 (telefono fisso) o al 340 3033788 (cellulare). O ancora attraverso l&#8217;indirizzo e-mail <a href=\"mailto:fanotrevisson@gmail.com\">fanotrevisson@gmail.com<\/a>.<br \/>\nChi sono i Califfo de Luxe<br \/>\nI Califfo de Luxe nascono nel 2001 a Ceggia (Venezia) dall&#8217;unione di otto componenti di diversa derivazione musicale maturati in formazioni rock, jazz e reggae, provenienti dalla provincia di Venezia. Il repertorio proposto dalla band \u00e8 fin dall&#8217;inizio una miscela delle sonorit\u00e0 tipiche dello ska-reggae giamaicano con influenze latine, proponendo principalmente pezzi propri. L&#8217;attivit\u00e0 live della band comincia a dicembre 2001 e questa trova subito ottimi consensi dal pubblico, soprattutto per l&#8217;impatto live che sanno trasmettere, tanto che dal 2002 svolgono oltre 150 date in tutto il Triveneto. Nel 2003 registrano Veneto Ska Cabernet Orchestra, demo autoprodotto con tiratura di 2000 copie. Nel frattempo il gruppo aumenta la sua popolarit\u00e0 arrivando a suonare nei palchi di numerosi club come il Jack the Ripper di Verona, il New Age di Roncade (TV), il Banale di Padova e La Flog di Firenze solo per citarne alcuni. Vengono inoltre chiamati ad aprire concerti di gruppi pi\u00f9 affermati come Shandon, Strike, Vallanzaska, Roy Paci &amp; Aretuska e Meganoidi.<br \/>\nNel luglio 2004 i Califfo de Luxe partecipano alla undicesima edizione del Rototom Sunsplash di Osoppo (UD) e volano in Canada per un tour presenziando all&#8217;importante Victoria Ska Festival di Vancouver, affiancando artisti di fama internazionale come il giamaicano Strangejah Cole. Al ritorno in Italia inseriscono un trombonista alla sezione fiati e registrano un nuovo EP dal titolo Luci da illusione che li porter\u00e0 ad accompagnare vari artisti in tour per la penisola tra i quali Persiana Jones, Ska-J, Giuliano Palma and The Bluebeaters e molti altri.<br \/>\nNel 2005 la band suona ad altri importanti festival come l&#8217;Istria in reggae festival (Croazia), ancora il Reggae Sunsplash di Osoppo e allo Jurgen ad Augsburg (Germania). Per i Califfo de Luxe, che ormai hanno raggiunto una discreta popolarit\u00e0, arriva il momento di preparare il primo album, cos\u00ec, dopo un mese al Waterland studio di Venezia, esce nel febbraio 2006 Fino all&#8217;alba, summa di cinque anni di attivit\u00e0 della band, registrato e mixato dall&#8217;ex Pitura Freska Cristiano Verardo. Nel disco \u00e8 anche inclusa una traccia ROM con il video della prima traccia, Baby baciami. Successivamente inizia il tour di promozione dell\u2019album nei migliori club italiani, suonando anche con i mostri sacri dello ska, ovvero i jamaicani Skatalities. Spingono la loro musica fino al sud italia esibendosi al Neapolis Festival,con Jovanotti,Roy Paci e altri musicisti di fama internazionale,e a Siracusa. Nell\u2019ottobre dello stesso anno partono per un tour in Germania che tocca varie citt\u00e0 d\u2019oltralpe ottenendo un forte consenso da parte del pubblico. Nel 2007 i Califfo de Luxe continuano il loro tour promozionale girando per l\u2019Italia, toccando la Sardegna e alcune citt\u00e0 austriache.<\/p>","protected":false},"excerpt":{"rendered":"<p>Domenica 5 luglio non prendete impegni. Stefano Trevisson, rinomato chef gi\u00e0 gestore del ristorante \u201cAll&#8217;angelo\u201d di Santa Giustina e del ristorante \u201cSlalom\u201d in piazzale Nevegal invita tutti all&#8217;inaugurazione della sua nuova avventura cultural \u2013 culinaria. E&#8217; in piazza a Valmorel, si chiama \u201cOsteria dei miracoli\u201d, e ogni riferimento a Dino Buzzati e alle sue opere [&hellip;]<\/p>\n","protected":false},"author":2,"featured_media":0,"comment_status":"closed","ping_status":"open","sticky":false,"template":"","format":"standard","meta":{"footnotes":""},"categories":[27,25],"tags":[],"class_list":["post-5539","post","type-post","status-publish","format-standard","category-appuntamenti","category-pausa-caffe"],"yoast_head":"<!-- This site is optimized with the Yoast SEO plugin v28.4 - https:\/\/yoast.com\/product\/yoast-seo-wordpress\/ -->\n<title>A Valmorel apre un&#039;osteria magica - Bellunopress - Dolomiti<\/title>\n<meta name=\"robots\" content=\"index, follow, max-snippet:-1, max-image-preview:large, max-video-preview:-1\" \/>\n<link rel=\"canonical\" href=\"https:\/\/www.bellunopress.it\/fr\/2009\/06\/30\/a-valmorel-apre-unosteria-magica\/\" \/>\n<meta property=\"og:locale\" content=\"fr_FR\" \/>\n<meta property=\"og:type\" content=\"article\" \/>\n<meta property=\"og:title\" content=\"A Valmorel apre un&#039;osteria magica - Bellunopress - Dolomiti\" \/>\n<meta property=\"og:description\" content=\"Domenica 5 luglio non prendete impegni. Stefano Trevisson, rinomato chef gi\u00e0 gestore del ristorante \u201cAll&#8217;angelo\u201d di Santa Giustina e del ristorante \u201cSlalom\u201d in piazzale Nevegal invita tutti all&#8217;inaugurazione della sua nuova avventura cultural \u2013 culinaria. E&#8217; in piazza a Valmorel, si chiama \u201cOsteria dei miracoli\u201d, e ogni riferimento a Dino Buzzati e alle sue opere [&hellip;]\" \/>\n<meta property=\"og:url\" content=\"https:\/\/www.bellunopress.it\/fr\/2009\/06\/30\/a-valmorel-apre-unosteria-magica\/\" \/>\n<meta property=\"og:site_name\" content=\"Bellunopress - Dolomiti\" \/>\n<meta property=\"article:publisher\" content=\"https:\/\/www.facebook.com\/profile.php?id=100008943462799\" \/>\n<meta property=\"article:published_time\" content=\"2009-06-30T20:25:52+00:00\" \/>\n<meta property=\"og:image\" content=\"http:\/\/www.bellunopress.it\/wp-content\/uploads\/2012\/07\/logo-bellunopress-250x250-2012.jpg\" \/>\n<meta name=\"author\" content=\"redazione\" \/>\n<meta name=\"twitter:card\" content=\"summary_large_image\" \/>\n<meta name=\"twitter:creator\" content=\"@bellunopress\" \/>\n<meta name=\"twitter:site\" content=\"@bellunopress\" \/>\n<meta name=\"twitter:label1\" content=\"Written by\" \/>\n\t<meta name=\"twitter:data1\" content=\"redazione\" \/>\n\t<meta name=\"twitter:label2\" content=\"Est. reading time\" \/>\n\t<meta name=\"twitter:data2\" content=\"4 minutes\" \/>\n<script type=\"application\/ld+json\" class=\"yoast-schema-graph\">{\"@context\":\"https:\\\/\\\/schema.org\",\"@graph\":[{\"@type\":\"Article\",\"@id\":\"https:\\\/\\\/www.bellunopress.it\\\/2009\\\/06\\\/30\\\/a-valmorel-apre-unosteria-magica\\\/#article\",\"isPartOf\":{\"@id\":\"https:\\\/\\\/www.bellunopress.it\\\/2009\\\/06\\\/30\\\/a-valmorel-apre-unosteria-magica\\\/\"},\"author\":{\"name\":\"redazione\",\"@id\":\"https:\\\/\\\/www.bellunopress.it\\\/#\\\/schema\\\/person\\\/79bb06722b37ece1c03d3e94beb30d73\"},\"headline\":\"A Valmorel apre un&#8217;osteria magica\",\"datePublished\":\"2009-06-30T20:25:52+00:00\",\"mainEntityOfPage\":{\"@id\":\"https:\\\/\\\/www.bellunopress.it\\\/2009\\\/06\\\/30\\\/a-valmorel-apre-unosteria-magica\\\/\"},\"wordCount\":827,\"publisher\":{\"@id\":\"https:\\\/\\\/www.bellunopress.it\\\/#organization\"},\"articleSection\":[\"Appuntamenti, Eventi\",\"Pausa Caff\u00e8\"],\"inLanguage\":\"fr-FR\"},{\"@type\":\"WebPage\",\"@id\":\"https:\\\/\\\/www.bellunopress.it\\\/2009\\\/06\\\/30\\\/a-valmorel-apre-unosteria-magica\\\/\",\"url\":\"https:\\\/\\\/www.bellunopress.it\\\/2009\\\/06\\\/30\\\/a-valmorel-apre-unosteria-magica\\\/\",\"name\":\"A Valmorel apre un'osteria magica - Bellunopress - Dolomiti\",\"isPartOf\":{\"@id\":\"https:\\\/\\\/www.bellunopress.it\\\/#website\"},\"datePublished\":\"2009-06-30T20:25:52+00:00\",\"breadcrumb\":{\"@id\":\"https:\\\/\\\/www.bellunopress.it\\\/2009\\\/06\\\/30\\\/a-valmorel-apre-unosteria-magica\\\/#breadcrumb\"},\"inLanguage\":\"fr-FR\",\"potentialAction\":[{\"@type\":\"ReadAction\",\"target\":[\"https:\\\/\\\/www.bellunopress.it\\\/2009\\\/06\\\/30\\\/a-valmorel-apre-unosteria-magica\\\/\"]}]},{\"@type\":\"BreadcrumbList\",\"@id\":\"https:\\\/\\\/www.bellunopress.it\\\/2009\\\/06\\\/30\\\/a-valmorel-apre-unosteria-magica\\\/#breadcrumb\",\"itemListElement\":[{\"@type\":\"ListItem\",\"position\":1,\"name\":\"Home\",\"item\":\"https:\\\/\\\/www.bellunopress.it\\\/\"},{\"@type\":\"ListItem\",\"position\":2,\"name\":\"A Valmorel apre un&#8217;osteria magica\"}]},{\"@type\":\"WebSite\",\"@id\":\"https:\\\/\\\/www.bellunopress.it\\\/#website\",\"url\":\"https:\\\/\\\/www.bellunopress.it\\\/\",\"name\":\"Bellunopress - Dolomiti\",\"description\":\"e-mail: redazione@bellunopress.it\",\"publisher\":{\"@id\":\"https:\\\/\\\/www.bellunopress.it\\\/#organization\"},\"potentialAction\":[{\"@type\":\"SearchAction\",\"target\":{\"@type\":\"EntryPoint\",\"urlTemplate\":\"https:\\\/\\\/www.bellunopress.it\\\/?s={search_term_string}\"},\"query-input\":{\"@type\":\"PropertyValueSpecification\",\"valueRequired\":true,\"valueName\":\"search_term_string\"}}],\"inLanguage\":\"fr-FR\"},{\"@type\":\"Organization\",\"@id\":\"https:\\\/\\\/www.bellunopress.it\\\/#organization\",\"name\":\"Bellunopress\",\"url\":\"https:\\\/\\\/www.bellunopress.it\\\/\",\"logo\":{\"@type\":\"ImageObject\",\"inLanguage\":\"fr-FR\",\"@id\":\"https:\\\/\\\/www.bellunopress.it\\\/#\\\/schema\\\/logo\\\/image\\\/\",\"url\":\"https:\\\/\\\/www.bellunopress.it\\\/wp-content\\\/uploads\\\/2011\\\/05\\\/cropped-logo-bellunopress-.jpg\",\"contentUrl\":\"https:\\\/\\\/www.bellunopress.it\\\/wp-content\\\/uploads\\\/2011\\\/05\\\/cropped-logo-bellunopress-.jpg\",\"width\":512,\"height\":512,\"caption\":\"Bellunopress\"},\"image\":{\"@id\":\"https:\\\/\\\/www.bellunopress.it\\\/#\\\/schema\\\/logo\\\/image\\\/\"},\"sameAs\":[\"https:\\\/\\\/www.facebook.com\\\/profile.php?id=100008943462799\",\"https:\\\/\\\/x.com\\\/bellunopress\",\"https:\\\/\\\/www.linkedin.com\\\/hp\\\/?dnr=JBzUWaJfMUw8vbXJJ2tVW5-I3jZKvC4wsoxE&amp;amp;amp;amp;amp;amp;trk=nav_responsive_tab_home\",\"https:\\\/\\\/www.youtube.com\\\/channel\\\/UCxL0wu1uN0_3_7hGG0306cw\"]},{\"@type\":\"Person\",\"@id\":\"https:\\\/\\\/www.bellunopress.it\\\/#\\\/schema\\\/person\\\/79bb06722b37ece1c03d3e94beb30d73\",\"name\":\"redazione\",\"image\":{\"@type\":\"ImageObject\",\"inLanguage\":\"fr-FR\",\"@id\":\"https:\\\/\\\/secure.gravatar.com\\\/avatar\\\/37d968a2e67a6fd04c169c4bdef102d0bc5d31b2546345219e348575eb80e9a0?s=96&d=mm&r=g\",\"url\":\"https:\\\/\\\/secure.gravatar.com\\\/avatar\\\/37d968a2e67a6fd04c169c4bdef102d0bc5d31b2546345219e348575eb80e9a0?s=96&d=mm&r=g\",\"contentUrl\":\"https:\\\/\\\/secure.gravatar.com\\\/avatar\\\/37d968a2e67a6fd04c169c4bdef102d0bc5d31b2546345219e348575eb80e9a0?s=96&d=mm&r=g\",\"caption\":\"redazione\"},\"sameAs\":[\"http:\\\/\\\/www.bellunopress.it\",\"https:\\\/\\\/x.com\\\/bellunopress\"],\"url\":\"https:\\\/\\\/www.bellunopress.it\\\/fr\\\/author\\\/redazione\\\/\"}]}<\/script>\n<!-- \/ Yoast SEO plugin. -->","yoast_head_json":{"title":"A Valmorel apre un'osteria magica - Bellunopress - Dolomiti","robots":{"index":"index","follow":"follow","max-snippet":"max-snippet:-1","max-image-preview":"max-image-preview:large","max-video-preview":"max-video-preview:-1"},"canonical":"https:\/\/www.bellunopress.it\/fr\/2009\/06\/30\/a-valmorel-apre-unosteria-magica\/","og_locale":"fr_FR","og_type":"article","og_title":"A Valmorel apre un'osteria magica - Bellunopress - Dolomiti","og_description":"Domenica 5 luglio non prendete impegni. Stefano Trevisson, rinomato chef gi\u00e0 gestore del ristorante \u201cAll&#8217;angelo\u201d di Santa Giustina e del ristorante \u201cSlalom\u201d in piazzale Nevegal invita tutti all&#8217;inaugurazione della sua nuova avventura cultural \u2013 culinaria. E&#8217; in piazza a Valmorel, si chiama \u201cOsteria dei miracoli\u201d, e ogni riferimento a Dino Buzzati e alle sue opere [&hellip;]","og_url":"https:\/\/www.bellunopress.it\/fr\/2009\/06\/30\/a-valmorel-apre-unosteria-magica\/","og_site_name":"Bellunopress - Dolomiti","article_publisher":"https:\/\/www.facebook.com\/profile.php?id=100008943462799","article_published_time":"2009-06-30T20:25:52+00:00","og_image":[{"url":"http:\/\/www.bellunopress.it\/wp-content\/uploads\/2012\/07\/logo-bellunopress-250x250-2012.jpg","type":"","width":"","height":""}],"author":"redazione","twitter_card":"summary_large_image","twitter_creator":"@bellunopress","twitter_site":"@bellunopress","twitter_misc":{"Written by":"redazione","Est. reading time":"4 minutes"},"schema":{"@context":"https:\/\/schema.org","@graph":[{"@type":"Article","@id":"https:\/\/www.bellunopress.it\/2009\/06\/30\/a-valmorel-apre-unosteria-magica\/#article","isPartOf":{"@id":"https:\/\/www.bellunopress.it\/2009\/06\/30\/a-valmorel-apre-unosteria-magica\/"},"author":{"name":"redazione","@id":"https:\/\/www.bellunopress.it\/#\/schema\/person\/79bb06722b37ece1c03d3e94beb30d73"},"headline":"A Valmorel apre un&#8217;osteria magica","datePublished":"2009-06-30T20:25:52+00:00","mainEntityOfPage":{"@id":"https:\/\/www.bellunopress.it\/2009\/06\/30\/a-valmorel-apre-unosteria-magica\/"},"wordCount":827,"publisher":{"@id":"https:\/\/www.bellunopress.it\/#organization"},"articleSection":["Appuntamenti, Eventi","Pausa Caff\u00e8"],"inLanguage":"fr-FR"},{"@type":"WebPage","@id":"https:\/\/www.bellunopress.it\/2009\/06\/30\/a-valmorel-apre-unosteria-magica\/","url":"https:\/\/www.bellunopress.it\/2009\/06\/30\/a-valmorel-apre-unosteria-magica\/","name":"A Valmorel apre un'osteria magica - Bellunopress - Dolomiti","isPartOf":{"@id":"https:\/\/www.bellunopress.it\/#website"},"datePublished":"2009-06-30T20:25:52+00:00","breadcrumb":{"@id":"https:\/\/www.bellunopress.it\/2009\/06\/30\/a-valmorel-apre-unosteria-magica\/#breadcrumb"},"inLanguage":"fr-FR","potentialAction":[{"@type":"ReadAction","target":["https:\/\/www.bellunopress.it\/2009\/06\/30\/a-valmorel-apre-unosteria-magica\/"]}]},{"@type":"BreadcrumbList","@id":"https:\/\/www.bellunopress.it\/2009\/06\/30\/a-valmorel-apre-unosteria-magica\/#breadcrumb","itemListElement":[{"@type":"ListItem","position":1,"name":"Home","item":"https:\/\/www.bellunopress.it\/"},{"@type":"ListItem","position":2,"name":"A Valmorel apre un&#8217;osteria magica"}]},{"@type":"WebSite","@id":"https:\/\/www.bellunopress.it\/#website","url":"https:\/\/www.bellunopress.it\/","name":"Bellunopress - Dolomiti","description":"e-mail: redazione@bellunopress.it","publisher":{"@id":"https:\/\/www.bellunopress.it\/#organization"},"potentialAction":[{"@type":"SearchAction","target":{"@type":"EntryPoint","urlTemplate":"https:\/\/www.bellunopress.it\/?s={search_term_string}"},"query-input":{"@type":"PropertyValueSpecification","valueRequired":true,"valueName":"search_term_string"}}],"inLanguage":"fr-FR"},{"@type":"Organization","@id":"https:\/\/www.bellunopress.it\/#organization","name":"Bellunopress","url":"https:\/\/www.bellunopress.it\/","logo":{"@type":"ImageObject","inLanguage":"fr-FR","@id":"https:\/\/www.bellunopress.it\/#\/schema\/logo\/image\/","url":"https:\/\/www.bellunopress.it\/wp-content\/uploads\/2011\/05\/cropped-logo-bellunopress-.jpg","contentUrl":"https:\/\/www.bellunopress.it\/wp-content\/uploads\/2011\/05\/cropped-logo-bellunopress-.jpg","width":512,"height":512,"caption":"Bellunopress"},"image":{"@id":"https:\/\/www.bellunopress.it\/#\/schema\/logo\/image\/"},"sameAs":["https:\/\/www.facebook.com\/profile.php?id=100008943462799","https:\/\/x.com\/bellunopress","https:\/\/www.linkedin.com\/hp\/?dnr=JBzUWaJfMUw8vbXJJ2tVW5-I3jZKvC4wsoxE&amp;amp;amp;amp;amp;amp;trk=nav_responsive_tab_home","https:\/\/www.youtube.com\/channel\/UCxL0wu1uN0_3_7hGG0306cw"]},{"@type":"Person","@id":"https:\/\/www.bellunopress.it\/#\/schema\/person\/79bb06722b37ece1c03d3e94beb30d73","name":"r\u00e9daction","image":{"@type":"ImageObject","inLanguage":"fr-FR","@id":"https:\/\/secure.gravatar.com\/avatar\/37d968a2e67a6fd04c169c4bdef102d0bc5d31b2546345219e348575eb80e9a0?s=96&d=mm&r=g","url":"https:\/\/secure.gravatar.com\/avatar\/37d968a2e67a6fd04c169c4bdef102d0bc5d31b2546345219e348575eb80e9a0?s=96&d=mm&r=g","contentUrl":"https:\/\/secure.gravatar.com\/avatar\/37d968a2e67a6fd04c169c4bdef102d0bc5d31b2546345219e348575eb80e9a0?s=96&d=mm&r=g","caption":"redazione"},"sameAs":["http:\/\/www.bellunopress.it","https:\/\/x.com\/bellunopress"],"url":"https:\/\/www.bellunopress.it\/fr\/author\/redazione\/"}]}},"_links":{"self":[{"href":"https:\/\/www.bellunopress.it\/fr\/wp-json\/wp\/v2\/posts\/5539","targetHints":{"allow":["GET"]}}],"collection":[{"href":"https:\/\/www.bellunopress.it\/fr\/wp-json\/wp\/v2\/posts"}],"about":[{"href":"https:\/\/www.bellunopress.it\/fr\/wp-json\/wp\/v2\/types\/post"}],"author":[{"embeddable":true,"href":"https:\/\/www.bellunopress.it\/fr\/wp-json\/wp\/v2\/users\/2"}],"replies":[{"embeddable":true,"href":"https:\/\/www.bellunopress.it\/fr\/wp-json\/wp\/v2\/comments?post=5539"}],"version-history":[{"count":1,"href":"https:\/\/www.bellunopress.it\/fr\/wp-json\/wp\/v2\/posts\/5539\/revisions"}],"predecessor-version":[{"id":5540,"href":"https:\/\/www.bellunopress.it\/fr\/wp-json\/wp\/v2\/posts\/5539\/revisions\/5540"}],"wp:attachment":[{"href":"https:\/\/www.bellunopress.it\/fr\/wp-json\/wp\/v2\/media?parent=5539"}],"wp:term":[{"taxonomy":"category","embeddable":true,"href":"https:\/\/www.bellunopress.it\/fr\/wp-json\/wp\/v2\/categories?post=5539"},{"taxonomy":"post_tag","embeddable":true,"href":"https:\/\/www.bellunopress.it\/fr\/wp-json\/wp\/v2\/tags?post=5539"}],"curies":[{"name":"wp","href":"https:\/\/api.w.org\/{rel}","templated":true}]}}