{"id":5531,"date":"2009-06-30T17:04:43","date_gmt":"2009-06-30T16:04:43","guid":{"rendered":"http:\/\/www.bellunopress.it\/?p=5531"},"modified":"2009-06-30T17:04:43","modified_gmt":"2009-06-30T16:04:43","slug":"alpinista-austriaco-precipita-e-muore-sulla-croda-del-lago-ricoverato-allospedale-di-belluno-il-suo-compagno","status":"publish","type":"post","link":"https:\/\/www.bellunopress.it\/fr\/2009\/06\/30\/alpinista-austriaco-precipita-e-muore-sulla-croda-del-lago-ricoverato-allospedale-di-belluno-il-suo-compagno\/","title":{"rendered":"Alpinista austriaco precipita e muore sulla Croda del Lago. Ricoverato all&#8217;Ospedale di Belluno il suo compagno."},"content":{"rendered":"<p><a href=\"http:\/\/www.bellunopress.it\/wp-content\/uploads\/2009\/06\/elicottero-leggerissima.jpg\"><img loading=\"lazy\" decoding=\"async\" class=\"alignleft size-medium wp-image-4892\" title=\"elicottero-leggerissima\" src=\"http:\/\/www.bellunopress.it\/wp-content\/uploads\/2009\/06\/elicottero-leggerissima.jpg\" alt=\"\" width=\"70\" height=\"105\" \/><\/a>Intorno alle ore 13 di oggi (30 giugno), due alpinisti austriaci, sono precipitati durante la scalata del Becco di Mezzod\u00ec, gruppo della Croda da Lago. Baldur Ebner, 65 anni, residente a Innsbruck ha perso la vita, mentre il suo compagno G.H., 65 anni, residente a Rum \u00e8 ricoverato all&#8217;Ospedale di Belluno dopo essere stato imbarcato dall&#8217;elicottero del Suem di Pieve di Cadore. I tecnici del Soccorso alpino di Cortina e l&#8217;eliambulanza hanno recuperato il corpo senza vita dell&#8217;alpinista austriaco con un gancio baricentrico di 50 metri. La salma, ottenuto il nulla osta dalla magistratura per la rimozione, \u00e8 stata trasportata fino alla piazzola del rifugio Palmieri dove attendeva la jeep del Soccorso alpino di Cortina per condurla a valle. Sulla dinamica dell&#8217;incidente per ora solo supposizioni. Di certo c&#8217;\u00e8 che i due alpinisti, si trovavano nel tratto sommitale della via normale, slegati nel punto della cresta da superare a piedi prima delle calate che partono dal pilastro. La discesa si effettua dal versante a sud, nel versante a nord c&#8217;\u00e8 un canale scosceso, con ripidi salti di roccia innevati, ed \u00e8 da quella parte che i due amici sono precipitati, a circa 2.300 metri di altitudine, 300 metri sotto la cima. Dai primi accertamenti pare che uno di loro sia scivolato, trascinando l&#8217;altro, fermo pi\u00f9 in basso, nella caduta. L&#8217;allarme \u00e8 arrivato dall&#8217;Austria, dopo una chiamata dell&#8217;alpinista ferito, bloccato in un affossamento nella neve, senza riuscire a vedere il compagno. L&#8217;elicottero del Suem di Pieve di Cadore, individuati i due scalatori, ha sbarcato il personale di bordo con un verricello di 50 metri e il tecnico del<br \/>\nSoccorso alpino ha subito recuperato l&#8217;infortunato, che \u00e8 stato trasportato all&#8217;ospedale di Belluno in stato di ipotermia e con diversi traumi sul corpo. Successivamente l&#8217;eliambulanza \u00e8 tornata sul luogo dell&#8217;incidente. La salma del secondo alpinista si trovava a una decina di metri di distanza dal primo. L&#8217;uomo, dopo essere scivolato per una trentina di metri sulla neve, ha perso la vita per i traumi dovuti all&#8217;urto sulla la roccia contro cui si \u00e8 fermato.<\/p>","protected":false},"excerpt":{"rendered":"<p>Intorno alle ore 13 di oggi (30 giugno), due alpinisti austriaci, sono precipitati durante la scalata del Becco di Mezzod\u00ec, gruppo della Croda da Lago. Baldur Ebner, 65 anni, residente a Innsbruck ha perso la vita, mentre il suo compagno G.H., 65 anni, residente a Rum \u00e8 ricoverato all&#8217;Ospedale di Belluno dopo essere stato imbarcato [&hellip;]<\/p>\n","protected":false},"author":2,"featured_media":0,"comment_status":"closed","ping_status":"open","sticky":false,"template":"","format":"standard","meta":{"footnotes":""},"categories":[5,26],"tags":[23],"class_list":["post-5531","post","type-post","status-publish","format-standard","category-cronaca","category-prima-pagina","tag-salp"],"yoast_head":"<!-- This site is optimized with the Yoast SEO plugin v28.4 - https:\/\/yoast.com\/product\/yoast-seo-wordpress\/ -->\n<title>Alpinista austriaco precipita e muore sulla Croda del Lago. Ricoverato all&#039;Ospedale di Belluno il suo compagno. - Bellunopress - Dolomiti<\/title>\n<meta name=\"robots\" content=\"index, follow, max-snippet:-1, max-image-preview:large, max-video-preview:-1\" \/>\n<link rel=\"canonical\" href=\"https:\/\/www.bellunopress.it\/fr\/2009\/06\/30\/alpinista-austriaco-precipita-e-muore-sulla-croda-del-lago-ricoverato-allospedale-di-belluno-il-suo-compagno\/\" \/>\n<meta property=\"og:locale\" content=\"fr_FR\" \/>\n<meta property=\"og:type\" content=\"article\" \/>\n<meta property=\"og:title\" content=\"Alpinista austriaco precipita e muore sulla Croda del Lago. Ricoverato all&#039;Ospedale di Belluno il suo compagno. - Bellunopress - Dolomiti\" \/>\n<meta property=\"og:description\" content=\"Intorno alle ore 13 di oggi (30 giugno), due alpinisti austriaci, sono precipitati durante la scalata del Becco di Mezzod\u00ec, gruppo della Croda da Lago. Baldur Ebner, 65 anni, residente a Innsbruck ha perso la vita, mentre il suo compagno G.H., 65 anni, residente a Rum \u00e8 ricoverato all&#8217;Ospedale di Belluno dopo essere stato imbarcato [&hellip;]\" \/>\n<meta property=\"og:url\" content=\"https:\/\/www.bellunopress.it\/fr\/2009\/06\/30\/alpinista-austriaco-precipita-e-muore-sulla-croda-del-lago-ricoverato-allospedale-di-belluno-il-suo-compagno\/\" \/>\n<meta property=\"og:site_name\" content=\"Bellunopress - Dolomiti\" \/>\n<meta property=\"article:publisher\" content=\"https:\/\/www.facebook.com\/profile.php?id=100008943462799\" \/>\n<meta property=\"article:published_time\" content=\"2009-06-30T16:04:43+00:00\" \/>\n<meta property=\"og:image\" content=\"http:\/\/www.bellunopress.it\/wp-content\/uploads\/2009\/06\/elicottero-leggerissima.jpg\" \/>\n<meta name=\"author\" content=\"redazione\" \/>\n<meta name=\"twitter:card\" content=\"summary_large_image\" \/>\n<meta name=\"twitter:creator\" content=\"@bellunopress\" \/>\n<meta name=\"twitter:site\" content=\"@bellunopress\" \/>\n<meta name=\"twitter:label1\" content=\"\u00c9crit par\" \/>\n\t<meta name=\"twitter:data1\" content=\"redazione\" \/>\n\t<meta name=\"twitter:label2\" content=\"Dur\u00e9e de lecture estim\u00e9e\" \/>\n\t<meta name=\"twitter:data2\" content=\"2 minutes\" \/>\n<script type=\"application\/ld+json\" class=\"yoast-schema-graph\">{\"@context\":\"https:\\\/\\\/schema.org\",\"@graph\":[{\"@type\":\"Article\",\"@id\":\"https:\\\/\\\/www.bellunopress.it\\\/2009\\\/06\\\/30\\\/alpinista-austriaco-precipita-e-muore-sulla-croda-del-lago-ricoverato-allospedale-di-belluno-il-suo-compagno\\\/#article\",\"isPartOf\":{\"@id\":\"https:\\\/\\\/www.bellunopress.it\\\/2009\\\/06\\\/30\\\/alpinista-austriaco-precipita-e-muore-sulla-croda-del-lago-ricoverato-allospedale-di-belluno-il-suo-compagno\\\/\"},\"author\":{\"name\":\"redazione\",\"@id\":\"https:\\\/\\\/www.bellunopress.it\\\/#\\\/schema\\\/person\\\/79bb06722b37ece1c03d3e94beb30d73\"},\"headline\":\"Alpinista austriaco precipita e muore sulla Croda del Lago. Ricoverato all&#8217;Ospedale di Belluno il suo compagno.\",\"datePublished\":\"2009-06-30T16:04:43+00:00\",\"mainEntityOfPage\":{\"@id\":\"https:\\\/\\\/www.bellunopress.it\\\/2009\\\/06\\\/30\\\/alpinista-austriaco-precipita-e-muore-sulla-croda-del-lago-ricoverato-allospedale-di-belluno-il-suo-compagno\\\/\"},\"wordCount\":360,\"publisher\":{\"@id\":\"https:\\\/\\\/www.bellunopress.it\\\/#organization\"},\"image\":{\"@id\":\"https:\\\/\\\/www.bellunopress.it\\\/2009\\\/06\\\/30\\\/alpinista-austriaco-precipita-e-muore-sulla-croda-del-lago-ricoverato-allospedale-di-belluno-il-suo-compagno\\\/#primaryimage\"},\"thumbnailUrl\":\"http:\\\/\\\/www.bellunopress.it\\\/wp-content\\\/uploads\\\/2009\\\/06\\\/elicottero-leggerissima.jpg\",\"keywords\":[\"Soccorso Alpino\"],\"articleSection\":[\"Cronaca\\\/Politica\",\"Prima Pagina\"],\"inLanguage\":\"fr-FR\"},{\"@type\":\"WebPage\",\"@id\":\"https:\\\/\\\/www.bellunopress.it\\\/2009\\\/06\\\/30\\\/alpinista-austriaco-precipita-e-muore-sulla-croda-del-lago-ricoverato-allospedale-di-belluno-il-suo-compagno\\\/\",\"url\":\"https:\\\/\\\/www.bellunopress.it\\\/2009\\\/06\\\/30\\\/alpinista-austriaco-precipita-e-muore-sulla-croda-del-lago-ricoverato-allospedale-di-belluno-il-suo-compagno\\\/\",\"name\":\"Alpinista austriaco precipita e muore sulla Croda del Lago. Ricoverato all'Ospedale di Belluno il suo compagno. - Bellunopress - Dolomiti\",\"isPartOf\":{\"@id\":\"https:\\\/\\\/www.bellunopress.it\\\/#website\"},\"primaryImageOfPage\":{\"@id\":\"https:\\\/\\\/www.bellunopress.it\\\/2009\\\/06\\\/30\\\/alpinista-austriaco-precipita-e-muore-sulla-croda-del-lago-ricoverato-allospedale-di-belluno-il-suo-compagno\\\/#primaryimage\"},\"image\":{\"@id\":\"https:\\\/\\\/www.bellunopress.it\\\/2009\\\/06\\\/30\\\/alpinista-austriaco-precipita-e-muore-sulla-croda-del-lago-ricoverato-allospedale-di-belluno-il-suo-compagno\\\/#primaryimage\"},\"thumbnailUrl\":\"http:\\\/\\\/www.bellunopress.it\\\/wp-content\\\/uploads\\\/2009\\\/06\\\/elicottero-leggerissima.jpg\",\"datePublished\":\"2009-06-30T16:04:43+00:00\",\"breadcrumb\":{\"@id\":\"https:\\\/\\\/www.bellunopress.it\\\/2009\\\/06\\\/30\\\/alpinista-austriaco-precipita-e-muore-sulla-croda-del-lago-ricoverato-allospedale-di-belluno-il-suo-compagno\\\/#breadcrumb\"},\"inLanguage\":\"fr-FR\",\"potentialAction\":[{\"@type\":\"ReadAction\",\"target\":[\"https:\\\/\\\/www.bellunopress.it\\\/2009\\\/06\\\/30\\\/alpinista-austriaco-precipita-e-muore-sulla-croda-del-lago-ricoverato-allospedale-di-belluno-il-suo-compagno\\\/\"]}]},{\"@type\":\"ImageObject\",\"inLanguage\":\"fr-FR\",\"@id\":\"https:\\\/\\\/www.bellunopress.it\\\/2009\\\/06\\\/30\\\/alpinista-austriaco-precipita-e-muore-sulla-croda-del-lago-ricoverato-allospedale-di-belluno-il-suo-compagno\\\/#primaryimage\",\"url\":\"http:\\\/\\\/www.bellunopress.it\\\/wp-content\\\/uploads\\\/2009\\\/06\\\/elicottero-leggerissima.jpg\",\"contentUrl\":\"http:\\\/\\\/www.bellunopress.it\\\/wp-content\\\/uploads\\\/2009\\\/06\\\/elicottero-leggerissima.jpg\"},{\"@type\":\"BreadcrumbList\",\"@id\":\"https:\\\/\\\/www.bellunopress.it\\\/2009\\\/06\\\/30\\\/alpinista-austriaco-precipita-e-muore-sulla-croda-del-lago-ricoverato-allospedale-di-belluno-il-suo-compagno\\\/#breadcrumb\",\"itemListElement\":[{\"@type\":\"ListItem\",\"position\":1,\"name\":\"Home\",\"item\":\"https:\\\/\\\/www.bellunopress.it\\\/\"},{\"@type\":\"ListItem\",\"position\":2,\"name\":\"Alpinista austriaco precipita e muore sulla Croda del Lago. Ricoverato all&#8217;Ospedale di Belluno il suo compagno.\"}]},{\"@type\":\"WebSite\",\"@id\":\"https:\\\/\\\/www.bellunopress.it\\\/#website\",\"url\":\"https:\\\/\\\/www.bellunopress.it\\\/\",\"name\":\"Bellunopress - Dolomiti\",\"description\":\"e-mail: redazione@bellunopress.it\",\"publisher\":{\"@id\":\"https:\\\/\\\/www.bellunopress.it\\\/#organization\"},\"potentialAction\":[{\"@type\":\"SearchAction\",\"target\":{\"@type\":\"EntryPoint\",\"urlTemplate\":\"https:\\\/\\\/www.bellunopress.it\\\/?s={search_term_string}\"},\"query-input\":{\"@type\":\"PropertyValueSpecification\",\"valueRequired\":true,\"valueName\":\"search_term_string\"}}],\"inLanguage\":\"fr-FR\"},{\"@type\":\"Organization\",\"@id\":\"https:\\\/\\\/www.bellunopress.it\\\/#organization\",\"name\":\"Bellunopress\",\"url\":\"https:\\\/\\\/www.bellunopress.it\\\/\",\"logo\":{\"@type\":\"ImageObject\",\"inLanguage\":\"fr-FR\",\"@id\":\"https:\\\/\\\/www.bellunopress.it\\\/#\\\/schema\\\/logo\\\/image\\\/\",\"url\":\"https:\\\/\\\/www.bellunopress.it\\\/wp-content\\\/uploads\\\/2011\\\/05\\\/cropped-logo-bellunopress-.jpg\",\"contentUrl\":\"https:\\\/\\\/www.bellunopress.it\\\/wp-content\\\/uploads\\\/2011\\\/05\\\/cropped-logo-bellunopress-.jpg\",\"width\":512,\"height\":512,\"caption\":\"Bellunopress\"},\"image\":{\"@id\":\"https:\\\/\\\/www.bellunopress.it\\\/#\\\/schema\\\/logo\\\/image\\\/\"},\"sameAs\":[\"https:\\\/\\\/www.facebook.com\\\/profile.php?id=100008943462799\",\"https:\\\/\\\/x.com\\\/bellunopress\",\"https:\\\/\\\/www.linkedin.com\\\/hp\\\/?dnr=JBzUWaJfMUw8vbXJJ2tVW5-I3jZKvC4wsoxE&amp;amp;amp;amp;amp;amp;trk=nav_responsive_tab_home\",\"https:\\\/\\\/www.youtube.com\\\/channel\\\/UCxL0wu1uN0_3_7hGG0306cw\"]},{\"@type\":\"Person\",\"@id\":\"https:\\\/\\\/www.bellunopress.it\\\/#\\\/schema\\\/person\\\/79bb06722b37ece1c03d3e94beb30d73\",\"name\":\"redazione\",\"image\":{\"@type\":\"ImageObject\",\"inLanguage\":\"fr-FR\",\"@id\":\"https:\\\/\\\/secure.gravatar.com\\\/avatar\\\/37d968a2e67a6fd04c169c4bdef102d0bc5d31b2546345219e348575eb80e9a0?s=96&d=mm&r=g\",\"url\":\"https:\\\/\\\/secure.gravatar.com\\\/avatar\\\/37d968a2e67a6fd04c169c4bdef102d0bc5d31b2546345219e348575eb80e9a0?s=96&d=mm&r=g\",\"contentUrl\":\"https:\\\/\\\/secure.gravatar.com\\\/avatar\\\/37d968a2e67a6fd04c169c4bdef102d0bc5d31b2546345219e348575eb80e9a0?s=96&d=mm&r=g\",\"caption\":\"redazione\"},\"sameAs\":[\"http:\\\/\\\/www.bellunopress.it\",\"https:\\\/\\\/x.com\\\/bellunopress\"],\"url\":\"https:\\\/\\\/www.bellunopress.it\\\/fr\\\/author\\\/redazione\\\/\"}]}<\/script>\n<!-- \/ Yoast SEO plugin. -->","yoast_head_json":{"title":"Alpinista austriaco precipita e muore sulla Croda del Lago. Ricoverato all'Ospedale di Belluno il suo compagno. - Bellunopress - Dolomiti","robots":{"index":"index","follow":"follow","max-snippet":"max-snippet:-1","max-image-preview":"max-image-preview:large","max-video-preview":"max-video-preview:-1"},"canonical":"https:\/\/www.bellunopress.it\/fr\/2009\/06\/30\/alpinista-austriaco-precipita-e-muore-sulla-croda-del-lago-ricoverato-allospedale-di-belluno-il-suo-compagno\/","og_locale":"fr_FR","og_type":"article","og_title":"Alpinista austriaco precipita e muore sulla Croda del Lago. Ricoverato all'Ospedale di Belluno il suo compagno. - Bellunopress - Dolomiti","og_description":"Intorno alle ore 13 di oggi (30 giugno), due alpinisti austriaci, sono precipitati durante la scalata del Becco di Mezzod\u00ec, gruppo della Croda da Lago. Baldur Ebner, 65 anni, residente a Innsbruck ha perso la vita, mentre il suo compagno G.H., 65 anni, residente a Rum \u00e8 ricoverato all&#8217;Ospedale di Belluno dopo essere stato imbarcato [&hellip;]","og_url":"https:\/\/www.bellunopress.it\/fr\/2009\/06\/30\/alpinista-austriaco-precipita-e-muore-sulla-croda-del-lago-ricoverato-allospedale-di-belluno-il-suo-compagno\/","og_site_name":"Bellunopress - Dolomiti","article_publisher":"https:\/\/www.facebook.com\/profile.php?id=100008943462799","article_published_time":"2009-06-30T16:04:43+00:00","og_image":[{"url":"http:\/\/www.bellunopress.it\/wp-content\/uploads\/2009\/06\/elicottero-leggerissima.jpg","type":"","width":"","height":""}],"author":"redazione","twitter_card":"summary_large_image","twitter_creator":"@bellunopress","twitter_site":"@bellunopress","twitter_misc":{"\u00c9crit par":"redazione","Dur\u00e9e de lecture estim\u00e9e":"2 minutes"},"schema":{"@context":"https:\/\/schema.org","@graph":[{"@type":"Article","@id":"https:\/\/www.bellunopress.it\/2009\/06\/30\/alpinista-austriaco-precipita-e-muore-sulla-croda-del-lago-ricoverato-allospedale-di-belluno-il-suo-compagno\/#article","isPartOf":{"@id":"https:\/\/www.bellunopress.it\/2009\/06\/30\/alpinista-austriaco-precipita-e-muore-sulla-croda-del-lago-ricoverato-allospedale-di-belluno-il-suo-compagno\/"},"author":{"name":"redazione","@id":"https:\/\/www.bellunopress.it\/#\/schema\/person\/79bb06722b37ece1c03d3e94beb30d73"},"headline":"Alpinista austriaco precipita e muore sulla Croda del Lago. Ricoverato all&#8217;Ospedale di Belluno il suo compagno.","datePublished":"2009-06-30T16:04:43+00:00","mainEntityOfPage":{"@id":"https:\/\/www.bellunopress.it\/2009\/06\/30\/alpinista-austriaco-precipita-e-muore-sulla-croda-del-lago-ricoverato-allospedale-di-belluno-il-suo-compagno\/"},"wordCount":360,"publisher":{"@id":"https:\/\/www.bellunopress.it\/#organization"},"image":{"@id":"https:\/\/www.bellunopress.it\/2009\/06\/30\/alpinista-austriaco-precipita-e-muore-sulla-croda-del-lago-ricoverato-allospedale-di-belluno-il-suo-compagno\/#primaryimage"},"thumbnailUrl":"http:\/\/www.bellunopress.it\/wp-content\/uploads\/2009\/06\/elicottero-leggerissima.jpg","keywords":["Soccorso Alpino"],"articleSection":["Cronaca\/Politica","Prima Pagina"],"inLanguage":"fr-FR"},{"@type":"WebPage","@id":"https:\/\/www.bellunopress.it\/2009\/06\/30\/alpinista-austriaco-precipita-e-muore-sulla-croda-del-lago-ricoverato-allospedale-di-belluno-il-suo-compagno\/","url":"https:\/\/www.bellunopress.it\/2009\/06\/30\/alpinista-austriaco-precipita-e-muore-sulla-croda-del-lago-ricoverato-allospedale-di-belluno-il-suo-compagno\/","name":"Alpinista austriaco precipita e muore sulla Croda del Lago. Ricoverato all'Ospedale di Belluno il suo compagno. - Bellunopress - Dolomiti","isPartOf":{"@id":"https:\/\/www.bellunopress.it\/#website"},"primaryImageOfPage":{"@id":"https:\/\/www.bellunopress.it\/2009\/06\/30\/alpinista-austriaco-precipita-e-muore-sulla-croda-del-lago-ricoverato-allospedale-di-belluno-il-suo-compagno\/#primaryimage"},"image":{"@id":"https:\/\/www.bellunopress.it\/2009\/06\/30\/alpinista-austriaco-precipita-e-muore-sulla-croda-del-lago-ricoverato-allospedale-di-belluno-il-suo-compagno\/#primaryimage"},"thumbnailUrl":"http:\/\/www.bellunopress.it\/wp-content\/uploads\/2009\/06\/elicottero-leggerissima.jpg","datePublished":"2009-06-30T16:04:43+00:00","breadcrumb":{"@id":"https:\/\/www.bellunopress.it\/2009\/06\/30\/alpinista-austriaco-precipita-e-muore-sulla-croda-del-lago-ricoverato-allospedale-di-belluno-il-suo-compagno\/#breadcrumb"},"inLanguage":"fr-FR","potentialAction":[{"@type":"ReadAction","target":["https:\/\/www.bellunopress.it\/2009\/06\/30\/alpinista-austriaco-precipita-e-muore-sulla-croda-del-lago-ricoverato-allospedale-di-belluno-il-suo-compagno\/"]}]},{"@type":"ImageObject","inLanguage":"fr-FR","@id":"https:\/\/www.bellunopress.it\/2009\/06\/30\/alpinista-austriaco-precipita-e-muore-sulla-croda-del-lago-ricoverato-allospedale-di-belluno-il-suo-compagno\/#primaryimage","url":"http:\/\/www.bellunopress.it\/wp-content\/uploads\/2009\/06\/elicottero-leggerissima.jpg","contentUrl":"http:\/\/www.bellunopress.it\/wp-content\/uploads\/2009\/06\/elicottero-leggerissima.jpg"},{"@type":"BreadcrumbList","@id":"https:\/\/www.bellunopress.it\/2009\/06\/30\/alpinista-austriaco-precipita-e-muore-sulla-croda-del-lago-ricoverato-allospedale-di-belluno-il-suo-compagno\/#breadcrumb","itemListElement":[{"@type":"ListItem","position":1,"name":"Home","item":"https:\/\/www.bellunopress.it\/"},{"@type":"ListItem","position":2,"name":"Alpinista austriaco precipita e muore sulla Croda del Lago. Ricoverato all&#8217;Ospedale di Belluno il suo compagno."}]},{"@type":"WebSite","@id":"https:\/\/www.bellunopress.it\/#website","url":"https:\/\/www.bellunopress.it\/","name":"Bellunopress - Dolomiti","description":"e-mail: redazione@bellunopress.it","publisher":{"@id":"https:\/\/www.bellunopress.it\/#organization"},"potentialAction":[{"@type":"SearchAction","target":{"@type":"EntryPoint","urlTemplate":"https:\/\/www.bellunopress.it\/?s={search_term_string}"},"query-input":{"@type":"PropertyValueSpecification","valueRequired":true,"valueName":"search_term_string"}}],"inLanguage":"fr-FR"},{"@type":"Organization","@id":"https:\/\/www.bellunopress.it\/#organization","name":"Bellunopress","url":"https:\/\/www.bellunopress.it\/","logo":{"@type":"ImageObject","inLanguage":"fr-FR","@id":"https:\/\/www.bellunopress.it\/#\/schema\/logo\/image\/","url":"https:\/\/www.bellunopress.it\/wp-content\/uploads\/2011\/05\/cropped-logo-bellunopress-.jpg","contentUrl":"https:\/\/www.bellunopress.it\/wp-content\/uploads\/2011\/05\/cropped-logo-bellunopress-.jpg","width":512,"height":512,"caption":"Bellunopress"},"image":{"@id":"https:\/\/www.bellunopress.it\/#\/schema\/logo\/image\/"},"sameAs":["https:\/\/www.facebook.com\/profile.php?id=100008943462799","https:\/\/x.com\/bellunopress","https:\/\/www.linkedin.com\/hp\/?dnr=JBzUWaJfMUw8vbXJJ2tVW5-I3jZKvC4wsoxE&amp;amp;amp;amp;amp;amp;trk=nav_responsive_tab_home","https:\/\/www.youtube.com\/channel\/UCxL0wu1uN0_3_7hGG0306cw"]},{"@type":"Person","@id":"https:\/\/www.bellunopress.it\/#\/schema\/person\/79bb06722b37ece1c03d3e94beb30d73","name":"r\u00e9daction","image":{"@type":"ImageObject","inLanguage":"fr-FR","@id":"https:\/\/secure.gravatar.com\/avatar\/37d968a2e67a6fd04c169c4bdef102d0bc5d31b2546345219e348575eb80e9a0?s=96&d=mm&r=g","url":"https:\/\/secure.gravatar.com\/avatar\/37d968a2e67a6fd04c169c4bdef102d0bc5d31b2546345219e348575eb80e9a0?s=96&d=mm&r=g","contentUrl":"https:\/\/secure.gravatar.com\/avatar\/37d968a2e67a6fd04c169c4bdef102d0bc5d31b2546345219e348575eb80e9a0?s=96&d=mm&r=g","caption":"redazione"},"sameAs":["http:\/\/www.bellunopress.it","https:\/\/x.com\/bellunopress"],"url":"https:\/\/www.bellunopress.it\/fr\/author\/redazione\/"}]}},"_links":{"self":[{"href":"https:\/\/www.bellunopress.it\/fr\/wp-json\/wp\/v2\/posts\/5531","targetHints":{"allow":["GET"]}}],"collection":[{"href":"https:\/\/www.bellunopress.it\/fr\/wp-json\/wp\/v2\/posts"}],"about":[{"href":"https:\/\/www.bellunopress.it\/fr\/wp-json\/wp\/v2\/types\/post"}],"author":[{"embeddable":true,"href":"https:\/\/www.bellunopress.it\/fr\/wp-json\/wp\/v2\/users\/2"}],"replies":[{"embeddable":true,"href":"https:\/\/www.bellunopress.it\/fr\/wp-json\/wp\/v2\/comments?post=5531"}],"version-history":[{"count":1,"href":"https:\/\/www.bellunopress.it\/fr\/wp-json\/wp\/v2\/posts\/5531\/revisions"}],"predecessor-version":[{"id":5532,"href":"https:\/\/www.bellunopress.it\/fr\/wp-json\/wp\/v2\/posts\/5531\/revisions\/5532"}],"wp:attachment":[{"href":"https:\/\/www.bellunopress.it\/fr\/wp-json\/wp\/v2\/media?parent=5531"}],"wp:term":[{"taxonomy":"category","embeddable":true,"href":"https:\/\/www.bellunopress.it\/fr\/wp-json\/wp\/v2\/categories?post=5531"},{"taxonomy":"post_tag","embeddable":true,"href":"https:\/\/www.bellunopress.it\/fr\/wp-json\/wp\/v2\/tags?post=5531"}],"curies":[{"name":"wp","href":"https:\/\/api.w.org\/{rel}","templated":true}]}}