{"id":5529,"date":"2009-06-30T12:38:38","date_gmt":"2009-06-30T11:38:38","guid":{"rendered":"http:\/\/www.bellunopress.it\/?p=5529"},"modified":"2009-06-30T12:38:38","modified_gmt":"2009-06-30T11:38:38","slug":"sabato-apre-la-mostra-fototostorica-sullemigrazione-con-gli-scatti-di-umberto-cappellari","status":"publish","type":"post","link":"https:\/\/www.bellunopress.it\/fr\/2009\/06\/30\/sabato-apre-la-mostra-fototostorica-sullemigrazione-con-gli-scatti-di-umberto-cappellari\/","title":{"rendered":"Sabato apre la mostra fototostorica sull&#8217;emigrazione con gli scatti di Umberto Cappellari"},"content":{"rendered":"<p>Verr\u00e0 presentata in anteprima a Feltre, presso la sede della Comunit\u00e0 Montana Feltrina, sabato 4 luglio alle ore 20.30 la mostra \u201cUmberto Cappelari (1882-1969). Un fotografo tra i feltrini del quartiere \u201cKleng-Italien\u201d a Dudelange\u201d. L\u2019iniziativa \u00e8 stata intrapresa dall\u2019\u00e9quipe storico-scientifica del <em>Centre de Documentation sur les Migrations Humaines<\/em>, che ha sede in Lussemburgo, nel quadro di un progetto di recupero e salvaguardia della memoria dell\u2019emigrazione elaborato in partenariato con l\u2019Archivio Fotostorico Feltrino, in occasione del gemellaggio tra le citt\u00e0 di Dudelange e Feltre. Tale progetto ha previsto nel periodo febbraio-maggio 2009 l\u2019allestimento a Dudelange della Mostra \u201cCon la Valigia in Mano\u201d sulla storia dell\u2019emigrazine feltrina, e la presentazione dello spettacolo \u201cMigranti\u201d del Gruppo Cantalaora. Entrambe le iniziative, realizzate con il supporto della Comunit\u00e0 Montana feltrina e della Regione Veneto, hanno suscitato ampio interesse non solo presso le comunit\u00e0 italiane in Lussemburgo, ma anche fra la stessa popolazione lussemburghese. Ora questa nuova proposta fotografica intende presentare al pubblico feltrino un autore, Umberto Cappelari, nativo di una famiglia originaria da Pedavena, divenuto molto popolare a Dudelange, soprattutto all\u2019interno del quartiere \u201cKleng-Italien\u201d (la piccola Italia), al punto che alla sua morte gli \u00e8 stata anche dedicata una via, la Cappelarisg\u00e4ssel: figura eclettica di fotografo, musicista, cabarettista, nonch\u00e9 gestore di un frequentato Caff\u00e8. Giunto a Dudelange alla fine dell\u2019Ottocento, al seguito dei suoi genitori e delle quattro sorelle, ha avviato la sua attivit\u00e0 di fotografo grazie all\u2019amicizia con Dominique Lang, un valente pittore lussemburghese di ispirazione simbolista, con cui ha aperto in societ\u00e0 un atelier fotografico. Qui si recarono a farsi ritrarre diverse centinaia di emigranti italiani e numerosi feltrini, che al pari dei Cappelari, avevano raggiunto la localit\u00e0 attratti dalle opportunit\u00e0 lavorative offerte dall\u2019importante centro minerario e siderurgico che vi era sorto, la Societ\u00e0 de Haut Forneaux e Forges, fondato nel 1881 da Jean-Norbert Metz e Victor Tesch. Emerge in tal senso un ulteriore motivo di interesse di questa mostra: la sua capacit\u00e0 di documentare efficacemente attraverso testimonianze visive la condizione di vita degli abitanti di questo quartiere operaio, popolato per lo pi\u00f9 da emigranti. Fra questi i feltrini costituirono una percentuale non indifferente: oltre 4.000 dai primi del Novecento alla Seconda Guerra Mondiale. Purtroppo solo una piccola parte delle immagini realizzate da Umberto Cappelari si sono salvate (gelosamente conservate dal Centre de Documentation sur les Migration<span style=\"color: #000000;\">s<\/span> Humaines) che costituiscono il nucleo centrale della mostra. Molte probabilmente sono state spedite in Italia dagli emigranti alle loro famiglie d\u2019origine, secondo una consuetudine molto diffusa, per mantenere legami d\u2019affetto. La mostra dunque ha anche questa funzione: esortare chiunque nel Feltrino ne possegga (conservando la memoria di propri parenti emigrati in Lussemburgo), a consegnarle all\u2019Archivio Fotostorico Feltrino per consentirne la riproduzione. Gli originali saranno naturalmente restituiti. La mostra sar\u00e0 presentata dalla prof.ssa Maria Luisa Caldognetto, che ha curato insieme a Marcel Lorenzini e Antoinette Reuter, il <span style=\"color: #000000;\">catalogo bilingue (italiano e francese).<\/span> Lo stesso catalogo sar\u00e0 offerto in omaggio a tutti coloro che consegneranno materiali (foto e documenti) sull\u2019emigrazione feltrina in Lussemburgo. L\u2019allestimento della mostra \u00e8 curato dalla Comunit\u00e0 Montana Feltrina, in collaborazione all\u2019Associazione Bellunesi nel Mondo, con il patrocinio della Regione Veneto. Info: 0439.301818 o <span style=\"color: #0000ff;\"><a href=\"http:\/\/fotostorica.feltrino.bl.it\/\"><span style=\"color: #000000;\"><span style=\"text-decoration: none;\">http:\/\/fotostorica.feltrino.bl.it<\/span><\/span><\/a><\/span><span style=\"color: #000000;\">.<\/span><\/p>","protected":false},"excerpt":{"rendered":"<p>Verr\u00e0 presentata in anteprima a Feltre, presso la sede della Comunit\u00e0 Montana Feltrina, sabato 4 luglio alle ore 20.30 la mostra \u201cUmberto Cappelari (1882-1969). Un fotografo tra i feltrini del quartiere \u201cKleng-Italien\u201d a Dudelange\u201d. L\u2019iniziativa \u00e8 stata intrapresa dall\u2019\u00e9quipe storico-scientifica del Centre de Documentation sur les Migrations Humaines, che ha sede in Lussemburgo, nel quadro [&hellip;]<\/p>\n","protected":false},"author":2,"featured_media":0,"comment_status":"closed","ping_status":"open","sticky":false,"template":"","format":"standard","meta":{"footnotes":""},"categories":[3,25],"tags":[302,2261],"class_list":["post-5529","post","type-post","status-publish","format-standard","category-arte-cultura-spettacoli-scienza-archivi","category-pausa-caffe","tag-feltre","tag-feltrino"],"yoast_head":"<!-- This site is optimized with the Yoast SEO plugin v28.4 - https:\/\/yoast.com\/product\/yoast-seo-wordpress\/ -->\n<title>Sabato apre la mostra fototostorica sull&#039;emigrazione con gli scatti di Umberto Cappellari - Bellunopress - Dolomiti<\/title>\n<meta name=\"robots\" content=\"index, follow, max-snippet:-1, max-image-preview:large, max-video-preview:-1\" \/>\n<link rel=\"canonical\" href=\"https:\/\/www.bellunopress.it\/fr\/2009\/06\/30\/sabato-apre-la-mostra-fototostorica-sullemigrazione-con-gli-scatti-di-umberto-cappellari\/\" \/>\n<meta property=\"og:locale\" content=\"fr_FR\" \/>\n<meta property=\"og:type\" content=\"article\" \/>\n<meta property=\"og:title\" content=\"Sabato apre la mostra fototostorica sull&#039;emigrazione con gli scatti di Umberto Cappellari - Bellunopress - Dolomiti\" \/>\n<meta property=\"og:description\" content=\"Verr\u00e0 presentata in anteprima a Feltre, presso la sede della Comunit\u00e0 Montana Feltrina, sabato 4 luglio alle ore 20.30 la mostra \u201cUmberto Cappelari (1882-1969). Un fotografo tra i feltrini del quartiere \u201cKleng-Italien\u201d a Dudelange\u201d. L\u2019iniziativa \u00e8 stata intrapresa dall\u2019\u00e9quipe storico-scientifica del Centre de Documentation sur les Migrations Humaines, che ha sede in Lussemburgo, nel quadro [&hellip;]\" \/>\n<meta property=\"og:url\" content=\"https:\/\/www.bellunopress.it\/fr\/2009\/06\/30\/sabato-apre-la-mostra-fototostorica-sullemigrazione-con-gli-scatti-di-umberto-cappellari\/\" \/>\n<meta property=\"og:site_name\" content=\"Bellunopress - Dolomiti\" \/>\n<meta property=\"article:publisher\" content=\"https:\/\/www.facebook.com\/profile.php?id=100008943462799\" \/>\n<meta property=\"article:published_time\" content=\"2009-06-30T11:38:38+00:00\" \/>\n<meta property=\"og:image\" content=\"http:\/\/www.bellunopress.it\/wp-content\/uploads\/2012\/07\/logo-bellunopress-250x250-2012.jpg\" \/>\n<meta name=\"author\" content=\"redazione\" \/>\n<meta name=\"twitter:card\" content=\"summary_large_image\" \/>\n<meta name=\"twitter:creator\" content=\"@bellunopress\" \/>\n<meta name=\"twitter:site\" content=\"@bellunopress\" \/>\n<meta name=\"twitter:label1\" content=\"\u00c9crit par\" \/>\n\t<meta name=\"twitter:data1\" content=\"redazione\" \/>\n\t<meta name=\"twitter:label2\" content=\"Dur\u00e9e de lecture estim\u00e9e\" \/>\n\t<meta name=\"twitter:data2\" content=\"3 minutes\" \/>\n<script type=\"application\/ld+json\" class=\"yoast-schema-graph\">{\"@context\":\"https:\\\/\\\/schema.org\",\"@graph\":[{\"@type\":\"Article\",\"@id\":\"https:\\\/\\\/www.bellunopress.it\\\/2009\\\/06\\\/30\\\/sabato-apre-la-mostra-fototostorica-sullemigrazione-con-gli-scatti-di-umberto-cappellari\\\/#article\",\"isPartOf\":{\"@id\":\"https:\\\/\\\/www.bellunopress.it\\\/2009\\\/06\\\/30\\\/sabato-apre-la-mostra-fototostorica-sullemigrazione-con-gli-scatti-di-umberto-cappellari\\\/\"},\"author\":{\"name\":\"redazione\",\"@id\":\"https:\\\/\\\/www.bellunopress.it\\\/#\\\/schema\\\/person\\\/79bb06722b37ece1c03d3e94beb30d73\"},\"headline\":\"Sabato apre la mostra fototostorica sull&#8217;emigrazione con gli scatti di Umberto Cappellari\",\"datePublished\":\"2009-06-30T11:38:38+00:00\",\"mainEntityOfPage\":{\"@id\":\"https:\\\/\\\/www.bellunopress.it\\\/2009\\\/06\\\/30\\\/sabato-apre-la-mostra-fototostorica-sullemigrazione-con-gli-scatti-di-umberto-cappellari\\\/\"},\"wordCount\":546,\"publisher\":{\"@id\":\"https:\\\/\\\/www.bellunopress.it\\\/#organization\"},\"keywords\":[\"Feltre\",\"feltrino\"],\"articleSection\":[\"Arte, Cultura, Spettacoli, Scienza\",\"Pausa Caff\u00e8\"],\"inLanguage\":\"fr-FR\"},{\"@type\":\"WebPage\",\"@id\":\"https:\\\/\\\/www.bellunopress.it\\\/2009\\\/06\\\/30\\\/sabato-apre-la-mostra-fototostorica-sullemigrazione-con-gli-scatti-di-umberto-cappellari\\\/\",\"url\":\"https:\\\/\\\/www.bellunopress.it\\\/2009\\\/06\\\/30\\\/sabato-apre-la-mostra-fototostorica-sullemigrazione-con-gli-scatti-di-umberto-cappellari\\\/\",\"name\":\"Sabato apre la mostra fototostorica sull'emigrazione con gli scatti di Umberto Cappellari - Bellunopress - Dolomiti\",\"isPartOf\":{\"@id\":\"https:\\\/\\\/www.bellunopress.it\\\/#website\"},\"datePublished\":\"2009-06-30T11:38:38+00:00\",\"breadcrumb\":{\"@id\":\"https:\\\/\\\/www.bellunopress.it\\\/2009\\\/06\\\/30\\\/sabato-apre-la-mostra-fototostorica-sullemigrazione-con-gli-scatti-di-umberto-cappellari\\\/#breadcrumb\"},\"inLanguage\":\"fr-FR\",\"potentialAction\":[{\"@type\":\"ReadAction\",\"target\":[\"https:\\\/\\\/www.bellunopress.it\\\/2009\\\/06\\\/30\\\/sabato-apre-la-mostra-fototostorica-sullemigrazione-con-gli-scatti-di-umberto-cappellari\\\/\"]}]},{\"@type\":\"BreadcrumbList\",\"@id\":\"https:\\\/\\\/www.bellunopress.it\\\/2009\\\/06\\\/30\\\/sabato-apre-la-mostra-fototostorica-sullemigrazione-con-gli-scatti-di-umberto-cappellari\\\/#breadcrumb\",\"itemListElement\":[{\"@type\":\"ListItem\",\"position\":1,\"name\":\"Home\",\"item\":\"https:\\\/\\\/www.bellunopress.it\\\/\"},{\"@type\":\"ListItem\",\"position\":2,\"name\":\"Sabato apre la mostra fototostorica sull&#8217;emigrazione con gli scatti di Umberto Cappellari\"}]},{\"@type\":\"WebSite\",\"@id\":\"https:\\\/\\\/www.bellunopress.it\\\/#website\",\"url\":\"https:\\\/\\\/www.bellunopress.it\\\/\",\"name\":\"Bellunopress - Dolomiti\",\"description\":\"e-mail: redazione@bellunopress.it\",\"publisher\":{\"@id\":\"https:\\\/\\\/www.bellunopress.it\\\/#organization\"},\"potentialAction\":[{\"@type\":\"SearchAction\",\"target\":{\"@type\":\"EntryPoint\",\"urlTemplate\":\"https:\\\/\\\/www.bellunopress.it\\\/?s={search_term_string}\"},\"query-input\":{\"@type\":\"PropertyValueSpecification\",\"valueRequired\":true,\"valueName\":\"search_term_string\"}}],\"inLanguage\":\"fr-FR\"},{\"@type\":\"Organization\",\"@id\":\"https:\\\/\\\/www.bellunopress.it\\\/#organization\",\"name\":\"Bellunopress\",\"url\":\"https:\\\/\\\/www.bellunopress.it\\\/\",\"logo\":{\"@type\":\"ImageObject\",\"inLanguage\":\"fr-FR\",\"@id\":\"https:\\\/\\\/www.bellunopress.it\\\/#\\\/schema\\\/logo\\\/image\\\/\",\"url\":\"https:\\\/\\\/www.bellunopress.it\\\/wp-content\\\/uploads\\\/2011\\\/05\\\/cropped-logo-bellunopress-.jpg\",\"contentUrl\":\"https:\\\/\\\/www.bellunopress.it\\\/wp-content\\\/uploads\\\/2011\\\/05\\\/cropped-logo-bellunopress-.jpg\",\"width\":512,\"height\":512,\"caption\":\"Bellunopress\"},\"image\":{\"@id\":\"https:\\\/\\\/www.bellunopress.it\\\/#\\\/schema\\\/logo\\\/image\\\/\"},\"sameAs\":[\"https:\\\/\\\/www.facebook.com\\\/profile.php?id=100008943462799\",\"https:\\\/\\\/x.com\\\/bellunopress\",\"https:\\\/\\\/www.linkedin.com\\\/hp\\\/?dnr=JBzUWaJfMUw8vbXJJ2tVW5-I3jZKvC4wsoxE&amp;amp;amp;amp;amp;amp;trk=nav_responsive_tab_home\",\"https:\\\/\\\/www.youtube.com\\\/channel\\\/UCxL0wu1uN0_3_7hGG0306cw\"]},{\"@type\":\"Person\",\"@id\":\"https:\\\/\\\/www.bellunopress.it\\\/#\\\/schema\\\/person\\\/79bb06722b37ece1c03d3e94beb30d73\",\"name\":\"redazione\",\"image\":{\"@type\":\"ImageObject\",\"inLanguage\":\"fr-FR\",\"@id\":\"https:\\\/\\\/secure.gravatar.com\\\/avatar\\\/37d968a2e67a6fd04c169c4bdef102d0bc5d31b2546345219e348575eb80e9a0?s=96&d=mm&r=g\",\"url\":\"https:\\\/\\\/secure.gravatar.com\\\/avatar\\\/37d968a2e67a6fd04c169c4bdef102d0bc5d31b2546345219e348575eb80e9a0?s=96&d=mm&r=g\",\"contentUrl\":\"https:\\\/\\\/secure.gravatar.com\\\/avatar\\\/37d968a2e67a6fd04c169c4bdef102d0bc5d31b2546345219e348575eb80e9a0?s=96&d=mm&r=g\",\"caption\":\"redazione\"},\"sameAs\":[\"http:\\\/\\\/www.bellunopress.it\",\"https:\\\/\\\/x.com\\\/bellunopress\"],\"url\":\"https:\\\/\\\/www.bellunopress.it\\\/fr\\\/author\\\/redazione\\\/\"}]}<\/script>\n<!-- \/ Yoast SEO plugin. -->","yoast_head_json":{"title":"Sabato apre la mostra fototostorica sull'emigrazione con gli scatti di Umberto Cappellari - Bellunopress - Dolomiti","robots":{"index":"index","follow":"follow","max-snippet":"max-snippet:-1","max-image-preview":"max-image-preview:large","max-video-preview":"max-video-preview:-1"},"canonical":"https:\/\/www.bellunopress.it\/fr\/2009\/06\/30\/sabato-apre-la-mostra-fototostorica-sullemigrazione-con-gli-scatti-di-umberto-cappellari\/","og_locale":"fr_FR","og_type":"article","og_title":"Sabato apre la mostra fototostorica sull'emigrazione con gli scatti di Umberto Cappellari - Bellunopress - Dolomiti","og_description":"Verr\u00e0 presentata in anteprima a Feltre, presso la sede della Comunit\u00e0 Montana Feltrina, sabato 4 luglio alle ore 20.30 la mostra \u201cUmberto Cappelari (1882-1969). Un fotografo tra i feltrini del quartiere \u201cKleng-Italien\u201d a Dudelange\u201d. L\u2019iniziativa \u00e8 stata intrapresa dall\u2019\u00e9quipe storico-scientifica del Centre de Documentation sur les Migrations Humaines, che ha sede in Lussemburgo, nel quadro [&hellip;]","og_url":"https:\/\/www.bellunopress.it\/fr\/2009\/06\/30\/sabato-apre-la-mostra-fototostorica-sullemigrazione-con-gli-scatti-di-umberto-cappellari\/","og_site_name":"Bellunopress - Dolomiti","article_publisher":"https:\/\/www.facebook.com\/profile.php?id=100008943462799","article_published_time":"2009-06-30T11:38:38+00:00","og_image":[{"url":"http:\/\/www.bellunopress.it\/wp-content\/uploads\/2012\/07\/logo-bellunopress-250x250-2012.jpg","type":"","width":"","height":""}],"author":"redazione","twitter_card":"summary_large_image","twitter_creator":"@bellunopress","twitter_site":"@bellunopress","twitter_misc":{"\u00c9crit par":"redazione","Dur\u00e9e de lecture estim\u00e9e":"3 minutes"},"schema":{"@context":"https:\/\/schema.org","@graph":[{"@type":"Article","@id":"https:\/\/www.bellunopress.it\/2009\/06\/30\/sabato-apre-la-mostra-fototostorica-sullemigrazione-con-gli-scatti-di-umberto-cappellari\/#article","isPartOf":{"@id":"https:\/\/www.bellunopress.it\/2009\/06\/30\/sabato-apre-la-mostra-fototostorica-sullemigrazione-con-gli-scatti-di-umberto-cappellari\/"},"author":{"name":"redazione","@id":"https:\/\/www.bellunopress.it\/#\/schema\/person\/79bb06722b37ece1c03d3e94beb30d73"},"headline":"Sabato apre la mostra fototostorica sull&#8217;emigrazione con gli scatti di Umberto Cappellari","datePublished":"2009-06-30T11:38:38+00:00","mainEntityOfPage":{"@id":"https:\/\/www.bellunopress.it\/2009\/06\/30\/sabato-apre-la-mostra-fototostorica-sullemigrazione-con-gli-scatti-di-umberto-cappellari\/"},"wordCount":546,"publisher":{"@id":"https:\/\/www.bellunopress.it\/#organization"},"keywords":["Feltre","feltrino"],"articleSection":["Arte, Cultura, Spettacoli, Scienza","Pausa Caff\u00e8"],"inLanguage":"fr-FR"},{"@type":"WebPage","@id":"https:\/\/www.bellunopress.it\/2009\/06\/30\/sabato-apre-la-mostra-fototostorica-sullemigrazione-con-gli-scatti-di-umberto-cappellari\/","url":"https:\/\/www.bellunopress.it\/2009\/06\/30\/sabato-apre-la-mostra-fototostorica-sullemigrazione-con-gli-scatti-di-umberto-cappellari\/","name":"Sabato apre la mostra fototostorica sull'emigrazione con gli scatti di Umberto Cappellari - Bellunopress - Dolomiti","isPartOf":{"@id":"https:\/\/www.bellunopress.it\/#website"},"datePublished":"2009-06-30T11:38:38+00:00","breadcrumb":{"@id":"https:\/\/www.bellunopress.it\/2009\/06\/30\/sabato-apre-la-mostra-fototostorica-sullemigrazione-con-gli-scatti-di-umberto-cappellari\/#breadcrumb"},"inLanguage":"fr-FR","potentialAction":[{"@type":"ReadAction","target":["https:\/\/www.bellunopress.it\/2009\/06\/30\/sabato-apre-la-mostra-fototostorica-sullemigrazione-con-gli-scatti-di-umberto-cappellari\/"]}]},{"@type":"BreadcrumbList","@id":"https:\/\/www.bellunopress.it\/2009\/06\/30\/sabato-apre-la-mostra-fototostorica-sullemigrazione-con-gli-scatti-di-umberto-cappellari\/#breadcrumb","itemListElement":[{"@type":"ListItem","position":1,"name":"Home","item":"https:\/\/www.bellunopress.it\/"},{"@type":"ListItem","position":2,"name":"Sabato apre la mostra fototostorica sull&#8217;emigrazione con gli scatti di Umberto Cappellari"}]},{"@type":"WebSite","@id":"https:\/\/www.bellunopress.it\/#website","url":"https:\/\/www.bellunopress.it\/","name":"Bellunopress - Dolomiti","description":"e-mail: redazione@bellunopress.it","publisher":{"@id":"https:\/\/www.bellunopress.it\/#organization"},"potentialAction":[{"@type":"SearchAction","target":{"@type":"EntryPoint","urlTemplate":"https:\/\/www.bellunopress.it\/?s={search_term_string}"},"query-input":{"@type":"PropertyValueSpecification","valueRequired":true,"valueName":"search_term_string"}}],"inLanguage":"fr-FR"},{"@type":"Organization","@id":"https:\/\/www.bellunopress.it\/#organization","name":"Bellunopress","url":"https:\/\/www.bellunopress.it\/","logo":{"@type":"ImageObject","inLanguage":"fr-FR","@id":"https:\/\/www.bellunopress.it\/#\/schema\/logo\/image\/","url":"https:\/\/www.bellunopress.it\/wp-content\/uploads\/2011\/05\/cropped-logo-bellunopress-.jpg","contentUrl":"https:\/\/www.bellunopress.it\/wp-content\/uploads\/2011\/05\/cropped-logo-bellunopress-.jpg","width":512,"height":512,"caption":"Bellunopress"},"image":{"@id":"https:\/\/www.bellunopress.it\/#\/schema\/logo\/image\/"},"sameAs":["https:\/\/www.facebook.com\/profile.php?id=100008943462799","https:\/\/x.com\/bellunopress","https:\/\/www.linkedin.com\/hp\/?dnr=JBzUWaJfMUw8vbXJJ2tVW5-I3jZKvC4wsoxE&amp;amp;amp;amp;amp;amp;trk=nav_responsive_tab_home","https:\/\/www.youtube.com\/channel\/UCxL0wu1uN0_3_7hGG0306cw"]},{"@type":"Person","@id":"https:\/\/www.bellunopress.it\/#\/schema\/person\/79bb06722b37ece1c03d3e94beb30d73","name":"r\u00e9daction","image":{"@type":"ImageObject","inLanguage":"fr-FR","@id":"https:\/\/secure.gravatar.com\/avatar\/37d968a2e67a6fd04c169c4bdef102d0bc5d31b2546345219e348575eb80e9a0?s=96&d=mm&r=g","url":"https:\/\/secure.gravatar.com\/avatar\/37d968a2e67a6fd04c169c4bdef102d0bc5d31b2546345219e348575eb80e9a0?s=96&d=mm&r=g","contentUrl":"https:\/\/secure.gravatar.com\/avatar\/37d968a2e67a6fd04c169c4bdef102d0bc5d31b2546345219e348575eb80e9a0?s=96&d=mm&r=g","caption":"redazione"},"sameAs":["http:\/\/www.bellunopress.it","https:\/\/x.com\/bellunopress"],"url":"https:\/\/www.bellunopress.it\/fr\/author\/redazione\/"}]}},"_links":{"self":[{"href":"https:\/\/www.bellunopress.it\/fr\/wp-json\/wp\/v2\/posts\/5529","targetHints":{"allow":["GET"]}}],"collection":[{"href":"https:\/\/www.bellunopress.it\/fr\/wp-json\/wp\/v2\/posts"}],"about":[{"href":"https:\/\/www.bellunopress.it\/fr\/wp-json\/wp\/v2\/types\/post"}],"author":[{"embeddable":true,"href":"https:\/\/www.bellunopress.it\/fr\/wp-json\/wp\/v2\/users\/2"}],"replies":[{"embeddable":true,"href":"https:\/\/www.bellunopress.it\/fr\/wp-json\/wp\/v2\/comments?post=5529"}],"version-history":[{"count":1,"href":"https:\/\/www.bellunopress.it\/fr\/wp-json\/wp\/v2\/posts\/5529\/revisions"}],"predecessor-version":[{"id":5530,"href":"https:\/\/www.bellunopress.it\/fr\/wp-json\/wp\/v2\/posts\/5529\/revisions\/5530"}],"wp:attachment":[{"href":"https:\/\/www.bellunopress.it\/fr\/wp-json\/wp\/v2\/media?parent=5529"}],"wp:term":[{"taxonomy":"category","embeddable":true,"href":"https:\/\/www.bellunopress.it\/fr\/wp-json\/wp\/v2\/categories?post=5529"},{"taxonomy":"post_tag","embeddable":true,"href":"https:\/\/www.bellunopress.it\/fr\/wp-json\/wp\/v2\/tags?post=5529"}],"curies":[{"name":"wp","href":"https:\/\/api.w.org\/{rel}","templated":true}]}}