{"id":5527,"date":"2009-06-30T12:28:03","date_gmt":"2009-06-30T11:28:03","guid":{"rendered":"http:\/\/www.bellunopress.it\/?p=5527"},"modified":"2009-06-30T12:28:03","modified_gmt":"2009-06-30T11:28:03","slug":"3-linee-per-%e2%80%9cg8-%e2%80%93-le-dolomiti-abbracciano-lafrica%e2%80%9d","status":"publish","type":"post","link":"https:\/\/www.bellunopress.it\/fr\/2009\/06\/30\/3-linee-per-%e2%80%9cg8-%e2%80%93-le-dolomiti-abbracciano-lafrica%e2%80%9d\/","title":{"rendered":"3 linee per \u201cG8 \u2013 Le Dolomiti abbracciano l&#8217;Africa\u201d"},"content":{"rendered":"<p><a href=\"http:\/\/www.bellunopress.it\/wp-content\/uploads\/2009\/03\/autobus-leggerissima.jpg\"><img loading=\"lazy\" decoding=\"async\" class=\"alignleft size-medium wp-image-1561\" title=\"autobus-leggerissima\" src=\"http:\/\/www.bellunopress.it\/wp-content\/uploads\/2009\/03\/autobus-leggerissima.jpg\" alt=\"\" width=\"90\" height=\"68\" \/><\/a>La Provincia di Belluno e la Dolomitibus, in occasione dell&#8217;evento \u00abG8 &#8211; Le Dolomiti abbracciano l&#8217;Africa\u00bb, , hanno deciso d&#8217;intensificare le corse del traspoto pubblico locale per Misurina, capo linea per tutti coloro che voglio raggiungere le Tre Cime di Lavaredo, attorno alle quali si snoder\u00e0 la catena umana per ricordare ai Grandi della Terra che si riuniranno all&#8217;Aquila le promesse e gli impegni sottoscritti nei confronti del Sud del Mondo.<br \/>\nNella sola giornata di domenica 5 luglio 2009, al fine di favorire la prevedibile massiccia presenza di partecipanti all&#8217;evento, sono state intensificate, pertanto, le corse per Misurina nel seguente modo:<br \/>\n&#8211;\u00a0partenza da Pedavena alle 5.18,\u00a0 via destra Piave \u2013 Belluno \u2013 Calalzo di Cadore \u2013 Auronzo di Cadore \u2013 Misurina<br \/>\n&#8211;\u00a0partenza da Feltre alle 5.22, via sinistra Piave \u2013 Sagrogna (non passa in centro a Belluno) &#8211; Calalzo di Cadore \u2013 Auronzo di Cadore \u2013 Misurina<br \/>\n&#8211;\u00a0partenza da Belluno (Piazzale Stazione) alle 6.12, via Veneggia &#8211; Calalzo di Cadore \u2013 Auronzo di Cadore \u2013 Misurina<br \/>\nTutte tre le linee arrivano a destinazione alle ore 8.15. L&#8217;orario di rientro \u00e8 fissato da Misurina alle ore 17.10 con arrivo, rispettivamente, a Belluno alle 19.19, Feltre alle 20.01 e Pedavena alle 20.05.<br \/>\nLa DolomitiBus, qualora vi fosse la necessit\u00e0, \u00e8 pronta ad attivare \u00ab\u00a0corse bis\u00a0\u00bb sia a supporto di queste corse che di quelle gi\u00e0 inserite nel corrente orario di servizio.<\/p>","protected":false},"excerpt":{"rendered":"<p>La Provincia di Belluno e la Dolomitibus, in occasione dell&#8217;evento \u00abG8 &#8211; Le Dolomiti abbracciano l&#8217;Africa\u00bb, , hanno deciso d&#8217;intensificare le corse del traspoto pubblico locale per Misurina, capo linea per tutti coloro che voglio raggiungere le Tre Cime di Lavaredo, attorno alle quali si snoder\u00e0 la catena umana per ricordare ai Grandi della Terra [&hellip;]<\/p>\n","protected":false},"author":2,"featured_media":0,"comment_status":"closed","ping_status":"open","sticky":false,"template":"","format":"standard","meta":{"footnotes":""},"categories":[5,26],"tags":[139,151,63,302],"class_list":["post-5527","post","type-post","status-publish","format-standard","category-cronaca","category-prima-pagina","tag-belluno","tag-cadore","tag-dolomiti","tag-feltre"],"yoast_head":"<!-- This site is optimized with the Yoast SEO plugin v28.4 - https:\/\/yoast.com\/product\/yoast-seo-wordpress\/ -->\n<title>3 linee per \u201cG8 \u2013 Le Dolomiti abbracciano l&#039;Africa\u201d - Bellunopress - Dolomiti<\/title>\n<meta name=\"robots\" content=\"index, follow, max-snippet:-1, max-image-preview:large, max-video-preview:-1\" \/>\n<link rel=\"canonical\" href=\"https:\/\/www.bellunopress.it\/fr\/2009\/06\/30\/3-linee-per-\u201cg8-\u2013-le-dolomiti-abbracciano-lafrica\u201d\/\" \/>\n<meta property=\"og:locale\" content=\"fr_FR\" \/>\n<meta property=\"og:type\" content=\"article\" \/>\n<meta property=\"og:title\" content=\"3 linee per \u201cG8 \u2013 Le Dolomiti abbracciano l&#039;Africa\u201d - Bellunopress - Dolomiti\" \/>\n<meta property=\"og:description\" content=\"La Provincia di Belluno e la Dolomitibus, in occasione dell&#8217;evento \u00abG8 &#8211; Le Dolomiti abbracciano l&#8217;Africa\u00bb, , hanno deciso d&#8217;intensificare le corse del traspoto pubblico locale per Misurina, capo linea per tutti coloro che voglio raggiungere le Tre Cime di Lavaredo, attorno alle quali si snoder\u00e0 la catena umana per ricordare ai Grandi della Terra [&hellip;]\" \/>\n<meta property=\"og:url\" content=\"https:\/\/www.bellunopress.it\/fr\/2009\/06\/30\/3-linee-per-\u201cg8-\u2013-le-dolomiti-abbracciano-lafrica\u201d\/\" \/>\n<meta property=\"og:site_name\" content=\"Bellunopress - Dolomiti\" \/>\n<meta property=\"article:publisher\" content=\"https:\/\/www.facebook.com\/profile.php?id=100008943462799\" \/>\n<meta property=\"article:published_time\" content=\"2009-06-30T11:28:03+00:00\" \/>\n<meta property=\"og:image\" content=\"http:\/\/www.bellunopress.it\/wp-content\/uploads\/2009\/03\/autobus-leggerissima.jpg\" \/>\n<meta name=\"author\" content=\"redazione\" \/>\n<meta name=\"twitter:card\" content=\"summary_large_image\" \/>\n<meta name=\"twitter:creator\" content=\"@bellunopress\" \/>\n<meta name=\"twitter:site\" content=\"@bellunopress\" \/>\n<meta name=\"twitter:label1\" content=\"\u00c9crit par\" \/>\n\t<meta name=\"twitter:data1\" content=\"redazione\" \/>\n\t<meta name=\"twitter:label2\" content=\"Dur\u00e9e de lecture estim\u00e9e\" \/>\n\t<meta name=\"twitter:data2\" content=\"1 minute\" \/>\n<script type=\"application\/ld+json\" class=\"yoast-schema-graph\">{\"@context\":\"https:\\\/\\\/schema.org\",\"@graph\":[{\"@type\":\"Article\",\"@id\":\"https:\\\/\\\/www.bellunopress.it\\\/2009\\\/06\\\/30\\\/3-linee-per-%e2%80%9cg8-%e2%80%93-le-dolomiti-abbracciano-lafrica%e2%80%9d\\\/#article\",\"isPartOf\":{\"@id\":\"https:\\\/\\\/www.bellunopress.it\\\/2009\\\/06\\\/30\\\/3-linee-per-%e2%80%9cg8-%e2%80%93-le-dolomiti-abbracciano-lafrica%e2%80%9d\\\/\"},\"author\":{\"name\":\"redazione\",\"@id\":\"https:\\\/\\\/www.bellunopress.it\\\/#\\\/schema\\\/person\\\/79bb06722b37ece1c03d3e94beb30d73\"},\"headline\":\"3 linee per \u201cG8 \u2013 Le Dolomiti abbracciano l&#8217;Africa\u201d\",\"datePublished\":\"2009-06-30T11:28:03+00:00\",\"mainEntityOfPage\":{\"@id\":\"https:\\\/\\\/www.bellunopress.it\\\/2009\\\/06\\\/30\\\/3-linee-per-%e2%80%9cg8-%e2%80%93-le-dolomiti-abbracciano-lafrica%e2%80%9d\\\/\"},\"wordCount\":224,\"publisher\":{\"@id\":\"https:\\\/\\\/www.bellunopress.it\\\/#organization\"},\"image\":{\"@id\":\"https:\\\/\\\/www.bellunopress.it\\\/2009\\\/06\\\/30\\\/3-linee-per-%e2%80%9cg8-%e2%80%93-le-dolomiti-abbracciano-lafrica%e2%80%9d\\\/#primaryimage\"},\"thumbnailUrl\":\"http:\\\/\\\/www.bellunopress.it\\\/wp-content\\\/uploads\\\/2009\\\/03\\\/autobus-leggerissima.jpg\",\"keywords\":[\"Belluno\",\"Cadore\",\"Dolomiti\",\"Feltre\"],\"articleSection\":[\"Cronaca\\\/Politica\",\"Prima Pagina\"],\"inLanguage\":\"fr-FR\"},{\"@type\":\"WebPage\",\"@id\":\"https:\\\/\\\/www.bellunopress.it\\\/2009\\\/06\\\/30\\\/3-linee-per-%e2%80%9cg8-%e2%80%93-le-dolomiti-abbracciano-lafrica%e2%80%9d\\\/\",\"url\":\"https:\\\/\\\/www.bellunopress.it\\\/2009\\\/06\\\/30\\\/3-linee-per-%e2%80%9cg8-%e2%80%93-le-dolomiti-abbracciano-lafrica%e2%80%9d\\\/\",\"name\":\"3 linee per \u201cG8 \u2013 Le Dolomiti abbracciano l'Africa\u201d - Bellunopress - Dolomiti\",\"isPartOf\":{\"@id\":\"https:\\\/\\\/www.bellunopress.it\\\/#website\"},\"primaryImageOfPage\":{\"@id\":\"https:\\\/\\\/www.bellunopress.it\\\/2009\\\/06\\\/30\\\/3-linee-per-%e2%80%9cg8-%e2%80%93-le-dolomiti-abbracciano-lafrica%e2%80%9d\\\/#primaryimage\"},\"image\":{\"@id\":\"https:\\\/\\\/www.bellunopress.it\\\/2009\\\/06\\\/30\\\/3-linee-per-%e2%80%9cg8-%e2%80%93-le-dolomiti-abbracciano-lafrica%e2%80%9d\\\/#primaryimage\"},\"thumbnailUrl\":\"http:\\\/\\\/www.bellunopress.it\\\/wp-content\\\/uploads\\\/2009\\\/03\\\/autobus-leggerissima.jpg\",\"datePublished\":\"2009-06-30T11:28:03+00:00\",\"breadcrumb\":{\"@id\":\"https:\\\/\\\/www.bellunopress.it\\\/2009\\\/06\\\/30\\\/3-linee-per-%e2%80%9cg8-%e2%80%93-le-dolomiti-abbracciano-lafrica%e2%80%9d\\\/#breadcrumb\"},\"inLanguage\":\"fr-FR\",\"potentialAction\":[{\"@type\":\"ReadAction\",\"target\":[\"https:\\\/\\\/www.bellunopress.it\\\/2009\\\/06\\\/30\\\/3-linee-per-%e2%80%9cg8-%e2%80%93-le-dolomiti-abbracciano-lafrica%e2%80%9d\\\/\"]}]},{\"@type\":\"ImageObject\",\"inLanguage\":\"fr-FR\",\"@id\":\"https:\\\/\\\/www.bellunopress.it\\\/2009\\\/06\\\/30\\\/3-linee-per-%e2%80%9cg8-%e2%80%93-le-dolomiti-abbracciano-lafrica%e2%80%9d\\\/#primaryimage\",\"url\":\"http:\\\/\\\/www.bellunopress.it\\\/wp-content\\\/uploads\\\/2009\\\/03\\\/autobus-leggerissima.jpg\",\"contentUrl\":\"http:\\\/\\\/www.bellunopress.it\\\/wp-content\\\/uploads\\\/2009\\\/03\\\/autobus-leggerissima.jpg\"},{\"@type\":\"BreadcrumbList\",\"@id\":\"https:\\\/\\\/www.bellunopress.it\\\/2009\\\/06\\\/30\\\/3-linee-per-%e2%80%9cg8-%e2%80%93-le-dolomiti-abbracciano-lafrica%e2%80%9d\\\/#breadcrumb\",\"itemListElement\":[{\"@type\":\"ListItem\",\"position\":1,\"name\":\"Home\",\"item\":\"https:\\\/\\\/www.bellunopress.it\\\/\"},{\"@type\":\"ListItem\",\"position\":2,\"name\":\"3 linee per \u201cG8 \u2013 Le Dolomiti abbracciano l&#8217;Africa\u201d\"}]},{\"@type\":\"WebSite\",\"@id\":\"https:\\\/\\\/www.bellunopress.it\\\/#website\",\"url\":\"https:\\\/\\\/www.bellunopress.it\\\/\",\"name\":\"Bellunopress - Dolomiti\",\"description\":\"e-mail: redazione@bellunopress.it\",\"publisher\":{\"@id\":\"https:\\\/\\\/www.bellunopress.it\\\/#organization\"},\"potentialAction\":[{\"@type\":\"SearchAction\",\"target\":{\"@type\":\"EntryPoint\",\"urlTemplate\":\"https:\\\/\\\/www.bellunopress.it\\\/?s={search_term_string}\"},\"query-input\":{\"@type\":\"PropertyValueSpecification\",\"valueRequired\":true,\"valueName\":\"search_term_string\"}}],\"inLanguage\":\"fr-FR\"},{\"@type\":\"Organization\",\"@id\":\"https:\\\/\\\/www.bellunopress.it\\\/#organization\",\"name\":\"Bellunopress\",\"url\":\"https:\\\/\\\/www.bellunopress.it\\\/\",\"logo\":{\"@type\":\"ImageObject\",\"inLanguage\":\"fr-FR\",\"@id\":\"https:\\\/\\\/www.bellunopress.it\\\/#\\\/schema\\\/logo\\\/image\\\/\",\"url\":\"https:\\\/\\\/www.bellunopress.it\\\/wp-content\\\/uploads\\\/2011\\\/05\\\/cropped-logo-bellunopress-.jpg\",\"contentUrl\":\"https:\\\/\\\/www.bellunopress.it\\\/wp-content\\\/uploads\\\/2011\\\/05\\\/cropped-logo-bellunopress-.jpg\",\"width\":512,\"height\":512,\"caption\":\"Bellunopress\"},\"image\":{\"@id\":\"https:\\\/\\\/www.bellunopress.it\\\/#\\\/schema\\\/logo\\\/image\\\/\"},\"sameAs\":[\"https:\\\/\\\/www.facebook.com\\\/profile.php?id=100008943462799\",\"https:\\\/\\\/x.com\\\/bellunopress\",\"https:\\\/\\\/www.linkedin.com\\\/hp\\\/?dnr=JBzUWaJfMUw8vbXJJ2tVW5-I3jZKvC4wsoxE&amp;amp;amp;amp;amp;amp;trk=nav_responsive_tab_home\",\"https:\\\/\\\/www.youtube.com\\\/channel\\\/UCxL0wu1uN0_3_7hGG0306cw\"]},{\"@type\":\"Person\",\"@id\":\"https:\\\/\\\/www.bellunopress.it\\\/#\\\/schema\\\/person\\\/79bb06722b37ece1c03d3e94beb30d73\",\"name\":\"redazione\",\"image\":{\"@type\":\"ImageObject\",\"inLanguage\":\"fr-FR\",\"@id\":\"https:\\\/\\\/secure.gravatar.com\\\/avatar\\\/37d968a2e67a6fd04c169c4bdef102d0bc5d31b2546345219e348575eb80e9a0?s=96&d=mm&r=g\",\"url\":\"https:\\\/\\\/secure.gravatar.com\\\/avatar\\\/37d968a2e67a6fd04c169c4bdef102d0bc5d31b2546345219e348575eb80e9a0?s=96&d=mm&r=g\",\"contentUrl\":\"https:\\\/\\\/secure.gravatar.com\\\/avatar\\\/37d968a2e67a6fd04c169c4bdef102d0bc5d31b2546345219e348575eb80e9a0?s=96&d=mm&r=g\",\"caption\":\"redazione\"},\"sameAs\":[\"http:\\\/\\\/www.bellunopress.it\",\"https:\\\/\\\/x.com\\\/bellunopress\"],\"url\":\"https:\\\/\\\/www.bellunopress.it\\\/fr\\\/author\\\/redazione\\\/\"}]}<\/script>\n<!-- \/ Yoast SEO plugin. -->","yoast_head_json":{"title":"3 linee per \u201cG8 \u2013 Le Dolomiti abbracciano l'Africa\u201d - Bellunopress - Dolomiti","robots":{"index":"index","follow":"follow","max-snippet":"max-snippet:-1","max-image-preview":"max-image-preview:large","max-video-preview":"max-video-preview:-1"},"canonical":"https:\/\/www.bellunopress.it\/fr\/2009\/06\/30\/3-linee-per-\u201cg8-\u2013-le-dolomiti-abbracciano-lafrica\u201d\/","og_locale":"fr_FR","og_type":"article","og_title":"3 linee per \u201cG8 \u2013 Le Dolomiti abbracciano l'Africa\u201d - Bellunopress - Dolomiti","og_description":"La Provincia di Belluno e la Dolomitibus, in occasione dell&#8217;evento \u00abG8 &#8211; Le Dolomiti abbracciano l&#8217;Africa\u00bb, , hanno deciso d&#8217;intensificare le corse del traspoto pubblico locale per Misurina, capo linea per tutti coloro che voglio raggiungere le Tre Cime di Lavaredo, attorno alle quali si snoder\u00e0 la catena umana per ricordare ai Grandi della Terra [&hellip;]","og_url":"https:\/\/www.bellunopress.it\/fr\/2009\/06\/30\/3-linee-per-\u201cg8-\u2013-le-dolomiti-abbracciano-lafrica\u201d\/","og_site_name":"Bellunopress - Dolomiti","article_publisher":"https:\/\/www.facebook.com\/profile.php?id=100008943462799","article_published_time":"2009-06-30T11:28:03+00:00","og_image":[{"url":"http:\/\/www.bellunopress.it\/wp-content\/uploads\/2009\/03\/autobus-leggerissima.jpg","type":"","width":"","height":""}],"author":"redazione","twitter_card":"summary_large_image","twitter_creator":"@bellunopress","twitter_site":"@bellunopress","twitter_misc":{"\u00c9crit par":"redazione","Dur\u00e9e de lecture estim\u00e9e":"1 minute"},"schema":{"@context":"https:\/\/schema.org","@graph":[{"@type":"Article","@id":"https:\/\/www.bellunopress.it\/2009\/06\/30\/3-linee-per-%e2%80%9cg8-%e2%80%93-le-dolomiti-abbracciano-lafrica%e2%80%9d\/#article","isPartOf":{"@id":"https:\/\/www.bellunopress.it\/2009\/06\/30\/3-linee-per-%e2%80%9cg8-%e2%80%93-le-dolomiti-abbracciano-lafrica%e2%80%9d\/"},"author":{"name":"redazione","@id":"https:\/\/www.bellunopress.it\/#\/schema\/person\/79bb06722b37ece1c03d3e94beb30d73"},"headline":"3 linee per \u201cG8 \u2013 Le Dolomiti abbracciano l&#8217;Africa\u201d","datePublished":"2009-06-30T11:28:03+00:00","mainEntityOfPage":{"@id":"https:\/\/www.bellunopress.it\/2009\/06\/30\/3-linee-per-%e2%80%9cg8-%e2%80%93-le-dolomiti-abbracciano-lafrica%e2%80%9d\/"},"wordCount":224,"publisher":{"@id":"https:\/\/www.bellunopress.it\/#organization"},"image":{"@id":"https:\/\/www.bellunopress.it\/2009\/06\/30\/3-linee-per-%e2%80%9cg8-%e2%80%93-le-dolomiti-abbracciano-lafrica%e2%80%9d\/#primaryimage"},"thumbnailUrl":"http:\/\/www.bellunopress.it\/wp-content\/uploads\/2009\/03\/autobus-leggerissima.jpg","keywords":["Belluno","Cadore","Dolomiti","Feltre"],"articleSection":["Cronaca\/Politica","Prima Pagina"],"inLanguage":"fr-FR"},{"@type":"WebPage","@id":"https:\/\/www.bellunopress.it\/2009\/06\/30\/3-linee-per-%e2%80%9cg8-%e2%80%93-le-dolomiti-abbracciano-lafrica%e2%80%9d\/","url":"https:\/\/www.bellunopress.it\/2009\/06\/30\/3-linee-per-%e2%80%9cg8-%e2%80%93-le-dolomiti-abbracciano-lafrica%e2%80%9d\/","name":"3 linee per \u201cG8 \u2013 Le Dolomiti abbracciano l'Africa\u201d - Bellunopress - Dolomiti","isPartOf":{"@id":"https:\/\/www.bellunopress.it\/#website"},"primaryImageOfPage":{"@id":"https:\/\/www.bellunopress.it\/2009\/06\/30\/3-linee-per-%e2%80%9cg8-%e2%80%93-le-dolomiti-abbracciano-lafrica%e2%80%9d\/#primaryimage"},"image":{"@id":"https:\/\/www.bellunopress.it\/2009\/06\/30\/3-linee-per-%e2%80%9cg8-%e2%80%93-le-dolomiti-abbracciano-lafrica%e2%80%9d\/#primaryimage"},"thumbnailUrl":"http:\/\/www.bellunopress.it\/wp-content\/uploads\/2009\/03\/autobus-leggerissima.jpg","datePublished":"2009-06-30T11:28:03+00:00","breadcrumb":{"@id":"https:\/\/www.bellunopress.it\/2009\/06\/30\/3-linee-per-%e2%80%9cg8-%e2%80%93-le-dolomiti-abbracciano-lafrica%e2%80%9d\/#breadcrumb"},"inLanguage":"fr-FR","potentialAction":[{"@type":"ReadAction","target":["https:\/\/www.bellunopress.it\/2009\/06\/30\/3-linee-per-%e2%80%9cg8-%e2%80%93-le-dolomiti-abbracciano-lafrica%e2%80%9d\/"]}]},{"@type":"ImageObject","inLanguage":"fr-FR","@id":"https:\/\/www.bellunopress.it\/2009\/06\/30\/3-linee-per-%e2%80%9cg8-%e2%80%93-le-dolomiti-abbracciano-lafrica%e2%80%9d\/#primaryimage","url":"http:\/\/www.bellunopress.it\/wp-content\/uploads\/2009\/03\/autobus-leggerissima.jpg","contentUrl":"http:\/\/www.bellunopress.it\/wp-content\/uploads\/2009\/03\/autobus-leggerissima.jpg"},{"@type":"BreadcrumbList","@id":"https:\/\/www.bellunopress.it\/2009\/06\/30\/3-linee-per-%e2%80%9cg8-%e2%80%93-le-dolomiti-abbracciano-lafrica%e2%80%9d\/#breadcrumb","itemListElement":[{"@type":"ListItem","position":1,"name":"Home","item":"https:\/\/www.bellunopress.it\/"},{"@type":"ListItem","position":2,"name":"3 linee per \u201cG8 \u2013 Le Dolomiti abbracciano l&#8217;Africa\u201d"}]},{"@type":"WebSite","@id":"https:\/\/www.bellunopress.it\/#website","url":"https:\/\/www.bellunopress.it\/","name":"Bellunopress - Dolomiti","description":"e-mail: redazione@bellunopress.it","publisher":{"@id":"https:\/\/www.bellunopress.it\/#organization"},"potentialAction":[{"@type":"SearchAction","target":{"@type":"EntryPoint","urlTemplate":"https:\/\/www.bellunopress.it\/?s={search_term_string}"},"query-input":{"@type":"PropertyValueSpecification","valueRequired":true,"valueName":"search_term_string"}}],"inLanguage":"fr-FR"},{"@type":"Organization","@id":"https:\/\/www.bellunopress.it\/#organization","name":"Bellunopress","url":"https:\/\/www.bellunopress.it\/","logo":{"@type":"ImageObject","inLanguage":"fr-FR","@id":"https:\/\/www.bellunopress.it\/#\/schema\/logo\/image\/","url":"https:\/\/www.bellunopress.it\/wp-content\/uploads\/2011\/05\/cropped-logo-bellunopress-.jpg","contentUrl":"https:\/\/www.bellunopress.it\/wp-content\/uploads\/2011\/05\/cropped-logo-bellunopress-.jpg","width":512,"height":512,"caption":"Bellunopress"},"image":{"@id":"https:\/\/www.bellunopress.it\/#\/schema\/logo\/image\/"},"sameAs":["https:\/\/www.facebook.com\/profile.php?id=100008943462799","https:\/\/x.com\/bellunopress","https:\/\/www.linkedin.com\/hp\/?dnr=JBzUWaJfMUw8vbXJJ2tVW5-I3jZKvC4wsoxE&amp;amp;amp;amp;amp;amp;trk=nav_responsive_tab_home","https:\/\/www.youtube.com\/channel\/UCxL0wu1uN0_3_7hGG0306cw"]},{"@type":"Person","@id":"https:\/\/www.bellunopress.it\/#\/schema\/person\/79bb06722b37ece1c03d3e94beb30d73","name":"r\u00e9daction","image":{"@type":"ImageObject","inLanguage":"fr-FR","@id":"https:\/\/secure.gravatar.com\/avatar\/37d968a2e67a6fd04c169c4bdef102d0bc5d31b2546345219e348575eb80e9a0?s=96&d=mm&r=g","url":"https:\/\/secure.gravatar.com\/avatar\/37d968a2e67a6fd04c169c4bdef102d0bc5d31b2546345219e348575eb80e9a0?s=96&d=mm&r=g","contentUrl":"https:\/\/secure.gravatar.com\/avatar\/37d968a2e67a6fd04c169c4bdef102d0bc5d31b2546345219e348575eb80e9a0?s=96&d=mm&r=g","caption":"redazione"},"sameAs":["http:\/\/www.bellunopress.it","https:\/\/x.com\/bellunopress"],"url":"https:\/\/www.bellunopress.it\/fr\/author\/redazione\/"}]}},"_links":{"self":[{"href":"https:\/\/www.bellunopress.it\/fr\/wp-json\/wp\/v2\/posts\/5527","targetHints":{"allow":["GET"]}}],"collection":[{"href":"https:\/\/www.bellunopress.it\/fr\/wp-json\/wp\/v2\/posts"}],"about":[{"href":"https:\/\/www.bellunopress.it\/fr\/wp-json\/wp\/v2\/types\/post"}],"author":[{"embeddable":true,"href":"https:\/\/www.bellunopress.it\/fr\/wp-json\/wp\/v2\/users\/2"}],"replies":[{"embeddable":true,"href":"https:\/\/www.bellunopress.it\/fr\/wp-json\/wp\/v2\/comments?post=5527"}],"version-history":[{"count":1,"href":"https:\/\/www.bellunopress.it\/fr\/wp-json\/wp\/v2\/posts\/5527\/revisions"}],"predecessor-version":[{"id":5528,"href":"https:\/\/www.bellunopress.it\/fr\/wp-json\/wp\/v2\/posts\/5527\/revisions\/5528"}],"wp:attachment":[{"href":"https:\/\/www.bellunopress.it\/fr\/wp-json\/wp\/v2\/media?parent=5527"}],"wp:term":[{"taxonomy":"category","embeddable":true,"href":"https:\/\/www.bellunopress.it\/fr\/wp-json\/wp\/v2\/categories?post=5527"},{"taxonomy":"post_tag","embeddable":true,"href":"https:\/\/www.bellunopress.it\/fr\/wp-json\/wp\/v2\/tags?post=5527"}],"curies":[{"name":"wp","href":"https:\/\/api.w.org\/{rel}","templated":true}]}}