{"id":5525,"date":"2009-06-30T12:24:47","date_gmt":"2009-06-30T11:24:47","guid":{"rendered":"http:\/\/www.bellunopress.it\/?p=5525"},"modified":"2009-06-30T12:24:47","modified_gmt":"2009-06-30T11:24:47","slug":"al-via-il-meeting-internazionale-di-atletica-leggera","status":"publish","type":"post","link":"https:\/\/www.bellunopress.it\/fr\/2009\/06\/30\/al-via-il-meeting-internazionale-di-atletica-leggera\/","title":{"rendered":"Al via il Meeting Internazionale di Atletica leggera"},"content":{"rendered":"<p>La Provincia di Belluno, in collaborazione con il l\u2019Ufficio Scolastico Provinciale di Belluno, il C.O.N.I.\u00a0 C.P. di Belluno, la F.I.D.A.L. C.P. di Belluno e l\u2019ANA Atletica Feltre, organizzano dal 29 giugno al 3 luglio 2009 un campo internazionale di atletica leggera riservato a ragazzi e ragazze di 15 anni provenienti, oltre che da Belluno, da Istra (Russia), Main Kinzig (Germania) e Komaron (Ungheria), evento che si inserisce nell\u2019ambito delle iniziative a favore degli studenti del nostro territorio e degli scambi con i suoi partner europei. Gli studenti della delegazione italiana, che soggiorneranno all\u2019IPSAA Della Lucia di Feltre assieme alle altre delegazioni, tutte composte da circa 25 persone (compresi gli accompagnatori), prenderanno parte alle gare in programma per mercoled\u00ec 1\u00b0 luglio 2009, a partire dalle ore 15.30, allo stadio comunale Zugni Tauro di Feltre. Per la nostra provincia sono stati selezionati ragazzi e ragazze che si sono particolarmente distinti nelle competizioni scolastiche e federali di atletica leggera della corrente stagione sportiva.<br \/>\nEcco i nominativi:<br \/>\nPaniz\u00a0 Maria, Zerbinati Martina e Sirena Andrea del Liceo Galilei Belluno<br \/>\nFacchin Iris, Schievenin Chiara dell&#8217;Ist. Mag.le Renier<br \/>\nSpada Silvia della S.M. Rocca Feltre<br \/>\nPadovan Paola e Padovan\u00a0 Anna della S.M. Ricci Belluno<br \/>\nFontana Stefania e Perco Emilio del Liceo Dal Piaz Feltre<br \/>\nSacchet Veronica e Simonetti Xavier dell&#8217;I.C. Longarone<br \/>\nDe Peron Federica del Liceo Tiziano Belluno<br \/>\nPauletti\u00a0 Alice dell&#8217;IC Pedavena<br \/>\nCastellano Domenico, Vendrame Marco, Riccobon\u00a0 Enrico e Cason Stefano della S.M. Nievo Belluno<br \/>\nD\u2019Agostini Enrico del Polo di Feltre<br \/>\nDal Mas Daniele e Orzes Alex\u00a0 dell&#8217;Iti Segato Belluno<br \/>\nZaetta Gabriele e Parani Aire dell&#8217; ITI Negrelli Feltre<br \/>\nFerrighetto Ivan dell&#8217;I.C. Mel<br \/>\nPer sviluppare i contatti tra i giovani di diversa nazionalit\u00e0 e diffondere la conoscenza del nostro territorio, \u00e8 previsto, a margine delle gare di Atletica leggera, un ricco programma di attivit\u00e0 collaterali.<\/p>","protected":false},"excerpt":{"rendered":"<p>La Provincia di Belluno, in collaborazione con il l\u2019Ufficio Scolastico Provinciale di Belluno, il C.O.N.I.\u00a0 C.P. di Belluno, la F.I.D.A.L. C.P. di Belluno e l\u2019ANA Atletica Feltre, organizzano dal 29 giugno al 3 luglio 2009 un campo internazionale di atletica leggera riservato a ragazzi e ragazze di 15 anni provenienti, oltre che da Belluno, da [&hellip;]<\/p>\n","protected":false},"author":2,"featured_media":0,"comment_status":"closed","ping_status":"open","sticky":false,"template":"","format":"standard","meta":{"footnotes":""},"categories":[25,4],"tags":[139,302],"class_list":["post-5525","post","type-post","status-publish","format-standard","category-pausa-caffe","category-sport","tag-belluno","tag-feltre"],"yoast_head":"<!-- This site is optimized with the Yoast SEO plugin v28.4 - https:\/\/yoast.com\/product\/yoast-seo-wordpress\/ -->\n<title>Al via il Meeting Internazionale di Atletica leggera - Bellunopress - Dolomiti<\/title>\n<meta name=\"robots\" content=\"index, follow, max-snippet:-1, max-image-preview:large, max-video-preview:-1\" \/>\n<link rel=\"canonical\" href=\"https:\/\/www.bellunopress.it\/fr\/2009\/06\/30\/al-via-il-meeting-internazionale-di-atletica-leggera\/\" \/>\n<meta property=\"og:locale\" content=\"fr_FR\" \/>\n<meta property=\"og:type\" content=\"article\" \/>\n<meta property=\"og:title\" content=\"Al via il Meeting Internazionale di Atletica leggera - Bellunopress - Dolomiti\" \/>\n<meta property=\"og:description\" content=\"La Provincia di Belluno, in collaborazione con il l\u2019Ufficio Scolastico Provinciale di Belluno, il C.O.N.I.\u00a0 C.P. di Belluno, la F.I.D.A.L. C.P. di Belluno e l\u2019ANA Atletica Feltre, organizzano dal 29 giugno al 3 luglio 2009 un campo internazionale di atletica leggera riservato a ragazzi e ragazze di 15 anni provenienti, oltre che da Belluno, da [&hellip;]\" \/>\n<meta property=\"og:url\" content=\"https:\/\/www.bellunopress.it\/fr\/2009\/06\/30\/al-via-il-meeting-internazionale-di-atletica-leggera\/\" \/>\n<meta property=\"og:site_name\" content=\"Bellunopress - Dolomiti\" \/>\n<meta property=\"article:publisher\" content=\"https:\/\/www.facebook.com\/profile.php?id=100008943462799\" \/>\n<meta property=\"article:published_time\" content=\"2009-06-30T11:24:47+00:00\" \/>\n<meta property=\"og:image\" content=\"http:\/\/www.bellunopress.it\/wp-content\/uploads\/2012\/07\/logo-bellunopress-250x250-2012.jpg\" \/>\n<meta name=\"author\" content=\"redazione\" \/>\n<meta name=\"twitter:card\" content=\"summary_large_image\" \/>\n<meta name=\"twitter:creator\" content=\"@bellunopress\" \/>\n<meta name=\"twitter:site\" content=\"@bellunopress\" \/>\n<meta name=\"twitter:label1\" content=\"Written by\" \/>\n\t<meta name=\"twitter:data1\" content=\"redazione\" \/>\n\t<meta name=\"twitter:label2\" content=\"Est. reading time\" \/>\n\t<meta name=\"twitter:data2\" content=\"2 minutes\" \/>\n<script type=\"application\/ld+json\" class=\"yoast-schema-graph\">{\"@context\":\"https:\\\/\\\/schema.org\",\"@graph\":[{\"@type\":\"Article\",\"@id\":\"https:\\\/\\\/www.bellunopress.it\\\/2009\\\/06\\\/30\\\/al-via-il-meeting-internazionale-di-atletica-leggera\\\/#article\",\"isPartOf\":{\"@id\":\"https:\\\/\\\/www.bellunopress.it\\\/2009\\\/06\\\/30\\\/al-via-il-meeting-internazionale-di-atletica-leggera\\\/\"},\"author\":{\"name\":\"redazione\",\"@id\":\"https:\\\/\\\/www.bellunopress.it\\\/#\\\/schema\\\/person\\\/79bb06722b37ece1c03d3e94beb30d73\"},\"headline\":\"Al via il Meeting Internazionale di Atletica leggera\",\"datePublished\":\"2009-06-30T11:24:47+00:00\",\"mainEntityOfPage\":{\"@id\":\"https:\\\/\\\/www.bellunopress.it\\\/2009\\\/06\\\/30\\\/al-via-il-meeting-internazionale-di-atletica-leggera\\\/\"},\"wordCount\":321,\"publisher\":{\"@id\":\"https:\\\/\\\/www.bellunopress.it\\\/#organization\"},\"keywords\":[\"Belluno\",\"Feltre\"],\"articleSection\":[\"Pausa Caff\u00e8\",\"Sport, tempo libero\"],\"inLanguage\":\"fr-FR\"},{\"@type\":\"WebPage\",\"@id\":\"https:\\\/\\\/www.bellunopress.it\\\/2009\\\/06\\\/30\\\/al-via-il-meeting-internazionale-di-atletica-leggera\\\/\",\"url\":\"https:\\\/\\\/www.bellunopress.it\\\/2009\\\/06\\\/30\\\/al-via-il-meeting-internazionale-di-atletica-leggera\\\/\",\"name\":\"Al via il Meeting Internazionale di Atletica leggera - Bellunopress - Dolomiti\",\"isPartOf\":{\"@id\":\"https:\\\/\\\/www.bellunopress.it\\\/#website\"},\"datePublished\":\"2009-06-30T11:24:47+00:00\",\"breadcrumb\":{\"@id\":\"https:\\\/\\\/www.bellunopress.it\\\/2009\\\/06\\\/30\\\/al-via-il-meeting-internazionale-di-atletica-leggera\\\/#breadcrumb\"},\"inLanguage\":\"fr-FR\",\"potentialAction\":[{\"@type\":\"ReadAction\",\"target\":[\"https:\\\/\\\/www.bellunopress.it\\\/2009\\\/06\\\/30\\\/al-via-il-meeting-internazionale-di-atletica-leggera\\\/\"]}]},{\"@type\":\"BreadcrumbList\",\"@id\":\"https:\\\/\\\/www.bellunopress.it\\\/2009\\\/06\\\/30\\\/al-via-il-meeting-internazionale-di-atletica-leggera\\\/#breadcrumb\",\"itemListElement\":[{\"@type\":\"ListItem\",\"position\":1,\"name\":\"Home\",\"item\":\"https:\\\/\\\/www.bellunopress.it\\\/\"},{\"@type\":\"ListItem\",\"position\":2,\"name\":\"Al via il Meeting Internazionale di Atletica leggera\"}]},{\"@type\":\"WebSite\",\"@id\":\"https:\\\/\\\/www.bellunopress.it\\\/#website\",\"url\":\"https:\\\/\\\/www.bellunopress.it\\\/\",\"name\":\"Bellunopress - Dolomiti\",\"description\":\"e-mail: redazione@bellunopress.it\",\"publisher\":{\"@id\":\"https:\\\/\\\/www.bellunopress.it\\\/#organization\"},\"potentialAction\":[{\"@type\":\"SearchAction\",\"target\":{\"@type\":\"EntryPoint\",\"urlTemplate\":\"https:\\\/\\\/www.bellunopress.it\\\/?s={search_term_string}\"},\"query-input\":{\"@type\":\"PropertyValueSpecification\",\"valueRequired\":true,\"valueName\":\"search_term_string\"}}],\"inLanguage\":\"fr-FR\"},{\"@type\":\"Organization\",\"@id\":\"https:\\\/\\\/www.bellunopress.it\\\/#organization\",\"name\":\"Bellunopress\",\"url\":\"https:\\\/\\\/www.bellunopress.it\\\/\",\"logo\":{\"@type\":\"ImageObject\",\"inLanguage\":\"fr-FR\",\"@id\":\"https:\\\/\\\/www.bellunopress.it\\\/#\\\/schema\\\/logo\\\/image\\\/\",\"url\":\"https:\\\/\\\/www.bellunopress.it\\\/wp-content\\\/uploads\\\/2011\\\/05\\\/cropped-logo-bellunopress-.jpg\",\"contentUrl\":\"https:\\\/\\\/www.bellunopress.it\\\/wp-content\\\/uploads\\\/2011\\\/05\\\/cropped-logo-bellunopress-.jpg\",\"width\":512,\"height\":512,\"caption\":\"Bellunopress\"},\"image\":{\"@id\":\"https:\\\/\\\/www.bellunopress.it\\\/#\\\/schema\\\/logo\\\/image\\\/\"},\"sameAs\":[\"https:\\\/\\\/www.facebook.com\\\/profile.php?id=100008943462799\",\"https:\\\/\\\/x.com\\\/bellunopress\",\"https:\\\/\\\/www.linkedin.com\\\/hp\\\/?dnr=JBzUWaJfMUw8vbXJJ2tVW5-I3jZKvC4wsoxE&amp;amp;amp;amp;amp;amp;trk=nav_responsive_tab_home\",\"https:\\\/\\\/www.youtube.com\\\/channel\\\/UCxL0wu1uN0_3_7hGG0306cw\"]},{\"@type\":\"Person\",\"@id\":\"https:\\\/\\\/www.bellunopress.it\\\/#\\\/schema\\\/person\\\/79bb06722b37ece1c03d3e94beb30d73\",\"name\":\"redazione\",\"image\":{\"@type\":\"ImageObject\",\"inLanguage\":\"fr-FR\",\"@id\":\"https:\\\/\\\/secure.gravatar.com\\\/avatar\\\/37d968a2e67a6fd04c169c4bdef102d0bc5d31b2546345219e348575eb80e9a0?s=96&d=mm&r=g\",\"url\":\"https:\\\/\\\/secure.gravatar.com\\\/avatar\\\/37d968a2e67a6fd04c169c4bdef102d0bc5d31b2546345219e348575eb80e9a0?s=96&d=mm&r=g\",\"contentUrl\":\"https:\\\/\\\/secure.gravatar.com\\\/avatar\\\/37d968a2e67a6fd04c169c4bdef102d0bc5d31b2546345219e348575eb80e9a0?s=96&d=mm&r=g\",\"caption\":\"redazione\"},\"sameAs\":[\"http:\\\/\\\/www.bellunopress.it\",\"https:\\\/\\\/x.com\\\/bellunopress\"],\"url\":\"https:\\\/\\\/www.bellunopress.it\\\/fr\\\/author\\\/redazione\\\/\"}]}<\/script>\n<!-- \/ Yoast SEO plugin. -->","yoast_head_json":{"title":"Al via il Meeting Internazionale di Atletica leggera - Bellunopress - Dolomiti","robots":{"index":"index","follow":"follow","max-snippet":"max-snippet:-1","max-image-preview":"max-image-preview:large","max-video-preview":"max-video-preview:-1"},"canonical":"https:\/\/www.bellunopress.it\/fr\/2009\/06\/30\/al-via-il-meeting-internazionale-di-atletica-leggera\/","og_locale":"fr_FR","og_type":"article","og_title":"Al via il Meeting Internazionale di Atletica leggera - Bellunopress - Dolomiti","og_description":"La Provincia di Belluno, in collaborazione con il l\u2019Ufficio Scolastico Provinciale di Belluno, il C.O.N.I.\u00a0 C.P. di Belluno, la F.I.D.A.L. C.P. di Belluno e l\u2019ANA Atletica Feltre, organizzano dal 29 giugno al 3 luglio 2009 un campo internazionale di atletica leggera riservato a ragazzi e ragazze di 15 anni provenienti, oltre che da Belluno, da [&hellip;]","og_url":"https:\/\/www.bellunopress.it\/fr\/2009\/06\/30\/al-via-il-meeting-internazionale-di-atletica-leggera\/","og_site_name":"Bellunopress - Dolomiti","article_publisher":"https:\/\/www.facebook.com\/profile.php?id=100008943462799","article_published_time":"2009-06-30T11:24:47+00:00","og_image":[{"url":"http:\/\/www.bellunopress.it\/wp-content\/uploads\/2012\/07\/logo-bellunopress-250x250-2012.jpg","type":"","width":"","height":""}],"author":"redazione","twitter_card":"summary_large_image","twitter_creator":"@bellunopress","twitter_site":"@bellunopress","twitter_misc":{"Written by":"redazione","Est. reading time":"2 minutes"},"schema":{"@context":"https:\/\/schema.org","@graph":[{"@type":"Article","@id":"https:\/\/www.bellunopress.it\/2009\/06\/30\/al-via-il-meeting-internazionale-di-atletica-leggera\/#article","isPartOf":{"@id":"https:\/\/www.bellunopress.it\/2009\/06\/30\/al-via-il-meeting-internazionale-di-atletica-leggera\/"},"author":{"name":"redazione","@id":"https:\/\/www.bellunopress.it\/#\/schema\/person\/79bb06722b37ece1c03d3e94beb30d73"},"headline":"Al via il Meeting Internazionale di Atletica leggera","datePublished":"2009-06-30T11:24:47+00:00","mainEntityOfPage":{"@id":"https:\/\/www.bellunopress.it\/2009\/06\/30\/al-via-il-meeting-internazionale-di-atletica-leggera\/"},"wordCount":321,"publisher":{"@id":"https:\/\/www.bellunopress.it\/#organization"},"keywords":["Belluno","Feltre"],"articleSection":["Pausa Caff\u00e8","Sport, tempo libero"],"inLanguage":"fr-FR"},{"@type":"WebPage","@id":"https:\/\/www.bellunopress.it\/2009\/06\/30\/al-via-il-meeting-internazionale-di-atletica-leggera\/","url":"https:\/\/www.bellunopress.it\/2009\/06\/30\/al-via-il-meeting-internazionale-di-atletica-leggera\/","name":"Al via il Meeting Internazionale di Atletica leggera - Bellunopress - Dolomiti","isPartOf":{"@id":"https:\/\/www.bellunopress.it\/#website"},"datePublished":"2009-06-30T11:24:47+00:00","breadcrumb":{"@id":"https:\/\/www.bellunopress.it\/2009\/06\/30\/al-via-il-meeting-internazionale-di-atletica-leggera\/#breadcrumb"},"inLanguage":"fr-FR","potentialAction":[{"@type":"ReadAction","target":["https:\/\/www.bellunopress.it\/2009\/06\/30\/al-via-il-meeting-internazionale-di-atletica-leggera\/"]}]},{"@type":"BreadcrumbList","@id":"https:\/\/www.bellunopress.it\/2009\/06\/30\/al-via-il-meeting-internazionale-di-atletica-leggera\/#breadcrumb","itemListElement":[{"@type":"ListItem","position":1,"name":"Home","item":"https:\/\/www.bellunopress.it\/"},{"@type":"ListItem","position":2,"name":"Al via il Meeting Internazionale di Atletica leggera"}]},{"@type":"WebSite","@id":"https:\/\/www.bellunopress.it\/#website","url":"https:\/\/www.bellunopress.it\/","name":"Bellunopress - Dolomiti","description":"e-mail: redazione@bellunopress.it","publisher":{"@id":"https:\/\/www.bellunopress.it\/#organization"},"potentialAction":[{"@type":"SearchAction","target":{"@type":"EntryPoint","urlTemplate":"https:\/\/www.bellunopress.it\/?s={search_term_string}"},"query-input":{"@type":"PropertyValueSpecification","valueRequired":true,"valueName":"search_term_string"}}],"inLanguage":"fr-FR"},{"@type":"Organization","@id":"https:\/\/www.bellunopress.it\/#organization","name":"Bellunopress","url":"https:\/\/www.bellunopress.it\/","logo":{"@type":"ImageObject","inLanguage":"fr-FR","@id":"https:\/\/www.bellunopress.it\/#\/schema\/logo\/image\/","url":"https:\/\/www.bellunopress.it\/wp-content\/uploads\/2011\/05\/cropped-logo-bellunopress-.jpg","contentUrl":"https:\/\/www.bellunopress.it\/wp-content\/uploads\/2011\/05\/cropped-logo-bellunopress-.jpg","width":512,"height":512,"caption":"Bellunopress"},"image":{"@id":"https:\/\/www.bellunopress.it\/#\/schema\/logo\/image\/"},"sameAs":["https:\/\/www.facebook.com\/profile.php?id=100008943462799","https:\/\/x.com\/bellunopress","https:\/\/www.linkedin.com\/hp\/?dnr=JBzUWaJfMUw8vbXJJ2tVW5-I3jZKvC4wsoxE&amp;amp;amp;amp;amp;amp;trk=nav_responsive_tab_home","https:\/\/www.youtube.com\/channel\/UCxL0wu1uN0_3_7hGG0306cw"]},{"@type":"Person","@id":"https:\/\/www.bellunopress.it\/#\/schema\/person\/79bb06722b37ece1c03d3e94beb30d73","name":"r\u00e9daction","image":{"@type":"ImageObject","inLanguage":"fr-FR","@id":"https:\/\/secure.gravatar.com\/avatar\/37d968a2e67a6fd04c169c4bdef102d0bc5d31b2546345219e348575eb80e9a0?s=96&d=mm&r=g","url":"https:\/\/secure.gravatar.com\/avatar\/37d968a2e67a6fd04c169c4bdef102d0bc5d31b2546345219e348575eb80e9a0?s=96&d=mm&r=g","contentUrl":"https:\/\/secure.gravatar.com\/avatar\/37d968a2e67a6fd04c169c4bdef102d0bc5d31b2546345219e348575eb80e9a0?s=96&d=mm&r=g","caption":"redazione"},"sameAs":["http:\/\/www.bellunopress.it","https:\/\/x.com\/bellunopress"],"url":"https:\/\/www.bellunopress.it\/fr\/author\/redazione\/"}]}},"_links":{"self":[{"href":"https:\/\/www.bellunopress.it\/fr\/wp-json\/wp\/v2\/posts\/5525","targetHints":{"allow":["GET"]}}],"collection":[{"href":"https:\/\/www.bellunopress.it\/fr\/wp-json\/wp\/v2\/posts"}],"about":[{"href":"https:\/\/www.bellunopress.it\/fr\/wp-json\/wp\/v2\/types\/post"}],"author":[{"embeddable":true,"href":"https:\/\/www.bellunopress.it\/fr\/wp-json\/wp\/v2\/users\/2"}],"replies":[{"embeddable":true,"href":"https:\/\/www.bellunopress.it\/fr\/wp-json\/wp\/v2\/comments?post=5525"}],"version-history":[{"count":1,"href":"https:\/\/www.bellunopress.it\/fr\/wp-json\/wp\/v2\/posts\/5525\/revisions"}],"predecessor-version":[{"id":5526,"href":"https:\/\/www.bellunopress.it\/fr\/wp-json\/wp\/v2\/posts\/5525\/revisions\/5526"}],"wp:attachment":[{"href":"https:\/\/www.bellunopress.it\/fr\/wp-json\/wp\/v2\/media?parent=5525"}],"wp:term":[{"taxonomy":"category","embeddable":true,"href":"https:\/\/www.bellunopress.it\/fr\/wp-json\/wp\/v2\/categories?post=5525"},{"taxonomy":"post_tag","embeddable":true,"href":"https:\/\/www.bellunopress.it\/fr\/wp-json\/wp\/v2\/tags?post=5525"}],"curies":[{"name":"wp","href":"https:\/\/api.w.org\/{rel}","templated":true}]}}