{"id":5521,"date":"2009-06-30T11:32:18","date_gmt":"2009-06-30T10:32:18","guid":{"rendered":"http:\/\/www.bellunopress.it\/?p=5521"},"modified":"2009-06-30T11:32:18","modified_gmt":"2009-06-30T10:32:18","slug":"festa-destate-al-parco-nazionale-delle-dolomiti-bellunesi","status":"publish","type":"post","link":"https:\/\/www.bellunopress.it\/fr\/2009\/06\/30\/festa-destate-al-parco-nazionale-delle-dolomiti-bellunesi\/","title":{"rendered":"Festa d&#8217;estate al Parco Nazionale delle Dolomiti Bellunesi"},"content":{"rendered":"<p><a href=\"http:\/\/www.bellunopress.it\/wp-content\/uploads\/2009\/05\/parco-dolomiti-bellunesi.jpg\"><img loading=\"lazy\" decoding=\"async\" class=\"alignleft size-medium wp-image-3944\" title=\"parco-dolomiti-bellunesi\" src=\"http:\/\/www.bellunopress.it\/wp-content\/uploads\/2009\/05\/parco-dolomiti-bellunesi.jpg\" alt=\"\" width=\"60\" height=\"104\" \/><\/a>l 4 e 5 luglio torna, per il quinto anno, la \u201cFesta d\u2019estate al Parco\u201d: la manifestazione culturale e gastronomica nata per promuovere il Parco Nazionale Dolomiti Bellunesi e i prodotti tipici locali. A Feltre il grande giardino che circonda Villa Binotto, sede degli uffici del Parco, ospiter\u00e0 eventi culturali e spettacoli per grandi e piccini, assieme ad un mercatino di prodotti agricoli ed artigianali locali, che si fregiano del logo \u201cCarta Qualit\u00e0\u201d del Parco. Il mercatino rester\u00e0 aperto sabato e domenica, dalle 10.00 alle 22.00.<br \/>\nQuesto il programma dettagliato della due giorni di Feltre.<\/p>\n<p>Sabato 4 luglio<br \/>\n15.00-17.30 Laboratorio per bambini: Nelso Salton e Nello da Pont costruiscono assieme ai bambini, con oggetti riciclati, strumenti musicali<br \/>\n15.00-18.00 \u201cAdventure Park\u201d: emozionanti percorsi avventura per i bambini, a cura delle Guide Alpine di Universo Verticale<br \/>\n18.00-19.00 \u201cPangea\u201d: spettacolo teatrale per bambini della compagnia Teatro Telaio<br \/>\n19.00-21.00 Men\u00f9 del Parco: cena con prodotti di Carta Qualit\u00e0 presso lo stand enogastronomico, realizzato con la collaborazione del ristorante \u201cLa Casona\u201d di Feltre.<br \/>\n21.00 \u201cBalcanikaos\u201d: spettacolo teatral-musicale dedicato alla musica e alla letteratura dell\u2019est europeo, a cura di Teatro Guascone<\/p>\n<p>Domenica 5 luglio<br \/>\n11.00-18.00 \u201cLa casa delle api\u201d: laboratorio didattico sulle api, in collaborazione con il gruppo apicoltori di Cesiomaggiore e Apidolomiti<br \/>\n12.00-14.00 Men\u00f9 del Parco: pranzo con prodotti Carta Qualit\u00e0 presso lo stand enogastronomico<br \/>\n15.00-18.00 Animazione per bambini: trucchi, palloncini e spettacoli di magia a cura del gruppo Panta Rei<br \/>\n15.00-18.00 Passeggiate a cavallo per bambini curate dall\u2019associazione Giacche verdi<br \/>\n15.00-18.00 \u201cAdventure Park\u201d: emozionanti percorsi avventura per i bambini, a cura delle Guide Alpine di Universo Verticale<br \/>\n18.00 Aperitivo jazz con il duo Marco Crestani e Ruggero Brigo<br \/>\n19.00-21.00 Men\u00f9 del Parco: cena con prodotti Carta Qualit\u00e0 presso lo stand enogastronomico<br \/>\n21.00 \u201cSymphonia\u201d: spettacolo comico a cura degli Slapsus di Zelig<\/p>\n<p>Il programma prevede anche, per domenica 5 luglio,\u00a0 una serie di incontri e dibattiti.<br \/>\nAlle 10.00 si terr\u00e0 un incontro con i cittadini, le associazioni e le istituzioni bellunesi per presentare lo stato di avanzamento del Piano di gestione del SIC (Sito di Importanza Comunitaria) e ZPS (Zona di Protezione Speciale) del Parco. SIC e ZPS sono alla base della rete \u201cNatura 2000\u201d: il principale strumento della politica dell&#8217;Unione Europea per la conservazione della biodiversit\u00e0. Si tratta di una rete ecologica diffusa su tutto il territorio dell&#8217;Unione, istituita ai sensi della Direttiva\u00a0 &#8220;Habitat&#8221; del 1992, per garantire il mantenimento a lungo termine degli habitat naturali e delle specie di flora e fauna minacciati o rari a livello comunitario.<br \/>\nIl Parco Nazionale Dolomiti Bellunesi costituisce una delle ZPS della rete Natura 2000 e, per questo, deve dotarsi di un Piano di gestione: un documento\u00a0 che stabilisce le modalit\u00e0 di conservazione dell\u2019area e che deve essere condiviso con i residenti e le amministrazioni locali. Quello del 5 luglio \u00e8 il secondo incontro pubblico organizzato dal Parco per presentare il Piano di gestione e ha lo scopo di illustrare ai residenti il significato del documento, i criteri e i metodi adottati per la sua redazione, le modalit\u00e0 che saranno utilizzate per raccogliere le osservazioni dei residenti. Sempre domenica 5 luglio, alle 12.00, \u00e8 previsto l\u2019evento \u201cAlla ricerca della qualit\u00e0\u201d: un dibattito-esposizione sui prodotti agricoli che gli altri Paesi ci imitano, a cura della Coldiretti. Al termine aperitivo con prodotti del Parco Nazionale Dolomiti Bellunesi. L\u2019ultimo incontro della domenica \u00e8 previsto alle ore 16.00, con la conferenza dibattito \u201cIl rapporto spirituale con la natura\u201d, a cura dell\u2019associazione La via del cuore.<br \/>\nL\u2019ingresso alla Festa d\u2019estate e a tutti gli spettacoli \u00e8 gratuito. La manifestazione \u00e8 patrocinata dalla Citt\u00e0 di Feltre e dal Comune di Pedavena e realizzata con il contributo di Lattebusche, una delle quasi 246 aziende che fanno parte del circuito \u201cCarta Qualit\u00e0\u201d del Parco.<\/p>","protected":false},"excerpt":{"rendered":"<p>l 4 e 5 luglio torna, per il quinto anno, la \u201cFesta d\u2019estate al Parco\u201d: la manifestazione culturale e gastronomica nata per promuovere il Parco Nazionale Dolomiti Bellunesi e i prodotti tipici locali. A Feltre il grande giardino che circonda Villa Binotto, sede degli uffici del Parco, ospiter\u00e0 eventi culturali e spettacoli per grandi e [&hellip;]<\/p>\n","protected":false},"author":2,"featured_media":0,"comment_status":"closed","ping_status":"open","sticky":false,"template":"","format":"standard","meta":{"footnotes":""},"categories":[27,38,25],"tags":[139,63,302],"class_list":["post-5521","post","type-post","status-publish","format-standard","category-appuntamenti","category-natura-ambiente","category-pausa-caffe","tag-belluno","tag-dolomiti","tag-feltre"],"yoast_head":"<!-- This site is optimized with the Yoast SEO plugin v28.4 - https:\/\/yoast.com\/product\/yoast-seo-wordpress\/ -->\n<title>Festa d&#039;estate al Parco Nazionale delle Dolomiti Bellunesi - Bellunopress - Dolomiti<\/title>\n<meta name=\"robots\" content=\"index, follow, max-snippet:-1, max-image-preview:large, max-video-preview:-1\" \/>\n<link rel=\"canonical\" href=\"https:\/\/www.bellunopress.it\/fr\/2009\/06\/30\/festa-destate-al-parco-nazionale-delle-dolomiti-bellunesi\/\" \/>\n<meta property=\"og:locale\" content=\"fr_FR\" \/>\n<meta property=\"og:type\" content=\"article\" \/>\n<meta property=\"og:title\" content=\"Festa d&#039;estate al Parco Nazionale delle Dolomiti Bellunesi - Bellunopress - Dolomiti\" \/>\n<meta property=\"og:description\" content=\"l 4 e 5 luglio torna, per il quinto anno, la \u201cFesta d\u2019estate al Parco\u201d: la manifestazione culturale e gastronomica nata per promuovere il Parco Nazionale Dolomiti Bellunesi e i prodotti tipici locali. A Feltre il grande giardino che circonda Villa Binotto, sede degli uffici del Parco, ospiter\u00e0 eventi culturali e spettacoli per grandi e [&hellip;]\" \/>\n<meta property=\"og:url\" content=\"https:\/\/www.bellunopress.it\/fr\/2009\/06\/30\/festa-destate-al-parco-nazionale-delle-dolomiti-bellunesi\/\" \/>\n<meta property=\"og:site_name\" content=\"Bellunopress - Dolomiti\" \/>\n<meta property=\"article:publisher\" content=\"https:\/\/www.facebook.com\/profile.php?id=100008943462799\" \/>\n<meta property=\"article:published_time\" content=\"2009-06-30T10:32:18+00:00\" \/>\n<meta property=\"og:image\" content=\"http:\/\/www.bellunopress.it\/wp-content\/uploads\/2009\/05\/parco-dolomiti-bellunesi.jpg\" \/>\n<meta name=\"author\" content=\"redazione\" \/>\n<meta name=\"twitter:card\" content=\"summary_large_image\" \/>\n<meta name=\"twitter:creator\" content=\"@bellunopress\" \/>\n<meta name=\"twitter:site\" content=\"@bellunopress\" \/>\n<meta name=\"twitter:label1\" content=\"Written by\" \/>\n\t<meta name=\"twitter:data1\" content=\"redazione\" \/>\n\t<meta name=\"twitter:label2\" content=\"Est. reading time\" \/>\n\t<meta name=\"twitter:data2\" content=\"3 minutes\" \/>\n<script type=\"application\/ld+json\" class=\"yoast-schema-graph\">{\"@context\":\"https:\\\/\\\/schema.org\",\"@graph\":[{\"@type\":\"Article\",\"@id\":\"https:\\\/\\\/www.bellunopress.it\\\/2009\\\/06\\\/30\\\/festa-destate-al-parco-nazionale-delle-dolomiti-bellunesi\\\/#article\",\"isPartOf\":{\"@id\":\"https:\\\/\\\/www.bellunopress.it\\\/2009\\\/06\\\/30\\\/festa-destate-al-parco-nazionale-delle-dolomiti-bellunesi\\\/\"},\"author\":{\"name\":\"redazione\",\"@id\":\"https:\\\/\\\/www.bellunopress.it\\\/#\\\/schema\\\/person\\\/79bb06722b37ece1c03d3e94beb30d73\"},\"headline\":\"Festa d&#8217;estate al Parco Nazionale delle Dolomiti Bellunesi\",\"datePublished\":\"2009-06-30T10:32:18+00:00\",\"mainEntityOfPage\":{\"@id\":\"https:\\\/\\\/www.bellunopress.it\\\/2009\\\/06\\\/30\\\/festa-destate-al-parco-nazionale-delle-dolomiti-bellunesi\\\/\"},\"wordCount\":615,\"publisher\":{\"@id\":\"https:\\\/\\\/www.bellunopress.it\\\/#organization\"},\"image\":{\"@id\":\"https:\\\/\\\/www.bellunopress.it\\\/2009\\\/06\\\/30\\\/festa-destate-al-parco-nazionale-delle-dolomiti-bellunesi\\\/#primaryimage\"},\"thumbnailUrl\":\"http:\\\/\\\/www.bellunopress.it\\\/wp-content\\\/uploads\\\/2009\\\/05\\\/parco-dolomiti-bellunesi.jpg\",\"keywords\":[\"Belluno\",\"Dolomiti\",\"Feltre\"],\"articleSection\":[\"Appuntamenti, Eventi\",\"Meteo, natura, ambiente, animali\",\"Pausa Caff\u00e8\"],\"inLanguage\":\"fr-FR\"},{\"@type\":\"WebPage\",\"@id\":\"https:\\\/\\\/www.bellunopress.it\\\/2009\\\/06\\\/30\\\/festa-destate-al-parco-nazionale-delle-dolomiti-bellunesi\\\/\",\"url\":\"https:\\\/\\\/www.bellunopress.it\\\/2009\\\/06\\\/30\\\/festa-destate-al-parco-nazionale-delle-dolomiti-bellunesi\\\/\",\"name\":\"Festa d'estate al Parco Nazionale delle Dolomiti Bellunesi - Bellunopress - Dolomiti\",\"isPartOf\":{\"@id\":\"https:\\\/\\\/www.bellunopress.it\\\/#website\"},\"primaryImageOfPage\":{\"@id\":\"https:\\\/\\\/www.bellunopress.it\\\/2009\\\/06\\\/30\\\/festa-destate-al-parco-nazionale-delle-dolomiti-bellunesi\\\/#primaryimage\"},\"image\":{\"@id\":\"https:\\\/\\\/www.bellunopress.it\\\/2009\\\/06\\\/30\\\/festa-destate-al-parco-nazionale-delle-dolomiti-bellunesi\\\/#primaryimage\"},\"thumbnailUrl\":\"http:\\\/\\\/www.bellunopress.it\\\/wp-content\\\/uploads\\\/2009\\\/05\\\/parco-dolomiti-bellunesi.jpg\",\"datePublished\":\"2009-06-30T10:32:18+00:00\",\"breadcrumb\":{\"@id\":\"https:\\\/\\\/www.bellunopress.it\\\/2009\\\/06\\\/30\\\/festa-destate-al-parco-nazionale-delle-dolomiti-bellunesi\\\/#breadcrumb\"},\"inLanguage\":\"fr-FR\",\"potentialAction\":[{\"@type\":\"ReadAction\",\"target\":[\"https:\\\/\\\/www.bellunopress.it\\\/2009\\\/06\\\/30\\\/festa-destate-al-parco-nazionale-delle-dolomiti-bellunesi\\\/\"]}]},{\"@type\":\"ImageObject\",\"inLanguage\":\"fr-FR\",\"@id\":\"https:\\\/\\\/www.bellunopress.it\\\/2009\\\/06\\\/30\\\/festa-destate-al-parco-nazionale-delle-dolomiti-bellunesi\\\/#primaryimage\",\"url\":\"http:\\\/\\\/www.bellunopress.it\\\/wp-content\\\/uploads\\\/2009\\\/05\\\/parco-dolomiti-bellunesi.jpg\",\"contentUrl\":\"http:\\\/\\\/www.bellunopress.it\\\/wp-content\\\/uploads\\\/2009\\\/05\\\/parco-dolomiti-bellunesi.jpg\"},{\"@type\":\"BreadcrumbList\",\"@id\":\"https:\\\/\\\/www.bellunopress.it\\\/2009\\\/06\\\/30\\\/festa-destate-al-parco-nazionale-delle-dolomiti-bellunesi\\\/#breadcrumb\",\"itemListElement\":[{\"@type\":\"ListItem\",\"position\":1,\"name\":\"Home\",\"item\":\"https:\\\/\\\/www.bellunopress.it\\\/\"},{\"@type\":\"ListItem\",\"position\":2,\"name\":\"Festa d&#8217;estate al Parco Nazionale delle Dolomiti Bellunesi\"}]},{\"@type\":\"WebSite\",\"@id\":\"https:\\\/\\\/www.bellunopress.it\\\/#website\",\"url\":\"https:\\\/\\\/www.bellunopress.it\\\/\",\"name\":\"Bellunopress - Dolomiti\",\"description\":\"e-mail: redazione@bellunopress.it\",\"publisher\":{\"@id\":\"https:\\\/\\\/www.bellunopress.it\\\/#organization\"},\"potentialAction\":[{\"@type\":\"SearchAction\",\"target\":{\"@type\":\"EntryPoint\",\"urlTemplate\":\"https:\\\/\\\/www.bellunopress.it\\\/?s={search_term_string}\"},\"query-input\":{\"@type\":\"PropertyValueSpecification\",\"valueRequired\":true,\"valueName\":\"search_term_string\"}}],\"inLanguage\":\"fr-FR\"},{\"@type\":\"Organization\",\"@id\":\"https:\\\/\\\/www.bellunopress.it\\\/#organization\",\"name\":\"Bellunopress\",\"url\":\"https:\\\/\\\/www.bellunopress.it\\\/\",\"logo\":{\"@type\":\"ImageObject\",\"inLanguage\":\"fr-FR\",\"@id\":\"https:\\\/\\\/www.bellunopress.it\\\/#\\\/schema\\\/logo\\\/image\\\/\",\"url\":\"https:\\\/\\\/www.bellunopress.it\\\/wp-content\\\/uploads\\\/2011\\\/05\\\/cropped-logo-bellunopress-.jpg\",\"contentUrl\":\"https:\\\/\\\/www.bellunopress.it\\\/wp-content\\\/uploads\\\/2011\\\/05\\\/cropped-logo-bellunopress-.jpg\",\"width\":512,\"height\":512,\"caption\":\"Bellunopress\"},\"image\":{\"@id\":\"https:\\\/\\\/www.bellunopress.it\\\/#\\\/schema\\\/logo\\\/image\\\/\"},\"sameAs\":[\"https:\\\/\\\/www.facebook.com\\\/profile.php?id=100008943462799\",\"https:\\\/\\\/x.com\\\/bellunopress\",\"https:\\\/\\\/www.linkedin.com\\\/hp\\\/?dnr=JBzUWaJfMUw8vbXJJ2tVW5-I3jZKvC4wsoxE&amp;amp;amp;amp;amp;amp;trk=nav_responsive_tab_home\",\"https:\\\/\\\/www.youtube.com\\\/channel\\\/UCxL0wu1uN0_3_7hGG0306cw\"]},{\"@type\":\"Person\",\"@id\":\"https:\\\/\\\/www.bellunopress.it\\\/#\\\/schema\\\/person\\\/79bb06722b37ece1c03d3e94beb30d73\",\"name\":\"redazione\",\"image\":{\"@type\":\"ImageObject\",\"inLanguage\":\"fr-FR\",\"@id\":\"https:\\\/\\\/secure.gravatar.com\\\/avatar\\\/37d968a2e67a6fd04c169c4bdef102d0bc5d31b2546345219e348575eb80e9a0?s=96&d=mm&r=g\",\"url\":\"https:\\\/\\\/secure.gravatar.com\\\/avatar\\\/37d968a2e67a6fd04c169c4bdef102d0bc5d31b2546345219e348575eb80e9a0?s=96&d=mm&r=g\",\"contentUrl\":\"https:\\\/\\\/secure.gravatar.com\\\/avatar\\\/37d968a2e67a6fd04c169c4bdef102d0bc5d31b2546345219e348575eb80e9a0?s=96&d=mm&r=g\",\"caption\":\"redazione\"},\"sameAs\":[\"http:\\\/\\\/www.bellunopress.it\",\"https:\\\/\\\/x.com\\\/bellunopress\"],\"url\":\"https:\\\/\\\/www.bellunopress.it\\\/fr\\\/author\\\/redazione\\\/\"}]}<\/script>\n<!-- \/ Yoast SEO plugin. -->","yoast_head_json":{"title":"Festa d'estate al Parco Nazionale delle Dolomiti Bellunesi - Bellunopress - Dolomiti","robots":{"index":"index","follow":"follow","max-snippet":"max-snippet:-1","max-image-preview":"max-image-preview:large","max-video-preview":"max-video-preview:-1"},"canonical":"https:\/\/www.bellunopress.it\/fr\/2009\/06\/30\/festa-destate-al-parco-nazionale-delle-dolomiti-bellunesi\/","og_locale":"fr_FR","og_type":"article","og_title":"Festa d'estate al Parco Nazionale delle Dolomiti Bellunesi - Bellunopress - Dolomiti","og_description":"l 4 e 5 luglio torna, per il quinto anno, la \u201cFesta d\u2019estate al Parco\u201d: la manifestazione culturale e gastronomica nata per promuovere il Parco Nazionale Dolomiti Bellunesi e i prodotti tipici locali. A Feltre il grande giardino che circonda Villa Binotto, sede degli uffici del Parco, ospiter\u00e0 eventi culturali e spettacoli per grandi e [&hellip;]","og_url":"https:\/\/www.bellunopress.it\/fr\/2009\/06\/30\/festa-destate-al-parco-nazionale-delle-dolomiti-bellunesi\/","og_site_name":"Bellunopress - Dolomiti","article_publisher":"https:\/\/www.facebook.com\/profile.php?id=100008943462799","article_published_time":"2009-06-30T10:32:18+00:00","og_image":[{"url":"http:\/\/www.bellunopress.it\/wp-content\/uploads\/2009\/05\/parco-dolomiti-bellunesi.jpg","type":"","width":"","height":""}],"author":"redazione","twitter_card":"summary_large_image","twitter_creator":"@bellunopress","twitter_site":"@bellunopress","twitter_misc":{"Written by":"redazione","Est. reading time":"3 minutes"},"schema":{"@context":"https:\/\/schema.org","@graph":[{"@type":"Article","@id":"https:\/\/www.bellunopress.it\/2009\/06\/30\/festa-destate-al-parco-nazionale-delle-dolomiti-bellunesi\/#article","isPartOf":{"@id":"https:\/\/www.bellunopress.it\/2009\/06\/30\/festa-destate-al-parco-nazionale-delle-dolomiti-bellunesi\/"},"author":{"name":"redazione","@id":"https:\/\/www.bellunopress.it\/#\/schema\/person\/79bb06722b37ece1c03d3e94beb30d73"},"headline":"Festa d&#8217;estate al Parco Nazionale delle Dolomiti Bellunesi","datePublished":"2009-06-30T10:32:18+00:00","mainEntityOfPage":{"@id":"https:\/\/www.bellunopress.it\/2009\/06\/30\/festa-destate-al-parco-nazionale-delle-dolomiti-bellunesi\/"},"wordCount":615,"publisher":{"@id":"https:\/\/www.bellunopress.it\/#organization"},"image":{"@id":"https:\/\/www.bellunopress.it\/2009\/06\/30\/festa-destate-al-parco-nazionale-delle-dolomiti-bellunesi\/#primaryimage"},"thumbnailUrl":"http:\/\/www.bellunopress.it\/wp-content\/uploads\/2009\/05\/parco-dolomiti-bellunesi.jpg","keywords":["Belluno","Dolomiti","Feltre"],"articleSection":["Appuntamenti, Eventi","Meteo, natura, ambiente, animali","Pausa Caff\u00e8"],"inLanguage":"fr-FR"},{"@type":"WebPage","@id":"https:\/\/www.bellunopress.it\/2009\/06\/30\/festa-destate-al-parco-nazionale-delle-dolomiti-bellunesi\/","url":"https:\/\/www.bellunopress.it\/2009\/06\/30\/festa-destate-al-parco-nazionale-delle-dolomiti-bellunesi\/","name":"Festa d'estate al Parco Nazionale delle Dolomiti Bellunesi - Bellunopress - Dolomiti","isPartOf":{"@id":"https:\/\/www.bellunopress.it\/#website"},"primaryImageOfPage":{"@id":"https:\/\/www.bellunopress.it\/2009\/06\/30\/festa-destate-al-parco-nazionale-delle-dolomiti-bellunesi\/#primaryimage"},"image":{"@id":"https:\/\/www.bellunopress.it\/2009\/06\/30\/festa-destate-al-parco-nazionale-delle-dolomiti-bellunesi\/#primaryimage"},"thumbnailUrl":"http:\/\/www.bellunopress.it\/wp-content\/uploads\/2009\/05\/parco-dolomiti-bellunesi.jpg","datePublished":"2009-06-30T10:32:18+00:00","breadcrumb":{"@id":"https:\/\/www.bellunopress.it\/2009\/06\/30\/festa-destate-al-parco-nazionale-delle-dolomiti-bellunesi\/#breadcrumb"},"inLanguage":"fr-FR","potentialAction":[{"@type":"ReadAction","target":["https:\/\/www.bellunopress.it\/2009\/06\/30\/festa-destate-al-parco-nazionale-delle-dolomiti-bellunesi\/"]}]},{"@type":"ImageObject","inLanguage":"fr-FR","@id":"https:\/\/www.bellunopress.it\/2009\/06\/30\/festa-destate-al-parco-nazionale-delle-dolomiti-bellunesi\/#primaryimage","url":"http:\/\/www.bellunopress.it\/wp-content\/uploads\/2009\/05\/parco-dolomiti-bellunesi.jpg","contentUrl":"http:\/\/www.bellunopress.it\/wp-content\/uploads\/2009\/05\/parco-dolomiti-bellunesi.jpg"},{"@type":"BreadcrumbList","@id":"https:\/\/www.bellunopress.it\/2009\/06\/30\/festa-destate-al-parco-nazionale-delle-dolomiti-bellunesi\/#breadcrumb","itemListElement":[{"@type":"ListItem","position":1,"name":"Home","item":"https:\/\/www.bellunopress.it\/"},{"@type":"ListItem","position":2,"name":"Festa d&#8217;estate al Parco Nazionale delle Dolomiti Bellunesi"}]},{"@type":"WebSite","@id":"https:\/\/www.bellunopress.it\/#website","url":"https:\/\/www.bellunopress.it\/","name":"Bellunopress - Dolomiti","description":"e-mail: redazione@bellunopress.it","publisher":{"@id":"https:\/\/www.bellunopress.it\/#organization"},"potentialAction":[{"@type":"SearchAction","target":{"@type":"EntryPoint","urlTemplate":"https:\/\/www.bellunopress.it\/?s={search_term_string}"},"query-input":{"@type":"PropertyValueSpecification","valueRequired":true,"valueName":"search_term_string"}}],"inLanguage":"fr-FR"},{"@type":"Organization","@id":"https:\/\/www.bellunopress.it\/#organization","name":"Bellunopress","url":"https:\/\/www.bellunopress.it\/","logo":{"@type":"ImageObject","inLanguage":"fr-FR","@id":"https:\/\/www.bellunopress.it\/#\/schema\/logo\/image\/","url":"https:\/\/www.bellunopress.it\/wp-content\/uploads\/2011\/05\/cropped-logo-bellunopress-.jpg","contentUrl":"https:\/\/www.bellunopress.it\/wp-content\/uploads\/2011\/05\/cropped-logo-bellunopress-.jpg","width":512,"height":512,"caption":"Bellunopress"},"image":{"@id":"https:\/\/www.bellunopress.it\/#\/schema\/logo\/image\/"},"sameAs":["https:\/\/www.facebook.com\/profile.php?id=100008943462799","https:\/\/x.com\/bellunopress","https:\/\/www.linkedin.com\/hp\/?dnr=JBzUWaJfMUw8vbXJJ2tVW5-I3jZKvC4wsoxE&amp;amp;amp;amp;amp;amp;trk=nav_responsive_tab_home","https:\/\/www.youtube.com\/channel\/UCxL0wu1uN0_3_7hGG0306cw"]},{"@type":"Person","@id":"https:\/\/www.bellunopress.it\/#\/schema\/person\/79bb06722b37ece1c03d3e94beb30d73","name":"r\u00e9daction","image":{"@type":"ImageObject","inLanguage":"fr-FR","@id":"https:\/\/secure.gravatar.com\/avatar\/37d968a2e67a6fd04c169c4bdef102d0bc5d31b2546345219e348575eb80e9a0?s=96&d=mm&r=g","url":"https:\/\/secure.gravatar.com\/avatar\/37d968a2e67a6fd04c169c4bdef102d0bc5d31b2546345219e348575eb80e9a0?s=96&d=mm&r=g","contentUrl":"https:\/\/secure.gravatar.com\/avatar\/37d968a2e67a6fd04c169c4bdef102d0bc5d31b2546345219e348575eb80e9a0?s=96&d=mm&r=g","caption":"redazione"},"sameAs":["http:\/\/www.bellunopress.it","https:\/\/x.com\/bellunopress"],"url":"https:\/\/www.bellunopress.it\/fr\/author\/redazione\/"}]}},"_links":{"self":[{"href":"https:\/\/www.bellunopress.it\/fr\/wp-json\/wp\/v2\/posts\/5521","targetHints":{"allow":["GET"]}}],"collection":[{"href":"https:\/\/www.bellunopress.it\/fr\/wp-json\/wp\/v2\/posts"}],"about":[{"href":"https:\/\/www.bellunopress.it\/fr\/wp-json\/wp\/v2\/types\/post"}],"author":[{"embeddable":true,"href":"https:\/\/www.bellunopress.it\/fr\/wp-json\/wp\/v2\/users\/2"}],"replies":[{"embeddable":true,"href":"https:\/\/www.bellunopress.it\/fr\/wp-json\/wp\/v2\/comments?post=5521"}],"version-history":[{"count":3,"href":"https:\/\/www.bellunopress.it\/fr\/wp-json\/wp\/v2\/posts\/5521\/revisions"}],"predecessor-version":[{"id":5524,"href":"https:\/\/www.bellunopress.it\/fr\/wp-json\/wp\/v2\/posts\/5521\/revisions\/5524"}],"wp:attachment":[{"href":"https:\/\/www.bellunopress.it\/fr\/wp-json\/wp\/v2\/media?parent=5521"}],"wp:term":[{"taxonomy":"category","embeddable":true,"href":"https:\/\/www.bellunopress.it\/fr\/wp-json\/wp\/v2\/categories?post=5521"},{"taxonomy":"post_tag","embeddable":true,"href":"https:\/\/www.bellunopress.it\/fr\/wp-json\/wp\/v2\/tags?post=5521"}],"curies":[{"name":"wp","href":"https:\/\/api.w.org\/{rel}","templated":true}]}}