{"id":5516,"date":"2009-06-29T19:46:49","date_gmt":"2009-06-29T18:46:49","guid":{"rendered":"http:\/\/www.bellunopress.it\/?p=5516"},"modified":"2009-06-29T19:46:49","modified_gmt":"2009-06-29T18:46:49","slug":"atlete-in-vacanza-lucchetta-vola-ai-giochi-di-miami","status":"publish","type":"post","link":"https:\/\/www.bellunopress.it\/fr\/2009\/06\/29\/atlete-in-vacanza-lucchetta-vola-ai-giochi-di-miami\/","title":{"rendered":"Atlete in &#8220;vacanza&#8221;, Lucchetta vola ai Giochi di Miami"},"content":{"rendered":"<p><a href=\"http:\/\/www.bellunopress.it\/wp-content\/uploads\/2009\/06\/lucchetta-e-atlete-spes_primavera-prosecco-doc.jpg\"><img loading=\"lazy\" decoding=\"async\" class=\"alignleft size-medium wp-image-5517\" title=\"lucchetta-e-atlete-spes_primavera-prosecco-doc\" src=\"http:\/\/www.bellunopress.it\/wp-content\/uploads\/2009\/06\/lucchetta-e-atlete-spes_primavera-prosecco-doc.jpg\" alt=\"\" width=\"280\" height=\"160\" \/><\/a>La Zoppas Industries Conegliano ha chiuso la prima parte della preparazione per la prossima stagione di A1. Venerd\u00ec mattina c&#8217;\u00e8 stato l&#8217;ultimo allenamento prima della pausa estiva. In serata il brindisi conclusivo con un calice di prosecco in occasione della premiazione del Gran Premio Primavera Prosecco DOC. Serafin, Manzano, Do Carmo, Positello, Ghisellini e Rossetto hanno premiato i campioni del concorso e il binomio tra eccellenze sportive e agro-turistiche ha ottenuto il plauso, tra gli altri, del sindaco Alberto Maniero e dell&#8217;assessore provinciale all&#8217;Agricoltura Marco Prosdocimo. Da questa settimana per le altete inizia una seconda parte di preparazione, con schede di allenamento individuali che dovranno rispettare per trovarsi pronte al rientro in palestra, a met\u00e0 agosto. Per la Spes e la Zoppas Arena non \u00e8 ancora periodo di ferie estive. Da una parte la societ\u00e0 \u00e8 impegnata nella programmazione della prossima stagione e nella ricerca dei due innesti per la squadra. Dall&#8217;altra il palasport si prepara ad accogliere l&#8217;Italia femminile di Barbolini: allenamenti dall&#8217;8 luglio, girone di qualificazione per i Mondiali dal 17 al 19 luglio (tutte le informazioni su <a href=\"http:\/\/www.zoppasarena.it\">www.zoppasarena.it<\/a>). Parlando della prossima Zoppas, Giovanni Lucchetta sta raccogliendo informazioni utili a individuare la schiacciatrice e la centrale ideali. Partir\u00e0 domani alla volta di Miami, in Florida, per assistere ai Giochi Panamericani di volley femminile che vedono in competizione alcune importanti nazionali e molte atlete interessanti. &#8220;La situazione economica generale porta le altete a ragionare a lungo prima di decidere sul proprio futuro &#8211; spiega Lucchetta &#8211; per questo serve pazienza e occorre studiare bene ogni movimento di mercato, per il quale comunque c&#8217;\u00e8 ancora molto tempo. Quello che posso dire oggi ai nostri tifosi \u00e8 di stare tranquilli, che oltre all&#8217;ottimo innesto di Rachele Sangiuliano in regia arriveranno altre giocatrici e che la squadra che intendiamo allestire dovrebbe poter raggiungere i playoff con un certo margine di sicurezza&#8221;. Intanto il team manager Fabrizio Della Libera \u00e8 a Pescara per seguire i Giochi del Mediterraneo e in particolare la schiacciatrice coneglianese Francesca Marcon. &#8220;Cisky&#8221; ha debuttato ieri in Italia-Algeria (vittoria azzurra 3-0). Il torneo prosegue oggi con Italia-Francia (ore 17.30). Il sogno della giocatrice cresciuta proprio con la Spes e dei tifosi veneti \u00e8 quello di poter vestire l&#8217;azzurro anche a Conegliano durante il quadrandgolare per i Mondiali.<\/p>\n<p>&#8212;<\/p>","protected":false},"excerpt":{"rendered":"<p>La Zoppas Industries Conegliano ha chiuso la prima parte della preparazione per la prossima stagione di A1. Venerd\u00ec mattina c&#8217;\u00e8 stato l&#8217;ultimo allenamento prima della pausa estiva. In serata il brindisi conclusivo con un calice di prosecco in occasione della premiazione del Gran Premio Primavera Prosecco DOC. Serafin, Manzano, Do Carmo, Positello, Ghisellini e Rossetto [&hellip;]<\/p>\n","protected":false},"author":2,"featured_media":0,"comment_status":"closed","ping_status":"open","sticky":false,"template":"","format":"standard","meta":{"footnotes":""},"categories":[25,4],"tags":[139],"class_list":["post-5516","post","type-post","status-publish","format-standard","category-pausa-caffe","category-sport","tag-belluno"],"yoast_head":"<!-- This site is optimized with the Yoast SEO plugin v28.4 - https:\/\/yoast.com\/product\/yoast-seo-wordpress\/ -->\n<title>Atlete in &quot;vacanza&quot;, Lucchetta vola ai Giochi di Miami - Bellunopress - Dolomiti<\/title>\n<meta name=\"robots\" content=\"index, follow, max-snippet:-1, max-image-preview:large, max-video-preview:-1\" \/>\n<link rel=\"canonical\" href=\"https:\/\/www.bellunopress.it\/fr\/2009\/06\/29\/atlete-in-vacanza-lucchetta-vola-ai-giochi-di-miami\/\" \/>\n<meta property=\"og:locale\" content=\"fr_FR\" \/>\n<meta property=\"og:type\" content=\"article\" \/>\n<meta property=\"og:title\" content=\"Atlete in &quot;vacanza&quot;, Lucchetta vola ai Giochi di Miami - Bellunopress - Dolomiti\" \/>\n<meta property=\"og:description\" content=\"La Zoppas Industries Conegliano ha chiuso la prima parte della preparazione per la prossima stagione di A1. Venerd\u00ec mattina c&#8217;\u00e8 stato l&#8217;ultimo allenamento prima della pausa estiva. In serata il brindisi conclusivo con un calice di prosecco in occasione della premiazione del Gran Premio Primavera Prosecco DOC. Serafin, Manzano, Do Carmo, Positello, Ghisellini e Rossetto [&hellip;]\" \/>\n<meta property=\"og:url\" content=\"https:\/\/www.bellunopress.it\/fr\/2009\/06\/29\/atlete-in-vacanza-lucchetta-vola-ai-giochi-di-miami\/\" \/>\n<meta property=\"og:site_name\" content=\"Bellunopress - Dolomiti\" \/>\n<meta property=\"article:publisher\" content=\"https:\/\/www.facebook.com\/profile.php?id=100008943462799\" \/>\n<meta property=\"article:published_time\" content=\"2009-06-29T18:46:49+00:00\" \/>\n<meta property=\"og:image\" content=\"http:\/\/www.bellunopress.it\/wp-content\/uploads\/2009\/06\/lucchetta-e-atlete-spes_primavera-prosecco-doc.jpg\" \/>\n<meta name=\"author\" content=\"redazione\" \/>\n<meta name=\"twitter:card\" content=\"summary_large_image\" \/>\n<meta name=\"twitter:creator\" content=\"@bellunopress\" \/>\n<meta name=\"twitter:site\" content=\"@bellunopress\" \/>\n<meta name=\"twitter:label1\" content=\"Written by\" \/>\n\t<meta name=\"twitter:data1\" content=\"redazione\" \/>\n\t<meta name=\"twitter:label2\" content=\"Est. reading time\" \/>\n\t<meta name=\"twitter:data2\" content=\"2 minutes\" \/>\n<script type=\"application\/ld+json\" class=\"yoast-schema-graph\">{\"@context\":\"https:\\\/\\\/schema.org\",\"@graph\":[{\"@type\":\"Article\",\"@id\":\"https:\\\/\\\/www.bellunopress.it\\\/2009\\\/06\\\/29\\\/atlete-in-vacanza-lucchetta-vola-ai-giochi-di-miami\\\/#article\",\"isPartOf\":{\"@id\":\"https:\\\/\\\/www.bellunopress.it\\\/2009\\\/06\\\/29\\\/atlete-in-vacanza-lucchetta-vola-ai-giochi-di-miami\\\/\"},\"author\":{\"name\":\"redazione\",\"@id\":\"https:\\\/\\\/www.bellunopress.it\\\/#\\\/schema\\\/person\\\/79bb06722b37ece1c03d3e94beb30d73\"},\"headline\":\"Atlete in &#8220;vacanza&#8221;, Lucchetta vola ai Giochi di Miami\",\"datePublished\":\"2009-06-29T18:46:49+00:00\",\"mainEntityOfPage\":{\"@id\":\"https:\\\/\\\/www.bellunopress.it\\\/2009\\\/06\\\/29\\\/atlete-in-vacanza-lucchetta-vola-ai-giochi-di-miami\\\/\"},\"wordCount\":389,\"publisher\":{\"@id\":\"https:\\\/\\\/www.bellunopress.it\\\/#organization\"},\"image\":{\"@id\":\"https:\\\/\\\/www.bellunopress.it\\\/2009\\\/06\\\/29\\\/atlete-in-vacanza-lucchetta-vola-ai-giochi-di-miami\\\/#primaryimage\"},\"thumbnailUrl\":\"http:\\\/\\\/www.bellunopress.it\\\/wp-content\\\/uploads\\\/2009\\\/06\\\/lucchetta-e-atlete-spes_primavera-prosecco-doc.jpg\",\"keywords\":[\"Belluno\"],\"articleSection\":[\"Pausa Caff\u00e8\",\"Sport, tempo libero\"],\"inLanguage\":\"fr-FR\"},{\"@type\":\"WebPage\",\"@id\":\"https:\\\/\\\/www.bellunopress.it\\\/2009\\\/06\\\/29\\\/atlete-in-vacanza-lucchetta-vola-ai-giochi-di-miami\\\/\",\"url\":\"https:\\\/\\\/www.bellunopress.it\\\/2009\\\/06\\\/29\\\/atlete-in-vacanza-lucchetta-vola-ai-giochi-di-miami\\\/\",\"name\":\"Atlete in \\\"vacanza\\\", Lucchetta vola ai Giochi di Miami - Bellunopress - Dolomiti\",\"isPartOf\":{\"@id\":\"https:\\\/\\\/www.bellunopress.it\\\/#website\"},\"primaryImageOfPage\":{\"@id\":\"https:\\\/\\\/www.bellunopress.it\\\/2009\\\/06\\\/29\\\/atlete-in-vacanza-lucchetta-vola-ai-giochi-di-miami\\\/#primaryimage\"},\"image\":{\"@id\":\"https:\\\/\\\/www.bellunopress.it\\\/2009\\\/06\\\/29\\\/atlete-in-vacanza-lucchetta-vola-ai-giochi-di-miami\\\/#primaryimage\"},\"thumbnailUrl\":\"http:\\\/\\\/www.bellunopress.it\\\/wp-content\\\/uploads\\\/2009\\\/06\\\/lucchetta-e-atlete-spes_primavera-prosecco-doc.jpg\",\"datePublished\":\"2009-06-29T18:46:49+00:00\",\"breadcrumb\":{\"@id\":\"https:\\\/\\\/www.bellunopress.it\\\/2009\\\/06\\\/29\\\/atlete-in-vacanza-lucchetta-vola-ai-giochi-di-miami\\\/#breadcrumb\"},\"inLanguage\":\"fr-FR\",\"potentialAction\":[{\"@type\":\"ReadAction\",\"target\":[\"https:\\\/\\\/www.bellunopress.it\\\/2009\\\/06\\\/29\\\/atlete-in-vacanza-lucchetta-vola-ai-giochi-di-miami\\\/\"]}]},{\"@type\":\"ImageObject\",\"inLanguage\":\"fr-FR\",\"@id\":\"https:\\\/\\\/www.bellunopress.it\\\/2009\\\/06\\\/29\\\/atlete-in-vacanza-lucchetta-vola-ai-giochi-di-miami\\\/#primaryimage\",\"url\":\"http:\\\/\\\/www.bellunopress.it\\\/wp-content\\\/uploads\\\/2009\\\/06\\\/lucchetta-e-atlete-spes_primavera-prosecco-doc.jpg\",\"contentUrl\":\"http:\\\/\\\/www.bellunopress.it\\\/wp-content\\\/uploads\\\/2009\\\/06\\\/lucchetta-e-atlete-spes_primavera-prosecco-doc.jpg\"},{\"@type\":\"BreadcrumbList\",\"@id\":\"https:\\\/\\\/www.bellunopress.it\\\/2009\\\/06\\\/29\\\/atlete-in-vacanza-lucchetta-vola-ai-giochi-di-miami\\\/#breadcrumb\",\"itemListElement\":[{\"@type\":\"ListItem\",\"position\":1,\"name\":\"Home\",\"item\":\"https:\\\/\\\/www.bellunopress.it\\\/\"},{\"@type\":\"ListItem\",\"position\":2,\"name\":\"Atlete in &#8220;vacanza&#8221;, Lucchetta vola ai Giochi di Miami\"}]},{\"@type\":\"WebSite\",\"@id\":\"https:\\\/\\\/www.bellunopress.it\\\/#website\",\"url\":\"https:\\\/\\\/www.bellunopress.it\\\/\",\"name\":\"Bellunopress - Dolomiti\",\"description\":\"e-mail: redazione@bellunopress.it\",\"publisher\":{\"@id\":\"https:\\\/\\\/www.bellunopress.it\\\/#organization\"},\"potentialAction\":[{\"@type\":\"SearchAction\",\"target\":{\"@type\":\"EntryPoint\",\"urlTemplate\":\"https:\\\/\\\/www.bellunopress.it\\\/?s={search_term_string}\"},\"query-input\":{\"@type\":\"PropertyValueSpecification\",\"valueRequired\":true,\"valueName\":\"search_term_string\"}}],\"inLanguage\":\"fr-FR\"},{\"@type\":\"Organization\",\"@id\":\"https:\\\/\\\/www.bellunopress.it\\\/#organization\",\"name\":\"Bellunopress\",\"url\":\"https:\\\/\\\/www.bellunopress.it\\\/\",\"logo\":{\"@type\":\"ImageObject\",\"inLanguage\":\"fr-FR\",\"@id\":\"https:\\\/\\\/www.bellunopress.it\\\/#\\\/schema\\\/logo\\\/image\\\/\",\"url\":\"https:\\\/\\\/www.bellunopress.it\\\/wp-content\\\/uploads\\\/2011\\\/05\\\/cropped-logo-bellunopress-.jpg\",\"contentUrl\":\"https:\\\/\\\/www.bellunopress.it\\\/wp-content\\\/uploads\\\/2011\\\/05\\\/cropped-logo-bellunopress-.jpg\",\"width\":512,\"height\":512,\"caption\":\"Bellunopress\"},\"image\":{\"@id\":\"https:\\\/\\\/www.bellunopress.it\\\/#\\\/schema\\\/logo\\\/image\\\/\"},\"sameAs\":[\"https:\\\/\\\/www.facebook.com\\\/profile.php?id=100008943462799\",\"https:\\\/\\\/x.com\\\/bellunopress\",\"https:\\\/\\\/www.linkedin.com\\\/hp\\\/?dnr=JBzUWaJfMUw8vbXJJ2tVW5-I3jZKvC4wsoxE&amp;amp;amp;amp;amp;amp;trk=nav_responsive_tab_home\",\"https:\\\/\\\/www.youtube.com\\\/channel\\\/UCxL0wu1uN0_3_7hGG0306cw\"]},{\"@type\":\"Person\",\"@id\":\"https:\\\/\\\/www.bellunopress.it\\\/#\\\/schema\\\/person\\\/79bb06722b37ece1c03d3e94beb30d73\",\"name\":\"redazione\",\"image\":{\"@type\":\"ImageObject\",\"inLanguage\":\"fr-FR\",\"@id\":\"https:\\\/\\\/secure.gravatar.com\\\/avatar\\\/37d968a2e67a6fd04c169c4bdef102d0bc5d31b2546345219e348575eb80e9a0?s=96&d=mm&r=g\",\"url\":\"https:\\\/\\\/secure.gravatar.com\\\/avatar\\\/37d968a2e67a6fd04c169c4bdef102d0bc5d31b2546345219e348575eb80e9a0?s=96&d=mm&r=g\",\"contentUrl\":\"https:\\\/\\\/secure.gravatar.com\\\/avatar\\\/37d968a2e67a6fd04c169c4bdef102d0bc5d31b2546345219e348575eb80e9a0?s=96&d=mm&r=g\",\"caption\":\"redazione\"},\"sameAs\":[\"http:\\\/\\\/www.bellunopress.it\",\"https:\\\/\\\/x.com\\\/bellunopress\"],\"url\":\"https:\\\/\\\/www.bellunopress.it\\\/fr\\\/author\\\/redazione\\\/\"}]}<\/script>\n<!-- \/ Yoast SEO plugin. -->","yoast_head_json":{"title":"Atlete in \"vacanza\", Lucchetta vola ai Giochi di Miami - Bellunopress - Dolomiti","robots":{"index":"index","follow":"follow","max-snippet":"max-snippet:-1","max-image-preview":"max-image-preview:large","max-video-preview":"max-video-preview:-1"},"canonical":"https:\/\/www.bellunopress.it\/fr\/2009\/06\/29\/atlete-in-vacanza-lucchetta-vola-ai-giochi-di-miami\/","og_locale":"fr_FR","og_type":"article","og_title":"Atlete in \"vacanza\", Lucchetta vola ai Giochi di Miami - Bellunopress - Dolomiti","og_description":"La Zoppas Industries Conegliano ha chiuso la prima parte della preparazione per la prossima stagione di A1. Venerd\u00ec mattina c&#8217;\u00e8 stato l&#8217;ultimo allenamento prima della pausa estiva. In serata il brindisi conclusivo con un calice di prosecco in occasione della premiazione del Gran Premio Primavera Prosecco DOC. Serafin, Manzano, Do Carmo, Positello, Ghisellini e Rossetto [&hellip;]","og_url":"https:\/\/www.bellunopress.it\/fr\/2009\/06\/29\/atlete-in-vacanza-lucchetta-vola-ai-giochi-di-miami\/","og_site_name":"Bellunopress - Dolomiti","article_publisher":"https:\/\/www.facebook.com\/profile.php?id=100008943462799","article_published_time":"2009-06-29T18:46:49+00:00","og_image":[{"url":"http:\/\/www.bellunopress.it\/wp-content\/uploads\/2009\/06\/lucchetta-e-atlete-spes_primavera-prosecco-doc.jpg","type":"","width":"","height":""}],"author":"redazione","twitter_card":"summary_large_image","twitter_creator":"@bellunopress","twitter_site":"@bellunopress","twitter_misc":{"Written by":"redazione","Est. reading time":"2 minutes"},"schema":{"@context":"https:\/\/schema.org","@graph":[{"@type":"Article","@id":"https:\/\/www.bellunopress.it\/2009\/06\/29\/atlete-in-vacanza-lucchetta-vola-ai-giochi-di-miami\/#article","isPartOf":{"@id":"https:\/\/www.bellunopress.it\/2009\/06\/29\/atlete-in-vacanza-lucchetta-vola-ai-giochi-di-miami\/"},"author":{"name":"redazione","@id":"https:\/\/www.bellunopress.it\/#\/schema\/person\/79bb06722b37ece1c03d3e94beb30d73"},"headline":"Atlete in &#8220;vacanza&#8221;, Lucchetta vola ai Giochi di Miami","datePublished":"2009-06-29T18:46:49+00:00","mainEntityOfPage":{"@id":"https:\/\/www.bellunopress.it\/2009\/06\/29\/atlete-in-vacanza-lucchetta-vola-ai-giochi-di-miami\/"},"wordCount":389,"publisher":{"@id":"https:\/\/www.bellunopress.it\/#organization"},"image":{"@id":"https:\/\/www.bellunopress.it\/2009\/06\/29\/atlete-in-vacanza-lucchetta-vola-ai-giochi-di-miami\/#primaryimage"},"thumbnailUrl":"http:\/\/www.bellunopress.it\/wp-content\/uploads\/2009\/06\/lucchetta-e-atlete-spes_primavera-prosecco-doc.jpg","keywords":["Belluno"],"articleSection":["Pausa Caff\u00e8","Sport, tempo libero"],"inLanguage":"fr-FR"},{"@type":"WebPage","@id":"https:\/\/www.bellunopress.it\/2009\/06\/29\/atlete-in-vacanza-lucchetta-vola-ai-giochi-di-miami\/","url":"https:\/\/www.bellunopress.it\/2009\/06\/29\/atlete-in-vacanza-lucchetta-vola-ai-giochi-di-miami\/","name":"Atlete in \"vacanza\", Lucchetta vola ai Giochi di Miami - Bellunopress - Dolomiti","isPartOf":{"@id":"https:\/\/www.bellunopress.it\/#website"},"primaryImageOfPage":{"@id":"https:\/\/www.bellunopress.it\/2009\/06\/29\/atlete-in-vacanza-lucchetta-vola-ai-giochi-di-miami\/#primaryimage"},"image":{"@id":"https:\/\/www.bellunopress.it\/2009\/06\/29\/atlete-in-vacanza-lucchetta-vola-ai-giochi-di-miami\/#primaryimage"},"thumbnailUrl":"http:\/\/www.bellunopress.it\/wp-content\/uploads\/2009\/06\/lucchetta-e-atlete-spes_primavera-prosecco-doc.jpg","datePublished":"2009-06-29T18:46:49+00:00","breadcrumb":{"@id":"https:\/\/www.bellunopress.it\/2009\/06\/29\/atlete-in-vacanza-lucchetta-vola-ai-giochi-di-miami\/#breadcrumb"},"inLanguage":"fr-FR","potentialAction":[{"@type":"ReadAction","target":["https:\/\/www.bellunopress.it\/2009\/06\/29\/atlete-in-vacanza-lucchetta-vola-ai-giochi-di-miami\/"]}]},{"@type":"ImageObject","inLanguage":"fr-FR","@id":"https:\/\/www.bellunopress.it\/2009\/06\/29\/atlete-in-vacanza-lucchetta-vola-ai-giochi-di-miami\/#primaryimage","url":"http:\/\/www.bellunopress.it\/wp-content\/uploads\/2009\/06\/lucchetta-e-atlete-spes_primavera-prosecco-doc.jpg","contentUrl":"http:\/\/www.bellunopress.it\/wp-content\/uploads\/2009\/06\/lucchetta-e-atlete-spes_primavera-prosecco-doc.jpg"},{"@type":"BreadcrumbList","@id":"https:\/\/www.bellunopress.it\/2009\/06\/29\/atlete-in-vacanza-lucchetta-vola-ai-giochi-di-miami\/#breadcrumb","itemListElement":[{"@type":"ListItem","position":1,"name":"Home","item":"https:\/\/www.bellunopress.it\/"},{"@type":"ListItem","position":2,"name":"Atlete in &#8220;vacanza&#8221;, Lucchetta vola ai Giochi di Miami"}]},{"@type":"WebSite","@id":"https:\/\/www.bellunopress.it\/#website","url":"https:\/\/www.bellunopress.it\/","name":"Bellunopress - Dolomiti","description":"e-mail: redazione@bellunopress.it","publisher":{"@id":"https:\/\/www.bellunopress.it\/#organization"},"potentialAction":[{"@type":"SearchAction","target":{"@type":"EntryPoint","urlTemplate":"https:\/\/www.bellunopress.it\/?s={search_term_string}"},"query-input":{"@type":"PropertyValueSpecification","valueRequired":true,"valueName":"search_term_string"}}],"inLanguage":"fr-FR"},{"@type":"Organization","@id":"https:\/\/www.bellunopress.it\/#organization","name":"Bellunopress","url":"https:\/\/www.bellunopress.it\/","logo":{"@type":"ImageObject","inLanguage":"fr-FR","@id":"https:\/\/www.bellunopress.it\/#\/schema\/logo\/image\/","url":"https:\/\/www.bellunopress.it\/wp-content\/uploads\/2011\/05\/cropped-logo-bellunopress-.jpg","contentUrl":"https:\/\/www.bellunopress.it\/wp-content\/uploads\/2011\/05\/cropped-logo-bellunopress-.jpg","width":512,"height":512,"caption":"Bellunopress"},"image":{"@id":"https:\/\/www.bellunopress.it\/#\/schema\/logo\/image\/"},"sameAs":["https:\/\/www.facebook.com\/profile.php?id=100008943462799","https:\/\/x.com\/bellunopress","https:\/\/www.linkedin.com\/hp\/?dnr=JBzUWaJfMUw8vbXJJ2tVW5-I3jZKvC4wsoxE&amp;amp;amp;amp;amp;amp;trk=nav_responsive_tab_home","https:\/\/www.youtube.com\/channel\/UCxL0wu1uN0_3_7hGG0306cw"]},{"@type":"Person","@id":"https:\/\/www.bellunopress.it\/#\/schema\/person\/79bb06722b37ece1c03d3e94beb30d73","name":"r\u00e9daction","image":{"@type":"ImageObject","inLanguage":"fr-FR","@id":"https:\/\/secure.gravatar.com\/avatar\/37d968a2e67a6fd04c169c4bdef102d0bc5d31b2546345219e348575eb80e9a0?s=96&d=mm&r=g","url":"https:\/\/secure.gravatar.com\/avatar\/37d968a2e67a6fd04c169c4bdef102d0bc5d31b2546345219e348575eb80e9a0?s=96&d=mm&r=g","contentUrl":"https:\/\/secure.gravatar.com\/avatar\/37d968a2e67a6fd04c169c4bdef102d0bc5d31b2546345219e348575eb80e9a0?s=96&d=mm&r=g","caption":"redazione"},"sameAs":["http:\/\/www.bellunopress.it","https:\/\/x.com\/bellunopress"],"url":"https:\/\/www.bellunopress.it\/fr\/author\/redazione\/"}]}},"_links":{"self":[{"href":"https:\/\/www.bellunopress.it\/fr\/wp-json\/wp\/v2\/posts\/5516","targetHints":{"allow":["GET"]}}],"collection":[{"href":"https:\/\/www.bellunopress.it\/fr\/wp-json\/wp\/v2\/posts"}],"about":[{"href":"https:\/\/www.bellunopress.it\/fr\/wp-json\/wp\/v2\/types\/post"}],"author":[{"embeddable":true,"href":"https:\/\/www.bellunopress.it\/fr\/wp-json\/wp\/v2\/users\/2"}],"replies":[{"embeddable":true,"href":"https:\/\/www.bellunopress.it\/fr\/wp-json\/wp\/v2\/comments?post=5516"}],"version-history":[{"count":1,"href":"https:\/\/www.bellunopress.it\/fr\/wp-json\/wp\/v2\/posts\/5516\/revisions"}],"predecessor-version":[{"id":5518,"href":"https:\/\/www.bellunopress.it\/fr\/wp-json\/wp\/v2\/posts\/5516\/revisions\/5518"}],"wp:attachment":[{"href":"https:\/\/www.bellunopress.it\/fr\/wp-json\/wp\/v2\/media?parent=5516"}],"wp:term":[{"taxonomy":"category","embeddable":true,"href":"https:\/\/www.bellunopress.it\/fr\/wp-json\/wp\/v2\/categories?post=5516"},{"taxonomy":"post_tag","embeddable":true,"href":"https:\/\/www.bellunopress.it\/fr\/wp-json\/wp\/v2\/tags?post=5516"}],"curies":[{"name":"wp","href":"https:\/\/api.w.org\/{rel}","templated":true}]}}