{"id":5512,"date":"2009-06-29T19:33:06","date_gmt":"2009-06-29T18:33:06","guid":{"rendered":"http:\/\/www.bellunopress.it\/?p=5512"},"modified":"2009-06-29T19:33:06","modified_gmt":"2009-06-29T18:33:06","slug":"anche-lappia-plaude-al-riconoscimento-unesco-delle-dolomiti","status":"publish","type":"post","link":"https:\/\/www.bellunopress.it\/fr\/2009\/06\/29\/anche-lappia-plaude-al-riconoscimento-unesco-delle-dolomiti\/","title":{"rendered":"Anche l&#8217;Appia plaude al riconoscimento Unesco delle Dolomiti"},"content":{"rendered":"<figure id=\"attachment_5513\" aria-describedby=\"caption-attachment-5513\" style=\"width: 195px\" class=\"wp-caption alignleft\"><a href=\"http:\/\/www.bellunopress.it\/wp-content\/uploads\/2009\/06\/moreno-de-col-presidente-appia.jpg\"><img loading=\"lazy\" decoding=\"async\" class=\"size-medium wp-image-5513\" title=\"moreno-de-col-presidente-appia\" src=\"http:\/\/www.bellunopress.it\/wp-content\/uploads\/2009\/06\/moreno-de-col-presidente-appia.jpg\" alt=\"Moreno De Col, presidente dell'Appia Belluno\" width=\"195\" height=\"236\" \/><\/a><figcaption id=\"caption-attachment-5513\" class=\"wp-caption-text\">Moreno De Col, presidente dell<\/figcaption><\/figure>\n<p>Il riconoscimento, da parte dell\u2019Unesco, delle Dolomiti quale patrimonio dell\u2019umanit\u00e0 \u00e9 un risultato di grande valore che trova unanime consenso, almeno al momento, da parte di tutte le forze politiche e socio-economiche della nostra provincia. &#8220;Come A.P.P.I.A.\u00a0 crediamo nella bont\u00e0 dell\u2019iniziativa &#8211; dichiara il presidente Moreno De Col &#8211;\u00a0 a nostro giudizio, infatti, gli aspetti positivi sono di gran lunga superiori a quelli negativi. A patto, peraltro, che al riconoscimento si faccia seguire una gestione coerente e determinata rispetto alle sfide che questo riconoscimento pone. L\u2019Amministrazione Reolon, con in prima fila l\u2019assessore Visalli, ha ottenuto un risultato non scontato che dovr\u00e0 ora essere sostanziato dal neo presidente Bottacin; la cosa non sar\u00e0 semplicissima, perch\u00e9 gi\u00e0 dai primi interventi sulla stampa appare da pi\u00f9 parti\u00a0 forte la voglia di distinguersi, di ritagliarsi ruoli. Il dibattito gi\u00e0 innescato sulla sede della Fondazione Dolomiti rappresenta, in questo senso, un segnale non proprio confortante. Con la chiara premessa che, a nostro giudizio, Belluno \u00e8 sicuramente preferibile a Bolzano, riteniamo che si debba evitare la proposizione di candidature bellunesi contrapposte. Gli sforzi, al contrario, dovranno concentrarsi sul ruolo da riconoscere alla Fondazione e individuare con coerenza le professionalit\u00e0 bellunesi che dovranno concorrere &#8211; con le altre 4 province &#8211; a definire le linee e le politiche di questo bene seriale naturale che dal 26 giugno \u00e9 inserito nella lista dell\u2019Unesco. Le ricadute turistiche in termine di visitatori, almeno nel primo periodo, saranno certe ma va detto con chiarezza che Trento, Bolzano e lo stesso Friuli sono pi\u00f9 attrezzate di noi ad intercettare i nuovi flussi di visitatori con il rischio che la differenza oggi esistente potrebbe ampliarsi a favore dei territori contermini. Ci\u00f2 significa che, circa questa nuova opportunit\u00e0, \u00e8 necessario avviare una riflessione a tutto campo; riflessione che non lasci spazio a contrapposizioni di qualsiasi natura. Riteniamo priva di senso, ad esempio, la discussione se siano da privilegiare le ristrutturazioni o le nuove costruzioni. E una seria, indifferibile riqualificazione alberghiera e ricettiva non si dovrebbe contrapporre alla realizzazione di nuovi complessi. A patto, certo, che siano pensati per rafforzare ed esaltare,\u00a0 con accorgimenti architettonici e tecnologici di rispetto ambientale, il contesto in cui saranno inseriti in modo da poter diventare essi stessi testimonianza della capacit\u00e0 di coniugare tutela ambientale e presenza sul territorio. Quanto alla viabilit\u00e0 &#8211; un po\u2019 per i limiti economici, un po\u2019 a seguito di estenuanti mediazioni \u2013 il quadro generale \u00e8 stato definito. Ora \u00e8 necessario l\u2019impegno comune per accelerarne, per quanto possibile, la realizzazione. Senza, per questo, dimenticare la messa in sicurezza e la fluidit\u00e0 della viabilit\u00e0 minore perch\u00e9 si tratta di uno snodo fondamentale per gli auspicati nuovi flussi turistici. Non si dovr\u00e0 poi dimenticare che il turismo, nella sua accezione pi\u00f9 ampia,\u00a0 significa anche valorizzazione delle attivit\u00e0 di servizio, dell\u2019agro-alimentare, dell\u2019artigianato artistico e tradizionale di cui \u00e9 ricca la nostra provincia. Presenze consolidate che possono contribuire a dare alla nostra offerta turistica quei segni di tipicit\u00e0 indispensabili a intercettare una domanda turistica curiosa, pi\u00f9 attenta a immedesimarsi nel territorio che a consumarlo. Ancora, la bandiera dell\u2019Unesco non pu\u00f2 diventare un\u2019esclusiva dei nove gruppi dolomitici riconosciuti; al contrario, deve essere l\u2019occasione per valorizzare quei territori \u201cminori\u201d ma ricchi di tesori che attendono solo d\u2019essere scoperti, come l\u2019Alpago o il Feltrino.\u00a0 Sono questi alcuni dei temi sui quali impostare un programma di lavoro a medio termine che veda coinvolti gli attori interessati senza inutili protagonismi o contrapposizioni. Il riconoscimento delle Dolomiti \u00e9, anche sotto questo aspetto, un\u2019occasione da non perdere&#8221;.<\/p>","protected":false},"excerpt":{"rendered":"<p>Il riconoscimento, da parte dell\u2019Unesco, delle Dolomiti quale patrimonio dell\u2019umanit\u00e0 \u00e9 un risultato di grande valore che trova unanime consenso, almeno al momento, da parte di tutte le forze politiche e socio-economiche della nostra provincia. &#8220;Come A.P.P.I.A.\u00a0 crediamo nella bont\u00e0 dell\u2019iniziativa &#8211; dichiara il presidente Moreno De Col &#8211;\u00a0 a nostro giudizio, infatti, gli aspetti [&hellip;]<\/p>\n","protected":false},"author":2,"featured_media":0,"comment_status":"closed","ping_status":"open","sticky":false,"template":"","format":"standard","meta":{"footnotes":""},"categories":[5,26],"tags":[139,63,2261],"class_list":["post-5512","post","type-post","status-publish","format-standard","category-cronaca","category-prima-pagina","tag-belluno","tag-dolomiti","tag-feltrino"],"yoast_head":"<!-- This site is optimized with the Yoast SEO plugin v28.4 - https:\/\/yoast.com\/product\/yoast-seo-wordpress\/ -->\n<title>Anche l&#039;Appia plaude al riconoscimento Unesco delle Dolomiti - Bellunopress - Dolomiti<\/title>\n<meta name=\"robots\" content=\"index, follow, max-snippet:-1, max-image-preview:large, max-video-preview:-1\" \/>\n<link rel=\"canonical\" href=\"https:\/\/www.bellunopress.it\/fr\/2009\/06\/29\/anche-lappia-plaude-al-riconoscimento-unesco-delle-dolomiti\/\" \/>\n<meta property=\"og:locale\" content=\"fr_FR\" \/>\n<meta property=\"og:type\" content=\"article\" \/>\n<meta property=\"og:title\" content=\"Anche l&#039;Appia plaude al riconoscimento Unesco delle Dolomiti - Bellunopress - Dolomiti\" \/>\n<meta property=\"og:description\" content=\"Il riconoscimento, da parte dell\u2019Unesco, delle Dolomiti quale patrimonio dell\u2019umanit\u00e0 \u00e9 un risultato di grande valore che trova unanime consenso, almeno al momento, da parte di tutte le forze politiche e socio-economiche della nostra provincia. &#8220;Come A.P.P.I.A.\u00a0 crediamo nella bont\u00e0 dell\u2019iniziativa &#8211; dichiara il presidente Moreno De Col &#8211;\u00a0 a nostro giudizio, infatti, gli aspetti [&hellip;]\" \/>\n<meta property=\"og:url\" content=\"https:\/\/www.bellunopress.it\/fr\/2009\/06\/29\/anche-lappia-plaude-al-riconoscimento-unesco-delle-dolomiti\/\" \/>\n<meta property=\"og:site_name\" content=\"Bellunopress - Dolomiti\" \/>\n<meta property=\"article:publisher\" content=\"https:\/\/www.facebook.com\/profile.php?id=100008943462799\" \/>\n<meta property=\"article:published_time\" content=\"2009-06-29T18:33:06+00:00\" \/>\n<meta property=\"og:image\" content=\"http:\/\/www.bellunopress.it\/wp-content\/uploads\/2009\/06\/moreno-de-col-presidente-appia.jpg\" \/>\n<meta name=\"author\" content=\"redazione\" \/>\n<meta name=\"twitter:card\" content=\"summary_large_image\" \/>\n<meta name=\"twitter:creator\" content=\"@bellunopress\" \/>\n<meta name=\"twitter:site\" content=\"@bellunopress\" \/>\n<meta name=\"twitter:label1\" content=\"\u00c9crit par\" \/>\n\t<meta name=\"twitter:data1\" content=\"redazione\" \/>\n\t<meta name=\"twitter:label2\" content=\"Dur\u00e9e de lecture estim\u00e9e\" \/>\n\t<meta name=\"twitter:data2\" content=\"3 minutes\" \/>\n<script type=\"application\/ld+json\" class=\"yoast-schema-graph\">{\"@context\":\"https:\\\/\\\/schema.org\",\"@graph\":[{\"@type\":\"Article\",\"@id\":\"https:\\\/\\\/www.bellunopress.it\\\/2009\\\/06\\\/29\\\/anche-lappia-plaude-al-riconoscimento-unesco-delle-dolomiti\\\/#article\",\"isPartOf\":{\"@id\":\"https:\\\/\\\/www.bellunopress.it\\\/2009\\\/06\\\/29\\\/anche-lappia-plaude-al-riconoscimento-unesco-delle-dolomiti\\\/\"},\"author\":{\"name\":\"redazione\",\"@id\":\"https:\\\/\\\/www.bellunopress.it\\\/#\\\/schema\\\/person\\\/79bb06722b37ece1c03d3e94beb30d73\"},\"headline\":\"Anche l&#8217;Appia plaude al riconoscimento Unesco delle Dolomiti\",\"datePublished\":\"2009-06-29T18:33:06+00:00\",\"mainEntityOfPage\":{\"@id\":\"https:\\\/\\\/www.bellunopress.it\\\/2009\\\/06\\\/29\\\/anche-lappia-plaude-al-riconoscimento-unesco-delle-dolomiti\\\/\"},\"wordCount\":611,\"publisher\":{\"@id\":\"https:\\\/\\\/www.bellunopress.it\\\/#organization\"},\"image\":{\"@id\":\"https:\\\/\\\/www.bellunopress.it\\\/2009\\\/06\\\/29\\\/anche-lappia-plaude-al-riconoscimento-unesco-delle-dolomiti\\\/#primaryimage\"},\"thumbnailUrl\":\"http:\\\/\\\/www.bellunopress.it\\\/wp-content\\\/uploads\\\/2009\\\/06\\\/moreno-de-col-presidente-appia.jpg\",\"keywords\":[\"Belluno\",\"Dolomiti\",\"feltrino\"],\"articleSection\":[\"Cronaca\\\/Politica\",\"Prima Pagina\"],\"inLanguage\":\"fr-FR\"},{\"@type\":\"WebPage\",\"@id\":\"https:\\\/\\\/www.bellunopress.it\\\/2009\\\/06\\\/29\\\/anche-lappia-plaude-al-riconoscimento-unesco-delle-dolomiti\\\/\",\"url\":\"https:\\\/\\\/www.bellunopress.it\\\/2009\\\/06\\\/29\\\/anche-lappia-plaude-al-riconoscimento-unesco-delle-dolomiti\\\/\",\"name\":\"Anche l'Appia plaude al riconoscimento Unesco delle Dolomiti - Bellunopress - Dolomiti\",\"isPartOf\":{\"@id\":\"https:\\\/\\\/www.bellunopress.it\\\/#website\"},\"primaryImageOfPage\":{\"@id\":\"https:\\\/\\\/www.bellunopress.it\\\/2009\\\/06\\\/29\\\/anche-lappia-plaude-al-riconoscimento-unesco-delle-dolomiti\\\/#primaryimage\"},\"image\":{\"@id\":\"https:\\\/\\\/www.bellunopress.it\\\/2009\\\/06\\\/29\\\/anche-lappia-plaude-al-riconoscimento-unesco-delle-dolomiti\\\/#primaryimage\"},\"thumbnailUrl\":\"http:\\\/\\\/www.bellunopress.it\\\/wp-content\\\/uploads\\\/2009\\\/06\\\/moreno-de-col-presidente-appia.jpg\",\"datePublished\":\"2009-06-29T18:33:06+00:00\",\"breadcrumb\":{\"@id\":\"https:\\\/\\\/www.bellunopress.it\\\/2009\\\/06\\\/29\\\/anche-lappia-plaude-al-riconoscimento-unesco-delle-dolomiti\\\/#breadcrumb\"},\"inLanguage\":\"fr-FR\",\"potentialAction\":[{\"@type\":\"ReadAction\",\"target\":[\"https:\\\/\\\/www.bellunopress.it\\\/2009\\\/06\\\/29\\\/anche-lappia-plaude-al-riconoscimento-unesco-delle-dolomiti\\\/\"]}]},{\"@type\":\"ImageObject\",\"inLanguage\":\"fr-FR\",\"@id\":\"https:\\\/\\\/www.bellunopress.it\\\/2009\\\/06\\\/29\\\/anche-lappia-plaude-al-riconoscimento-unesco-delle-dolomiti\\\/#primaryimage\",\"url\":\"http:\\\/\\\/www.bellunopress.it\\\/wp-content\\\/uploads\\\/2009\\\/06\\\/moreno-de-col-presidente-appia.jpg\",\"contentUrl\":\"http:\\\/\\\/www.bellunopress.it\\\/wp-content\\\/uploads\\\/2009\\\/06\\\/moreno-de-col-presidente-appia.jpg\"},{\"@type\":\"BreadcrumbList\",\"@id\":\"https:\\\/\\\/www.bellunopress.it\\\/2009\\\/06\\\/29\\\/anche-lappia-plaude-al-riconoscimento-unesco-delle-dolomiti\\\/#breadcrumb\",\"itemListElement\":[{\"@type\":\"ListItem\",\"position\":1,\"name\":\"Home\",\"item\":\"https:\\\/\\\/www.bellunopress.it\\\/\"},{\"@type\":\"ListItem\",\"position\":2,\"name\":\"Anche l&#8217;Appia plaude al riconoscimento Unesco delle Dolomiti\"}]},{\"@type\":\"WebSite\",\"@id\":\"https:\\\/\\\/www.bellunopress.it\\\/#website\",\"url\":\"https:\\\/\\\/www.bellunopress.it\\\/\",\"name\":\"Bellunopress - Dolomiti\",\"description\":\"e-mail: redazione@bellunopress.it\",\"publisher\":{\"@id\":\"https:\\\/\\\/www.bellunopress.it\\\/#organization\"},\"potentialAction\":[{\"@type\":\"SearchAction\",\"target\":{\"@type\":\"EntryPoint\",\"urlTemplate\":\"https:\\\/\\\/www.bellunopress.it\\\/?s={search_term_string}\"},\"query-input\":{\"@type\":\"PropertyValueSpecification\",\"valueRequired\":true,\"valueName\":\"search_term_string\"}}],\"inLanguage\":\"fr-FR\"},{\"@type\":\"Organization\",\"@id\":\"https:\\\/\\\/www.bellunopress.it\\\/#organization\",\"name\":\"Bellunopress\",\"url\":\"https:\\\/\\\/www.bellunopress.it\\\/\",\"logo\":{\"@type\":\"ImageObject\",\"inLanguage\":\"fr-FR\",\"@id\":\"https:\\\/\\\/www.bellunopress.it\\\/#\\\/schema\\\/logo\\\/image\\\/\",\"url\":\"https:\\\/\\\/www.bellunopress.it\\\/wp-content\\\/uploads\\\/2011\\\/05\\\/cropped-logo-bellunopress-.jpg\",\"contentUrl\":\"https:\\\/\\\/www.bellunopress.it\\\/wp-content\\\/uploads\\\/2011\\\/05\\\/cropped-logo-bellunopress-.jpg\",\"width\":512,\"height\":512,\"caption\":\"Bellunopress\"},\"image\":{\"@id\":\"https:\\\/\\\/www.bellunopress.it\\\/#\\\/schema\\\/logo\\\/image\\\/\"},\"sameAs\":[\"https:\\\/\\\/www.facebook.com\\\/profile.php?id=100008943462799\",\"https:\\\/\\\/x.com\\\/bellunopress\",\"https:\\\/\\\/www.linkedin.com\\\/hp\\\/?dnr=JBzUWaJfMUw8vbXJJ2tVW5-I3jZKvC4wsoxE&amp;amp;amp;amp;amp;amp;trk=nav_responsive_tab_home\",\"https:\\\/\\\/www.youtube.com\\\/channel\\\/UCxL0wu1uN0_3_7hGG0306cw\"]},{\"@type\":\"Person\",\"@id\":\"https:\\\/\\\/www.bellunopress.it\\\/#\\\/schema\\\/person\\\/79bb06722b37ece1c03d3e94beb30d73\",\"name\":\"redazione\",\"image\":{\"@type\":\"ImageObject\",\"inLanguage\":\"fr-FR\",\"@id\":\"https:\\\/\\\/secure.gravatar.com\\\/avatar\\\/37d968a2e67a6fd04c169c4bdef102d0bc5d31b2546345219e348575eb80e9a0?s=96&d=mm&r=g\",\"url\":\"https:\\\/\\\/secure.gravatar.com\\\/avatar\\\/37d968a2e67a6fd04c169c4bdef102d0bc5d31b2546345219e348575eb80e9a0?s=96&d=mm&r=g\",\"contentUrl\":\"https:\\\/\\\/secure.gravatar.com\\\/avatar\\\/37d968a2e67a6fd04c169c4bdef102d0bc5d31b2546345219e348575eb80e9a0?s=96&d=mm&r=g\",\"caption\":\"redazione\"},\"sameAs\":[\"http:\\\/\\\/www.bellunopress.it\",\"https:\\\/\\\/x.com\\\/bellunopress\"],\"url\":\"https:\\\/\\\/www.bellunopress.it\\\/fr\\\/author\\\/redazione\\\/\"}]}<\/script>\n<!-- \/ Yoast SEO plugin. -->","yoast_head_json":{"title":"Anche l'Appia plaude al riconoscimento Unesco delle Dolomiti - Bellunopress - Dolomiti","robots":{"index":"index","follow":"follow","max-snippet":"max-snippet:-1","max-image-preview":"max-image-preview:large","max-video-preview":"max-video-preview:-1"},"canonical":"https:\/\/www.bellunopress.it\/fr\/2009\/06\/29\/anche-lappia-plaude-al-riconoscimento-unesco-delle-dolomiti\/","og_locale":"fr_FR","og_type":"article","og_title":"Anche l'Appia plaude al riconoscimento Unesco delle Dolomiti - Bellunopress - Dolomiti","og_description":"Il riconoscimento, da parte dell\u2019Unesco, delle Dolomiti quale patrimonio dell\u2019umanit\u00e0 \u00e9 un risultato di grande valore che trova unanime consenso, almeno al momento, da parte di tutte le forze politiche e socio-economiche della nostra provincia. &#8220;Come A.P.P.I.A.\u00a0 crediamo nella bont\u00e0 dell\u2019iniziativa &#8211; dichiara il presidente Moreno De Col &#8211;\u00a0 a nostro giudizio, infatti, gli aspetti [&hellip;]","og_url":"https:\/\/www.bellunopress.it\/fr\/2009\/06\/29\/anche-lappia-plaude-al-riconoscimento-unesco-delle-dolomiti\/","og_site_name":"Bellunopress - Dolomiti","article_publisher":"https:\/\/www.facebook.com\/profile.php?id=100008943462799","article_published_time":"2009-06-29T18:33:06+00:00","og_image":[{"url":"http:\/\/www.bellunopress.it\/wp-content\/uploads\/2009\/06\/moreno-de-col-presidente-appia.jpg","type":"","width":"","height":""}],"author":"redazione","twitter_card":"summary_large_image","twitter_creator":"@bellunopress","twitter_site":"@bellunopress","twitter_misc":{"\u00c9crit par":"redazione","Dur\u00e9e de lecture estim\u00e9e":"3 minutes"},"schema":{"@context":"https:\/\/schema.org","@graph":[{"@type":"Article","@id":"https:\/\/www.bellunopress.it\/2009\/06\/29\/anche-lappia-plaude-al-riconoscimento-unesco-delle-dolomiti\/#article","isPartOf":{"@id":"https:\/\/www.bellunopress.it\/2009\/06\/29\/anche-lappia-plaude-al-riconoscimento-unesco-delle-dolomiti\/"},"author":{"name":"redazione","@id":"https:\/\/www.bellunopress.it\/#\/schema\/person\/79bb06722b37ece1c03d3e94beb30d73"},"headline":"Anche l&#8217;Appia plaude al riconoscimento Unesco delle Dolomiti","datePublished":"2009-06-29T18:33:06+00:00","mainEntityOfPage":{"@id":"https:\/\/www.bellunopress.it\/2009\/06\/29\/anche-lappia-plaude-al-riconoscimento-unesco-delle-dolomiti\/"},"wordCount":611,"publisher":{"@id":"https:\/\/www.bellunopress.it\/#organization"},"image":{"@id":"https:\/\/www.bellunopress.it\/2009\/06\/29\/anche-lappia-plaude-al-riconoscimento-unesco-delle-dolomiti\/#primaryimage"},"thumbnailUrl":"http:\/\/www.bellunopress.it\/wp-content\/uploads\/2009\/06\/moreno-de-col-presidente-appia.jpg","keywords":["Belluno","Dolomiti","feltrino"],"articleSection":["Cronaca\/Politica","Prima Pagina"],"inLanguage":"fr-FR"},{"@type":"WebPage","@id":"https:\/\/www.bellunopress.it\/2009\/06\/29\/anche-lappia-plaude-al-riconoscimento-unesco-delle-dolomiti\/","url":"https:\/\/www.bellunopress.it\/2009\/06\/29\/anche-lappia-plaude-al-riconoscimento-unesco-delle-dolomiti\/","name":"Anche l'Appia plaude al riconoscimento Unesco delle Dolomiti - Bellunopress - Dolomiti","isPartOf":{"@id":"https:\/\/www.bellunopress.it\/#website"},"primaryImageOfPage":{"@id":"https:\/\/www.bellunopress.it\/2009\/06\/29\/anche-lappia-plaude-al-riconoscimento-unesco-delle-dolomiti\/#primaryimage"},"image":{"@id":"https:\/\/www.bellunopress.it\/2009\/06\/29\/anche-lappia-plaude-al-riconoscimento-unesco-delle-dolomiti\/#primaryimage"},"thumbnailUrl":"http:\/\/www.bellunopress.it\/wp-content\/uploads\/2009\/06\/moreno-de-col-presidente-appia.jpg","datePublished":"2009-06-29T18:33:06+00:00","breadcrumb":{"@id":"https:\/\/www.bellunopress.it\/2009\/06\/29\/anche-lappia-plaude-al-riconoscimento-unesco-delle-dolomiti\/#breadcrumb"},"inLanguage":"fr-FR","potentialAction":[{"@type":"ReadAction","target":["https:\/\/www.bellunopress.it\/2009\/06\/29\/anche-lappia-plaude-al-riconoscimento-unesco-delle-dolomiti\/"]}]},{"@type":"ImageObject","inLanguage":"fr-FR","@id":"https:\/\/www.bellunopress.it\/2009\/06\/29\/anche-lappia-plaude-al-riconoscimento-unesco-delle-dolomiti\/#primaryimage","url":"http:\/\/www.bellunopress.it\/wp-content\/uploads\/2009\/06\/moreno-de-col-presidente-appia.jpg","contentUrl":"http:\/\/www.bellunopress.it\/wp-content\/uploads\/2009\/06\/moreno-de-col-presidente-appia.jpg"},{"@type":"BreadcrumbList","@id":"https:\/\/www.bellunopress.it\/2009\/06\/29\/anche-lappia-plaude-al-riconoscimento-unesco-delle-dolomiti\/#breadcrumb","itemListElement":[{"@type":"ListItem","position":1,"name":"Home","item":"https:\/\/www.bellunopress.it\/"},{"@type":"ListItem","position":2,"name":"Anche l&#8217;Appia plaude al riconoscimento Unesco delle Dolomiti"}]},{"@type":"WebSite","@id":"https:\/\/www.bellunopress.it\/#website","url":"https:\/\/www.bellunopress.it\/","name":"Bellunopress - Dolomiti","description":"e-mail: redazione@bellunopress.it","publisher":{"@id":"https:\/\/www.bellunopress.it\/#organization"},"potentialAction":[{"@type":"SearchAction","target":{"@type":"EntryPoint","urlTemplate":"https:\/\/www.bellunopress.it\/?s={search_term_string}"},"query-input":{"@type":"PropertyValueSpecification","valueRequired":true,"valueName":"search_term_string"}}],"inLanguage":"fr-FR"},{"@type":"Organization","@id":"https:\/\/www.bellunopress.it\/#organization","name":"Bellunopress","url":"https:\/\/www.bellunopress.it\/","logo":{"@type":"ImageObject","inLanguage":"fr-FR","@id":"https:\/\/www.bellunopress.it\/#\/schema\/logo\/image\/","url":"https:\/\/www.bellunopress.it\/wp-content\/uploads\/2011\/05\/cropped-logo-bellunopress-.jpg","contentUrl":"https:\/\/www.bellunopress.it\/wp-content\/uploads\/2011\/05\/cropped-logo-bellunopress-.jpg","width":512,"height":512,"caption":"Bellunopress"},"image":{"@id":"https:\/\/www.bellunopress.it\/#\/schema\/logo\/image\/"},"sameAs":["https:\/\/www.facebook.com\/profile.php?id=100008943462799","https:\/\/x.com\/bellunopress","https:\/\/www.linkedin.com\/hp\/?dnr=JBzUWaJfMUw8vbXJJ2tVW5-I3jZKvC4wsoxE&amp;amp;amp;amp;amp;amp;trk=nav_responsive_tab_home","https:\/\/www.youtube.com\/channel\/UCxL0wu1uN0_3_7hGG0306cw"]},{"@type":"Person","@id":"https:\/\/www.bellunopress.it\/#\/schema\/person\/79bb06722b37ece1c03d3e94beb30d73","name":"r\u00e9daction","image":{"@type":"ImageObject","inLanguage":"fr-FR","@id":"https:\/\/secure.gravatar.com\/avatar\/37d968a2e67a6fd04c169c4bdef102d0bc5d31b2546345219e348575eb80e9a0?s=96&d=mm&r=g","url":"https:\/\/secure.gravatar.com\/avatar\/37d968a2e67a6fd04c169c4bdef102d0bc5d31b2546345219e348575eb80e9a0?s=96&d=mm&r=g","contentUrl":"https:\/\/secure.gravatar.com\/avatar\/37d968a2e67a6fd04c169c4bdef102d0bc5d31b2546345219e348575eb80e9a0?s=96&d=mm&r=g","caption":"redazione"},"sameAs":["http:\/\/www.bellunopress.it","https:\/\/x.com\/bellunopress"],"url":"https:\/\/www.bellunopress.it\/fr\/author\/redazione\/"}]}},"_links":{"self":[{"href":"https:\/\/www.bellunopress.it\/fr\/wp-json\/wp\/v2\/posts\/5512","targetHints":{"allow":["GET"]}}],"collection":[{"href":"https:\/\/www.bellunopress.it\/fr\/wp-json\/wp\/v2\/posts"}],"about":[{"href":"https:\/\/www.bellunopress.it\/fr\/wp-json\/wp\/v2\/types\/post"}],"author":[{"embeddable":true,"href":"https:\/\/www.bellunopress.it\/fr\/wp-json\/wp\/v2\/users\/2"}],"replies":[{"embeddable":true,"href":"https:\/\/www.bellunopress.it\/fr\/wp-json\/wp\/v2\/comments?post=5512"}],"version-history":[{"count":1,"href":"https:\/\/www.bellunopress.it\/fr\/wp-json\/wp\/v2\/posts\/5512\/revisions"}],"predecessor-version":[{"id":5515,"href":"https:\/\/www.bellunopress.it\/fr\/wp-json\/wp\/v2\/posts\/5512\/revisions\/5515"}],"wp:attachment":[{"href":"https:\/\/www.bellunopress.it\/fr\/wp-json\/wp\/v2\/media?parent=5512"}],"wp:term":[{"taxonomy":"category","embeddable":true,"href":"https:\/\/www.bellunopress.it\/fr\/wp-json\/wp\/v2\/categories?post=5512"},{"taxonomy":"post_tag","embeddable":true,"href":"https:\/\/www.bellunopress.it\/fr\/wp-json\/wp\/v2\/tags?post=5512"}],"curies":[{"name":"wp","href":"https:\/\/api.w.org\/{rel}","templated":true}]}}