{"id":5509,"date":"2009-06-29T19:18:16","date_gmt":"2009-06-29T18:18:16","guid":{"rendered":"http:\/\/www.bellunopress.it\/?p=5509"},"modified":"2009-06-29T19:18:16","modified_gmt":"2009-06-29T18:18:16","slug":"dal-1%c2%b0-luglio-al-1%c2%b0-agosto-la-regina-delle-dolomiti-propone-cortinaincroda","status":"publish","type":"post","link":"https:\/\/www.bellunopress.it\/fr\/2009\/06\/29\/dal-1%c2%b0-luglio-al-1%c2%b0-agosto-la-regina-delle-dolomiti-propone-cortinaincroda\/","title":{"rendered":"Dal 1\u00b0 Luglio al 1\u00b0 Agosto la Regina delle Dolomiti propone CortinaInCroda"},"content":{"rendered":"<p><a href=\"http:\/\/www.bellunopress.it\/wp-content\/uploads\/2009\/06\/cortinaincroda.jpg\"><img loading=\"lazy\" decoding=\"async\" class=\"alignleft size-medium wp-image-5510\" title=\"cortinaincroda\" src=\"http:\/\/www.bellunopress.it\/wp-content\/uploads\/2009\/06\/cortinaincroda.jpg\" alt=\"\" width=\"290\" height=\"149\" \/><\/a>Poesia, adrenalina, scrittura, cinema, musica, montagne, sogni, avventura, tecnologia, giornalismo, personaggi, ricordi, futuro. Sono questi gli ingredienti della prima edizione di \u201cCortina In croda\u201d che dal primo luglio al primo agosto celebrer\u00e0 i Settanta anni della nascita degli Scoiattoli, storico sodalizio ampezzano. L\u2019idea \u00e8 dell\u2019Amministrazione comunale di Cortina, firmata dal gruppo degli Scoiattoli, e diretta artisticamente da Andrea Gris. Un prodotto di Cortina realizzato sotto ogni punto di vista da professionisti di Cortina che propone una serie di incontri per festeggiare i 70 anni dello storico Sodalizio degli Scoiattoli. Il 1\u00b0 luglio 1939, una data che rimarr\u00e0 iscritta nella storia dell\u2019alpinismo italiano: nasce il primo gruppo di arrampicatori non professionisti, gli Scoiattoli di Cortina, in origine col nome Societ\u00e0 Scoiattolo, presto trasformata in Societ\u00e0 rocciatori e sciatori gli Scoiattoli (i primi membri del gruppo erano tutti abili sciatori), per diventare infine Scoiattoli di Cortina. Senza tralasciare le indimenticabili imprese compiute sulle grandi pareti dalle guide ampezzane nella seconda met\u00e0 dell\u2019Ottocento e nei primi decenni del Novecento, \u00e8 infatti con l\u2019inizio dell\u2019alpinismo senza guida che sulle Dolomiti si apre una nuova pagina di avventure e conquiste, alla ricerca di impegno alpinistico e difficolt\u00e0 sempre maggiori.<br \/>\n\u00a0Il loro maglione rosso con lo scoiattolo bianco ricamato sul braccio sinistro giunger\u00e0 su ogni vetta dolomitica, spaziando in seguito sulle Alpi centrali e occidentali e sulle montagne del mondo, raccogliendo un curriculum diventato leggendario nel mondo dell\u2019alpinismo.<br \/>\nI dieci soci fondatori Albino Alver\u00e0 (Boni), Silvio Alver\u00e0 (Boricio), Romano Apollonio (Nano), Angelo Bernardi (Alo), Ettore Costantini (Vecio), Siro Dandrea (Cajuto) e Giuseppe Ghedina (To)erano dei giovani ragazzi (la loro et\u00e0 oscillava tra i 15 e i 18 anni!) animati da una grande passione per la montagna, e da una forte amicizia. Oggi gli Scoiattoli continuano ad essere un gruppo di amici appassionati di montagna. \u00abAbbiamo sempre cercato di mantenere vivo lo spirito di amicizia che 70 anni fa ha fatto nascere questo sodalizio\u00bb, dichiara il presidente degli Scoiattoli Stefano Dimai Cash, \u00abe ora con orgoglio presiedo un gruppo che con grande sforzo ha creato una rassegna, Cortina In Croda\u201d che vuole celebrare un compleanno veramente importante. Un ringraziamento speciale da parte mia e di tutti i miei amici va a Mario Lacedelli, gi\u00e0 nostro presidente, sempre attivo e partecipe, che ha dato una forza e uno spirito al gruppo animata dalla sua grande passione per la montagna\u00bb. L\u2019estate di Cortina si tinger\u00e0 quindi di rosso. \u00abCome Scoiattoli da tempo collaboriamo con il Comune e in questa occasione abbiamo voluto unire il nome di una nuova manifestazione dedicata alla montagna alla sua prima edizione, Cortina inCroda, all\u2019anniversario del gruppo\u00bb, ha spiegato Mario Lacedelli, che con il presidente Stefano Dimai, sta curando la manifestazione. \u00abSono passati 70 anni dalla nascita di questo sodalizio che da sempre ha avuto una parola d\u2019ordine, amicizia, ed \u00e8 quindi giusto ricordare tutti gli amici e le loro avventure che hanno segnato la storia di Cortina. Una storia che \u00e8 anche futuro e in queste serate gli Scoiattoli si racconteranno con confronti e racconti confezionati con un certo ritmo\u00bb.\u00a0<\/p>\n<p>PROGRAMMA<br \/>\n1 luglio<br \/>\nOre 19: Chiesa Parrocchiale SS.Filippo e Giacomo di Cortina. Santa Messa annuale del Gruppo Scoiattoli. Il Corpo musicale di Cortina porter\u00e0 il gruppo degli Scoiattoli a suon di musica dalla Chiesa in Piazza Venezia.<br \/>\nOre 19.30: Conchiglia di Cortina, presentazione alla stampa e alle autorit\u00e0 della prima rassegna &#8220;CORTINAinCRODA 1a edizione&#8221;. Premio speciale ai fondatori del gruppo e bicchierata di rosso per tutti. A seguire cena annuale riservata agli appartenenti al Gruppo Scoiattoli.<br \/>\n\u00a0Alle 21all\u2019Alexander Girardi \u201cCortina In Croda\u201d proporr\u00e0:<br \/>\n\u00a07 Luglio: &#8220;Il protagonista: Cristian Brenna. Voto: 8&#8230;.abbondante! Ospite lo Scoiattolo Luca Zardini &#8216;Canon&#8217; e il mondo dell&#8217;arrampicata sportiva&#8221;<br \/>\n\u00a09 luglio<br \/>\n&#8220;InCRODA c&#8217;e&#8217;: &#8216;No Barries Dolomiti&#8217;. Special guest Alex Zanardi&#8221;. Gli Scoiattoli raccontano con l&#8217;associazione cortinese una montagna che pochi conoscono. Ospite un grande uomo, un personaggio, un padre di famiglia ma sopratutto un esempio al mondo di grande impatto emotivo. &#8216;CORTINAinCRODA&#8217; e&#8217; orgogliosa di questa presenza!<br \/>\n\u00a011 luglio &#8220;La scrittura in ROSSO! Da Cenacchi a Buzzati.Il libro, la lettura, le immagini che diventano racconto! L&#8217;omaggio ad un amico e ai suoi amici di lettura in un viaggio tra parole e pensieri!&#8221; Ospiti a sorpresa.<br \/>\n\u00a014 luglio<br \/>\n&#8220;InCRODA c&#8217;e&#8217;: &#8216;Oltre le Vette&#8217;. La manifestazione bellunese si racconta prima della 13a edizione di ottobre e ricorda l&#8217;amico Giuliano De Marchi scomparso sull&#8217;Antelao pochi mesi fa&#8217;.Ospite Flavio Faoro direttore artistico della manifestazione che ogni anno riceve sempre pi\u00f9 consensi di pubblico e critica.<br \/>\n\u00a021 luglio<br \/>\n&#8220;Rosso Scoiattolo! 1939-2009! 70\u00a0 candeline che illuminano una leggenda! Ospiti gli Scoiattoli e partecipazione a sorpresa di amici e giornalisti!<br \/>\nNel corso della serata sar\u00e0 consegnato il riconoscimento giornalistico <a href=\"http:\/\/www.CORTINAinCRODA.it\">www.CORTINAinCRODA.it<\/a> ad una delle grandi firme italiane.<\/p>\n<p>In tutte le serate al cinema teatro Alexander Girardi di Cortina interverr\u00e0 lo scrittore, alpinista e amico degli Scoiattoli: Mauro Corona. Tutte le serate all\u2019Alexabnder girardi sono ad ingresso libero e sar\u00e0 possibile acquistare gadget degli Scoiattoli: bandiere, tazze, stemme, magliette e bottiglie di vino etichettate appositamente per il Settantesimo compleanno degli Scoiattoli di Cortina..<br \/>\n\u00a01 agosto Gran finale lle 19 al Rifugio Scoiattoli sulle Cinque Torri:<br \/>\n&#8220;Rosso Superlativo! Party verticale! Sulla terrazza dello storico rifugio un party da non perdere con la musica di Alessio Bertallot (radio Dee Jay), luci, laser, videoimmagazine, buffet tinto di rosso e gli Scoiattoli &#8220;inCroda&#8221; sulle pareti illuminate delle 5Torri. Dal 3 luglio presso l\u2019Ufficio Informazioni del consorzio \u201cCortina Turismo\u201d in piazza Roma sar\u00e0 aperta la prevendita dei biglietti. Ogni biglietto costa 25 Euro e comprende la salita e la discesa in seggiovia, una giacca firmata Scoiattoli e la cena.<br \/>\nUn&#8217;idea firmata dal Comune di Cortina d&#8217;Ampezzo , Assessorato alla cultura.<br \/>\nOrganizzazione Gruppo Scoiattoli Cortina<br \/>\nDirezione artistica e regia: Andrea Gris.<br \/>\nCuratori: Mario Lacedelli, Stefano Dimai, Andrea Gris<br \/>\nProgetto grafico: Letizia Viel<br \/>\nImmagini e fotografie: Giuseppe Ghedina<br \/>\nRiprese e montaggio: Alessandro Manaigo<br \/>\nMusiche: Alessio Bertallot<br \/>\nRadio partner: Radio Cortina<br \/>\nOrganizzazione logistica: Gis Cortina<br \/>\nCoordinamento gestione: Assessorato alla cultura<br \/>\nHanno collaborato alla riuscita dell\u2019iniziativa : JAS, Eider, Zardini l\u2019arte del Calore, Zardini Stufe artigianali in ceramica, Cassa Rurale ed Artigiana di cortina d\u2019Ampezzo e delle dolomiti, La cooperativa di Cortina, Seggiovie 5 Torri, Majoni Elettrotecnica, S.C.I.A., Drop, Barilla, K2 abbigliamento, Scarpa, Camp, Radio Cortina e Corriere delle Alpi.<\/p>","protected":false},"excerpt":{"rendered":"<p>Poesia, adrenalina, scrittura, cinema, musica, montagne, sogni, avventura, tecnologia, giornalismo, personaggi, ricordi, futuro. Sono questi gli ingredienti della prima edizione di \u201cCortina In croda\u201d che dal primo luglio al primo agosto celebrer\u00e0 i Settanta anni della nascita degli Scoiattoli, storico sodalizio ampezzano. L\u2019idea \u00e8 dell\u2019Amministrazione comunale di Cortina, firmata dal gruppo degli Scoiattoli, e diretta [&hellip;]<\/p>\n","protected":false},"author":2,"featured_media":0,"comment_status":"closed","ping_status":"open","sticky":false,"template":"","format":"standard","meta":{"footnotes":""},"categories":[3],"tags":[139,63],"class_list":["post-5509","post","type-post","status-publish","format-standard","category-arte-cultura-spettacoli-scienza-archivi","tag-belluno","tag-dolomiti"],"yoast_head":"<!-- This site is optimized with the Yoast SEO plugin v28.4 - https:\/\/yoast.com\/product\/yoast-seo-wordpress\/ -->\n<title>Dal 1\u00b0 Luglio al 1\u00b0 Agosto la Regina delle Dolomiti propone CortinaInCroda - Bellunopress - Dolomiti<\/title>\n<meta name=\"robots\" content=\"index, follow, max-snippet:-1, max-image-preview:large, max-video-preview:-1\" \/>\n<link rel=\"canonical\" href=\"https:\/\/www.bellunopress.it\/fr\/2009\/06\/29\/dal-1\u00b0-luglio-al-1\u00b0-agosto-la-regina-delle-dolomiti-propone-cortinaincroda\/\" \/>\n<meta property=\"og:locale\" content=\"fr_FR\" \/>\n<meta property=\"og:type\" content=\"article\" \/>\n<meta property=\"og:title\" content=\"Dal 1\u00b0 Luglio al 1\u00b0 Agosto la Regina delle Dolomiti propone CortinaInCroda - Bellunopress - Dolomiti\" \/>\n<meta property=\"og:description\" content=\"Poesia, adrenalina, scrittura, cinema, musica, montagne, sogni, avventura, tecnologia, giornalismo, personaggi, ricordi, futuro. Sono questi gli ingredienti della prima edizione di \u201cCortina In croda\u201d che dal primo luglio al primo agosto celebrer\u00e0 i Settanta anni della nascita degli Scoiattoli, storico sodalizio ampezzano. L\u2019idea \u00e8 dell\u2019Amministrazione comunale di Cortina, firmata dal gruppo degli Scoiattoli, e diretta [&hellip;]\" \/>\n<meta property=\"og:url\" content=\"https:\/\/www.bellunopress.it\/fr\/2009\/06\/29\/dal-1\u00b0-luglio-al-1\u00b0-agosto-la-regina-delle-dolomiti-propone-cortinaincroda\/\" \/>\n<meta property=\"og:site_name\" content=\"Bellunopress - Dolomiti\" \/>\n<meta property=\"article:publisher\" content=\"https:\/\/www.facebook.com\/profile.php?id=100008943462799\" \/>\n<meta property=\"article:published_time\" content=\"2009-06-29T18:18:16+00:00\" \/>\n<meta property=\"og:image\" content=\"http:\/\/www.bellunopress.it\/wp-content\/uploads\/2009\/06\/cortinaincroda.jpg\" \/>\n<meta name=\"author\" content=\"redazione\" \/>\n<meta name=\"twitter:card\" content=\"summary_large_image\" \/>\n<meta name=\"twitter:creator\" content=\"@bellunopress\" \/>\n<meta name=\"twitter:site\" content=\"@bellunopress\" \/>\n<meta name=\"twitter:label1\" content=\"\u00c9crit par\" \/>\n\t<meta name=\"twitter:data1\" content=\"redazione\" \/>\n\t<meta name=\"twitter:label2\" content=\"Dur\u00e9e de lecture estim\u00e9e\" \/>\n\t<meta name=\"twitter:data2\" content=\"5 minutes\" \/>\n<script type=\"application\/ld+json\" class=\"yoast-schema-graph\">{\"@context\":\"https:\\\/\\\/schema.org\",\"@graph\":[{\"@type\":\"Article\",\"@id\":\"https:\\\/\\\/www.bellunopress.it\\\/2009\\\/06\\\/29\\\/dal-1%c2%b0-luglio-al-1%c2%b0-agosto-la-regina-delle-dolomiti-propone-cortinaincroda\\\/#article\",\"isPartOf\":{\"@id\":\"https:\\\/\\\/www.bellunopress.it\\\/2009\\\/06\\\/29\\\/dal-1%c2%b0-luglio-al-1%c2%b0-agosto-la-regina-delle-dolomiti-propone-cortinaincroda\\\/\"},\"author\":{\"name\":\"redazione\",\"@id\":\"https:\\\/\\\/www.bellunopress.it\\\/#\\\/schema\\\/person\\\/79bb06722b37ece1c03d3e94beb30d73\"},\"headline\":\"Dal 1\u00b0 Luglio al 1\u00b0 Agosto la Regina delle Dolomiti propone CortinaInCroda\",\"datePublished\":\"2009-06-29T18:18:16+00:00\",\"mainEntityOfPage\":{\"@id\":\"https:\\\/\\\/www.bellunopress.it\\\/2009\\\/06\\\/29\\\/dal-1%c2%b0-luglio-al-1%c2%b0-agosto-la-regina-delle-dolomiti-propone-cortinaincroda\\\/\"},\"wordCount\":1048,\"publisher\":{\"@id\":\"https:\\\/\\\/www.bellunopress.it\\\/#organization\"},\"image\":{\"@id\":\"https:\\\/\\\/www.bellunopress.it\\\/2009\\\/06\\\/29\\\/dal-1%c2%b0-luglio-al-1%c2%b0-agosto-la-regina-delle-dolomiti-propone-cortinaincroda\\\/#primaryimage\"},\"thumbnailUrl\":\"http:\\\/\\\/www.bellunopress.it\\\/wp-content\\\/uploads\\\/2009\\\/06\\\/cortinaincroda.jpg\",\"keywords\":[\"Belluno\",\"Dolomiti\"],\"articleSection\":[\"Arte, Cultura, Spettacoli, Scienza\"],\"inLanguage\":\"fr-FR\"},{\"@type\":\"WebPage\",\"@id\":\"https:\\\/\\\/www.bellunopress.it\\\/2009\\\/06\\\/29\\\/dal-1%c2%b0-luglio-al-1%c2%b0-agosto-la-regina-delle-dolomiti-propone-cortinaincroda\\\/\",\"url\":\"https:\\\/\\\/www.bellunopress.it\\\/2009\\\/06\\\/29\\\/dal-1%c2%b0-luglio-al-1%c2%b0-agosto-la-regina-delle-dolomiti-propone-cortinaincroda\\\/\",\"name\":\"Dal 1\u00b0 Luglio al 1\u00b0 Agosto la Regina delle Dolomiti propone CortinaInCroda - Bellunopress - Dolomiti\",\"isPartOf\":{\"@id\":\"https:\\\/\\\/www.bellunopress.it\\\/#website\"},\"primaryImageOfPage\":{\"@id\":\"https:\\\/\\\/www.bellunopress.it\\\/2009\\\/06\\\/29\\\/dal-1%c2%b0-luglio-al-1%c2%b0-agosto-la-regina-delle-dolomiti-propone-cortinaincroda\\\/#primaryimage\"},\"image\":{\"@id\":\"https:\\\/\\\/www.bellunopress.it\\\/2009\\\/06\\\/29\\\/dal-1%c2%b0-luglio-al-1%c2%b0-agosto-la-regina-delle-dolomiti-propone-cortinaincroda\\\/#primaryimage\"},\"thumbnailUrl\":\"http:\\\/\\\/www.bellunopress.it\\\/wp-content\\\/uploads\\\/2009\\\/06\\\/cortinaincroda.jpg\",\"datePublished\":\"2009-06-29T18:18:16+00:00\",\"breadcrumb\":{\"@id\":\"https:\\\/\\\/www.bellunopress.it\\\/2009\\\/06\\\/29\\\/dal-1%c2%b0-luglio-al-1%c2%b0-agosto-la-regina-delle-dolomiti-propone-cortinaincroda\\\/#breadcrumb\"},\"inLanguage\":\"fr-FR\",\"potentialAction\":[{\"@type\":\"ReadAction\",\"target\":[\"https:\\\/\\\/www.bellunopress.it\\\/2009\\\/06\\\/29\\\/dal-1%c2%b0-luglio-al-1%c2%b0-agosto-la-regina-delle-dolomiti-propone-cortinaincroda\\\/\"]}]},{\"@type\":\"ImageObject\",\"inLanguage\":\"fr-FR\",\"@id\":\"https:\\\/\\\/www.bellunopress.it\\\/2009\\\/06\\\/29\\\/dal-1%c2%b0-luglio-al-1%c2%b0-agosto-la-regina-delle-dolomiti-propone-cortinaincroda\\\/#primaryimage\",\"url\":\"http:\\\/\\\/www.bellunopress.it\\\/wp-content\\\/uploads\\\/2009\\\/06\\\/cortinaincroda.jpg\",\"contentUrl\":\"http:\\\/\\\/www.bellunopress.it\\\/wp-content\\\/uploads\\\/2009\\\/06\\\/cortinaincroda.jpg\"},{\"@type\":\"BreadcrumbList\",\"@id\":\"https:\\\/\\\/www.bellunopress.it\\\/2009\\\/06\\\/29\\\/dal-1%c2%b0-luglio-al-1%c2%b0-agosto-la-regina-delle-dolomiti-propone-cortinaincroda\\\/#breadcrumb\",\"itemListElement\":[{\"@type\":\"ListItem\",\"position\":1,\"name\":\"Home\",\"item\":\"https:\\\/\\\/www.bellunopress.it\\\/\"},{\"@type\":\"ListItem\",\"position\":2,\"name\":\"Dal 1\u00b0 Luglio al 1\u00b0 Agosto la Regina delle Dolomiti propone CortinaInCroda\"}]},{\"@type\":\"WebSite\",\"@id\":\"https:\\\/\\\/www.bellunopress.it\\\/#website\",\"url\":\"https:\\\/\\\/www.bellunopress.it\\\/\",\"name\":\"Bellunopress - Dolomiti\",\"description\":\"e-mail: redazione@bellunopress.it\",\"publisher\":{\"@id\":\"https:\\\/\\\/www.bellunopress.it\\\/#organization\"},\"potentialAction\":[{\"@type\":\"SearchAction\",\"target\":{\"@type\":\"EntryPoint\",\"urlTemplate\":\"https:\\\/\\\/www.bellunopress.it\\\/?s={search_term_string}\"},\"query-input\":{\"@type\":\"PropertyValueSpecification\",\"valueRequired\":true,\"valueName\":\"search_term_string\"}}],\"inLanguage\":\"fr-FR\"},{\"@type\":\"Organization\",\"@id\":\"https:\\\/\\\/www.bellunopress.it\\\/#organization\",\"name\":\"Bellunopress\",\"url\":\"https:\\\/\\\/www.bellunopress.it\\\/\",\"logo\":{\"@type\":\"ImageObject\",\"inLanguage\":\"fr-FR\",\"@id\":\"https:\\\/\\\/www.bellunopress.it\\\/#\\\/schema\\\/logo\\\/image\\\/\",\"url\":\"https:\\\/\\\/www.bellunopress.it\\\/wp-content\\\/uploads\\\/2011\\\/05\\\/cropped-logo-bellunopress-.jpg\",\"contentUrl\":\"https:\\\/\\\/www.bellunopress.it\\\/wp-content\\\/uploads\\\/2011\\\/05\\\/cropped-logo-bellunopress-.jpg\",\"width\":512,\"height\":512,\"caption\":\"Bellunopress\"},\"image\":{\"@id\":\"https:\\\/\\\/www.bellunopress.it\\\/#\\\/schema\\\/logo\\\/image\\\/\"},\"sameAs\":[\"https:\\\/\\\/www.facebook.com\\\/profile.php?id=100008943462799\",\"https:\\\/\\\/x.com\\\/bellunopress\",\"https:\\\/\\\/www.linkedin.com\\\/hp\\\/?dnr=JBzUWaJfMUw8vbXJJ2tVW5-I3jZKvC4wsoxE&amp;amp;amp;amp;amp;amp;trk=nav_responsive_tab_home\",\"https:\\\/\\\/www.youtube.com\\\/channel\\\/UCxL0wu1uN0_3_7hGG0306cw\"]},{\"@type\":\"Person\",\"@id\":\"https:\\\/\\\/www.bellunopress.it\\\/#\\\/schema\\\/person\\\/79bb06722b37ece1c03d3e94beb30d73\",\"name\":\"redazione\",\"image\":{\"@type\":\"ImageObject\",\"inLanguage\":\"fr-FR\",\"@id\":\"https:\\\/\\\/secure.gravatar.com\\\/avatar\\\/37d968a2e67a6fd04c169c4bdef102d0bc5d31b2546345219e348575eb80e9a0?s=96&d=mm&r=g\",\"url\":\"https:\\\/\\\/secure.gravatar.com\\\/avatar\\\/37d968a2e67a6fd04c169c4bdef102d0bc5d31b2546345219e348575eb80e9a0?s=96&d=mm&r=g\",\"contentUrl\":\"https:\\\/\\\/secure.gravatar.com\\\/avatar\\\/37d968a2e67a6fd04c169c4bdef102d0bc5d31b2546345219e348575eb80e9a0?s=96&d=mm&r=g\",\"caption\":\"redazione\"},\"sameAs\":[\"http:\\\/\\\/www.bellunopress.it\",\"https:\\\/\\\/x.com\\\/bellunopress\"],\"url\":\"https:\\\/\\\/www.bellunopress.it\\\/fr\\\/author\\\/redazione\\\/\"}]}<\/script>\n<!-- \/ Yoast SEO plugin. -->","yoast_head_json":{"title":"Dal 1\u00b0 Luglio al 1\u00b0 Agosto la Regina delle Dolomiti propone CortinaInCroda - Bellunopress - Dolomiti","robots":{"index":"index","follow":"follow","max-snippet":"max-snippet:-1","max-image-preview":"max-image-preview:large","max-video-preview":"max-video-preview:-1"},"canonical":"https:\/\/www.bellunopress.it\/fr\/2009\/06\/29\/dal-1\u00b0-luglio-al-1\u00b0-agosto-la-regina-delle-dolomiti-propone-cortinaincroda\/","og_locale":"fr_FR","og_type":"article","og_title":"Dal 1\u00b0 Luglio al 1\u00b0 Agosto la Regina delle Dolomiti propone CortinaInCroda - Bellunopress - Dolomiti","og_description":"Poesia, adrenalina, scrittura, cinema, musica, montagne, sogni, avventura, tecnologia, giornalismo, personaggi, ricordi, futuro. Sono questi gli ingredienti della prima edizione di \u201cCortina In croda\u201d che dal primo luglio al primo agosto celebrer\u00e0 i Settanta anni della nascita degli Scoiattoli, storico sodalizio ampezzano. L\u2019idea \u00e8 dell\u2019Amministrazione comunale di Cortina, firmata dal gruppo degli Scoiattoli, e diretta [&hellip;]","og_url":"https:\/\/www.bellunopress.it\/fr\/2009\/06\/29\/dal-1\u00b0-luglio-al-1\u00b0-agosto-la-regina-delle-dolomiti-propone-cortinaincroda\/","og_site_name":"Bellunopress - Dolomiti","article_publisher":"https:\/\/www.facebook.com\/profile.php?id=100008943462799","article_published_time":"2009-06-29T18:18:16+00:00","og_image":[{"url":"http:\/\/www.bellunopress.it\/wp-content\/uploads\/2009\/06\/cortinaincroda.jpg","type":"","width":"","height":""}],"author":"redazione","twitter_card":"summary_large_image","twitter_creator":"@bellunopress","twitter_site":"@bellunopress","twitter_misc":{"\u00c9crit par":"redazione","Dur\u00e9e de lecture estim\u00e9e":"5 minutes"},"schema":{"@context":"https:\/\/schema.org","@graph":[{"@type":"Article","@id":"https:\/\/www.bellunopress.it\/2009\/06\/29\/dal-1%c2%b0-luglio-al-1%c2%b0-agosto-la-regina-delle-dolomiti-propone-cortinaincroda\/#article","isPartOf":{"@id":"https:\/\/www.bellunopress.it\/2009\/06\/29\/dal-1%c2%b0-luglio-al-1%c2%b0-agosto-la-regina-delle-dolomiti-propone-cortinaincroda\/"},"author":{"name":"redazione","@id":"https:\/\/www.bellunopress.it\/#\/schema\/person\/79bb06722b37ece1c03d3e94beb30d73"},"headline":"Dal 1\u00b0 Luglio al 1\u00b0 Agosto la Regina delle Dolomiti propone CortinaInCroda","datePublished":"2009-06-29T18:18:16+00:00","mainEntityOfPage":{"@id":"https:\/\/www.bellunopress.it\/2009\/06\/29\/dal-1%c2%b0-luglio-al-1%c2%b0-agosto-la-regina-delle-dolomiti-propone-cortinaincroda\/"},"wordCount":1048,"publisher":{"@id":"https:\/\/www.bellunopress.it\/#organization"},"image":{"@id":"https:\/\/www.bellunopress.it\/2009\/06\/29\/dal-1%c2%b0-luglio-al-1%c2%b0-agosto-la-regina-delle-dolomiti-propone-cortinaincroda\/#primaryimage"},"thumbnailUrl":"http:\/\/www.bellunopress.it\/wp-content\/uploads\/2009\/06\/cortinaincroda.jpg","keywords":["Belluno","Dolomiti"],"articleSection":["Arte, Cultura, Spettacoli, Scienza"],"inLanguage":"fr-FR"},{"@type":"WebPage","@id":"https:\/\/www.bellunopress.it\/2009\/06\/29\/dal-1%c2%b0-luglio-al-1%c2%b0-agosto-la-regina-delle-dolomiti-propone-cortinaincroda\/","url":"https:\/\/www.bellunopress.it\/2009\/06\/29\/dal-1%c2%b0-luglio-al-1%c2%b0-agosto-la-regina-delle-dolomiti-propone-cortinaincroda\/","name":"Dal 1\u00b0 Luglio al 1\u00b0 Agosto la Regina delle Dolomiti propone CortinaInCroda - Bellunopress - Dolomiti","isPartOf":{"@id":"https:\/\/www.bellunopress.it\/#website"},"primaryImageOfPage":{"@id":"https:\/\/www.bellunopress.it\/2009\/06\/29\/dal-1%c2%b0-luglio-al-1%c2%b0-agosto-la-regina-delle-dolomiti-propone-cortinaincroda\/#primaryimage"},"image":{"@id":"https:\/\/www.bellunopress.it\/2009\/06\/29\/dal-1%c2%b0-luglio-al-1%c2%b0-agosto-la-regina-delle-dolomiti-propone-cortinaincroda\/#primaryimage"},"thumbnailUrl":"http:\/\/www.bellunopress.it\/wp-content\/uploads\/2009\/06\/cortinaincroda.jpg","datePublished":"2009-06-29T18:18:16+00:00","breadcrumb":{"@id":"https:\/\/www.bellunopress.it\/2009\/06\/29\/dal-1%c2%b0-luglio-al-1%c2%b0-agosto-la-regina-delle-dolomiti-propone-cortinaincroda\/#breadcrumb"},"inLanguage":"fr-FR","potentialAction":[{"@type":"ReadAction","target":["https:\/\/www.bellunopress.it\/2009\/06\/29\/dal-1%c2%b0-luglio-al-1%c2%b0-agosto-la-regina-delle-dolomiti-propone-cortinaincroda\/"]}]},{"@type":"ImageObject","inLanguage":"fr-FR","@id":"https:\/\/www.bellunopress.it\/2009\/06\/29\/dal-1%c2%b0-luglio-al-1%c2%b0-agosto-la-regina-delle-dolomiti-propone-cortinaincroda\/#primaryimage","url":"http:\/\/www.bellunopress.it\/wp-content\/uploads\/2009\/06\/cortinaincroda.jpg","contentUrl":"http:\/\/www.bellunopress.it\/wp-content\/uploads\/2009\/06\/cortinaincroda.jpg"},{"@type":"BreadcrumbList","@id":"https:\/\/www.bellunopress.it\/2009\/06\/29\/dal-1%c2%b0-luglio-al-1%c2%b0-agosto-la-regina-delle-dolomiti-propone-cortinaincroda\/#breadcrumb","itemListElement":[{"@type":"ListItem","position":1,"name":"Home","item":"https:\/\/www.bellunopress.it\/"},{"@type":"ListItem","position":2,"name":"Dal 1\u00b0 Luglio al 1\u00b0 Agosto la Regina delle Dolomiti propone CortinaInCroda"}]},{"@type":"WebSite","@id":"https:\/\/www.bellunopress.it\/#website","url":"https:\/\/www.bellunopress.it\/","name":"Bellunopress - Dolomiti","description":"e-mail: redazione@bellunopress.it","publisher":{"@id":"https:\/\/www.bellunopress.it\/#organization"},"potentialAction":[{"@type":"SearchAction","target":{"@type":"EntryPoint","urlTemplate":"https:\/\/www.bellunopress.it\/?s={search_term_string}"},"query-input":{"@type":"PropertyValueSpecification","valueRequired":true,"valueName":"search_term_string"}}],"inLanguage":"fr-FR"},{"@type":"Organization","@id":"https:\/\/www.bellunopress.it\/#organization","name":"Bellunopress","url":"https:\/\/www.bellunopress.it\/","logo":{"@type":"ImageObject","inLanguage":"fr-FR","@id":"https:\/\/www.bellunopress.it\/#\/schema\/logo\/image\/","url":"https:\/\/www.bellunopress.it\/wp-content\/uploads\/2011\/05\/cropped-logo-bellunopress-.jpg","contentUrl":"https:\/\/www.bellunopress.it\/wp-content\/uploads\/2011\/05\/cropped-logo-bellunopress-.jpg","width":512,"height":512,"caption":"Bellunopress"},"image":{"@id":"https:\/\/www.bellunopress.it\/#\/schema\/logo\/image\/"},"sameAs":["https:\/\/www.facebook.com\/profile.php?id=100008943462799","https:\/\/x.com\/bellunopress","https:\/\/www.linkedin.com\/hp\/?dnr=JBzUWaJfMUw8vbXJJ2tVW5-I3jZKvC4wsoxE&amp;amp;amp;amp;amp;amp;trk=nav_responsive_tab_home","https:\/\/www.youtube.com\/channel\/UCxL0wu1uN0_3_7hGG0306cw"]},{"@type":"Person","@id":"https:\/\/www.bellunopress.it\/#\/schema\/person\/79bb06722b37ece1c03d3e94beb30d73","name":"r\u00e9daction","image":{"@type":"ImageObject","inLanguage":"fr-FR","@id":"https:\/\/secure.gravatar.com\/avatar\/37d968a2e67a6fd04c169c4bdef102d0bc5d31b2546345219e348575eb80e9a0?s=96&d=mm&r=g","url":"https:\/\/secure.gravatar.com\/avatar\/37d968a2e67a6fd04c169c4bdef102d0bc5d31b2546345219e348575eb80e9a0?s=96&d=mm&r=g","contentUrl":"https:\/\/secure.gravatar.com\/avatar\/37d968a2e67a6fd04c169c4bdef102d0bc5d31b2546345219e348575eb80e9a0?s=96&d=mm&r=g","caption":"redazione"},"sameAs":["http:\/\/www.bellunopress.it","https:\/\/x.com\/bellunopress"],"url":"https:\/\/www.bellunopress.it\/fr\/author\/redazione\/"}]}},"_links":{"self":[{"href":"https:\/\/www.bellunopress.it\/fr\/wp-json\/wp\/v2\/posts\/5509","targetHints":{"allow":["GET"]}}],"collection":[{"href":"https:\/\/www.bellunopress.it\/fr\/wp-json\/wp\/v2\/posts"}],"about":[{"href":"https:\/\/www.bellunopress.it\/fr\/wp-json\/wp\/v2\/types\/post"}],"author":[{"embeddable":true,"href":"https:\/\/www.bellunopress.it\/fr\/wp-json\/wp\/v2\/users\/2"}],"replies":[{"embeddable":true,"href":"https:\/\/www.bellunopress.it\/fr\/wp-json\/wp\/v2\/comments?post=5509"}],"version-history":[{"count":1,"href":"https:\/\/www.bellunopress.it\/fr\/wp-json\/wp\/v2\/posts\/5509\/revisions"}],"predecessor-version":[{"id":5511,"href":"https:\/\/www.bellunopress.it\/fr\/wp-json\/wp\/v2\/posts\/5509\/revisions\/5511"}],"wp:attachment":[{"href":"https:\/\/www.bellunopress.it\/fr\/wp-json\/wp\/v2\/media?parent=5509"}],"wp:term":[{"taxonomy":"category","embeddable":true,"href":"https:\/\/www.bellunopress.it\/fr\/wp-json\/wp\/v2\/categories?post=5509"},{"taxonomy":"post_tag","embeddable":true,"href":"https:\/\/www.bellunopress.it\/fr\/wp-json\/wp\/v2\/tags?post=5509"}],"curies":[{"name":"wp","href":"https:\/\/api.w.org\/{rel}","templated":true}]}}