{"id":5505,"date":"2009-06-29T16:30:34","date_gmt":"2009-06-29T15:30:34","guid":{"rendered":"http:\/\/www.bellunopress.it\/?p=5505"},"modified":"2009-06-29T16:30:34","modified_gmt":"2009-06-29T15:30:34","slug":"dolomiti-e-unesco-ovvero-come-uscire-dalla-marginalita-l%e2%80%99invito-a-bottacin-dalluapi-a-consultare-le-categorie-economiche-per-un-confronto-su-scelte-e-strategie","status":"publish","type":"post","link":"https:\/\/www.bellunopress.it\/fr\/2009\/06\/29\/dolomiti-e-unesco-ovvero-come-uscire-dalla-marginalita-l%e2%80%99invito-a-bottacin-dalluapi-a-consultare-le-categorie-economiche-per-un-confronto-su-scelte-e-strategie\/","title":{"rendered":"Dolomiti e Unesco, ovvero come uscire dalla marginalit\u00e0. L\u2019invito a Bottacin dall&#8217;Uapi a consultare le categorie economiche per un confronto su scelte e strategie"},"content":{"rendered":"<p><a href=\"http:\/\/www.bellunopress.it\/wp-content\/uploads\/2009\/02\/luigi-curto-unione-artigiani.jpg\"><img loading=\"lazy\" decoding=\"async\" class=\"alignleft size-medium wp-image-1083\" title=\"luigi-curto-unione-artigiani\" src=\"http:\/\/www.bellunopress.it\/wp-content\/uploads\/2009\/02\/luigi-curto-unione-artigiani.jpg\" alt=\"\" width=\"95\" height=\"95\" \/><\/a>L\u2019Unione Artigiani e Piccola Industria non ha dubbi, Dolomiti Patrimonio dell\u2019umanit\u00e0 \u201c\u00e8 una delle poche progettualit\u00e0 oggi in campo che permette a una provincia spesso marginale di respirare il profumo piacevole dell\u2019appartenenza a un mondo che non finisce nel giardino di casa. Dal punto di vista economico, poi, lo considero un fattore identitario in grado di marchiare positivamente la vita delle aziende pi\u00f9 pronte a cogliere lo straordinario potenziale che sta dentro il riconoscimento planetario dell\u2019unicit\u00e0 di un luogo e, quindi, della gente che lo abita.\u201d<br \/>\nA dirlo \u00e8 Luigi Curto, Presidente di un\u2019associazione che ha sempre appoggiato l\u2019iniziativa avviata dall\u2019amministrazione Reolon ed ora affidata al nuovo Presidente della Provincia per essere attuata. \u201cInvito il Presidente Bottacin &#8211; dice Curto &#8211; ad avviare al pi\u00f9 presto la consultazione delle categorie economiche e delle parti sociali, affinch\u00e9 sulle scelte e sulle strategie vi sia il pi\u00f9 ampio confronto e la massima condivisione possibile. Sulle prospettive che si aprono deve, infatti, essere cercata e trovata una linea comune, che impegni tutti ad investire in un\u2019unica direzione.\u201dPoche le preoccupazioni dell\u2019UAPI sui pericoli vincolistici che dal riconoscimento potrebbero derivare non tanto per i siti, quanto per le aree cuscinetto. \u201cPi\u00f9 che per le aree che dalla scorsa settimana sono patrimonio dell\u2019umanit\u00e0 &#8211; precisa il Presidente dell\u2019UAPI &#8211; temo per tutto il resto della provincia, cio\u00e8 per quei territori che, al pari dei nove gruppi dolomitici, meritano di essere valorizzate turisticamente e potrebbero rischiare una marginalizzazione se non adeguatamente legate a quello che ormai \u00e8 il nostro migliore marchio di qualit\u00e0. Credo che a queste aree la nuova amministrazione provinciale dovr\u00e0 dedicare uno specifico intervento gi\u00e0 in sede di Piano Territoriale Provinciale.\u201dQuanto ai rapporti con Trento e Bolzano e con il Friuli e alle polemiche sulla sede della Fondazione, l\u2019UAPI invita a guardare avanti. \u201cPi\u00f9 che a criticit\u00e0, preferiscono pensare che la decisione dell\u2019Unesco abbia anche il merito di averci riconsegnato la legittima propriet\u00e0 territoriale di montagne che, fino a ieri, altri spacciavano come proprie &#8211; dice Curto- . E\u2019 da qui che bisogna partire per lavorare insieme a Trento e Bolzano e al Friuli: l\u2019occasione potrebbe essere davvero unica e aprire scenari interessanti per azioni, progetti e finanziamenti comuni. Penso, ad esempio, alla promozione turistica, ai rapporti con le Universit\u00e0 e i centri di ricerca, ai nuovi circuiti turistici che potrebbero innescare nuovi percorsi aziendali, come la certificazione ambientale delle imprese o le protezioni d\u2019origine dei prodotti.\u201d<\/p>","protected":false},"excerpt":{"rendered":"<p>L\u2019Unione Artigiani e Piccola Industria non ha dubbi, Dolomiti Patrimonio dell\u2019umanit\u00e0 \u201c\u00e8 una delle poche progettualit\u00e0 oggi in campo che permette a una provincia spesso marginale di respirare il profumo piacevole dell\u2019appartenenza a un mondo che non finisce nel giardino di casa. Dal punto di vista economico, poi, lo considero un fattore identitario in grado [&hellip;]<\/p>\n","protected":false},"author":2,"featured_media":0,"comment_status":"closed","ping_status":"open","sticky":false,"template":"","format":"standard","meta":{"footnotes":""},"categories":[5,26],"tags":[139,63],"class_list":["post-5505","post","type-post","status-publish","format-standard","category-cronaca","category-prima-pagina","tag-belluno","tag-dolomiti"],"yoast_head":"<!-- This site is optimized with the Yoast SEO plugin v28.4 - https:\/\/yoast.com\/product\/yoast-seo-wordpress\/ -->\n<title>Dolomiti e Unesco, ovvero come uscire dalla marginalit\u00e0. L\u2019invito a Bottacin dall&#039;Uapi a consultare le categorie economiche per un confronto su scelte e strategie - Bellunopress - Dolomiti<\/title>\n<meta name=\"robots\" content=\"index, follow, max-snippet:-1, max-image-preview:large, max-video-preview:-1\" \/>\n<link rel=\"canonical\" href=\"https:\/\/www.bellunopress.it\/fr\/2009\/06\/29\/dolomiti-e-unesco-ovvero-come-uscire-dalla-marginalita-l\u2019invito-a-bottacin-dalluapi-a-consultare-le-categorie-economiche-per-un-confronto-su-scelte-e-strategie\/\" \/>\n<meta property=\"og:locale\" content=\"fr_FR\" \/>\n<meta property=\"og:type\" content=\"article\" \/>\n<meta property=\"og:title\" content=\"Dolomiti e Unesco, ovvero come uscire dalla marginalit\u00e0. L\u2019invito a Bottacin dall&#039;Uapi a consultare le categorie economiche per un confronto su scelte e strategie - Bellunopress - Dolomiti\" \/>\n<meta property=\"og:description\" content=\"L\u2019Unione Artigiani e Piccola Industria non ha dubbi, Dolomiti Patrimonio dell\u2019umanit\u00e0 \u201c\u00e8 una delle poche progettualit\u00e0 oggi in campo che permette a una provincia spesso marginale di respirare il profumo piacevole dell\u2019appartenenza a un mondo che non finisce nel giardino di casa. Dal punto di vista economico, poi, lo considero un fattore identitario in grado [&hellip;]\" \/>\n<meta property=\"og:url\" content=\"https:\/\/www.bellunopress.it\/fr\/2009\/06\/29\/dolomiti-e-unesco-ovvero-come-uscire-dalla-marginalita-l\u2019invito-a-bottacin-dalluapi-a-consultare-le-categorie-economiche-per-un-confronto-su-scelte-e-strategie\/\" \/>\n<meta property=\"og:site_name\" content=\"Bellunopress - Dolomiti\" \/>\n<meta property=\"article:publisher\" content=\"https:\/\/www.facebook.com\/profile.php?id=100008943462799\" \/>\n<meta property=\"article:published_time\" content=\"2009-06-29T15:30:34+00:00\" \/>\n<meta property=\"og:image\" content=\"http:\/\/www.bellunopress.it\/wp-content\/uploads\/2009\/02\/luigi-curto-unione-artigiani.jpg\" \/>\n<meta name=\"author\" content=\"redazione\" \/>\n<meta name=\"twitter:card\" content=\"summary_large_image\" \/>\n<meta name=\"twitter:creator\" content=\"@bellunopress\" \/>\n<meta name=\"twitter:site\" content=\"@bellunopress\" \/>\n<meta name=\"twitter:label1\" content=\"\u00c9crit par\" \/>\n\t<meta name=\"twitter:data1\" content=\"redazione\" \/>\n\t<meta name=\"twitter:label2\" content=\"Dur\u00e9e de lecture estim\u00e9e\" \/>\n\t<meta name=\"twitter:data2\" content=\"2 minutes\" \/>\n<script type=\"application\/ld+json\" class=\"yoast-schema-graph\">{\"@context\":\"https:\\\/\\\/schema.org\",\"@graph\":[{\"@type\":\"Article\",\"@id\":\"https:\\\/\\\/www.bellunopress.it\\\/2009\\\/06\\\/29\\\/dolomiti-e-unesco-ovvero-come-uscire-dalla-marginalita-l%e2%80%99invito-a-bottacin-dalluapi-a-consultare-le-categorie-economiche-per-un-confronto-su-scelte-e-strategie\\\/#article\",\"isPartOf\":{\"@id\":\"https:\\\/\\\/www.bellunopress.it\\\/2009\\\/06\\\/29\\\/dolomiti-e-unesco-ovvero-come-uscire-dalla-marginalita-l%e2%80%99invito-a-bottacin-dalluapi-a-consultare-le-categorie-economiche-per-un-confronto-su-scelte-e-strategie\\\/\"},\"author\":{\"name\":\"redazione\",\"@id\":\"https:\\\/\\\/www.bellunopress.it\\\/#\\\/schema\\\/person\\\/79bb06722b37ece1c03d3e94beb30d73\"},\"headline\":\"Dolomiti e Unesco, ovvero come uscire dalla marginalit\u00e0. L\u2019invito a Bottacin dall&#8217;Uapi a consultare le categorie economiche per un confronto su scelte e strategie\",\"datePublished\":\"2009-06-29T15:30:34+00:00\",\"mainEntityOfPage\":{\"@id\":\"https:\\\/\\\/www.bellunopress.it\\\/2009\\\/06\\\/29\\\/dolomiti-e-unesco-ovvero-come-uscire-dalla-marginalita-l%e2%80%99invito-a-bottacin-dalluapi-a-consultare-le-categorie-economiche-per-un-confronto-su-scelte-e-strategie\\\/\"},\"wordCount\":442,\"publisher\":{\"@id\":\"https:\\\/\\\/www.bellunopress.it\\\/#organization\"},\"image\":{\"@id\":\"https:\\\/\\\/www.bellunopress.it\\\/2009\\\/06\\\/29\\\/dolomiti-e-unesco-ovvero-come-uscire-dalla-marginalita-l%e2%80%99invito-a-bottacin-dalluapi-a-consultare-le-categorie-economiche-per-un-confronto-su-scelte-e-strategie\\\/#primaryimage\"},\"thumbnailUrl\":\"http:\\\/\\\/www.bellunopress.it\\\/wp-content\\\/uploads\\\/2009\\\/02\\\/luigi-curto-unione-artigiani.jpg\",\"keywords\":[\"Belluno\",\"Dolomiti\"],\"articleSection\":[\"Cronaca\\\/Politica\",\"Prima Pagina\"],\"inLanguage\":\"fr-FR\"},{\"@type\":\"WebPage\",\"@id\":\"https:\\\/\\\/www.bellunopress.it\\\/2009\\\/06\\\/29\\\/dolomiti-e-unesco-ovvero-come-uscire-dalla-marginalita-l%e2%80%99invito-a-bottacin-dalluapi-a-consultare-le-categorie-economiche-per-un-confronto-su-scelte-e-strategie\\\/\",\"url\":\"https:\\\/\\\/www.bellunopress.it\\\/2009\\\/06\\\/29\\\/dolomiti-e-unesco-ovvero-come-uscire-dalla-marginalita-l%e2%80%99invito-a-bottacin-dalluapi-a-consultare-le-categorie-economiche-per-un-confronto-su-scelte-e-strategie\\\/\",\"name\":\"Dolomiti e Unesco, ovvero come uscire dalla marginalit\u00e0. L\u2019invito a Bottacin dall'Uapi a consultare le categorie economiche per un confronto su scelte e strategie - Bellunopress - Dolomiti\",\"isPartOf\":{\"@id\":\"https:\\\/\\\/www.bellunopress.it\\\/#website\"},\"primaryImageOfPage\":{\"@id\":\"https:\\\/\\\/www.bellunopress.it\\\/2009\\\/06\\\/29\\\/dolomiti-e-unesco-ovvero-come-uscire-dalla-marginalita-l%e2%80%99invito-a-bottacin-dalluapi-a-consultare-le-categorie-economiche-per-un-confronto-su-scelte-e-strategie\\\/#primaryimage\"},\"image\":{\"@id\":\"https:\\\/\\\/www.bellunopress.it\\\/2009\\\/06\\\/29\\\/dolomiti-e-unesco-ovvero-come-uscire-dalla-marginalita-l%e2%80%99invito-a-bottacin-dalluapi-a-consultare-le-categorie-economiche-per-un-confronto-su-scelte-e-strategie\\\/#primaryimage\"},\"thumbnailUrl\":\"http:\\\/\\\/www.bellunopress.it\\\/wp-content\\\/uploads\\\/2009\\\/02\\\/luigi-curto-unione-artigiani.jpg\",\"datePublished\":\"2009-06-29T15:30:34+00:00\",\"breadcrumb\":{\"@id\":\"https:\\\/\\\/www.bellunopress.it\\\/2009\\\/06\\\/29\\\/dolomiti-e-unesco-ovvero-come-uscire-dalla-marginalita-l%e2%80%99invito-a-bottacin-dalluapi-a-consultare-le-categorie-economiche-per-un-confronto-su-scelte-e-strategie\\\/#breadcrumb\"},\"inLanguage\":\"fr-FR\",\"potentialAction\":[{\"@type\":\"ReadAction\",\"target\":[\"https:\\\/\\\/www.bellunopress.it\\\/2009\\\/06\\\/29\\\/dolomiti-e-unesco-ovvero-come-uscire-dalla-marginalita-l%e2%80%99invito-a-bottacin-dalluapi-a-consultare-le-categorie-economiche-per-un-confronto-su-scelte-e-strategie\\\/\"]}]},{\"@type\":\"ImageObject\",\"inLanguage\":\"fr-FR\",\"@id\":\"https:\\\/\\\/www.bellunopress.it\\\/2009\\\/06\\\/29\\\/dolomiti-e-unesco-ovvero-come-uscire-dalla-marginalita-l%e2%80%99invito-a-bottacin-dalluapi-a-consultare-le-categorie-economiche-per-un-confronto-su-scelte-e-strategie\\\/#primaryimage\",\"url\":\"http:\\\/\\\/www.bellunopress.it\\\/wp-content\\\/uploads\\\/2009\\\/02\\\/luigi-curto-unione-artigiani.jpg\",\"contentUrl\":\"http:\\\/\\\/www.bellunopress.it\\\/wp-content\\\/uploads\\\/2009\\\/02\\\/luigi-curto-unione-artigiani.jpg\"},{\"@type\":\"BreadcrumbList\",\"@id\":\"https:\\\/\\\/www.bellunopress.it\\\/2009\\\/06\\\/29\\\/dolomiti-e-unesco-ovvero-come-uscire-dalla-marginalita-l%e2%80%99invito-a-bottacin-dalluapi-a-consultare-le-categorie-economiche-per-un-confronto-su-scelte-e-strategie\\\/#breadcrumb\",\"itemListElement\":[{\"@type\":\"ListItem\",\"position\":1,\"name\":\"Home\",\"item\":\"https:\\\/\\\/www.bellunopress.it\\\/\"},{\"@type\":\"ListItem\",\"position\":2,\"name\":\"Dolomiti e Unesco, ovvero come uscire dalla marginalit\u00e0. L\u2019invito a Bottacin dall&#8217;Uapi a consultare le categorie economiche per un confronto su scelte e strategie\"}]},{\"@type\":\"WebSite\",\"@id\":\"https:\\\/\\\/www.bellunopress.it\\\/#website\",\"url\":\"https:\\\/\\\/www.bellunopress.it\\\/\",\"name\":\"Bellunopress - Dolomiti\",\"description\":\"e-mail: redazione@bellunopress.it\",\"publisher\":{\"@id\":\"https:\\\/\\\/www.bellunopress.it\\\/#organization\"},\"potentialAction\":[{\"@type\":\"SearchAction\",\"target\":{\"@type\":\"EntryPoint\",\"urlTemplate\":\"https:\\\/\\\/www.bellunopress.it\\\/?s={search_term_string}\"},\"query-input\":{\"@type\":\"PropertyValueSpecification\",\"valueRequired\":true,\"valueName\":\"search_term_string\"}}],\"inLanguage\":\"fr-FR\"},{\"@type\":\"Organization\",\"@id\":\"https:\\\/\\\/www.bellunopress.it\\\/#organization\",\"name\":\"Bellunopress\",\"url\":\"https:\\\/\\\/www.bellunopress.it\\\/\",\"logo\":{\"@type\":\"ImageObject\",\"inLanguage\":\"fr-FR\",\"@id\":\"https:\\\/\\\/www.bellunopress.it\\\/#\\\/schema\\\/logo\\\/image\\\/\",\"url\":\"https:\\\/\\\/www.bellunopress.it\\\/wp-content\\\/uploads\\\/2011\\\/05\\\/cropped-logo-bellunopress-.jpg\",\"contentUrl\":\"https:\\\/\\\/www.bellunopress.it\\\/wp-content\\\/uploads\\\/2011\\\/05\\\/cropped-logo-bellunopress-.jpg\",\"width\":512,\"height\":512,\"caption\":\"Bellunopress\"},\"image\":{\"@id\":\"https:\\\/\\\/www.bellunopress.it\\\/#\\\/schema\\\/logo\\\/image\\\/\"},\"sameAs\":[\"https:\\\/\\\/www.facebook.com\\\/profile.php?id=100008943462799\",\"https:\\\/\\\/x.com\\\/bellunopress\",\"https:\\\/\\\/www.linkedin.com\\\/hp\\\/?dnr=JBzUWaJfMUw8vbXJJ2tVW5-I3jZKvC4wsoxE&amp;amp;amp;amp;amp;amp;trk=nav_responsive_tab_home\",\"https:\\\/\\\/www.youtube.com\\\/channel\\\/UCxL0wu1uN0_3_7hGG0306cw\"]},{\"@type\":\"Person\",\"@id\":\"https:\\\/\\\/www.bellunopress.it\\\/#\\\/schema\\\/person\\\/79bb06722b37ece1c03d3e94beb30d73\",\"name\":\"redazione\",\"image\":{\"@type\":\"ImageObject\",\"inLanguage\":\"fr-FR\",\"@id\":\"https:\\\/\\\/secure.gravatar.com\\\/avatar\\\/37d968a2e67a6fd04c169c4bdef102d0bc5d31b2546345219e348575eb80e9a0?s=96&d=mm&r=g\",\"url\":\"https:\\\/\\\/secure.gravatar.com\\\/avatar\\\/37d968a2e67a6fd04c169c4bdef102d0bc5d31b2546345219e348575eb80e9a0?s=96&d=mm&r=g\",\"contentUrl\":\"https:\\\/\\\/secure.gravatar.com\\\/avatar\\\/37d968a2e67a6fd04c169c4bdef102d0bc5d31b2546345219e348575eb80e9a0?s=96&d=mm&r=g\",\"caption\":\"redazione\"},\"sameAs\":[\"http:\\\/\\\/www.bellunopress.it\",\"https:\\\/\\\/x.com\\\/bellunopress\"],\"url\":\"https:\\\/\\\/www.bellunopress.it\\\/fr\\\/author\\\/redazione\\\/\"}]}<\/script>\n<!-- \/ Yoast SEO plugin. -->","yoast_head_json":{"title":"Dolomiti e Unesco, ovvero come uscire dalla marginalit\u00e0. L\u2019invito a Bottacin dall'Uapi a consultare le categorie economiche per un confronto su scelte e strategie - Bellunopress - Dolomiti","robots":{"index":"index","follow":"follow","max-snippet":"max-snippet:-1","max-image-preview":"max-image-preview:large","max-video-preview":"max-video-preview:-1"},"canonical":"https:\/\/www.bellunopress.it\/fr\/2009\/06\/29\/dolomiti-e-unesco-ovvero-come-uscire-dalla-marginalita-l\u2019invito-a-bottacin-dalluapi-a-consultare-le-categorie-economiche-per-un-confronto-su-scelte-e-strategie\/","og_locale":"fr_FR","og_type":"article","og_title":"Dolomiti e Unesco, ovvero come uscire dalla marginalit\u00e0. L\u2019invito a Bottacin dall'Uapi a consultare le categorie economiche per un confronto su scelte e strategie - Bellunopress - Dolomiti","og_description":"L\u2019Unione Artigiani e Piccola Industria non ha dubbi, Dolomiti Patrimonio dell\u2019umanit\u00e0 \u201c\u00e8 una delle poche progettualit\u00e0 oggi in campo che permette a una provincia spesso marginale di respirare il profumo piacevole dell\u2019appartenenza a un mondo che non finisce nel giardino di casa. Dal punto di vista economico, poi, lo considero un fattore identitario in grado [&hellip;]","og_url":"https:\/\/www.bellunopress.it\/fr\/2009\/06\/29\/dolomiti-e-unesco-ovvero-come-uscire-dalla-marginalita-l\u2019invito-a-bottacin-dalluapi-a-consultare-le-categorie-economiche-per-un-confronto-su-scelte-e-strategie\/","og_site_name":"Bellunopress - Dolomiti","article_publisher":"https:\/\/www.facebook.com\/profile.php?id=100008943462799","article_published_time":"2009-06-29T15:30:34+00:00","og_image":[{"url":"http:\/\/www.bellunopress.it\/wp-content\/uploads\/2009\/02\/luigi-curto-unione-artigiani.jpg","type":"","width":"","height":""}],"author":"redazione","twitter_card":"summary_large_image","twitter_creator":"@bellunopress","twitter_site":"@bellunopress","twitter_misc":{"\u00c9crit par":"redazione","Dur\u00e9e de lecture estim\u00e9e":"2 minutes"},"schema":{"@context":"https:\/\/schema.org","@graph":[{"@type":"Article","@id":"https:\/\/www.bellunopress.it\/2009\/06\/29\/dolomiti-e-unesco-ovvero-come-uscire-dalla-marginalita-l%e2%80%99invito-a-bottacin-dalluapi-a-consultare-le-categorie-economiche-per-un-confronto-su-scelte-e-strategie\/#article","isPartOf":{"@id":"https:\/\/www.bellunopress.it\/2009\/06\/29\/dolomiti-e-unesco-ovvero-come-uscire-dalla-marginalita-l%e2%80%99invito-a-bottacin-dalluapi-a-consultare-le-categorie-economiche-per-un-confronto-su-scelte-e-strategie\/"},"author":{"name":"redazione","@id":"https:\/\/www.bellunopress.it\/#\/schema\/person\/79bb06722b37ece1c03d3e94beb30d73"},"headline":"Dolomiti e Unesco, ovvero come uscire dalla marginalit\u00e0. L\u2019invito a Bottacin dall&#8217;Uapi a consultare le categorie economiche per un confronto su scelte e strategie","datePublished":"2009-06-29T15:30:34+00:00","mainEntityOfPage":{"@id":"https:\/\/www.bellunopress.it\/2009\/06\/29\/dolomiti-e-unesco-ovvero-come-uscire-dalla-marginalita-l%e2%80%99invito-a-bottacin-dalluapi-a-consultare-le-categorie-economiche-per-un-confronto-su-scelte-e-strategie\/"},"wordCount":442,"publisher":{"@id":"https:\/\/www.bellunopress.it\/#organization"},"image":{"@id":"https:\/\/www.bellunopress.it\/2009\/06\/29\/dolomiti-e-unesco-ovvero-come-uscire-dalla-marginalita-l%e2%80%99invito-a-bottacin-dalluapi-a-consultare-le-categorie-economiche-per-un-confronto-su-scelte-e-strategie\/#primaryimage"},"thumbnailUrl":"http:\/\/www.bellunopress.it\/wp-content\/uploads\/2009\/02\/luigi-curto-unione-artigiani.jpg","keywords":["Belluno","Dolomiti"],"articleSection":["Cronaca\/Politica","Prima Pagina"],"inLanguage":"fr-FR"},{"@type":"WebPage","@id":"https:\/\/www.bellunopress.it\/2009\/06\/29\/dolomiti-e-unesco-ovvero-come-uscire-dalla-marginalita-l%e2%80%99invito-a-bottacin-dalluapi-a-consultare-le-categorie-economiche-per-un-confronto-su-scelte-e-strategie\/","url":"https:\/\/www.bellunopress.it\/2009\/06\/29\/dolomiti-e-unesco-ovvero-come-uscire-dalla-marginalita-l%e2%80%99invito-a-bottacin-dalluapi-a-consultare-le-categorie-economiche-per-un-confronto-su-scelte-e-strategie\/","name":"Dolomiti e Unesco, ovvero come uscire dalla marginalit\u00e0. L\u2019invito a Bottacin dall'Uapi a consultare le categorie economiche per un confronto su scelte e strategie - Bellunopress - Dolomiti","isPartOf":{"@id":"https:\/\/www.bellunopress.it\/#website"},"primaryImageOfPage":{"@id":"https:\/\/www.bellunopress.it\/2009\/06\/29\/dolomiti-e-unesco-ovvero-come-uscire-dalla-marginalita-l%e2%80%99invito-a-bottacin-dalluapi-a-consultare-le-categorie-economiche-per-un-confronto-su-scelte-e-strategie\/#primaryimage"},"image":{"@id":"https:\/\/www.bellunopress.it\/2009\/06\/29\/dolomiti-e-unesco-ovvero-come-uscire-dalla-marginalita-l%e2%80%99invito-a-bottacin-dalluapi-a-consultare-le-categorie-economiche-per-un-confronto-su-scelte-e-strategie\/#primaryimage"},"thumbnailUrl":"http:\/\/www.bellunopress.it\/wp-content\/uploads\/2009\/02\/luigi-curto-unione-artigiani.jpg","datePublished":"2009-06-29T15:30:34+00:00","breadcrumb":{"@id":"https:\/\/www.bellunopress.it\/2009\/06\/29\/dolomiti-e-unesco-ovvero-come-uscire-dalla-marginalita-l%e2%80%99invito-a-bottacin-dalluapi-a-consultare-le-categorie-economiche-per-un-confronto-su-scelte-e-strategie\/#breadcrumb"},"inLanguage":"fr-FR","potentialAction":[{"@type":"ReadAction","target":["https:\/\/www.bellunopress.it\/2009\/06\/29\/dolomiti-e-unesco-ovvero-come-uscire-dalla-marginalita-l%e2%80%99invito-a-bottacin-dalluapi-a-consultare-le-categorie-economiche-per-un-confronto-su-scelte-e-strategie\/"]}]},{"@type":"ImageObject","inLanguage":"fr-FR","@id":"https:\/\/www.bellunopress.it\/2009\/06\/29\/dolomiti-e-unesco-ovvero-come-uscire-dalla-marginalita-l%e2%80%99invito-a-bottacin-dalluapi-a-consultare-le-categorie-economiche-per-un-confronto-su-scelte-e-strategie\/#primaryimage","url":"http:\/\/www.bellunopress.it\/wp-content\/uploads\/2009\/02\/luigi-curto-unione-artigiani.jpg","contentUrl":"http:\/\/www.bellunopress.it\/wp-content\/uploads\/2009\/02\/luigi-curto-unione-artigiani.jpg"},{"@type":"BreadcrumbList","@id":"https:\/\/www.bellunopress.it\/2009\/06\/29\/dolomiti-e-unesco-ovvero-come-uscire-dalla-marginalita-l%e2%80%99invito-a-bottacin-dalluapi-a-consultare-le-categorie-economiche-per-un-confronto-su-scelte-e-strategie\/#breadcrumb","itemListElement":[{"@type":"ListItem","position":1,"name":"Home","item":"https:\/\/www.bellunopress.it\/"},{"@type":"ListItem","position":2,"name":"Dolomiti e Unesco, ovvero come uscire dalla marginalit\u00e0. L\u2019invito a Bottacin dall&#8217;Uapi a consultare le categorie economiche per un confronto su scelte e strategie"}]},{"@type":"WebSite","@id":"https:\/\/www.bellunopress.it\/#website","url":"https:\/\/www.bellunopress.it\/","name":"Bellunopress - Dolomiti","description":"e-mail: redazione@bellunopress.it","publisher":{"@id":"https:\/\/www.bellunopress.it\/#organization"},"potentialAction":[{"@type":"SearchAction","target":{"@type":"EntryPoint","urlTemplate":"https:\/\/www.bellunopress.it\/?s={search_term_string}"},"query-input":{"@type":"PropertyValueSpecification","valueRequired":true,"valueName":"search_term_string"}}],"inLanguage":"fr-FR"},{"@type":"Organization","@id":"https:\/\/www.bellunopress.it\/#organization","name":"Bellunopress","url":"https:\/\/www.bellunopress.it\/","logo":{"@type":"ImageObject","inLanguage":"fr-FR","@id":"https:\/\/www.bellunopress.it\/#\/schema\/logo\/image\/","url":"https:\/\/www.bellunopress.it\/wp-content\/uploads\/2011\/05\/cropped-logo-bellunopress-.jpg","contentUrl":"https:\/\/www.bellunopress.it\/wp-content\/uploads\/2011\/05\/cropped-logo-bellunopress-.jpg","width":512,"height":512,"caption":"Bellunopress"},"image":{"@id":"https:\/\/www.bellunopress.it\/#\/schema\/logo\/image\/"},"sameAs":["https:\/\/www.facebook.com\/profile.php?id=100008943462799","https:\/\/x.com\/bellunopress","https:\/\/www.linkedin.com\/hp\/?dnr=JBzUWaJfMUw8vbXJJ2tVW5-I3jZKvC4wsoxE&amp;amp;amp;amp;amp;amp;trk=nav_responsive_tab_home","https:\/\/www.youtube.com\/channel\/UCxL0wu1uN0_3_7hGG0306cw"]},{"@type":"Person","@id":"https:\/\/www.bellunopress.it\/#\/schema\/person\/79bb06722b37ece1c03d3e94beb30d73","name":"r\u00e9daction","image":{"@type":"ImageObject","inLanguage":"fr-FR","@id":"https:\/\/secure.gravatar.com\/avatar\/37d968a2e67a6fd04c169c4bdef102d0bc5d31b2546345219e348575eb80e9a0?s=96&d=mm&r=g","url":"https:\/\/secure.gravatar.com\/avatar\/37d968a2e67a6fd04c169c4bdef102d0bc5d31b2546345219e348575eb80e9a0?s=96&d=mm&r=g","contentUrl":"https:\/\/secure.gravatar.com\/avatar\/37d968a2e67a6fd04c169c4bdef102d0bc5d31b2546345219e348575eb80e9a0?s=96&d=mm&r=g","caption":"redazione"},"sameAs":["http:\/\/www.bellunopress.it","https:\/\/x.com\/bellunopress"],"url":"https:\/\/www.bellunopress.it\/fr\/author\/redazione\/"}]}},"_links":{"self":[{"href":"https:\/\/www.bellunopress.it\/fr\/wp-json\/wp\/v2\/posts\/5505","targetHints":{"allow":["GET"]}}],"collection":[{"href":"https:\/\/www.bellunopress.it\/fr\/wp-json\/wp\/v2\/posts"}],"about":[{"href":"https:\/\/www.bellunopress.it\/fr\/wp-json\/wp\/v2\/types\/post"}],"author":[{"embeddable":true,"href":"https:\/\/www.bellunopress.it\/fr\/wp-json\/wp\/v2\/users\/2"}],"replies":[{"embeddable":true,"href":"https:\/\/www.bellunopress.it\/fr\/wp-json\/wp\/v2\/comments?post=5505"}],"version-history":[{"count":1,"href":"https:\/\/www.bellunopress.it\/fr\/wp-json\/wp\/v2\/posts\/5505\/revisions"}],"predecessor-version":[{"id":5506,"href":"https:\/\/www.bellunopress.it\/fr\/wp-json\/wp\/v2\/posts\/5505\/revisions\/5506"}],"wp:attachment":[{"href":"https:\/\/www.bellunopress.it\/fr\/wp-json\/wp\/v2\/media?parent=5505"}],"wp:term":[{"taxonomy":"category","embeddable":true,"href":"https:\/\/www.bellunopress.it\/fr\/wp-json\/wp\/v2\/categories?post=5505"},{"taxonomy":"post_tag","embeddable":true,"href":"https:\/\/www.bellunopress.it\/fr\/wp-json\/wp\/v2\/tags?post=5505"}],"curies":[{"name":"wp","href":"https:\/\/api.w.org\/{rel}","templated":true}]}}